{"id":23890,"date":"2016-06-26T22:51:29","date_gmt":"2016-06-27T03:51:29","guid":{"rendered":"http:\/\/www.lospoliticosveracruz.com.mx\/?p=23890"},"modified":"2016-06-26T22:51:29","modified_gmt":"2016-06-27T03:51:29","slug":"peticion-nalgatoria","status":"publish","type":"post","link":"https:\/\/lospoliticosveracruz.com\/?p=23890","title":{"rendered":"Petici\u00f3n nalgatoria"},"content":{"rendered":"<figure id=\"attachment_23893\" aria-describedby=\"caption-attachment-23893\" style=\"width: 600px\" class=\"wp-caption aligncenter\"><a href=\"http:\/\/www.lospoliticosveracruz.com.mx\/wp-content\/uploads\/2016\/06\/Thelma-Callejas-copy1.jpg\"><img loading=\"lazy\" decoding=\"async\" class=\"wp-image-23893 size-full\" src=\"http:\/\/www.lospoliticosveracruz.com.mx\/wp-content\/uploads\/2016\/06\/Thelma-Callejas-copy1.jpg\" alt=\"Thelma Callejas copy\" width=\"600\" height=\"362\" \/><\/a><figcaption id=\"caption-attachment-23893\" class=\"wp-caption-text\">Foto Yerenia Rol\u00f3n<\/figcaption><\/figure>\n<p><a href=\"http:\/\/www.lospoliticosveracruz.com.mx\/wp-content\/uploads\/2016\/06\/Thelma-Callejas-copy.jpg\"><br \/>\n<\/a> <strong>Salvador Mu\u00f1oz<\/strong><\/p>\n<p><em>Los Pol\u00edticos<\/em><\/p>\n<p>Una cosa es irse de nalgas y otra muy distinta es pedir las nalgas\u2026 lo curioso es que en ambas ideas persiste un solo protagonista: Juan Nicol\u00e1s Callejas Rold\u00e1n.<br \/>\nVeamos el primer escenario, ubic\u00e1ndolo un 29 de diciembre, cuando siendo dirigente del PRI estatal, Alberto Silva Ramos, al tomarle la protesta al hijo del dirigente del Equipo Pol\u00edtico como secretario de Operaci\u00f3n Pol\u00edtica del CDE del tricolor, \u00a1se va de nalgas al decirle!: \u201cL\u00edder eres y en l\u00edder te convertir\u00e1s\u201d.<br \/>\nEn un escueto bolet\u00edn que se hizo circular en esa ocasi\u00f3n, se remataba con el siguiente p\u00e1rrafo: \u201cEn entrevista, Silva Ramos dej\u00f3 entrever que Callejas Rold\u00e1n podr\u00eda convertirse en el Presidente de la Junta de Coordinaci\u00f3n Pol\u00edtica del pr\u00f3ximo Congreso local\u201d.<br \/>\nPor supuesto, hablamos de hace seis meses, cuando la confianza y el buen humor prevalec\u00eda tanto en el Gobierno estatal como en el mismo partido\u2026<br \/>\nII<br \/>\nPero se insiste: Una cosa es irse de nalgas, y otra \u00a1pedir las nalgas! Y es que ante el resultado electoral que se dio el pasado cinco de junio, sendos cargos que le hab\u00eda conferido el entonces dirigente estatal del PRI, el de \u201cL\u00edder\u201d as\u00ed como el de \u201cPresidente de la Junta de Coordinaci\u00f3n Pol\u00edtica del pr\u00f3ximo Congreso local\u201d, simplemente se degradaron a un nivel que apenas si le alcanza para aspirar a ser cabeza de manada de la fracci\u00f3n legislativa del PRI, y para que se vea bulto, puede sumarle al de Nueva Alianza as\u00ed como a los del Verde Ecologista y AVE, salvo un ligero detalle que se vuelve pregunta: \u00bfQu\u00e9 tanto puede beneficiar a la bancada tricolor tener como ariete a un tipo que se le se\u00f1al\u00f3 de \u201chaberle pedido las nalgas\u201d con tal de apoyar a una mujer, a una maestra, a una enferma, a su propia prima?<br \/>\nIII<br \/>\nEl caso de Thelma Magali Callejas Salazar, mujer que irrumpi\u00f3 la sesi\u00f3n para denunciar un asunto que raya en el acoso laboral, por decir lo poco, no s\u00e9 si tenga alg\u00fan cauce legal, tanto antes de su se\u00f1alamiento en el Congreso local, como posterior a la reuni\u00f3n que sostuvo con los diputados Jacqueline Garc\u00eda Hern\u00e1ndez, Bel\u00e9n Fern\u00e1ndez del Puerto, Octavio P\u00e9rez Garay, Gabriela Arango Gibb y Ricardo Ahued Bardahuil, que dicho sea de paso, fue el \u00fanico que mostr\u00f3 sensibilidad, tanto humana como pol\u00edtica, para responder a una crisis donde a lo m\u00e1s que atin\u00f3 a hacer el diputado, el Presidente de la Junta de Coordinaci\u00f3n Pol\u00edtica, el pap\u00e1 del presunto responsable, el t\u00edo de la presunta v\u00edctima, Juan Nicol\u00e1s Callejas Arroyo, fue ocultarse tras el intento de sombra que pretendi\u00f3 hacerle el otro legislador, Heber Carballo Salazar.<br \/>\nIV<br \/>\nEn t\u00e9rminos pol\u00edticos, me queda claro que la denuncia \u201cpor petici\u00f3n nalgatoria\u201d en contra del pr\u00f3ximo diputado local, en calidad de \u201cpluri\u201d, del Revolucionario Institucional, s\u00ed pesa para que aspire a ser coordinador de la Fracci\u00f3n Parlamentaria del PRI. \u00a1Vamos! Thelma Magali Callejas Salazar, en su reclamo de justicia, abri\u00f3 la oportunidad para echar abajo el nombramiento que en diciembre del a\u00f1o pasado, confiriera Alberto Silva Ramos al primo \u201cpedinche\u201d y que entonces, surjan otros nombres, con m\u00e1s atributos que un apellido o un padre protector, que puedan hacer un papel m\u00e1s decoroso al frente de la bancada tricolor.<br \/>\nV<br \/>\n\u00bfCon m\u00e1s atributos que un apellido o un padre protector? S\u00ed, est\u00e1 cabr\u00f3n, m\u00e1s cuando hay por all\u00ed un Basilio PIcazo, un Rodrigo Escalante, un Juan Manuel del Castillo\u2026 al menos que se ponga la vista sobre un Carlos Vasconcelos Guevara, Luisa Ang\u00e9lica Soto Maldonado o Manuel Arellano (si se trata de ubicar a dirigentes de sindicatos), pero si se trata de pol\u00edticos, hay quienes ven la oportunidad para Gerardo Buganza (del Verde), quien sin pedirla ni buscarla, pudiera ser el Coordinador ansiado que espera el PRI y sus aliados\u2026 \u00bfqu\u00e9? \u00bfque ha pasado del PAN, al PRI, a Independiente y luego al Verde? Bueno\u2026 es posible, pero no s\u00e9 qu\u00e9 pese m\u00e1s, \u00bfun chaquetero? \u00bfo un peticionario de gl\u00fateos? pudiera ser que pol\u00edticamente sea mal visto un chapul\u00edn partidista, pero hoy la sociedad puede que castigue m\u00e1s al pol\u00edtico se\u00f1alado no s\u00f3lo por no ayudar a una mujer, a una maestra, a una enferma, a su propia prima\u2026 sino por pedirle las nalgas para hacer algo por ella, de acuerdo a la palabra de Thelma Magali, la sobrina de Callejas Arroyo, el t\u00edo y el padre de esta historia de nalgas.<\/p>\n<p>smcainito@gmail.com<\/p>\n","protected":false},"excerpt":{"rendered":"<p>Salvador Mu\u00f1oz Los Pol\u00edticos Una cosa es irse de nalgas y otra muy distinta es pedir las nalgas\u2026 lo curioso es que en ambas ideas persiste un solo protagonista: Juan Nicol\u00e1s Callejas Rold\u00e1n. Veamos el primer escenario, ubic\u00e1ndolo un 29 de diciembre, cuando siendo dirigente del PRI estatal, Alberto Silva Ramos, al tomarle la protesta [&hellip;]<\/p>\n","protected":false},"author":2,"featured_media":0,"comment_status":"open","ping_status":"open","sticky":false,"template":"","format":"standard","meta":{"tdm_status":"","tdm_grid_status":"","footnotes":""},"categories":[70],"tags":[447,377,3895,5586],"class_list":{"0":"post-23890","1":"post","2":"type-post","3":"status-publish","4":"format-standard","6":"category-de-opinion","7":"tag-gerardo-buganza","8":"tag-juan-nicolas-callejas-arroyo","9":"tag-juan-nicolas-callejas-roldan","10":"tag-thelma-magali-callejas-salazar"},"yoast_head":"<!-- This site is optimized with the Yoast SEO plugin v27.4 - https:\/\/yoast.com\/product\/yoast-seo-wordpress\/ -->\n<title>Petici\u00f3n nalgatoria - Los pol\u00edticos Veracruz<\/title>\n<meta name=\"robots\" content=\"index, follow, max-snippet:-1, max-image-preview:large, max-video-preview:-1\" \/>\n<link rel=\"canonical\" href=\"https:\/\/lospoliticosveracruz.com\/?p=23890\" \/>\n<meta property=\"og:locale\" content=\"es_ES\" \/>\n<meta property=\"og:type\" content=\"article\" \/>\n<meta property=\"og:title\" content=\"Petici\u00f3n nalgatoria - Los pol\u00edticos Veracruz\" \/>\n<meta property=\"og:description\" content=\"Salvador Mu\u00f1oz Los Pol\u00edticos Una cosa es irse de nalgas y otra muy distinta es pedir las nalgas\u2026 lo curioso es que en ambas ideas persiste un solo protagonista: Juan Nicol\u00e1s Callejas Rold\u00e1n. Veamos el primer escenario, ubic\u00e1ndolo un 29 de diciembre, cuando siendo dirigente del PRI estatal, Alberto Silva Ramos, al tomarle la protesta [&hellip;]\" \/>\n<meta property=\"og:url\" content=\"https:\/\/lospoliticosveracruz.com\/?p=23890\" \/>\n<meta property=\"og:site_name\" content=\"Los pol\u00edticos Veracruz\" \/>\n<meta property=\"article:publisher\" content=\"https:\/\/www.facebook.com\/people\/Notimemes-de-los-Polticos\/61565672886568\/\" \/>\n<meta property=\"article:published_time\" content=\"2016-06-27T03:51:29+00:00\" \/>\n<meta property=\"og:image\" content=\"http:\/\/www.lospoliticosveracruz.com.mx\/wp-content\/uploads\/2016\/06\/Thelma-Callejas-copy1.jpg\" \/>\n<meta name=\"author\" content=\"Lo viste en Los Pol\u00edticos\" \/>\n<meta name=\"twitter:card\" content=\"summary_large_image\" \/>\n<meta name=\"twitter:creator\" content=\"@LosPoliticosVer\" \/>\n<meta name=\"twitter:site\" content=\"@LosPoliticosVer\" \/>\n<meta name=\"twitter:label1\" content=\"Escrito por\" \/>\n\t<meta name=\"twitter:data1\" content=\"Lo viste en Los Pol\u00edticos\" \/>\n\t<meta name=\"twitter:label2\" content=\"Tiempo de lectura\" \/>\n\t<meta name=\"twitter:data2\" content=\"4 minutos\" \/>\n<script type=\"application\/ld+json\" class=\"yoast-schema-graph\">{\"@context\":\"https:\\\/\\\/schema.org\",\"@graph\":[{\"@type\":\"Article\",\"@id\":\"https:\\\/\\\/lospoliticosveracruz.com\\\/?p=23890#article\",\"isPartOf\":{\"@id\":\"https:\\\/\\\/lospoliticosveracruz.com\\\/?p=23890\"},\"author\":{\"name\":\"Lo viste en Los Pol\u00edticos\",\"@id\":\"https:\\\/\\\/lospoliticosveracruz.com\\\/#\\\/schema\\\/person\\\/b8702bb0e538456e6efd07080bf2a4a2\"},\"headline\":\"Petici\u00f3n nalgatoria\",\"datePublished\":\"2016-06-27T03:51:29+00:00\",\"mainEntityOfPage\":{\"@id\":\"https:\\\/\\\/lospoliticosveracruz.com\\\/?p=23890\"},\"wordCount\":816,\"commentCount\":0,\"publisher\":{\"@id\":\"https:\\\/\\\/lospoliticosveracruz.com\\\/#organization\"},\"image\":{\"@id\":\"https:\\\/\\\/lospoliticosveracruz.com\\\/?p=23890#primaryimage\"},\"thumbnailUrl\":\"http:\\\/\\\/www.lospoliticosveracruz.com.mx\\\/wp-content\\\/uploads\\\/2016\\\/06\\\/Thelma-Callejas-copy1.jpg\",\"keywords\":[\"Gerardo Buganza\",\"Juan Nicol\u00e1s Callejas Arroyo\",\"Juan Nicol\u00e1s Callejas Rold\u00e1n\",\"Thelma Magali Callejas Salazar\"],\"articleSection\":[\"De Opini\u00f3n\"],\"inLanguage\":\"es\",\"potentialAction\":[{\"@type\":\"CommentAction\",\"name\":\"Comment\",\"target\":[\"https:\\\/\\\/lospoliticosveracruz.com\\\/?p=23890#respond\"]}]},{\"@type\":\"WebPage\",\"@id\":\"https:\\\/\\\/lospoliticosveracruz.com\\\/?p=23890\",\"url\":\"https:\\\/\\\/lospoliticosveracruz.com\\\/?p=23890\",\"name\":\"Petici\u00f3n nalgatoria - Los pol\u00edticos Veracruz\",\"isPartOf\":{\"@id\":\"https:\\\/\\\/lospoliticosveracruz.com\\\/#website\"},\"primaryImageOfPage\":{\"@id\":\"https:\\\/\\\/lospoliticosveracruz.com\\\/?p=23890#primaryimage\"},\"image\":{\"@id\":\"https:\\\/\\\/lospoliticosveracruz.com\\\/?p=23890#primaryimage\"},\"thumbnailUrl\":\"http:\\\/\\\/www.lospoliticosveracruz.com.mx\\\/wp-content\\\/uploads\\\/2016\\\/06\\\/Thelma-Callejas-copy1.jpg\",\"datePublished\":\"2016-06-27T03:51:29+00:00\",\"breadcrumb\":{\"@id\":\"https:\\\/\\\/lospoliticosveracruz.com\\\/?p=23890#breadcrumb\"},\"inLanguage\":\"es\",\"potentialAction\":[{\"@type\":\"ReadAction\",\"target\":[\"https:\\\/\\\/lospoliticosveracruz.com\\\/?p=23890\"]}]},{\"@type\":\"ImageObject\",\"inLanguage\":\"es\",\"@id\":\"https:\\\/\\\/lospoliticosveracruz.com\\\/?p=23890#primaryimage\",\"url\":\"http:\\\/\\\/www.lospoliticosveracruz.com.mx\\\/wp-content\\\/uploads\\\/2016\\\/06\\\/Thelma-Callejas-copy1.jpg\",\"contentUrl\":\"http:\\\/\\\/www.lospoliticosveracruz.com.mx\\\/wp-content\\\/uploads\\\/2016\\\/06\\\/Thelma-Callejas-copy1.jpg\"},{\"@type\":\"BreadcrumbList\",\"@id\":\"https:\\\/\\\/lospoliticosveracruz.com\\\/?p=23890#breadcrumb\",\"itemListElement\":[{\"@type\":\"ListItem\",\"position\":1,\"name\":\"Portada\",\"item\":\"https:\\\/\\\/lospoliticosveracruz.com\\\/\"},{\"@type\":\"ListItem\",\"position\":2,\"name\":\"Petici\u00f3n nalgatoria\"}]},{\"@type\":\"WebSite\",\"@id\":\"https:\\\/\\\/lospoliticosveracruz.com\\\/#website\",\"url\":\"https:\\\/\\\/lospoliticosveracruz.com\\\/\",\"name\":\"Los pol\u00edticos Veracruz\",\"description\":\"\",\"publisher\":{\"@id\":\"https:\\\/\\\/lospoliticosveracruz.com\\\/#organization\"},\"potentialAction\":[{\"@type\":\"SearchAction\",\"target\":{\"@type\":\"EntryPoint\",\"urlTemplate\":\"https:\\\/\\\/lospoliticosveracruz.com\\\/?s={search_term_string}\"},\"query-input\":{\"@type\":\"PropertyValueSpecification\",\"valueRequired\":true,\"valueName\":\"search_term_string\"}}],\"inLanguage\":\"es\"},{\"@type\":\"Organization\",\"@id\":\"https:\\\/\\\/lospoliticosveracruz.com\\\/#organization\",\"name\":\"Los pol\u00edticos Veracruz\",\"url\":\"https:\\\/\\\/lospoliticosveracruz.com\\\/\",\"logo\":{\"@type\":\"ImageObject\",\"inLanguage\":\"es\",\"@id\":\"https:\\\/\\\/lospoliticosveracruz.com\\\/#\\\/schema\\\/logo\\\/image\\\/\",\"url\":\"https:\\\/\\\/lospoliticosveracruz.com\\\/wp-content\\\/uploads\\\/2025\\\/12\\\/Logo-Nuevo-LOS-POLITICOS-1.jpg\",\"contentUrl\":\"https:\\\/\\\/lospoliticosveracruz.com\\\/wp-content\\\/uploads\\\/2025\\\/12\\\/Logo-Nuevo-LOS-POLITICOS-1.jpg\",\"width\":260,\"height\":70,\"caption\":\"Los pol\u00edticos Veracruz\"},\"image\":{\"@id\":\"https:\\\/\\\/lospoliticosveracruz.com\\\/#\\\/schema\\\/logo\\\/image\\\/\"},\"sameAs\":[\"https:\\\/\\\/www.facebook.com\\\/people\\\/Notimemes-de-los-Polticos\\\/61565672886568\\\/\",\"https:\\\/\\\/x.com\\\/LosPoliticosVer\"]},{\"@type\":\"Person\",\"@id\":\"https:\\\/\\\/lospoliticosveracruz.com\\\/#\\\/schema\\\/person\\\/b8702bb0e538456e6efd07080bf2a4a2\",\"name\":\"Lo viste en Los Pol\u00edticos\",\"image\":{\"@type\":\"ImageObject\",\"inLanguage\":\"es\",\"@id\":\"https:\\\/\\\/secure.gravatar.com\\\/avatar\\\/3a8de04a2656d44082be478bd6c086daa447c4651605818287b9532d3d0bd435?s=96&d=mm&r=g\",\"url\":\"https:\\\/\\\/secure.gravatar.com\\\/avatar\\\/3a8de04a2656d44082be478bd6c086daa447c4651605818287b9532d3d0bd435?s=96&d=mm&r=g\",\"contentUrl\":\"https:\\\/\\\/secure.gravatar.com\\\/avatar\\\/3a8de04a2656d44082be478bd6c086daa447c4651605818287b9532d3d0bd435?s=96&d=mm&r=g\",\"caption\":\"Lo viste en Los Pol\u00edticos\"},\"url\":\"https:\\\/\\\/lospoliticosveracruz.com\\\/?author=2\"}]}<\/script>\n<!-- \/ Yoast SEO plugin. -->","yoast_head_json":{"title":"Petici\u00f3n nalgatoria - Los pol\u00edticos Veracruz","robots":{"index":"index","follow":"follow","max-snippet":"max-snippet:-1","max-image-preview":"max-image-preview:large","max-video-preview":"max-video-preview:-1"},"canonical":"https:\/\/lospoliticosveracruz.com\/?p=23890","og_locale":"es_ES","og_type":"article","og_title":"Petici\u00f3n nalgatoria - Los pol\u00edticos Veracruz","og_description":"Salvador Mu\u00f1oz Los Pol\u00edticos Una cosa es irse de nalgas y otra muy distinta es pedir las nalgas\u2026 lo curioso es que en ambas ideas persiste un solo protagonista: Juan Nicol\u00e1s Callejas Rold\u00e1n. Veamos el primer escenario, ubic\u00e1ndolo un 29 de diciembre, cuando siendo dirigente del PRI estatal, Alberto Silva Ramos, al tomarle la protesta [&hellip;]","og_url":"https:\/\/lospoliticosveracruz.com\/?p=23890","og_site_name":"Los pol\u00edticos Veracruz","article_publisher":"https:\/\/www.facebook.com\/people\/Notimemes-de-los-Polticos\/61565672886568\/","article_published_time":"2016-06-27T03:51:29+00:00","og_image":[{"url":"http:\/\/www.lospoliticosveracruz.com.mx\/wp-content\/uploads\/2016\/06\/Thelma-Callejas-copy1.jpg","type":"","width":"","height":""}],"author":"Lo viste en Los Pol\u00edticos","twitter_card":"summary_large_image","twitter_creator":"@LosPoliticosVer","twitter_site":"@LosPoliticosVer","twitter_misc":{"Escrito por":"Lo viste en Los Pol\u00edticos","Tiempo de lectura":"4 minutos"},"schema":{"@context":"https:\/\/schema.org","@graph":[{"@type":"Article","@id":"https:\/\/lospoliticosveracruz.com\/?p=23890#article","isPartOf":{"@id":"https:\/\/lospoliticosveracruz.com\/?p=23890"},"author":{"name":"Lo viste en Los Pol\u00edticos","@id":"https:\/\/lospoliticosveracruz.com\/#\/schema\/person\/b8702bb0e538456e6efd07080bf2a4a2"},"headline":"Petici\u00f3n nalgatoria","datePublished":"2016-06-27T03:51:29+00:00","mainEntityOfPage":{"@id":"https:\/\/lospoliticosveracruz.com\/?p=23890"},"wordCount":816,"commentCount":0,"publisher":{"@id":"https:\/\/lospoliticosveracruz.com\/#organization"},"image":{"@id":"https:\/\/lospoliticosveracruz.com\/?p=23890#primaryimage"},"thumbnailUrl":"http:\/\/www.lospoliticosveracruz.com.mx\/wp-content\/uploads\/2016\/06\/Thelma-Callejas-copy1.jpg","keywords":["Gerardo Buganza","Juan Nicol\u00e1s Callejas Arroyo","Juan Nicol\u00e1s Callejas Rold\u00e1n","Thelma Magali Callejas Salazar"],"articleSection":["De Opini\u00f3n"],"inLanguage":"es","potentialAction":[{"@type":"CommentAction","name":"Comment","target":["https:\/\/lospoliticosveracruz.com\/?p=23890#respond"]}]},{"@type":"WebPage","@id":"https:\/\/lospoliticosveracruz.com\/?p=23890","url":"https:\/\/lospoliticosveracruz.com\/?p=23890","name":"Petici\u00f3n nalgatoria - Los pol\u00edticos Veracruz","isPartOf":{"@id":"https:\/\/lospoliticosveracruz.com\/#website"},"primaryImageOfPage":{"@id":"https:\/\/lospoliticosveracruz.com\/?p=23890#primaryimage"},"image":{"@id":"https:\/\/lospoliticosveracruz.com\/?p=23890#primaryimage"},"thumbnailUrl":"http:\/\/www.lospoliticosveracruz.com.mx\/wp-content\/uploads\/2016\/06\/Thelma-Callejas-copy1.jpg","datePublished":"2016-06-27T03:51:29+00:00","breadcrumb":{"@id":"https:\/\/lospoliticosveracruz.com\/?p=23890#breadcrumb"},"inLanguage":"es","potentialAction":[{"@type":"ReadAction","target":["https:\/\/lospoliticosveracruz.com\/?p=23890"]}]},{"@type":"ImageObject","inLanguage":"es","@id":"https:\/\/lospoliticosveracruz.com\/?p=23890#primaryimage","url":"http:\/\/www.lospoliticosveracruz.com.mx\/wp-content\/uploads\/2016\/06\/Thelma-Callejas-copy1.jpg","contentUrl":"http:\/\/www.lospoliticosveracruz.com.mx\/wp-content\/uploads\/2016\/06\/Thelma-Callejas-copy1.jpg"},{"@type":"BreadcrumbList","@id":"https:\/\/lospoliticosveracruz.com\/?p=23890#breadcrumb","itemListElement":[{"@type":"ListItem","position":1,"name":"Portada","item":"https:\/\/lospoliticosveracruz.com\/"},{"@type":"ListItem","position":2,"name":"Petici\u00f3n nalgatoria"}]},{"@type":"WebSite","@id":"https:\/\/lospoliticosveracruz.com\/#website","url":"https:\/\/lospoliticosveracruz.com\/","name":"Los pol\u00edticos Veracruz","description":"","publisher":{"@id":"https:\/\/lospoliticosveracruz.com\/#organization"},"potentialAction":[{"@type":"SearchAction","target":{"@type":"EntryPoint","urlTemplate":"https:\/\/lospoliticosveracruz.com\/?s={search_term_string}"},"query-input":{"@type":"PropertyValueSpecification","valueRequired":true,"valueName":"search_term_string"}}],"inLanguage":"es"},{"@type":"Organization","@id":"https:\/\/lospoliticosveracruz.com\/#organization","name":"Los pol\u00edticos Veracruz","url":"https:\/\/lospoliticosveracruz.com\/","logo":{"@type":"ImageObject","inLanguage":"es","@id":"https:\/\/lospoliticosveracruz.com\/#\/schema\/logo\/image\/","url":"https:\/\/lospoliticosveracruz.com\/wp-content\/uploads\/2025\/12\/Logo-Nuevo-LOS-POLITICOS-1.jpg","contentUrl":"https:\/\/lospoliticosveracruz.com\/wp-content\/uploads\/2025\/12\/Logo-Nuevo-LOS-POLITICOS-1.jpg","width":260,"height":70,"caption":"Los pol\u00edticos Veracruz"},"image":{"@id":"https:\/\/lospoliticosveracruz.com\/#\/schema\/logo\/image\/"},"sameAs":["https:\/\/www.facebook.com\/people\/Notimemes-de-los-Polticos\/61565672886568\/","https:\/\/x.com\/LosPoliticosVer"]},{"@type":"Person","@id":"https:\/\/lospoliticosveracruz.com\/#\/schema\/person\/b8702bb0e538456e6efd07080bf2a4a2","name":"Lo viste en Los Pol\u00edticos","image":{"@type":"ImageObject","inLanguage":"es","@id":"https:\/\/secure.gravatar.com\/avatar\/3a8de04a2656d44082be478bd6c086daa447c4651605818287b9532d3d0bd435?s=96&d=mm&r=g","url":"https:\/\/secure.gravatar.com\/avatar\/3a8de04a2656d44082be478bd6c086daa447c4651605818287b9532d3d0bd435?s=96&d=mm&r=g","contentUrl":"https:\/\/secure.gravatar.com\/avatar\/3a8de04a2656d44082be478bd6c086daa447c4651605818287b9532d3d0bd435?s=96&d=mm&r=g","caption":"Lo viste en Los Pol\u00edticos"},"url":"https:\/\/lospoliticosveracruz.com\/?author=2"}]}},"_links":{"self":[{"href":"https:\/\/lospoliticosveracruz.com\/index.php?rest_route=\/wp\/v2\/posts\/23890","targetHints":{"allow":["GET"]}}],"collection":[{"href":"https:\/\/lospoliticosveracruz.com\/index.php?rest_route=\/wp\/v2\/posts"}],"about":[{"href":"https:\/\/lospoliticosveracruz.com\/index.php?rest_route=\/wp\/v2\/types\/post"}],"author":[{"embeddable":true,"href":"https:\/\/lospoliticosveracruz.com\/index.php?rest_route=\/wp\/v2\/users\/2"}],"replies":[{"embeddable":true,"href":"https:\/\/lospoliticosveracruz.com\/index.php?rest_route=%2Fwp%2Fv2%2Fcomments&post=23890"}],"version-history":[{"count":1,"href":"https:\/\/lospoliticosveracruz.com\/index.php?rest_route=\/wp\/v2\/posts\/23890\/revisions"}],"predecessor-version":[{"id":23894,"href":"https:\/\/lospoliticosveracruz.com\/index.php?rest_route=\/wp\/v2\/posts\/23890\/revisions\/23894"}],"wp:attachment":[{"href":"https:\/\/lospoliticosveracruz.com\/index.php?rest_route=%2Fwp%2Fv2%2Fmedia&parent=23890"}],"wp:term":[{"taxonomy":"category","embeddable":true,"href":"https:\/\/lospoliticosveracruz.com\/index.php?rest_route=%2Fwp%2Fv2%2Fcategories&post=23890"},{"taxonomy":"post_tag","embeddable":true,"href":"https:\/\/lospoliticosveracruz.com\/index.php?rest_route=%2Fwp%2Fv2%2Ftags&post=23890"}],"curies":[{"name":"wp","href":"https:\/\/api.w.org\/{rel}","templated":true}]}}