{"id":23945,"date":"2016-07-02T08:09:05","date_gmt":"2016-07-02T13:09:05","guid":{"rendered":"http:\/\/www.lospoliticosveracruz.com.mx\/?p=23945"},"modified":"2016-07-02T08:09:05","modified_gmt":"2016-07-02T13:09:05","slug":"que-tal-tigre","status":"publish","type":"post","link":"https:\/\/lospoliticosveracruz.com\/?p=23945","title":{"rendered":"\u00bfQu\u00e9 tal, Tigre?"},"content":{"rendered":"<p><a href=\"http:\/\/www.lospoliticosveracruz.com.mx\/wp-content\/uploads\/2016\/07\/Octavio-Ochoa-Negro.jpg\"><img loading=\"lazy\" decoding=\"async\" class=\"aligncenter size-full wp-image-23946\" src=\"http:\/\/www.lospoliticosveracruz.com.mx\/wp-content\/uploads\/2016\/07\/Octavio-Ochoa-Negro.jpg\" alt=\"Octavio Ochoa Negro\" width=\"600\" height=\"399\" \/><\/a><br \/>\n<strong>Salvador Mu\u00f1oz<\/strong><\/p>\n<p><em>Los Pol\u00edticos<\/em><\/p>\n<p>\u201cQuien acepta la libertad como d\u00e1diva, se convierte en esclavo manumiso, en tanto que quien la conquista con su esfuerzo, se eleva a la excelsa condici\u00f3n de hombre libre\u201d\u2026 la frase me encant\u00f3. Se la adjudican a Octavio Ochoa Ochoa, que para los vecinos de la Llave del Sureste es posible que atraiga recuerdos; para los pol\u00edticos, nostalgia; y quiz\u00e1s para los priistas, los priistas de verdad, la luz de lo que es y debe significar el quehacer p\u00fablico en donde se dice, \u201cel Negro\u201d Ochoa, era un se\u00f1or\u00f3n.<br \/>\nO\u00edr o leer de \u201cEl Negro\u201d Ochoa es casi como recordar a Yayo Guti\u00e9rrez Castellanos o platicar con Alfonso Salces. Estoy seguro que igual disfrutaron los afortunados que conocieron a don Octavio de esas charlas, como yo lo hice con el Tribuno de Tres Zapotes o como cada vez que tengo oportunidad, con caf\u00e9 de por medio (y un cigarro igual\u2026 aunque sea uno), con el jefe del Notiver.<br \/>\nII<br \/>\nGanadero y pol\u00edtico, muy amigo de don Rafael Hern\u00e1ndez Ochoa, dicen que ten\u00eda las palabras precisas, la oraci\u00f3n perfecta, para platicar, dialogar, acordar. Tanto en el ramo pecuario como en el servicio p\u00fablico, hay cantidad de an\u00e9cdotas, pero me quedo con dos.<br \/>\nLa primera, que alguna vez le le\u00ed a Arturo Reyes Isidoro, quien cont\u00f3 que all\u00e1, a principios de los 70, \u201cel Negro\u201d Ochoa se disputaba la dirigencia de la Uni\u00f3n Regional Ganadera del Sur con Guillermo \u00abBilly\u00bb Trole Franco, quien era comandante de la polic\u00eda rural de aquella zona. A ciencia cierta, no recuerdo en la lectura de Reyes, el tama\u00f1o de las disputas entre \u201cel Negro\u201d y \u201cBilly\u201d, pero se ve que eran de cuidado. Cierta ocasi\u00f3n, Trole Franco sufri\u00f3 un infarto. Las broncas pararon hasta que cierto d\u00eda, ambos \u201cenemigos\u201d se encontraron en una gasolinera, y cuando Arturo Reyes pensaba que reiniciaban las rencillas, al ver al \u201cNegro\u201d acercarse a la camioneta de Billy, ocurri\u00f3 otra cosa: Octavio Ochoa solt\u00f3 la siguiente frase: \u201cTigre, s\u00e9 que te est\u00e1 llevando la madre. Al\u00edviate y nos seguimos rompiendo la madre\u00bb. La nobleza se da tambi\u00e9n en el respeto al adversario. \u00bfVen por qu\u00e9 les digo que los pol\u00edticos deben sentir nostalgia?<br \/>\nIII<br \/>\nLa otra an\u00e9cdota no tiene mucho que se la le\u00ed a don Eliseo Guzm\u00e1n\u2026 no recuerdo en d\u00f3nde, pero s\u00ed s\u00e9 que fue con alguno de los diarios de don Pablo Robles.<br \/>\nSiendo director de Tr\u00e1nsito, en la \u00e9poca de don Rafael Hern\u00e1ndez Ochoa, cierta ocasi\u00f3n, su particular, Fernando Alegr\u00eda, entr\u00f3 precipitado y se par\u00f3 en la puerta y le advert\u00eda al \u201cNegro\u201d Ochoa que el chofer del Gobernador se dirig\u00eda furioso a la oficina, lo que fue corroborado con la entrada del sujeto, iracundo, reclamando el proceder de unos agentes de Tr\u00e1nsito que lo hab\u00edan infraccionado.<br \/>\n\u2013\u00a1Negro! mira lo que me hicieron tus muchachos; debes ponerles un ejemplar castigo, he pasado una gran verg\u00fcenza, \u00a1me conoces!<br \/>\n\u2013Claro que te conozco, \u00a1Chingao!, pero c\u00e1lmate, dime \u00bfqu\u00e9 pas\u00f3?<br \/>\n\u2013\u00a1Mira!\u2013 y le mostr\u00f3 la boleta de infracci\u00f3n.<br \/>\n\u2013\u00a1Te infraccionaron!\u2013 Y mientras ve\u00eda la infracci\u00f3n mov\u00eda la cabeza como desaprobando la acci\u00f3n de los \u201ctamarindos\u201d.<br \/>\n\u2013\u00a1Tienes que poner una soluci\u00f3n!<br \/>\n\u2013Ahora mismo lo arreglo\u2026 \u00bfcu\u00e1nto es? \u00bf40 pesos?\u2013 De inmediato sac\u00f3 dos billetes de 20 pesos y se los dio a Alegr\u00eda mientras le dec\u00eda: \u201c\u00a1Vaya a tesorer\u00eda y pague!\u201d, y con ese gesto, le daba una lecci\u00f3n del tama\u00f1o de Veracruz al chofer a quien ya le hab\u00eda ca\u00eddo el 20 y ped\u00eda que no le pagara la multa pero, sabio, canijo, agudo, Ochoa Ochoa le respond\u00eda: \u201c\u00a1C\u00f3mo chingaos no! s\u00e9 que cuidas a mi Gobernador, eres discreto, diligente, respetuoso, cuidadoso de su imagen, y yo como t\u00fa, tambi\u00e9n lo cuido. Cuando te infraccionen me vienes a ver, \u00a1por favor!\u201d<br \/>\nIV<br \/>\nHan de disculpar Reyes Isidoro y el se\u00f1or Eliseo Guzm\u00e1n si la memoria me falla, pero la intenci\u00f3n es la misma, no tan s\u00f3lo para recordar sus palabras, sino para rememorar al buen ejercicio de la pol\u00edtica, el placer de saber servir; pero sobre todo, entender que es posible la nobleza en la misma pol\u00edtica, hoy tan urgidos de ella. Por eso, este d\u00eda, bien vale la pena traer a nuestra mente a ese hombre que con sus acciones, nos dicen que es posible creer en la pol\u00edtica\u2026 por eso, bien vale por mucho que Queta, \u201cLa Negra\u201d, tenga siempre presente, m\u00e1s vivo que nunca, al esp\u00edritu de su padre, la imagen de su padre, pero sobre todo, esas palabras que ella atesora, tan llenas de ternura, que hacen que hoy, que festeja sus cien a\u00f1os de estar presente en cada recuerdo, nos permita decir, alzando un buen tequila: \u00bfQu\u00e9 tal, Tigre? \u00a1Salud por tus cien a\u00f1os!<\/p>\n<p>smcainito@gmail.com<\/p>\n","protected":false},"excerpt":{"rendered":"<p>Salvador Mu\u00f1oz Los Pol\u00edticos \u201cQuien acepta la libertad como d\u00e1diva, se convierte en esclavo manumiso, en tanto que quien la conquista con su esfuerzo, se eleva a la excelsa condici\u00f3n de hombre libre\u201d\u2026 la frase me encant\u00f3. Se la adjudican a Octavio Ochoa Ochoa, que para los vecinos de la Llave del Sureste es posible [&hellip;]<\/p>\n","protected":false},"author":2,"featured_media":0,"comment_status":"open","ping_status":"open","sticky":false,"template":"","format":"standard","meta":{"tdm_status":"","tdm_grid_status":"","footnotes":""},"categories":[70],"tags":[1580,5592,5594,1225,5591,5595,3907],"class_list":{"0":"post-23945","1":"post","2":"type-post","3":"status-publish","4":"format-standard","6":"category-de-opinion","7":"tag-arturo-reyes-isidoro","8":"tag-el-negro","9":"tag-guillermo-trole-franco","10":"tag-notiver","11":"tag-octavio-ochoa-ochoa","12":"tag-queta-ochoa","13":"tag-rafael-hernandez-ochoa"},"yoast_head":"<!-- This site is optimized with the Yoast SEO plugin v27.4 - https:\/\/yoast.com\/product\/yoast-seo-wordpress\/ -->\n<title>\u00bfQu\u00e9 tal, Tigre? - Los pol\u00edticos Veracruz<\/title>\n<meta name=\"robots\" content=\"index, follow, max-snippet:-1, max-image-preview:large, max-video-preview:-1\" \/>\n<link rel=\"canonical\" href=\"https:\/\/lospoliticosveracruz.com\/?p=23945\" \/>\n<meta property=\"og:locale\" content=\"es_ES\" \/>\n<meta property=\"og:type\" content=\"article\" \/>\n<meta property=\"og:title\" content=\"\u00bfQu\u00e9 tal, Tigre? - Los pol\u00edticos Veracruz\" \/>\n<meta property=\"og:description\" content=\"Salvador Mu\u00f1oz Los Pol\u00edticos \u201cQuien acepta la libertad como d\u00e1diva, se convierte en esclavo manumiso, en tanto que quien la conquista con su esfuerzo, se eleva a la excelsa condici\u00f3n de hombre libre\u201d\u2026 la frase me encant\u00f3. Se la adjudican a Octavio Ochoa Ochoa, que para los vecinos de la Llave del Sureste es posible [&hellip;]\" \/>\n<meta property=\"og:url\" content=\"https:\/\/lospoliticosveracruz.com\/?p=23945\" \/>\n<meta property=\"og:site_name\" content=\"Los pol\u00edticos Veracruz\" \/>\n<meta property=\"article:publisher\" content=\"https:\/\/www.facebook.com\/people\/Notimemes-de-los-Polticos\/61565672886568\/\" \/>\n<meta property=\"article:published_time\" content=\"2016-07-02T13:09:05+00:00\" \/>\n<meta property=\"og:image\" content=\"http:\/\/www.lospoliticosveracruz.com.mx\/wp-content\/uploads\/2016\/07\/Octavio-Ochoa-Negro.jpg\" \/>\n<meta name=\"author\" content=\"Lo viste en Los Pol\u00edticos\" \/>\n<meta name=\"twitter:card\" content=\"summary_large_image\" \/>\n<meta name=\"twitter:creator\" content=\"@LosPoliticosVer\" \/>\n<meta name=\"twitter:site\" content=\"@LosPoliticosVer\" \/>\n<meta name=\"twitter:label1\" content=\"Escrito por\" \/>\n\t<meta name=\"twitter:data1\" content=\"Lo viste en Los Pol\u00edticos\" \/>\n\t<meta name=\"twitter:label2\" content=\"Tiempo de lectura\" \/>\n\t<meta name=\"twitter:data2\" content=\"4 minutos\" \/>\n<script type=\"application\/ld+json\" class=\"yoast-schema-graph\">{\"@context\":\"https:\\\/\\\/schema.org\",\"@graph\":[{\"@type\":\"Article\",\"@id\":\"https:\\\/\\\/lospoliticosveracruz.com\\\/?p=23945#article\",\"isPartOf\":{\"@id\":\"https:\\\/\\\/lospoliticosveracruz.com\\\/?p=23945\"},\"author\":{\"name\":\"Lo viste en Los Pol\u00edticos\",\"@id\":\"https:\\\/\\\/lospoliticosveracruz.com\\\/#\\\/schema\\\/person\\\/b8702bb0e538456e6efd07080bf2a4a2\"},\"headline\":\"\u00bfQu\u00e9 tal, Tigre?\",\"datePublished\":\"2016-07-02T13:09:05+00:00\",\"mainEntityOfPage\":{\"@id\":\"https:\\\/\\\/lospoliticosveracruz.com\\\/?p=23945\"},\"wordCount\":853,\"commentCount\":0,\"publisher\":{\"@id\":\"https:\\\/\\\/lospoliticosveracruz.com\\\/#organization\"},\"image\":{\"@id\":\"https:\\\/\\\/lospoliticosveracruz.com\\\/?p=23945#primaryimage\"},\"thumbnailUrl\":\"http:\\\/\\\/www.lospoliticosveracruz.com.mx\\\/wp-content\\\/uploads\\\/2016\\\/07\\\/Octavio-Ochoa-Negro.jpg\",\"keywords\":[\"Arturo Reyes Isidoro\",\"El Negro\",\"Guillermo Trole Franco\",\"Notiver\",\"Octavio Ochoa Ochoa\",\"Queta Ochoa\",\"Rafael Hern\u00e1ndez Ochoa\"],\"articleSection\":[\"De Opini\u00f3n\"],\"inLanguage\":\"es\",\"potentialAction\":[{\"@type\":\"CommentAction\",\"name\":\"Comment\",\"target\":[\"https:\\\/\\\/lospoliticosveracruz.com\\\/?p=23945#respond\"]}]},{\"@type\":\"WebPage\",\"@id\":\"https:\\\/\\\/lospoliticosveracruz.com\\\/?p=23945\",\"url\":\"https:\\\/\\\/lospoliticosveracruz.com\\\/?p=23945\",\"name\":\"\u00bfQu\u00e9 tal, Tigre? - Los pol\u00edticos Veracruz\",\"isPartOf\":{\"@id\":\"https:\\\/\\\/lospoliticosveracruz.com\\\/#website\"},\"primaryImageOfPage\":{\"@id\":\"https:\\\/\\\/lospoliticosveracruz.com\\\/?p=23945#primaryimage\"},\"image\":{\"@id\":\"https:\\\/\\\/lospoliticosveracruz.com\\\/?p=23945#primaryimage\"},\"thumbnailUrl\":\"http:\\\/\\\/www.lospoliticosveracruz.com.mx\\\/wp-content\\\/uploads\\\/2016\\\/07\\\/Octavio-Ochoa-Negro.jpg\",\"datePublished\":\"2016-07-02T13:09:05+00:00\",\"breadcrumb\":{\"@id\":\"https:\\\/\\\/lospoliticosveracruz.com\\\/?p=23945#breadcrumb\"},\"inLanguage\":\"es\",\"potentialAction\":[{\"@type\":\"ReadAction\",\"target\":[\"https:\\\/\\\/lospoliticosveracruz.com\\\/?p=23945\"]}]},{\"@type\":\"ImageObject\",\"inLanguage\":\"es\",\"@id\":\"https:\\\/\\\/lospoliticosveracruz.com\\\/?p=23945#primaryimage\",\"url\":\"http:\\\/\\\/www.lospoliticosveracruz.com.mx\\\/wp-content\\\/uploads\\\/2016\\\/07\\\/Octavio-Ochoa-Negro.jpg\",\"contentUrl\":\"http:\\\/\\\/www.lospoliticosveracruz.com.mx\\\/wp-content\\\/uploads\\\/2016\\\/07\\\/Octavio-Ochoa-Negro.jpg\"},{\"@type\":\"BreadcrumbList\",\"@id\":\"https:\\\/\\\/lospoliticosveracruz.com\\\/?p=23945#breadcrumb\",\"itemListElement\":[{\"@type\":\"ListItem\",\"position\":1,\"name\":\"Portada\",\"item\":\"https:\\\/\\\/lospoliticosveracruz.com\\\/\"},{\"@type\":\"ListItem\",\"position\":2,\"name\":\"\u00bfQu\u00e9 tal, Tigre?\"}]},{\"@type\":\"WebSite\",\"@id\":\"https:\\\/\\\/lospoliticosveracruz.com\\\/#website\",\"url\":\"https:\\\/\\\/lospoliticosveracruz.com\\\/\",\"name\":\"Los pol\u00edticos Veracruz\",\"description\":\"\",\"publisher\":{\"@id\":\"https:\\\/\\\/lospoliticosveracruz.com\\\/#organization\"},\"potentialAction\":[{\"@type\":\"SearchAction\",\"target\":{\"@type\":\"EntryPoint\",\"urlTemplate\":\"https:\\\/\\\/lospoliticosveracruz.com\\\/?s={search_term_string}\"},\"query-input\":{\"@type\":\"PropertyValueSpecification\",\"valueRequired\":true,\"valueName\":\"search_term_string\"}}],\"inLanguage\":\"es\"},{\"@type\":\"Organization\",\"@id\":\"https:\\\/\\\/lospoliticosveracruz.com\\\/#organization\",\"name\":\"Los pol\u00edticos Veracruz\",\"url\":\"https:\\\/\\\/lospoliticosveracruz.com\\\/\",\"logo\":{\"@type\":\"ImageObject\",\"inLanguage\":\"es\",\"@id\":\"https:\\\/\\\/lospoliticosveracruz.com\\\/#\\\/schema\\\/logo\\\/image\\\/\",\"url\":\"https:\\\/\\\/lospoliticosveracruz.com\\\/wp-content\\\/uploads\\\/2025\\\/12\\\/Logo-Nuevo-LOS-POLITICOS-1.jpg\",\"contentUrl\":\"https:\\\/\\\/lospoliticosveracruz.com\\\/wp-content\\\/uploads\\\/2025\\\/12\\\/Logo-Nuevo-LOS-POLITICOS-1.jpg\",\"width\":260,\"height\":70,\"caption\":\"Los pol\u00edticos Veracruz\"},\"image\":{\"@id\":\"https:\\\/\\\/lospoliticosveracruz.com\\\/#\\\/schema\\\/logo\\\/image\\\/\"},\"sameAs\":[\"https:\\\/\\\/www.facebook.com\\\/people\\\/Notimemes-de-los-Polticos\\\/61565672886568\\\/\",\"https:\\\/\\\/x.com\\\/LosPoliticosVer\"]},{\"@type\":\"Person\",\"@id\":\"https:\\\/\\\/lospoliticosveracruz.com\\\/#\\\/schema\\\/person\\\/b8702bb0e538456e6efd07080bf2a4a2\",\"name\":\"Lo viste en Los Pol\u00edticos\",\"image\":{\"@type\":\"ImageObject\",\"inLanguage\":\"es\",\"@id\":\"https:\\\/\\\/secure.gravatar.com\\\/avatar\\\/3a8de04a2656d44082be478bd6c086daa447c4651605818287b9532d3d0bd435?s=96&d=mm&r=g\",\"url\":\"https:\\\/\\\/secure.gravatar.com\\\/avatar\\\/3a8de04a2656d44082be478bd6c086daa447c4651605818287b9532d3d0bd435?s=96&d=mm&r=g\",\"contentUrl\":\"https:\\\/\\\/secure.gravatar.com\\\/avatar\\\/3a8de04a2656d44082be478bd6c086daa447c4651605818287b9532d3d0bd435?s=96&d=mm&r=g\",\"caption\":\"Lo viste en Los Pol\u00edticos\"},\"url\":\"https:\\\/\\\/lospoliticosveracruz.com\\\/?author=2\"}]}<\/script>\n<!-- \/ Yoast SEO plugin. -->","yoast_head_json":{"title":"\u00bfQu\u00e9 tal, Tigre? - Los pol\u00edticos Veracruz","robots":{"index":"index","follow":"follow","max-snippet":"max-snippet:-1","max-image-preview":"max-image-preview:large","max-video-preview":"max-video-preview:-1"},"canonical":"https:\/\/lospoliticosveracruz.com\/?p=23945","og_locale":"es_ES","og_type":"article","og_title":"\u00bfQu\u00e9 tal, Tigre? - Los pol\u00edticos Veracruz","og_description":"Salvador Mu\u00f1oz Los Pol\u00edticos \u201cQuien acepta la libertad como d\u00e1diva, se convierte en esclavo manumiso, en tanto que quien la conquista con su esfuerzo, se eleva a la excelsa condici\u00f3n de hombre libre\u201d\u2026 la frase me encant\u00f3. Se la adjudican a Octavio Ochoa Ochoa, que para los vecinos de la Llave del Sureste es posible [&hellip;]","og_url":"https:\/\/lospoliticosveracruz.com\/?p=23945","og_site_name":"Los pol\u00edticos Veracruz","article_publisher":"https:\/\/www.facebook.com\/people\/Notimemes-de-los-Polticos\/61565672886568\/","article_published_time":"2016-07-02T13:09:05+00:00","og_image":[{"url":"http:\/\/www.lospoliticosveracruz.com.mx\/wp-content\/uploads\/2016\/07\/Octavio-Ochoa-Negro.jpg","type":"","width":"","height":""}],"author":"Lo viste en Los Pol\u00edticos","twitter_card":"summary_large_image","twitter_creator":"@LosPoliticosVer","twitter_site":"@LosPoliticosVer","twitter_misc":{"Escrito por":"Lo viste en Los Pol\u00edticos","Tiempo de lectura":"4 minutos"},"schema":{"@context":"https:\/\/schema.org","@graph":[{"@type":"Article","@id":"https:\/\/lospoliticosveracruz.com\/?p=23945#article","isPartOf":{"@id":"https:\/\/lospoliticosveracruz.com\/?p=23945"},"author":{"name":"Lo viste en Los Pol\u00edticos","@id":"https:\/\/lospoliticosveracruz.com\/#\/schema\/person\/b8702bb0e538456e6efd07080bf2a4a2"},"headline":"\u00bfQu\u00e9 tal, Tigre?","datePublished":"2016-07-02T13:09:05+00:00","mainEntityOfPage":{"@id":"https:\/\/lospoliticosveracruz.com\/?p=23945"},"wordCount":853,"commentCount":0,"publisher":{"@id":"https:\/\/lospoliticosveracruz.com\/#organization"},"image":{"@id":"https:\/\/lospoliticosveracruz.com\/?p=23945#primaryimage"},"thumbnailUrl":"http:\/\/www.lospoliticosveracruz.com.mx\/wp-content\/uploads\/2016\/07\/Octavio-Ochoa-Negro.jpg","keywords":["Arturo Reyes Isidoro","El Negro","Guillermo Trole Franco","Notiver","Octavio Ochoa Ochoa","Queta Ochoa","Rafael Hern\u00e1ndez Ochoa"],"articleSection":["De Opini\u00f3n"],"inLanguage":"es","potentialAction":[{"@type":"CommentAction","name":"Comment","target":["https:\/\/lospoliticosveracruz.com\/?p=23945#respond"]}]},{"@type":"WebPage","@id":"https:\/\/lospoliticosveracruz.com\/?p=23945","url":"https:\/\/lospoliticosveracruz.com\/?p=23945","name":"\u00bfQu\u00e9 tal, Tigre? - Los pol\u00edticos Veracruz","isPartOf":{"@id":"https:\/\/lospoliticosveracruz.com\/#website"},"primaryImageOfPage":{"@id":"https:\/\/lospoliticosveracruz.com\/?p=23945#primaryimage"},"image":{"@id":"https:\/\/lospoliticosveracruz.com\/?p=23945#primaryimage"},"thumbnailUrl":"http:\/\/www.lospoliticosveracruz.com.mx\/wp-content\/uploads\/2016\/07\/Octavio-Ochoa-Negro.jpg","datePublished":"2016-07-02T13:09:05+00:00","breadcrumb":{"@id":"https:\/\/lospoliticosveracruz.com\/?p=23945#breadcrumb"},"inLanguage":"es","potentialAction":[{"@type":"ReadAction","target":["https:\/\/lospoliticosveracruz.com\/?p=23945"]}]},{"@type":"ImageObject","inLanguage":"es","@id":"https:\/\/lospoliticosveracruz.com\/?p=23945#primaryimage","url":"http:\/\/www.lospoliticosveracruz.com.mx\/wp-content\/uploads\/2016\/07\/Octavio-Ochoa-Negro.jpg","contentUrl":"http:\/\/www.lospoliticosveracruz.com.mx\/wp-content\/uploads\/2016\/07\/Octavio-Ochoa-Negro.jpg"},{"@type":"BreadcrumbList","@id":"https:\/\/lospoliticosveracruz.com\/?p=23945#breadcrumb","itemListElement":[{"@type":"ListItem","position":1,"name":"Portada","item":"https:\/\/lospoliticosveracruz.com\/"},{"@type":"ListItem","position":2,"name":"\u00bfQu\u00e9 tal, Tigre?"}]},{"@type":"WebSite","@id":"https:\/\/lospoliticosveracruz.com\/#website","url":"https:\/\/lospoliticosveracruz.com\/","name":"Los pol\u00edticos Veracruz","description":"","publisher":{"@id":"https:\/\/lospoliticosveracruz.com\/#organization"},"potentialAction":[{"@type":"SearchAction","target":{"@type":"EntryPoint","urlTemplate":"https:\/\/lospoliticosveracruz.com\/?s={search_term_string}"},"query-input":{"@type":"PropertyValueSpecification","valueRequired":true,"valueName":"search_term_string"}}],"inLanguage":"es"},{"@type":"Organization","@id":"https:\/\/lospoliticosveracruz.com\/#organization","name":"Los pol\u00edticos Veracruz","url":"https:\/\/lospoliticosveracruz.com\/","logo":{"@type":"ImageObject","inLanguage":"es","@id":"https:\/\/lospoliticosveracruz.com\/#\/schema\/logo\/image\/","url":"https:\/\/lospoliticosveracruz.com\/wp-content\/uploads\/2025\/12\/Logo-Nuevo-LOS-POLITICOS-1.jpg","contentUrl":"https:\/\/lospoliticosveracruz.com\/wp-content\/uploads\/2025\/12\/Logo-Nuevo-LOS-POLITICOS-1.jpg","width":260,"height":70,"caption":"Los pol\u00edticos Veracruz"},"image":{"@id":"https:\/\/lospoliticosveracruz.com\/#\/schema\/logo\/image\/"},"sameAs":["https:\/\/www.facebook.com\/people\/Notimemes-de-los-Polticos\/61565672886568\/","https:\/\/x.com\/LosPoliticosVer"]},{"@type":"Person","@id":"https:\/\/lospoliticosveracruz.com\/#\/schema\/person\/b8702bb0e538456e6efd07080bf2a4a2","name":"Lo viste en Los Pol\u00edticos","image":{"@type":"ImageObject","inLanguage":"es","@id":"https:\/\/secure.gravatar.com\/avatar\/3a8de04a2656d44082be478bd6c086daa447c4651605818287b9532d3d0bd435?s=96&d=mm&r=g","url":"https:\/\/secure.gravatar.com\/avatar\/3a8de04a2656d44082be478bd6c086daa447c4651605818287b9532d3d0bd435?s=96&d=mm&r=g","contentUrl":"https:\/\/secure.gravatar.com\/avatar\/3a8de04a2656d44082be478bd6c086daa447c4651605818287b9532d3d0bd435?s=96&d=mm&r=g","caption":"Lo viste en Los Pol\u00edticos"},"url":"https:\/\/lospoliticosveracruz.com\/?author=2"}]}},"_links":{"self":[{"href":"https:\/\/lospoliticosveracruz.com\/index.php?rest_route=\/wp\/v2\/posts\/23945","targetHints":{"allow":["GET"]}}],"collection":[{"href":"https:\/\/lospoliticosveracruz.com\/index.php?rest_route=\/wp\/v2\/posts"}],"about":[{"href":"https:\/\/lospoliticosveracruz.com\/index.php?rest_route=\/wp\/v2\/types\/post"}],"author":[{"embeddable":true,"href":"https:\/\/lospoliticosveracruz.com\/index.php?rest_route=\/wp\/v2\/users\/2"}],"replies":[{"embeddable":true,"href":"https:\/\/lospoliticosveracruz.com\/index.php?rest_route=%2Fwp%2Fv2%2Fcomments&post=23945"}],"version-history":[{"count":1,"href":"https:\/\/lospoliticosveracruz.com\/index.php?rest_route=\/wp\/v2\/posts\/23945\/revisions"}],"predecessor-version":[{"id":23947,"href":"https:\/\/lospoliticosveracruz.com\/index.php?rest_route=\/wp\/v2\/posts\/23945\/revisions\/23947"}],"wp:attachment":[{"href":"https:\/\/lospoliticosveracruz.com\/index.php?rest_route=%2Fwp%2Fv2%2Fmedia&parent=23945"}],"wp:term":[{"taxonomy":"category","embeddable":true,"href":"https:\/\/lospoliticosveracruz.com\/index.php?rest_route=%2Fwp%2Fv2%2Fcategories&post=23945"},{"taxonomy":"post_tag","embeddable":true,"href":"https:\/\/lospoliticosveracruz.com\/index.php?rest_route=%2Fwp%2Fv2%2Ftags&post=23945"}],"curies":[{"name":"wp","href":"https:\/\/api.w.org\/{rel}","templated":true}]}}