{"id":24006,"date":"2016-07-05T08:05:17","date_gmt":"2016-07-05T13:05:17","guid":{"rendered":"http:\/\/www.lospoliticosveracruz.com.mx\/?p=24006"},"modified":"2016-07-05T08:05:17","modified_gmt":"2016-07-05T13:05:17","slug":"gobierno-veracruzano-el-barco-naufraga","status":"publish","type":"post","link":"https:\/\/lospoliticosveracruz.com\/?p=24006","title":{"rendered":"Gobierno veracruzano: el barco naufraga"},"content":{"rendered":"<p><a href=\"http:\/\/www.lospoliticosveracruz.com.mx\/wp-content\/uploads\/2016\/07\/Pensionados.jpeg\"><img loading=\"lazy\" decoding=\"async\" class=\"aligncenter size-full wp-image-24007\" src=\"http:\/\/www.lospoliticosveracruz.com.mx\/wp-content\/uploads\/2016\/07\/Pensionados.jpeg\" alt=\"Pensionados\" width=\"600\" height=\"450\" \/><\/a><br \/>\n<strong>Luis Alberto Romero<\/strong><\/p>\n<p><em>Hora Cero<\/em><\/p>\n<p>Ante la dimensi\u00f3n de las deudas que enfrenta el gobierno veracruzano con instituciones crediticias, proveedores, jubilados, contratistas, etc\u00e9tera; y, sobre todo, ante la falta de recursos gubernamentales para cubrir esos compromisos, podr\u00edamos decir que la nave estatal no s\u00f3lo hace agua, sino que pr\u00e1cticamente se encuentra a punto de naufragar.<\/p>\n<p>D\u00eda ca\u00f3tico en la capital veracruzana, este lunes: a las 6:00 de la ma\u00f1ana, integrantes de la Coalici\u00f3n del Magisterio Veracruzano (Sdtev, Sitem, Sete, Satev, Sivetse, Setmavy Otisev) se apostaron frente a las instalaciones de la Secretar\u00eda de Educaci\u00f3n de Veracruz para exigir pagos pendientes. Por su parte, los afiliados al Sindicato Unificador de Trabajadores al Servicio del Estado y Magisterio, Sutsem, detuvieron labores; unos cien mil estudiantes fueron afectados con dicha medida, de acuerdo con las estimaciones del dirigente de dicha agrupaci\u00f3n sindical, Ricardo Diz Herlindo, quien sostuvo que los adeudos datan de hace cuatro a\u00f1os.<\/p>\n<p>Por si fuera poco, tambi\u00e9n las instalaciones de la Secretar\u00eda de Finanzas y Planeaci\u00f3n fueron bloqueadas, al igual que las calles y avenidas aleda\u00f1as; de esa forma, el caos en las vialidades que permiten la entrada y salida de veh\u00edculos hacia Puebla, Ciudad de M\u00e9xico y puerto de Veracruz, fue evidente. El alcalde de la capital, Am\u00e9rico Z\u00fa\u00f1iga Mart\u00ednez, habl\u00f3 de fuertes afectaciones en el desarrollo econ\u00f3mico de Xalapa.<\/p>\n<p>Los movimientos de protesta y los paros laborales se extendieron a pr\u00e1cticamente todas las regiones de la entidad.<\/p>\n<p>El adeudo de la administraci\u00f3n estatal con los sindicatos y con los jubilados es millonario y no se observa la posibilidad de que los pagos sean cubiertos, porque el gobierno de la entidad basa sus finanzas en las participaciones federales (la recaudaci\u00f3n local es sumamente baja e ineficiente) y porque el pago de la abultada n\u00f3mina y de los intereses de la deuda asfixia la capacidad econ\u00f3mica del gobierno que encabeza Javier Duarte.<\/p>\n<p>De acuerdo con datos de la Secretar\u00eda de Hacienda y Cr\u00e9dito P\u00fablico, Veracruz es el tercer estado m\u00e1s endeudado, con una deuda p\u00fablica reconocida de 45 mil 776 millones de pesos, s\u00f3lo detr\u00e1s de la Ciudad de M\u00e9xico y Nuevo Le\u00f3n.<\/p>\n<p>Entre esas tres entidades, m\u00e1s Chihuahua y Estado de M\u00e9xico, la deuda casi llega a la mitad de los pasivos de todos los estados del pa\u00eds.<\/p>\n<p>Para el caso veracruzano, esa enorme deuda, cuyos intereses dejan con muy poco margen de maniobra a las autoridades estatales, impiden el desarrollo de proyectos de obra p\u00fablica; lo peor es que los pasivos registrados ante la SHCP no incluyen ni los compromisos con proveedores y contratistas, ni las obligaciones con entres como la Universidad Veracruzana, el Poder Judicial o el Organismo P\u00fablico Local Electoral, por citar algunos ejemplos, ni los pagos pendientes con trabajadores en activo, jubilados y pensionados.<\/p>\n<p>De esa forma, no es exagerado apuntar que el barco de la administraci\u00f3n veracruzana hace agua de forma peligrosa y est\u00e1 a punto de naufragar, sobre todo porque al tema de las finanzas p\u00fablicas se suman otros problemas igual o m\u00e1s preocupantes: el desempleo; la violencia y la inseguridad; y la pobreza en que se encuentran m\u00e1s de cuatro millones 600 mil habitantes. Por otro lado, todo apunta a que los siguientes cinco meses ser\u00e1n todav\u00eda peores.<\/p>\n<p>Mientras todo eso ocurre, mientras la nave del gobierno estatal est\u00e1 a punto del hundimiento, el capit\u00e1n del nav\u00edo no grita ni\u00f1os y mujeres, primero; al contrario, busca con desesperaci\u00f3n un salvavidas y, a la par, intenta romper el tim\u00f3n y colocar dinamita en popa, proa, babor y estribor, para que el siguiente capit\u00e1n s\u00f3lo encuentre el pecio, que son los pedazos de una nave que naufraga.<\/p>\n<p><strong>Huasteca, entre la inseguridad y el miedo<\/strong><\/p>\n<p>La zona lim\u00edtrofe entre los estados de Tamaulipas y Veracruz es considerada, desde hace dos d\u00e9cadas, como poco insegura. La operaci\u00f3n de bandas delincuenciales en esa regi\u00f3n mantiene en jaque a empresarios y ganaderos, as\u00ed como a pr\u00e1cticamente todos los sectores productivos.<\/p>\n<p>En la Huasteca Alta de Veracruz, los asaltos y secuestros son cada vez m\u00e1s frecuentes; igual ocurre en el sureste del estado de Tamaulipas, Tampico, Ciudad Madero y Altamira, donde los empresarios sostienen que las bandas que asuelan la regi\u00f3n operan principalmente en la zona que comprende los municipios veracruzanos de Pueblo Viejo, Chiconamel, Tempoal, Plat\u00f3n S\u00e1nchez, El Higo, Tantoyuca, Ozuluama y, sobre todo, P\u00e1nuco, que se ha convertido en \u00edcono del peligro y la inseguridad de la Huasteca.<\/p>\n<p>Este lunes, la diputada federal Mercedes del Carmen Guill\u00e9n Vicente, ex secretaria de gobierno y ex procuradora de justicia durante los gobiernos de Tom\u00e1s Yarrington y Eugenio Hern\u00e1ndez, se\u00f1al\u00f3 que el incremento en los \u00edndices delictivos en el sur de Tamaulipas es consecuencia de la presencia de bandas que operan en el norte de Veracruz.<\/p>\n<p>Mercedes del Carmen Guill\u00e9n preside actualmente la Comisi\u00f3n de Gobernaci\u00f3n en la C\u00e1mara Baja; es hermana de Rafael Sebasti\u00e1n Guill\u00e9n Vicente, el subcomandante Marcos del EZLN.<\/p>\n<p>La legisladora declar\u00f3 que los gobiernos de esas dos entidades, Tamaulipas y Veracruz, deben instalar una mesa conjunta para frenar la violencia en sus l\u00edmites territoriales; de igual forma, se pronunci\u00f3 por la creaci\u00f3n de una polic\u00eda interestatal, que combata a las bandas delincuenciales que han sentado sus reales en esa zona. @luisromero85<\/p>\n","protected":false},"excerpt":{"rendered":"<p>Luis Alberto Romero Hora Cero Ante la dimensi\u00f3n de las deudas que enfrenta el gobierno veracruzano con instituciones crediticias, proveedores, jubilados, contratistas, etc\u00e9tera; y, sobre todo, ante la falta de recursos gubernamentales para cubrir esos compromisos, podr\u00edamos decir que la nave estatal no s\u00f3lo hace agua, sino que pr\u00e1cticamente se encuentra a punto de naufragar. [&hellip;]<\/p>\n","protected":false},"author":2,"featured_media":0,"comment_status":"open","ping_status":"open","sticky":false,"template":"","format":"standard","meta":{"tdm_status":"","tdm_grid_status":"","footnotes":""},"categories":[70],"tags":[238,640,195],"class_list":{"0":"post-24006","1":"post","2":"type-post","3":"status-publish","4":"format-standard","6":"category-de-opinion","7":"tag-hacienda","8":"tag-sefiplan","9":"tag-veracruz"},"yoast_head":"<!-- This site is optimized with the Yoast SEO plugin v27.4 - https:\/\/yoast.com\/product\/yoast-seo-wordpress\/ -->\n<title>Gobierno veracruzano: el barco naufraga - Los pol\u00edticos Veracruz<\/title>\n<meta name=\"robots\" content=\"index, follow, max-snippet:-1, max-image-preview:large, max-video-preview:-1\" \/>\n<link rel=\"canonical\" href=\"https:\/\/lospoliticosveracruz.com\/?p=24006\" \/>\n<meta property=\"og:locale\" content=\"es_ES\" \/>\n<meta property=\"og:type\" content=\"article\" \/>\n<meta property=\"og:title\" content=\"Gobierno veracruzano: el barco naufraga - Los pol\u00edticos Veracruz\" \/>\n<meta property=\"og:description\" content=\"Luis Alberto Romero Hora Cero Ante la dimensi\u00f3n de las deudas que enfrenta el gobierno veracruzano con instituciones crediticias, proveedores, jubilados, contratistas, etc\u00e9tera; y, sobre todo, ante la falta de recursos gubernamentales para cubrir esos compromisos, podr\u00edamos decir que la nave estatal no s\u00f3lo hace agua, sino que pr\u00e1cticamente se encuentra a punto de naufragar. [&hellip;]\" \/>\n<meta property=\"og:url\" content=\"https:\/\/lospoliticosveracruz.com\/?p=24006\" \/>\n<meta property=\"og:site_name\" content=\"Los pol\u00edticos Veracruz\" \/>\n<meta property=\"article:publisher\" content=\"https:\/\/www.facebook.com\/people\/Notimemes-de-los-Polticos\/61565672886568\/\" \/>\n<meta property=\"article:published_time\" content=\"2016-07-05T13:05:17+00:00\" \/>\n<meta property=\"og:image\" content=\"http:\/\/www.lospoliticosveracruz.com.mx\/wp-content\/uploads\/2016\/07\/Pensionados.jpeg\" \/>\n<meta name=\"author\" content=\"Lo viste en Los Pol\u00edticos\" \/>\n<meta name=\"twitter:card\" content=\"summary_large_image\" \/>\n<meta name=\"twitter:creator\" content=\"@LosPoliticosVer\" \/>\n<meta name=\"twitter:site\" content=\"@LosPoliticosVer\" \/>\n<meta name=\"twitter:label1\" content=\"Escrito por\" \/>\n\t<meta name=\"twitter:data1\" content=\"Lo viste en Los Pol\u00edticos\" \/>\n\t<meta name=\"twitter:label2\" content=\"Tiempo de lectura\" \/>\n\t<meta name=\"twitter:data2\" content=\"5 minutos\" \/>\n<script type=\"application\/ld+json\" class=\"yoast-schema-graph\">{\"@context\":\"https:\\\/\\\/schema.org\",\"@graph\":[{\"@type\":\"Article\",\"@id\":\"https:\\\/\\\/lospoliticosveracruz.com\\\/?p=24006#article\",\"isPartOf\":{\"@id\":\"https:\\\/\\\/lospoliticosveracruz.com\\\/?p=24006\"},\"author\":{\"name\":\"Lo viste en Los Pol\u00edticos\",\"@id\":\"https:\\\/\\\/lospoliticosveracruz.com\\\/#\\\/schema\\\/person\\\/b8702bb0e538456e6efd07080bf2a4a2\"},\"headline\":\"Gobierno veracruzano: el barco naufraga\",\"datePublished\":\"2016-07-05T13:05:17+00:00\",\"mainEntityOfPage\":{\"@id\":\"https:\\\/\\\/lospoliticosveracruz.com\\\/?p=24006\"},\"wordCount\":944,\"commentCount\":0,\"publisher\":{\"@id\":\"https:\\\/\\\/lospoliticosveracruz.com\\\/#organization\"},\"image\":{\"@id\":\"https:\\\/\\\/lospoliticosveracruz.com\\\/?p=24006#primaryimage\"},\"thumbnailUrl\":\"http:\\\/\\\/www.lospoliticosveracruz.com.mx\\\/wp-content\\\/uploads\\\/2016\\\/07\\\/Pensionados.jpeg\",\"keywords\":[\"Hacienda\",\"Sefiplan\",\"Veracruz\"],\"articleSection\":[\"De Opini\u00f3n\"],\"inLanguage\":\"es\",\"potentialAction\":[{\"@type\":\"CommentAction\",\"name\":\"Comment\",\"target\":[\"https:\\\/\\\/lospoliticosveracruz.com\\\/?p=24006#respond\"]}]},{\"@type\":\"WebPage\",\"@id\":\"https:\\\/\\\/lospoliticosveracruz.com\\\/?p=24006\",\"url\":\"https:\\\/\\\/lospoliticosveracruz.com\\\/?p=24006\",\"name\":\"Gobierno veracruzano: el barco naufraga - Los pol\u00edticos Veracruz\",\"isPartOf\":{\"@id\":\"https:\\\/\\\/lospoliticosveracruz.com\\\/#website\"},\"primaryImageOfPage\":{\"@id\":\"https:\\\/\\\/lospoliticosveracruz.com\\\/?p=24006#primaryimage\"},\"image\":{\"@id\":\"https:\\\/\\\/lospoliticosveracruz.com\\\/?p=24006#primaryimage\"},\"thumbnailUrl\":\"http:\\\/\\\/www.lospoliticosveracruz.com.mx\\\/wp-content\\\/uploads\\\/2016\\\/07\\\/Pensionados.jpeg\",\"datePublished\":\"2016-07-05T13:05:17+00:00\",\"breadcrumb\":{\"@id\":\"https:\\\/\\\/lospoliticosveracruz.com\\\/?p=24006#breadcrumb\"},\"inLanguage\":\"es\",\"potentialAction\":[{\"@type\":\"ReadAction\",\"target\":[\"https:\\\/\\\/lospoliticosveracruz.com\\\/?p=24006\"]}]},{\"@type\":\"ImageObject\",\"inLanguage\":\"es\",\"@id\":\"https:\\\/\\\/lospoliticosveracruz.com\\\/?p=24006#primaryimage\",\"url\":\"http:\\\/\\\/www.lospoliticosveracruz.com.mx\\\/wp-content\\\/uploads\\\/2016\\\/07\\\/Pensionados.jpeg\",\"contentUrl\":\"http:\\\/\\\/www.lospoliticosveracruz.com.mx\\\/wp-content\\\/uploads\\\/2016\\\/07\\\/Pensionados.jpeg\"},{\"@type\":\"BreadcrumbList\",\"@id\":\"https:\\\/\\\/lospoliticosveracruz.com\\\/?p=24006#breadcrumb\",\"itemListElement\":[{\"@type\":\"ListItem\",\"position\":1,\"name\":\"Portada\",\"item\":\"https:\\\/\\\/lospoliticosveracruz.com\\\/\"},{\"@type\":\"ListItem\",\"position\":2,\"name\":\"Gobierno veracruzano: el barco naufraga\"}]},{\"@type\":\"WebSite\",\"@id\":\"https:\\\/\\\/lospoliticosveracruz.com\\\/#website\",\"url\":\"https:\\\/\\\/lospoliticosveracruz.com\\\/\",\"name\":\"Los pol\u00edticos Veracruz\",\"description\":\"\",\"publisher\":{\"@id\":\"https:\\\/\\\/lospoliticosveracruz.com\\\/#organization\"},\"potentialAction\":[{\"@type\":\"SearchAction\",\"target\":{\"@type\":\"EntryPoint\",\"urlTemplate\":\"https:\\\/\\\/lospoliticosveracruz.com\\\/?s={search_term_string}\"},\"query-input\":{\"@type\":\"PropertyValueSpecification\",\"valueRequired\":true,\"valueName\":\"search_term_string\"}}],\"inLanguage\":\"es\"},{\"@type\":\"Organization\",\"@id\":\"https:\\\/\\\/lospoliticosveracruz.com\\\/#organization\",\"name\":\"Los pol\u00edticos Veracruz\",\"url\":\"https:\\\/\\\/lospoliticosveracruz.com\\\/\",\"logo\":{\"@type\":\"ImageObject\",\"inLanguage\":\"es\",\"@id\":\"https:\\\/\\\/lospoliticosveracruz.com\\\/#\\\/schema\\\/logo\\\/image\\\/\",\"url\":\"https:\\\/\\\/lospoliticosveracruz.com\\\/wp-content\\\/uploads\\\/2025\\\/12\\\/Logo-Nuevo-LOS-POLITICOS-1.jpg\",\"contentUrl\":\"https:\\\/\\\/lospoliticosveracruz.com\\\/wp-content\\\/uploads\\\/2025\\\/12\\\/Logo-Nuevo-LOS-POLITICOS-1.jpg\",\"width\":260,\"height\":70,\"caption\":\"Los pol\u00edticos Veracruz\"},\"image\":{\"@id\":\"https:\\\/\\\/lospoliticosveracruz.com\\\/#\\\/schema\\\/logo\\\/image\\\/\"},\"sameAs\":[\"https:\\\/\\\/www.facebook.com\\\/people\\\/Notimemes-de-los-Polticos\\\/61565672886568\\\/\",\"https:\\\/\\\/x.com\\\/LosPoliticosVer\"]},{\"@type\":\"Person\",\"@id\":\"https:\\\/\\\/lospoliticosveracruz.com\\\/#\\\/schema\\\/person\\\/b8702bb0e538456e6efd07080bf2a4a2\",\"name\":\"Lo viste en Los Pol\u00edticos\",\"image\":{\"@type\":\"ImageObject\",\"inLanguage\":\"es\",\"@id\":\"https:\\\/\\\/secure.gravatar.com\\\/avatar\\\/3a8de04a2656d44082be478bd6c086daa447c4651605818287b9532d3d0bd435?s=96&d=mm&r=g\",\"url\":\"https:\\\/\\\/secure.gravatar.com\\\/avatar\\\/3a8de04a2656d44082be478bd6c086daa447c4651605818287b9532d3d0bd435?s=96&d=mm&r=g\",\"contentUrl\":\"https:\\\/\\\/secure.gravatar.com\\\/avatar\\\/3a8de04a2656d44082be478bd6c086daa447c4651605818287b9532d3d0bd435?s=96&d=mm&r=g\",\"caption\":\"Lo viste en Los Pol\u00edticos\"},\"url\":\"https:\\\/\\\/lospoliticosveracruz.com\\\/?author=2\"}]}<\/script>\n<!-- \/ Yoast SEO plugin. -->","yoast_head_json":{"title":"Gobierno veracruzano: el barco naufraga - Los pol\u00edticos Veracruz","robots":{"index":"index","follow":"follow","max-snippet":"max-snippet:-1","max-image-preview":"max-image-preview:large","max-video-preview":"max-video-preview:-1"},"canonical":"https:\/\/lospoliticosveracruz.com\/?p=24006","og_locale":"es_ES","og_type":"article","og_title":"Gobierno veracruzano: el barco naufraga - Los pol\u00edticos Veracruz","og_description":"Luis Alberto Romero Hora Cero Ante la dimensi\u00f3n de las deudas que enfrenta el gobierno veracruzano con instituciones crediticias, proveedores, jubilados, contratistas, etc\u00e9tera; y, sobre todo, ante la falta de recursos gubernamentales para cubrir esos compromisos, podr\u00edamos decir que la nave estatal no s\u00f3lo hace agua, sino que pr\u00e1cticamente se encuentra a punto de naufragar. [&hellip;]","og_url":"https:\/\/lospoliticosveracruz.com\/?p=24006","og_site_name":"Los pol\u00edticos Veracruz","article_publisher":"https:\/\/www.facebook.com\/people\/Notimemes-de-los-Polticos\/61565672886568\/","article_published_time":"2016-07-05T13:05:17+00:00","og_image":[{"url":"http:\/\/www.lospoliticosveracruz.com.mx\/wp-content\/uploads\/2016\/07\/Pensionados.jpeg","type":"","width":"","height":""}],"author":"Lo viste en Los Pol\u00edticos","twitter_card":"summary_large_image","twitter_creator":"@LosPoliticosVer","twitter_site":"@LosPoliticosVer","twitter_misc":{"Escrito por":"Lo viste en Los Pol\u00edticos","Tiempo de lectura":"5 minutos"},"schema":{"@context":"https:\/\/schema.org","@graph":[{"@type":"Article","@id":"https:\/\/lospoliticosveracruz.com\/?p=24006#article","isPartOf":{"@id":"https:\/\/lospoliticosveracruz.com\/?p=24006"},"author":{"name":"Lo viste en Los Pol\u00edticos","@id":"https:\/\/lospoliticosveracruz.com\/#\/schema\/person\/b8702bb0e538456e6efd07080bf2a4a2"},"headline":"Gobierno veracruzano: el barco naufraga","datePublished":"2016-07-05T13:05:17+00:00","mainEntityOfPage":{"@id":"https:\/\/lospoliticosveracruz.com\/?p=24006"},"wordCount":944,"commentCount":0,"publisher":{"@id":"https:\/\/lospoliticosveracruz.com\/#organization"},"image":{"@id":"https:\/\/lospoliticosveracruz.com\/?p=24006#primaryimage"},"thumbnailUrl":"http:\/\/www.lospoliticosveracruz.com.mx\/wp-content\/uploads\/2016\/07\/Pensionados.jpeg","keywords":["Hacienda","Sefiplan","Veracruz"],"articleSection":["De Opini\u00f3n"],"inLanguage":"es","potentialAction":[{"@type":"CommentAction","name":"Comment","target":["https:\/\/lospoliticosveracruz.com\/?p=24006#respond"]}]},{"@type":"WebPage","@id":"https:\/\/lospoliticosveracruz.com\/?p=24006","url":"https:\/\/lospoliticosveracruz.com\/?p=24006","name":"Gobierno veracruzano: el barco naufraga - Los pol\u00edticos Veracruz","isPartOf":{"@id":"https:\/\/lospoliticosveracruz.com\/#website"},"primaryImageOfPage":{"@id":"https:\/\/lospoliticosveracruz.com\/?p=24006#primaryimage"},"image":{"@id":"https:\/\/lospoliticosveracruz.com\/?p=24006#primaryimage"},"thumbnailUrl":"http:\/\/www.lospoliticosveracruz.com.mx\/wp-content\/uploads\/2016\/07\/Pensionados.jpeg","datePublished":"2016-07-05T13:05:17+00:00","breadcrumb":{"@id":"https:\/\/lospoliticosveracruz.com\/?p=24006#breadcrumb"},"inLanguage":"es","potentialAction":[{"@type":"ReadAction","target":["https:\/\/lospoliticosveracruz.com\/?p=24006"]}]},{"@type":"ImageObject","inLanguage":"es","@id":"https:\/\/lospoliticosveracruz.com\/?p=24006#primaryimage","url":"http:\/\/www.lospoliticosveracruz.com.mx\/wp-content\/uploads\/2016\/07\/Pensionados.jpeg","contentUrl":"http:\/\/www.lospoliticosveracruz.com.mx\/wp-content\/uploads\/2016\/07\/Pensionados.jpeg"},{"@type":"BreadcrumbList","@id":"https:\/\/lospoliticosveracruz.com\/?p=24006#breadcrumb","itemListElement":[{"@type":"ListItem","position":1,"name":"Portada","item":"https:\/\/lospoliticosveracruz.com\/"},{"@type":"ListItem","position":2,"name":"Gobierno veracruzano: el barco naufraga"}]},{"@type":"WebSite","@id":"https:\/\/lospoliticosveracruz.com\/#website","url":"https:\/\/lospoliticosveracruz.com\/","name":"Los pol\u00edticos Veracruz","description":"","publisher":{"@id":"https:\/\/lospoliticosveracruz.com\/#organization"},"potentialAction":[{"@type":"SearchAction","target":{"@type":"EntryPoint","urlTemplate":"https:\/\/lospoliticosveracruz.com\/?s={search_term_string}"},"query-input":{"@type":"PropertyValueSpecification","valueRequired":true,"valueName":"search_term_string"}}],"inLanguage":"es"},{"@type":"Organization","@id":"https:\/\/lospoliticosveracruz.com\/#organization","name":"Los pol\u00edticos Veracruz","url":"https:\/\/lospoliticosveracruz.com\/","logo":{"@type":"ImageObject","inLanguage":"es","@id":"https:\/\/lospoliticosveracruz.com\/#\/schema\/logo\/image\/","url":"https:\/\/lospoliticosveracruz.com\/wp-content\/uploads\/2025\/12\/Logo-Nuevo-LOS-POLITICOS-1.jpg","contentUrl":"https:\/\/lospoliticosveracruz.com\/wp-content\/uploads\/2025\/12\/Logo-Nuevo-LOS-POLITICOS-1.jpg","width":260,"height":70,"caption":"Los pol\u00edticos Veracruz"},"image":{"@id":"https:\/\/lospoliticosveracruz.com\/#\/schema\/logo\/image\/"},"sameAs":["https:\/\/www.facebook.com\/people\/Notimemes-de-los-Polticos\/61565672886568\/","https:\/\/x.com\/LosPoliticosVer"]},{"@type":"Person","@id":"https:\/\/lospoliticosveracruz.com\/#\/schema\/person\/b8702bb0e538456e6efd07080bf2a4a2","name":"Lo viste en Los Pol\u00edticos","image":{"@type":"ImageObject","inLanguage":"es","@id":"https:\/\/secure.gravatar.com\/avatar\/3a8de04a2656d44082be478bd6c086daa447c4651605818287b9532d3d0bd435?s=96&d=mm&r=g","url":"https:\/\/secure.gravatar.com\/avatar\/3a8de04a2656d44082be478bd6c086daa447c4651605818287b9532d3d0bd435?s=96&d=mm&r=g","contentUrl":"https:\/\/secure.gravatar.com\/avatar\/3a8de04a2656d44082be478bd6c086daa447c4651605818287b9532d3d0bd435?s=96&d=mm&r=g","caption":"Lo viste en Los Pol\u00edticos"},"url":"https:\/\/lospoliticosveracruz.com\/?author=2"}]}},"_links":{"self":[{"href":"https:\/\/lospoliticosveracruz.com\/index.php?rest_route=\/wp\/v2\/posts\/24006","targetHints":{"allow":["GET"]}}],"collection":[{"href":"https:\/\/lospoliticosveracruz.com\/index.php?rest_route=\/wp\/v2\/posts"}],"about":[{"href":"https:\/\/lospoliticosveracruz.com\/index.php?rest_route=\/wp\/v2\/types\/post"}],"author":[{"embeddable":true,"href":"https:\/\/lospoliticosveracruz.com\/index.php?rest_route=\/wp\/v2\/users\/2"}],"replies":[{"embeddable":true,"href":"https:\/\/lospoliticosveracruz.com\/index.php?rest_route=%2Fwp%2Fv2%2Fcomments&post=24006"}],"version-history":[{"count":1,"href":"https:\/\/lospoliticosveracruz.com\/index.php?rest_route=\/wp\/v2\/posts\/24006\/revisions"}],"predecessor-version":[{"id":24008,"href":"https:\/\/lospoliticosveracruz.com\/index.php?rest_route=\/wp\/v2\/posts\/24006\/revisions\/24008"}],"wp:attachment":[{"href":"https:\/\/lospoliticosveracruz.com\/index.php?rest_route=%2Fwp%2Fv2%2Fmedia&parent=24006"}],"wp:term":[{"taxonomy":"category","embeddable":true,"href":"https:\/\/lospoliticosveracruz.com\/index.php?rest_route=%2Fwp%2Fv2%2Fcategories&post=24006"},{"taxonomy":"post_tag","embeddable":true,"href":"https:\/\/lospoliticosveracruz.com\/index.php?rest_route=%2Fwp%2Fv2%2Ftags&post=24006"}],"curies":[{"name":"wp","href":"https:\/\/api.w.org\/{rel}","templated":true}]}}