{"id":24012,"date":"2016-07-05T21:46:23","date_gmt":"2016-07-06T02:46:23","guid":{"rendered":"http:\/\/www.lospoliticosveracruz.com.mx\/?p=24012"},"modified":"2016-07-05T21:46:23","modified_gmt":"2016-07-06T02:46:23","slug":"hector-y-pepe-la-nueva-carrera","status":"publish","type":"post","link":"https:\/\/lospoliticosveracruz.com\/?p=24012","title":{"rendered":"H\u00e9ctor y Pepe, la nueva carrera"},"content":{"rendered":"<p><a href=\"http:\/\/www.lospoliticosveracruz.com.mx\/wp-content\/uploads\/2014\/10\/pepe-hector-yunes.jpg\"><img loading=\"lazy\" decoding=\"async\" class=\"aligncenter size-full wp-image-12861\" src=\"http:\/\/www.lospoliticosveracruz.com.mx\/wp-content\/uploads\/2014\/10\/pepe-hector-yunes.jpg\" alt=\"pepe-hector-yunes\" width=\"657\" height=\"478\" \/><\/a><\/p>\n<p><strong>Luis Alberto Romero<\/strong><\/p>\n<p><em>Hora Cero<\/em><\/p>\n<p>Mientras el ex candidato del PRI al gobierno veracruzano, H\u00e9ctor Yunes Landa, prepara su regreso al Senado de la Rep\u00fablica, desde donde buscar\u00e1 reposicionarse para estar en condiciones de contender, una vez m\u00e1s, por la gubernatura del estado en 2018, otro cuadro priista importante, el senador Jos\u00e9 Francisco Yunes Zorrilla, asegura que su aspiraci\u00f3n para llegar al poder ejecutivo de esta entidad de mantiene intacta; y ya prepara su embestida.<\/p>\n<p>Entrevistado hace poco m\u00e1s de una semana en la zona sur de Veracruz, Pepe Yunes, como le conocen sus seguidores y compa\u00f1eros de partido, afirm\u00f3 que buscar\u00e1 \u201cel respaldo y la nominaci\u00f3n\u201d priista, teniendo como base el trabajo en el Senado de la Rep\u00fablica.<\/p>\n<p>Yunes Zorrilla se reuni\u00f3 el pasado 28 de junio con un grupo de alcaldes de la zona sur de Veracruz; al concluir el encuentro, fue abordado por los medios locales, ante quienes reconoci\u00f3 que el resultado del pasado 5 de junio refleja el grado de hartazgo de la sociedad.<\/p>\n<p>As\u00ed las cosas, lo que se observa en el horizonte priista es una nueva carrera por la candidatura al gobierno del estado, cuyos protagonistas ser\u00e1n, otra vez, Yunes Zorrilla y Yunes Landa, aunque ahora la ventaja parece estar del lado del primero, sobre todo tomando en cuenta que el entorno pol\u00edtico nacional resulta desfavorable para el de Soledad de Doblado, debido al resultado adverso en 7 de los 12 estados en disputa y a la obligada renuncia de Manlio Fabio Beltrones al Comit\u00e9 Ejecutivo Nacional del tricolor.<\/p>\n<p>Jos\u00e9 Francisco Yunes, por su parte, ya se prepara para emprender su marcha rumbo al 3 de junio de 2018. Para llegar, sin embargo, deber\u00e1 sortear un escollo: lograr que el tricolor se ubique en una posici\u00f3n competitiva en las elecciones de 2017, cuando se renovar\u00e1n los 212 ayuntamientos veracruzanos; es decir, que no se convierta en partido minoritario, que no sea arrasado por Acci\u00f3n Nacional o Morena.<\/p>\n<p>Por otra parte, habr\u00eda que agregar el hecho de que su partido ser\u00e1 oposici\u00f3n por primera vez en la historia de Veracruz; si esto fuera un encuentro de futbol soccer, el PRI ahora ser\u00eda el equipo visitante y es muy probable que juegue con el \u00e1rbitro beneficiando al local; y con la porra en contra.<\/p>\n<p><strong>Malas noticias para Duarte y compa\u00f1\u00eda<\/strong><\/p>\n<p>Las malas noticias para el gobernador Javier Duarte no terminan. A las citas a diversos funcionarios estatales por parte de la Procuradur\u00eda General de la Rep\u00fablica, y al freno que habr\u00edan ordenado desde el Altiplano con relaci\u00f3n al nombramiento del fiscal anticorrupci\u00f3n, se suman otros dos temas: las nuevas denuncias presentadas por el equipo del gobernador electo, Miguel \u00c1ngel Yunes Linares, por un presunto lavado de dinero; y la declaraci\u00f3n del auditor superior, Juan Manuel Portal, sobre el crecimiento en el n\u00famero de los recursos presentados, ante el Ministerio P\u00fablico, por las irregularidades detectadas.<\/p>\n<p>Este martes, Yunes Linares acudi\u00f3 a la Legislatura estatal, donde habl\u00f3 de la presentaci\u00f3n de dos denuncias, ante PGR y SAT, por presunto lavado de dinero, contra el gobernador Duarte y un grupo de colaboradores.<\/p>\n<p>Las investigaciones, apunt\u00f3 Yunes Linares, alcanzaron al diputado local electo por el distrito de San Andr\u00e9s Tuxtla, Vicente Ben\u00edtez Gonz\u00e1lez, quien \u2013dijo\u2013 es investigado en Costa Rica, tambi\u00e9n por lavado de dinero.<\/p>\n<p>El tema presentado por Miguel \u00c1ngel Yunes ante los medios se suma a la declaraci\u00f3n que minutos antes realiz\u00f3 el titular de la Auditor\u00eda Superior de la Federaci\u00f3n, Juan Manuel Portal Mart\u00ednez, sobre el caso de las irregularidades detectadas a tres gobiernos estatales: Chihuahua, Quintana Roo y Veracruz, cuyos gobernadores han sido muy criticados por sus iniciativas para proteger sus salidas y procurar impunidad.<\/p>\n<p>El auditor confirm\u00f3 que la PGR llam\u00f3 a declarar a 40 funcionarios y ex funcionarios estatales; y apunt\u00f3 que la ASF est\u00e1 lista para comparecer y aportar m\u00e1s pruebas.<\/p>\n<p>En el horizonte de Javier Duarte se avizora tormenta, aunque el tema del escabroso fin del sexenio ya estaba presupuestado; recordemos que en febrero del presente a\u00f1o, luego de entregar los m\u00e1s de mil 600 informes de la cuenta p\u00fablica 2014, el titular de la ASF declar\u00f3 que Veracruz era la entidad con la peor calificaci\u00f3n del pa\u00eds, ya que el monto acumulado equival\u00eda al que presentaban, juntas, otras 16 entidades.<\/p>\n<p>Alcalde de Chinameca, \u00bfdiscapacitado?<\/p>\n<p>Algunos pol\u00edticos no aprenden; para muestra un bot\u00f3n: el presidente municipal de \u200eChinameca, V\u00edctor Salom\u00f3n Carmona, fue captado cuando terminaba de realizar sus compras en la tienda Costco de Xalapa. El detalle est\u00e1 en que el alcalde estacion\u00f3 su lujosa camioneta, una Grand Cherokee, en un lugar especial destinado para personas que tienen alguna discapacidad.<\/p>\n<p>Lamentable, el hecho y tambi\u00e9n el video que circul\u00f3 en redes sociales.<\/p>\n<p>El problema para Salom\u00f3n Carmona es que su imagen quedar\u00e1 marcada; se le recordar\u00e1 m\u00e1s por dicha estulticia que por el trabajo, bueno o malo, que realiza en su municipio. Y as\u00ed quieren seguir participando en pol\u00edtica&#8230; @luisromero85<\/p>\n","protected":false},"excerpt":{"rendered":"<p>Luis Alberto Romero Hora Cero Mientras el ex candidato del PRI al gobierno veracruzano, H\u00e9ctor Yunes Landa, prepara su regreso al Senado de la Rep\u00fablica, desde donde buscar\u00e1 reposicionarse para estar en condiciones de contender, una vez m\u00e1s, por la gubernatura del estado en 2018, otro cuadro priista importante, el senador Jos\u00e9 Francisco Yunes Zorrilla, [&hellip;]<\/p>\n","protected":false},"author":2,"featured_media":0,"comment_status":"open","ping_status":"open","sticky":false,"template":"","format":"standard","meta":{"tdm_status":"","tdm_grid_status":"","footnotes":""},"categories":[70],"tags":[348,1846,428,195],"class_list":{"0":"post-24012","1":"post","2":"type-post","3":"status-publish","4":"format-standard","6":"category-de-opinion","7":"tag-hector-yunes-landa","8":"tag-jose-francisco-yunes-zorrilla","9":"tag-miguel-angel-yunes-linares","10":"tag-veracruz"},"yoast_head":"<!-- This site is optimized with the Yoast SEO plugin v27.4 - https:\/\/yoast.com\/product\/yoast-seo-wordpress\/ -->\n<title>H\u00e9ctor y Pepe, la nueva carrera - Los pol\u00edticos Veracruz<\/title>\n<meta name=\"robots\" content=\"index, follow, max-snippet:-1, max-image-preview:large, max-video-preview:-1\" \/>\n<link rel=\"canonical\" href=\"https:\/\/lospoliticosveracruz.com\/?p=24012\" \/>\n<meta property=\"og:locale\" content=\"es_ES\" \/>\n<meta property=\"og:type\" content=\"article\" \/>\n<meta property=\"og:title\" content=\"H\u00e9ctor y Pepe, la nueva carrera - Los pol\u00edticos Veracruz\" \/>\n<meta property=\"og:description\" content=\"Luis Alberto Romero Hora Cero Mientras el ex candidato del PRI al gobierno veracruzano, H\u00e9ctor Yunes Landa, prepara su regreso al Senado de la Rep\u00fablica, desde donde buscar\u00e1 reposicionarse para estar en condiciones de contender, una vez m\u00e1s, por la gubernatura del estado en 2018, otro cuadro priista importante, el senador Jos\u00e9 Francisco Yunes Zorrilla, [&hellip;]\" \/>\n<meta property=\"og:url\" content=\"https:\/\/lospoliticosveracruz.com\/?p=24012\" \/>\n<meta property=\"og:site_name\" content=\"Los pol\u00edticos Veracruz\" \/>\n<meta property=\"article:publisher\" content=\"https:\/\/www.facebook.com\/people\/Notimemes-de-los-Polticos\/61565672886568\/\" \/>\n<meta property=\"article:published_time\" content=\"2016-07-06T02:46:23+00:00\" \/>\n<meta property=\"og:image\" content=\"http:\/\/www.lospoliticosveracruz.com.mx\/wp-content\/uploads\/2014\/10\/pepe-hector-yunes.jpg\" \/>\n<meta name=\"author\" content=\"Lo viste en Los Pol\u00edticos\" \/>\n<meta name=\"twitter:card\" content=\"summary_large_image\" \/>\n<meta name=\"twitter:creator\" content=\"@LosPoliticosVer\" \/>\n<meta name=\"twitter:site\" content=\"@LosPoliticosVer\" \/>\n<meta name=\"twitter:label1\" content=\"Escrito por\" \/>\n\t<meta name=\"twitter:data1\" content=\"Lo viste en Los Pol\u00edticos\" \/>\n\t<meta name=\"twitter:label2\" content=\"Tiempo de lectura\" \/>\n\t<meta name=\"twitter:data2\" content=\"4 minutos\" \/>\n<script type=\"application\/ld+json\" class=\"yoast-schema-graph\">{\"@context\":\"https:\\\/\\\/schema.org\",\"@graph\":[{\"@type\":\"Article\",\"@id\":\"https:\\\/\\\/lospoliticosveracruz.com\\\/?p=24012#article\",\"isPartOf\":{\"@id\":\"https:\\\/\\\/lospoliticosveracruz.com\\\/?p=24012\"},\"author\":{\"name\":\"Lo viste en Los Pol\u00edticos\",\"@id\":\"https:\\\/\\\/lospoliticosveracruz.com\\\/#\\\/schema\\\/person\\\/b8702bb0e538456e6efd07080bf2a4a2\"},\"headline\":\"H\u00e9ctor y Pepe, la nueva carrera\",\"datePublished\":\"2016-07-06T02:46:23+00:00\",\"mainEntityOfPage\":{\"@id\":\"https:\\\/\\\/lospoliticosveracruz.com\\\/?p=24012\"},\"wordCount\":861,\"commentCount\":0,\"publisher\":{\"@id\":\"https:\\\/\\\/lospoliticosveracruz.com\\\/#organization\"},\"image\":{\"@id\":\"https:\\\/\\\/lospoliticosveracruz.com\\\/?p=24012#primaryimage\"},\"thumbnailUrl\":\"http:\\\/\\\/www.lospoliticosveracruz.com.mx\\\/wp-content\\\/uploads\\\/2014\\\/10\\\/pepe-hector-yunes.jpg\",\"keywords\":[\"H\u00e9ctor Yunes Landa\",\"Jos\u00e9 Francisco Yunes Zorrilla\",\"Miguel Angel Yunes Linares\",\"Veracruz\"],\"articleSection\":[\"De Opini\u00f3n\"],\"inLanguage\":\"es\",\"potentialAction\":[{\"@type\":\"CommentAction\",\"name\":\"Comment\",\"target\":[\"https:\\\/\\\/lospoliticosveracruz.com\\\/?p=24012#respond\"]}]},{\"@type\":\"WebPage\",\"@id\":\"https:\\\/\\\/lospoliticosveracruz.com\\\/?p=24012\",\"url\":\"https:\\\/\\\/lospoliticosveracruz.com\\\/?p=24012\",\"name\":\"H\u00e9ctor y Pepe, la nueva carrera - Los pol\u00edticos Veracruz\",\"isPartOf\":{\"@id\":\"https:\\\/\\\/lospoliticosveracruz.com\\\/#website\"},\"primaryImageOfPage\":{\"@id\":\"https:\\\/\\\/lospoliticosveracruz.com\\\/?p=24012#primaryimage\"},\"image\":{\"@id\":\"https:\\\/\\\/lospoliticosveracruz.com\\\/?p=24012#primaryimage\"},\"thumbnailUrl\":\"http:\\\/\\\/www.lospoliticosveracruz.com.mx\\\/wp-content\\\/uploads\\\/2014\\\/10\\\/pepe-hector-yunes.jpg\",\"datePublished\":\"2016-07-06T02:46:23+00:00\",\"breadcrumb\":{\"@id\":\"https:\\\/\\\/lospoliticosveracruz.com\\\/?p=24012#breadcrumb\"},\"inLanguage\":\"es\",\"potentialAction\":[{\"@type\":\"ReadAction\",\"target\":[\"https:\\\/\\\/lospoliticosveracruz.com\\\/?p=24012\"]}]},{\"@type\":\"ImageObject\",\"inLanguage\":\"es\",\"@id\":\"https:\\\/\\\/lospoliticosveracruz.com\\\/?p=24012#primaryimage\",\"url\":\"http:\\\/\\\/www.lospoliticosveracruz.com.mx\\\/wp-content\\\/uploads\\\/2014\\\/10\\\/pepe-hector-yunes.jpg\",\"contentUrl\":\"http:\\\/\\\/www.lospoliticosveracruz.com.mx\\\/wp-content\\\/uploads\\\/2014\\\/10\\\/pepe-hector-yunes.jpg\"},{\"@type\":\"BreadcrumbList\",\"@id\":\"https:\\\/\\\/lospoliticosveracruz.com\\\/?p=24012#breadcrumb\",\"itemListElement\":[{\"@type\":\"ListItem\",\"position\":1,\"name\":\"Portada\",\"item\":\"https:\\\/\\\/lospoliticosveracruz.com\\\/\"},{\"@type\":\"ListItem\",\"position\":2,\"name\":\"H\u00e9ctor y Pepe, la nueva carrera\"}]},{\"@type\":\"WebSite\",\"@id\":\"https:\\\/\\\/lospoliticosveracruz.com\\\/#website\",\"url\":\"https:\\\/\\\/lospoliticosveracruz.com\\\/\",\"name\":\"Los pol\u00edticos Veracruz\",\"description\":\"\",\"publisher\":{\"@id\":\"https:\\\/\\\/lospoliticosveracruz.com\\\/#organization\"},\"potentialAction\":[{\"@type\":\"SearchAction\",\"target\":{\"@type\":\"EntryPoint\",\"urlTemplate\":\"https:\\\/\\\/lospoliticosveracruz.com\\\/?s={search_term_string}\"},\"query-input\":{\"@type\":\"PropertyValueSpecification\",\"valueRequired\":true,\"valueName\":\"search_term_string\"}}],\"inLanguage\":\"es\"},{\"@type\":\"Organization\",\"@id\":\"https:\\\/\\\/lospoliticosveracruz.com\\\/#organization\",\"name\":\"Los pol\u00edticos Veracruz\",\"url\":\"https:\\\/\\\/lospoliticosveracruz.com\\\/\",\"logo\":{\"@type\":\"ImageObject\",\"inLanguage\":\"es\",\"@id\":\"https:\\\/\\\/lospoliticosveracruz.com\\\/#\\\/schema\\\/logo\\\/image\\\/\",\"url\":\"https:\\\/\\\/lospoliticosveracruz.com\\\/wp-content\\\/uploads\\\/2025\\\/12\\\/Logo-Nuevo-LOS-POLITICOS-1.jpg\",\"contentUrl\":\"https:\\\/\\\/lospoliticosveracruz.com\\\/wp-content\\\/uploads\\\/2025\\\/12\\\/Logo-Nuevo-LOS-POLITICOS-1.jpg\",\"width\":260,\"height\":70,\"caption\":\"Los pol\u00edticos Veracruz\"},\"image\":{\"@id\":\"https:\\\/\\\/lospoliticosveracruz.com\\\/#\\\/schema\\\/logo\\\/image\\\/\"},\"sameAs\":[\"https:\\\/\\\/www.facebook.com\\\/people\\\/Notimemes-de-los-Polticos\\\/61565672886568\\\/\",\"https:\\\/\\\/x.com\\\/LosPoliticosVer\"]},{\"@type\":\"Person\",\"@id\":\"https:\\\/\\\/lospoliticosveracruz.com\\\/#\\\/schema\\\/person\\\/b8702bb0e538456e6efd07080bf2a4a2\",\"name\":\"Lo viste en Los Pol\u00edticos\",\"image\":{\"@type\":\"ImageObject\",\"inLanguage\":\"es\",\"@id\":\"https:\\\/\\\/secure.gravatar.com\\\/avatar\\\/3a8de04a2656d44082be478bd6c086daa447c4651605818287b9532d3d0bd435?s=96&d=mm&r=g\",\"url\":\"https:\\\/\\\/secure.gravatar.com\\\/avatar\\\/3a8de04a2656d44082be478bd6c086daa447c4651605818287b9532d3d0bd435?s=96&d=mm&r=g\",\"contentUrl\":\"https:\\\/\\\/secure.gravatar.com\\\/avatar\\\/3a8de04a2656d44082be478bd6c086daa447c4651605818287b9532d3d0bd435?s=96&d=mm&r=g\",\"caption\":\"Lo viste en Los Pol\u00edticos\"},\"url\":\"https:\\\/\\\/lospoliticosveracruz.com\\\/?author=2\"}]}<\/script>\n<!-- \/ Yoast SEO plugin. -->","yoast_head_json":{"title":"H\u00e9ctor y Pepe, la nueva carrera - Los pol\u00edticos Veracruz","robots":{"index":"index","follow":"follow","max-snippet":"max-snippet:-1","max-image-preview":"max-image-preview:large","max-video-preview":"max-video-preview:-1"},"canonical":"https:\/\/lospoliticosveracruz.com\/?p=24012","og_locale":"es_ES","og_type":"article","og_title":"H\u00e9ctor y Pepe, la nueva carrera - Los pol\u00edticos Veracruz","og_description":"Luis Alberto Romero Hora Cero Mientras el ex candidato del PRI al gobierno veracruzano, H\u00e9ctor Yunes Landa, prepara su regreso al Senado de la Rep\u00fablica, desde donde buscar\u00e1 reposicionarse para estar en condiciones de contender, una vez m\u00e1s, por la gubernatura del estado en 2018, otro cuadro priista importante, el senador Jos\u00e9 Francisco Yunes Zorrilla, [&hellip;]","og_url":"https:\/\/lospoliticosveracruz.com\/?p=24012","og_site_name":"Los pol\u00edticos Veracruz","article_publisher":"https:\/\/www.facebook.com\/people\/Notimemes-de-los-Polticos\/61565672886568\/","article_published_time":"2016-07-06T02:46:23+00:00","og_image":[{"url":"http:\/\/www.lospoliticosveracruz.com.mx\/wp-content\/uploads\/2014\/10\/pepe-hector-yunes.jpg","type":"","width":"","height":""}],"author":"Lo viste en Los Pol\u00edticos","twitter_card":"summary_large_image","twitter_creator":"@LosPoliticosVer","twitter_site":"@LosPoliticosVer","twitter_misc":{"Escrito por":"Lo viste en Los Pol\u00edticos","Tiempo de lectura":"4 minutos"},"schema":{"@context":"https:\/\/schema.org","@graph":[{"@type":"Article","@id":"https:\/\/lospoliticosveracruz.com\/?p=24012#article","isPartOf":{"@id":"https:\/\/lospoliticosveracruz.com\/?p=24012"},"author":{"name":"Lo viste en Los Pol\u00edticos","@id":"https:\/\/lospoliticosveracruz.com\/#\/schema\/person\/b8702bb0e538456e6efd07080bf2a4a2"},"headline":"H\u00e9ctor y Pepe, la nueva carrera","datePublished":"2016-07-06T02:46:23+00:00","mainEntityOfPage":{"@id":"https:\/\/lospoliticosveracruz.com\/?p=24012"},"wordCount":861,"commentCount":0,"publisher":{"@id":"https:\/\/lospoliticosveracruz.com\/#organization"},"image":{"@id":"https:\/\/lospoliticosveracruz.com\/?p=24012#primaryimage"},"thumbnailUrl":"http:\/\/www.lospoliticosveracruz.com.mx\/wp-content\/uploads\/2014\/10\/pepe-hector-yunes.jpg","keywords":["H\u00e9ctor Yunes Landa","Jos\u00e9 Francisco Yunes Zorrilla","Miguel Angel Yunes Linares","Veracruz"],"articleSection":["De Opini\u00f3n"],"inLanguage":"es","potentialAction":[{"@type":"CommentAction","name":"Comment","target":["https:\/\/lospoliticosveracruz.com\/?p=24012#respond"]}]},{"@type":"WebPage","@id":"https:\/\/lospoliticosveracruz.com\/?p=24012","url":"https:\/\/lospoliticosveracruz.com\/?p=24012","name":"H\u00e9ctor y Pepe, la nueva carrera - Los pol\u00edticos Veracruz","isPartOf":{"@id":"https:\/\/lospoliticosveracruz.com\/#website"},"primaryImageOfPage":{"@id":"https:\/\/lospoliticosveracruz.com\/?p=24012#primaryimage"},"image":{"@id":"https:\/\/lospoliticosveracruz.com\/?p=24012#primaryimage"},"thumbnailUrl":"http:\/\/www.lospoliticosveracruz.com.mx\/wp-content\/uploads\/2014\/10\/pepe-hector-yunes.jpg","datePublished":"2016-07-06T02:46:23+00:00","breadcrumb":{"@id":"https:\/\/lospoliticosveracruz.com\/?p=24012#breadcrumb"},"inLanguage":"es","potentialAction":[{"@type":"ReadAction","target":["https:\/\/lospoliticosveracruz.com\/?p=24012"]}]},{"@type":"ImageObject","inLanguage":"es","@id":"https:\/\/lospoliticosveracruz.com\/?p=24012#primaryimage","url":"http:\/\/www.lospoliticosveracruz.com.mx\/wp-content\/uploads\/2014\/10\/pepe-hector-yunes.jpg","contentUrl":"http:\/\/www.lospoliticosveracruz.com.mx\/wp-content\/uploads\/2014\/10\/pepe-hector-yunes.jpg"},{"@type":"BreadcrumbList","@id":"https:\/\/lospoliticosveracruz.com\/?p=24012#breadcrumb","itemListElement":[{"@type":"ListItem","position":1,"name":"Portada","item":"https:\/\/lospoliticosveracruz.com\/"},{"@type":"ListItem","position":2,"name":"H\u00e9ctor y Pepe, la nueva carrera"}]},{"@type":"WebSite","@id":"https:\/\/lospoliticosveracruz.com\/#website","url":"https:\/\/lospoliticosveracruz.com\/","name":"Los pol\u00edticos Veracruz","description":"","publisher":{"@id":"https:\/\/lospoliticosveracruz.com\/#organization"},"potentialAction":[{"@type":"SearchAction","target":{"@type":"EntryPoint","urlTemplate":"https:\/\/lospoliticosveracruz.com\/?s={search_term_string}"},"query-input":{"@type":"PropertyValueSpecification","valueRequired":true,"valueName":"search_term_string"}}],"inLanguage":"es"},{"@type":"Organization","@id":"https:\/\/lospoliticosveracruz.com\/#organization","name":"Los pol\u00edticos Veracruz","url":"https:\/\/lospoliticosveracruz.com\/","logo":{"@type":"ImageObject","inLanguage":"es","@id":"https:\/\/lospoliticosveracruz.com\/#\/schema\/logo\/image\/","url":"https:\/\/lospoliticosveracruz.com\/wp-content\/uploads\/2025\/12\/Logo-Nuevo-LOS-POLITICOS-1.jpg","contentUrl":"https:\/\/lospoliticosveracruz.com\/wp-content\/uploads\/2025\/12\/Logo-Nuevo-LOS-POLITICOS-1.jpg","width":260,"height":70,"caption":"Los pol\u00edticos Veracruz"},"image":{"@id":"https:\/\/lospoliticosveracruz.com\/#\/schema\/logo\/image\/"},"sameAs":["https:\/\/www.facebook.com\/people\/Notimemes-de-los-Polticos\/61565672886568\/","https:\/\/x.com\/LosPoliticosVer"]},{"@type":"Person","@id":"https:\/\/lospoliticosveracruz.com\/#\/schema\/person\/b8702bb0e538456e6efd07080bf2a4a2","name":"Lo viste en Los Pol\u00edticos","image":{"@type":"ImageObject","inLanguage":"es","@id":"https:\/\/secure.gravatar.com\/avatar\/3a8de04a2656d44082be478bd6c086daa447c4651605818287b9532d3d0bd435?s=96&d=mm&r=g","url":"https:\/\/secure.gravatar.com\/avatar\/3a8de04a2656d44082be478bd6c086daa447c4651605818287b9532d3d0bd435?s=96&d=mm&r=g","contentUrl":"https:\/\/secure.gravatar.com\/avatar\/3a8de04a2656d44082be478bd6c086daa447c4651605818287b9532d3d0bd435?s=96&d=mm&r=g","caption":"Lo viste en Los Pol\u00edticos"},"url":"https:\/\/lospoliticosveracruz.com\/?author=2"}]}},"_links":{"self":[{"href":"https:\/\/lospoliticosveracruz.com\/index.php?rest_route=\/wp\/v2\/posts\/24012","targetHints":{"allow":["GET"]}}],"collection":[{"href":"https:\/\/lospoliticosveracruz.com\/index.php?rest_route=\/wp\/v2\/posts"}],"about":[{"href":"https:\/\/lospoliticosveracruz.com\/index.php?rest_route=\/wp\/v2\/types\/post"}],"author":[{"embeddable":true,"href":"https:\/\/lospoliticosveracruz.com\/index.php?rest_route=\/wp\/v2\/users\/2"}],"replies":[{"embeddable":true,"href":"https:\/\/lospoliticosveracruz.com\/index.php?rest_route=%2Fwp%2Fv2%2Fcomments&post=24012"}],"version-history":[{"count":1,"href":"https:\/\/lospoliticosveracruz.com\/index.php?rest_route=\/wp\/v2\/posts\/24012\/revisions"}],"predecessor-version":[{"id":24013,"href":"https:\/\/lospoliticosveracruz.com\/index.php?rest_route=\/wp\/v2\/posts\/24012\/revisions\/24013"}],"wp:attachment":[{"href":"https:\/\/lospoliticosveracruz.com\/index.php?rest_route=%2Fwp%2Fv2%2Fmedia&parent=24012"}],"wp:term":[{"taxonomy":"category","embeddable":true,"href":"https:\/\/lospoliticosveracruz.com\/index.php?rest_route=%2Fwp%2Fv2%2Fcategories&post=24012"},{"taxonomy":"post_tag","embeddable":true,"href":"https:\/\/lospoliticosveracruz.com\/index.php?rest_route=%2Fwp%2Fv2%2Ftags&post=24012"}],"curies":[{"name":"wp","href":"https:\/\/api.w.org\/{rel}","templated":true}]}}