{"id":24014,"date":"2016-07-05T22:14:18","date_gmt":"2016-07-06T03:14:18","guid":{"rendered":"http:\/\/www.lospoliticosveracruz.com.mx\/?p=24014"},"modified":"2016-07-05T22:14:18","modified_gmt":"2016-07-06T03:14:18","slug":"yunes-debilidades-y-fortalezas","status":"publish","type":"post","link":"https:\/\/lospoliticosveracruz.com\/?p=24014","title":{"rendered":"Yunes: Debilidades y fortalezas"},"content":{"rendered":"<p><a href=\"http:\/\/www.lospoliticosveracruz.com.mx\/wp-content\/uploads\/2016\/07\/Yunes.jpg\"><img loading=\"lazy\" decoding=\"async\" class=\"aligncenter size-full wp-image-24015\" src=\"http:\/\/www.lospoliticosveracruz.com.mx\/wp-content\/uploads\/2016\/07\/Yunes.jpg\" alt=\"Yunes\" width=\"600\" height=\"451\" \/><\/a><br \/>\n<strong>Salvador Mu\u00f1oz<\/strong><\/p>\n<p><em>Los Pol\u00edticos<\/em><\/p>\n<p>S\u00ed, s\u00e9 que es muy temprano para plantearlo, pero\u2026 si en el 2009 tuvimos a tres Yunes en la b\u00fasqueda de la candidatura por la Gubernatura, uno por el PAN y dos por el PRI, y en el 2015 se repiti\u00f3 el mismo escenario, con similar cantidad de Yunes con el mismo objetivo, \u00bfse ha puesto a pensar que en el 2017 podr\u00edamos sumar cuatro (4) Yunes en las mismas condiciones que en los \u00faltimos dos procesos de selecci\u00f3n de candidato por los mismos partidos?<br \/>\nYa el mismo dirigente del PAN, Pepe Mancha, lo cit\u00f3: Para el 2017 no ve m\u00e1s candidatos que Julen Rementer\u00eda, Miguel \u00c1ngel y Fernando Yunes M\u00e1rquez, aunque a fuerza de ser sinceros, no se puede negar que el apellido Yunes no deja de ser una marca registrada en este momento para el PAN lo que le dar\u00eda un plus en una contienda entre Yunes vs Rementer\u00eda.<br \/>\nEn el caso del PRI, el hecho de que H\u00e9ctor haya dado a conocer su inter\u00e9s por participar de nuevo en el siguiente a\u00f1o como precandidato, obliga sin querer a que se repita por tercera ocasi\u00f3n una disputa por la candidatura entre estos dos priistas. Habr\u00eda que preguntarle a la militancia cu\u00e1l es su posici\u00f3n al respecto: darle otra oportunidad a H\u00e9ctor o sencillamente cederle el paso a Pepe.<br \/>\nComo sea, al menos una vez pasadas las elecciones a presidentes municipales, este escenario de cuatro Yunes por dos candidaturas podr\u00eda darse de manera in\u00e9dita\u2026 si ya tres eran muchos\u2026<br \/>\nII<br \/>\nS\u00ed, insisto, es muy temprano para exponer este hipot\u00e9tico caso, tan temprano, que Miguel \u00c1ngel Yunes Linares a\u00fan no alcanza el grado de \u201cConstitucional\u201d para estar hablando del fin de su administraci\u00f3n en 2018, o peor, pasamos por encima del proceso electoral del 2017\u2026 pero es menester ocuparse del escenario, tanto por parte del PRI como del PAN, para ir tent\u00e1ndole el agua a los camotes o dicho m\u00e1s claro: para ver cu\u00e1l es la reacci\u00f3n de la gente, del electorado, del veracruzano, al estar, de nuevo, en medio de un choque de Yunes contra Yunes, que si la suerte favorece a Pepe, minimizar\u00eda el impacto repetitivo del apelativo, a tener a H\u00e9ctor disput\u00e1ndose la gubernatura \u00a1otra vez! con un familiar\u2026 en este caso, su sobrino.<br \/>\nIII<br \/>\nEn el caso de Miguel \u00c1ngel Yunes Linares, mucho va a depender de la labor que realice como Gobernador para que su partido postule a otro Yunes (M\u00e1rquez) como candidato. El ejemplo es claro: Imaginen que a mediados del 2017, haya en la c\u00e1rcel algunos de los denunciados ante la Auditor\u00eda Superior de la Federaci\u00f3n, PGR o Fiscal\u00eda. Habr\u00eda dado un gran paso para que, en un momento dado, se hiciera promesa de campa\u00f1a el pasar la estafeta a otro gobernador panista para ir por el resto de los peces gordos (o flacos, que est\u00e1n de moda)&#8230; no creo que al electorado veracruzano (el que vota), le molestar\u00eda que hubiera por parte de Acci\u00f3n Nacional, otro candidato Yunes y que adem\u00e1s, fuera el hijo del Gobernador.<br \/>\nEn el caso del PRI, \u00bfcu\u00e1les ser\u00edan los argumentos que esgrimir\u00eda el partido para postular a H\u00e9ctor? Quiz\u00e1s para ellos, el que ya es conocido, tiene marca registrada y el segundo lugar que con los votos de los aliados obtuvo en la contienda electoral\u2026 pero, ante la sociedad, \u00bfc\u00f3mo lo argumentar\u00edan? Pepe es una opci\u00f3n que podr\u00eda defenderse mejor\u2026 aunque, en lo particular, sigo insistiendo que estar\u00eda siendo invitado a participar con una derrota anticipada\u2026 repito: la sociedad ya prob\u00f3 la alternancia, ya se dio cuenta que es posible\u2026 \u00bfpor qu\u00e9 votar de nuevo por el PRI?<br \/>\nIV<br \/>\nEn fin\u2026 esto no deja de ser un escenario totalmente hipot\u00e9tico\u2026 aunque falta agregar un ingrediente m\u00e1s\u2026 cu\u00e1n posible ser\u00eda que la sociedad (la que vota) rechazara el apellido Yunes ante el imaginario de ver a una sola \u201cfamilia\u201d tratando, por en\u00e9sima ocasi\u00f3n, \u201cadue\u00f1arse\u201d de Veracruz y entonces se decidiera por otra opci\u00f3n\u2026 en una de \u00e9sas, si Roc\u00edo Nahle va como candidata de Morena, adem\u00e1s de tener el apoyo de L\u00f3pez Obrador, agregando la personalidad de la dama, quiz\u00e1s, insisto, quiz\u00e1s una de sus mayores fortalezas fuera no apellidarse Yunes\u2026 digo\u2026 si ya tres Yunes eran demasiados&#8230;<\/p>\n<p>smcainito@gmail.com<\/p>\n","protected":false},"excerpt":{"rendered":"<p>Salvador Mu\u00f1oz Los Pol\u00edticos S\u00ed, s\u00e9 que es muy temprano para plantearlo, pero\u2026 si en el 2009 tuvimos a tres Yunes en la b\u00fasqueda de la candidatura por la Gubernatura, uno por el PAN y dos por el PRI, y en el 2015 se repiti\u00f3 el mismo escenario, con similar cantidad de Yunes con el [&hellip;]<\/p>\n","protected":false},"author":2,"featured_media":0,"comment_status":"open","ping_status":"open","sticky":false,"template":"","format":"standard","meta":{"tdm_status":"","tdm_grid_status":"","footnotes":""},"categories":[70],"tags":[818,348,1510,246,3578],"class_list":{"0":"post-24014","1":"post","2":"type-post","3":"status-publish","4":"format-standard","6":"category-de-opinion","7":"tag-fernando-yunes-marquez","8":"tag-hector-yunes-landa","9":"tag-miguel-angel-yunes","10":"tag-pepe-yunes-zorrilla","11":"tag-rocio-nahle"},"yoast_head":"<!-- This site is optimized with the Yoast SEO plugin v27.4 - https:\/\/yoast.com\/product\/yoast-seo-wordpress\/ -->\n<title>Yunes: Debilidades y fortalezas - Los pol\u00edticos Veracruz<\/title>\n<meta name=\"robots\" content=\"index, follow, max-snippet:-1, max-image-preview:large, max-video-preview:-1\" \/>\n<link rel=\"canonical\" href=\"https:\/\/lospoliticosveracruz.com\/?p=24014\" \/>\n<meta property=\"og:locale\" content=\"es_ES\" \/>\n<meta property=\"og:type\" content=\"article\" \/>\n<meta property=\"og:title\" content=\"Yunes: Debilidades y fortalezas - Los pol\u00edticos Veracruz\" \/>\n<meta property=\"og:description\" content=\"Salvador Mu\u00f1oz Los Pol\u00edticos S\u00ed, s\u00e9 que es muy temprano para plantearlo, pero\u2026 si en el 2009 tuvimos a tres Yunes en la b\u00fasqueda de la candidatura por la Gubernatura, uno por el PAN y dos por el PRI, y en el 2015 se repiti\u00f3 el mismo escenario, con similar cantidad de Yunes con el [&hellip;]\" \/>\n<meta property=\"og:url\" content=\"https:\/\/lospoliticosveracruz.com\/?p=24014\" \/>\n<meta property=\"og:site_name\" content=\"Los pol\u00edticos Veracruz\" \/>\n<meta property=\"article:publisher\" content=\"https:\/\/www.facebook.com\/people\/Notimemes-de-los-Polticos\/61565672886568\/\" \/>\n<meta property=\"article:published_time\" content=\"2016-07-06T03:14:18+00:00\" \/>\n<meta property=\"og:image\" content=\"http:\/\/www.lospoliticosveracruz.com.mx\/wp-content\/uploads\/2016\/07\/Yunes.jpg\" \/>\n<meta name=\"author\" content=\"Lo viste en Los Pol\u00edticos\" \/>\n<meta name=\"twitter:card\" content=\"summary_large_image\" \/>\n<meta name=\"twitter:creator\" content=\"@LosPoliticosVer\" \/>\n<meta name=\"twitter:site\" content=\"@LosPoliticosVer\" \/>\n<meta name=\"twitter:label1\" content=\"Escrito por\" \/>\n\t<meta name=\"twitter:data1\" content=\"Lo viste en Los Pol\u00edticos\" \/>\n\t<meta name=\"twitter:label2\" content=\"Tiempo de lectura\" \/>\n\t<meta name=\"twitter:data2\" content=\"4 minutos\" \/>\n<script type=\"application\/ld+json\" class=\"yoast-schema-graph\">{\"@context\":\"https:\\\/\\\/schema.org\",\"@graph\":[{\"@type\":\"Article\",\"@id\":\"https:\\\/\\\/lospoliticosveracruz.com\\\/?p=24014#article\",\"isPartOf\":{\"@id\":\"https:\\\/\\\/lospoliticosveracruz.com\\\/?p=24014\"},\"author\":{\"name\":\"Lo viste en Los Pol\u00edticos\",\"@id\":\"https:\\\/\\\/lospoliticosveracruz.com\\\/#\\\/schema\\\/person\\\/b8702bb0e538456e6efd07080bf2a4a2\"},\"headline\":\"Yunes: Debilidades y fortalezas\",\"datePublished\":\"2016-07-06T03:14:18+00:00\",\"mainEntityOfPage\":{\"@id\":\"https:\\\/\\\/lospoliticosveracruz.com\\\/?p=24014\"},\"wordCount\":767,\"commentCount\":0,\"publisher\":{\"@id\":\"https:\\\/\\\/lospoliticosveracruz.com\\\/#organization\"},\"image\":{\"@id\":\"https:\\\/\\\/lospoliticosveracruz.com\\\/?p=24014#primaryimage\"},\"thumbnailUrl\":\"http:\\\/\\\/www.lospoliticosveracruz.com.mx\\\/wp-content\\\/uploads\\\/2016\\\/07\\\/Yunes.jpg\",\"keywords\":[\"Fernando Yunes M\u00e1rquez\",\"H\u00e9ctor Yunes Landa\",\"Miguel \u00c1ngel Yunes\",\"Pepe Yunes Zorrilla\",\"Roc\u00edo Nahle\"],\"articleSection\":[\"De Opini\u00f3n\"],\"inLanguage\":\"es\",\"potentialAction\":[{\"@type\":\"CommentAction\",\"name\":\"Comment\",\"target\":[\"https:\\\/\\\/lospoliticosveracruz.com\\\/?p=24014#respond\"]}]},{\"@type\":\"WebPage\",\"@id\":\"https:\\\/\\\/lospoliticosveracruz.com\\\/?p=24014\",\"url\":\"https:\\\/\\\/lospoliticosveracruz.com\\\/?p=24014\",\"name\":\"Yunes: Debilidades y fortalezas - Los pol\u00edticos Veracruz\",\"isPartOf\":{\"@id\":\"https:\\\/\\\/lospoliticosveracruz.com\\\/#website\"},\"primaryImageOfPage\":{\"@id\":\"https:\\\/\\\/lospoliticosveracruz.com\\\/?p=24014#primaryimage\"},\"image\":{\"@id\":\"https:\\\/\\\/lospoliticosveracruz.com\\\/?p=24014#primaryimage\"},\"thumbnailUrl\":\"http:\\\/\\\/www.lospoliticosveracruz.com.mx\\\/wp-content\\\/uploads\\\/2016\\\/07\\\/Yunes.jpg\",\"datePublished\":\"2016-07-06T03:14:18+00:00\",\"breadcrumb\":{\"@id\":\"https:\\\/\\\/lospoliticosveracruz.com\\\/?p=24014#breadcrumb\"},\"inLanguage\":\"es\",\"potentialAction\":[{\"@type\":\"ReadAction\",\"target\":[\"https:\\\/\\\/lospoliticosveracruz.com\\\/?p=24014\"]}]},{\"@type\":\"ImageObject\",\"inLanguage\":\"es\",\"@id\":\"https:\\\/\\\/lospoliticosveracruz.com\\\/?p=24014#primaryimage\",\"url\":\"http:\\\/\\\/www.lospoliticosveracruz.com.mx\\\/wp-content\\\/uploads\\\/2016\\\/07\\\/Yunes.jpg\",\"contentUrl\":\"http:\\\/\\\/www.lospoliticosveracruz.com.mx\\\/wp-content\\\/uploads\\\/2016\\\/07\\\/Yunes.jpg\"},{\"@type\":\"BreadcrumbList\",\"@id\":\"https:\\\/\\\/lospoliticosveracruz.com\\\/?p=24014#breadcrumb\",\"itemListElement\":[{\"@type\":\"ListItem\",\"position\":1,\"name\":\"Portada\",\"item\":\"https:\\\/\\\/lospoliticosveracruz.com\\\/\"},{\"@type\":\"ListItem\",\"position\":2,\"name\":\"Yunes: Debilidades y fortalezas\"}]},{\"@type\":\"WebSite\",\"@id\":\"https:\\\/\\\/lospoliticosveracruz.com\\\/#website\",\"url\":\"https:\\\/\\\/lospoliticosveracruz.com\\\/\",\"name\":\"Los pol\u00edticos Veracruz\",\"description\":\"\",\"publisher\":{\"@id\":\"https:\\\/\\\/lospoliticosveracruz.com\\\/#organization\"},\"potentialAction\":[{\"@type\":\"SearchAction\",\"target\":{\"@type\":\"EntryPoint\",\"urlTemplate\":\"https:\\\/\\\/lospoliticosveracruz.com\\\/?s={search_term_string}\"},\"query-input\":{\"@type\":\"PropertyValueSpecification\",\"valueRequired\":true,\"valueName\":\"search_term_string\"}}],\"inLanguage\":\"es\"},{\"@type\":\"Organization\",\"@id\":\"https:\\\/\\\/lospoliticosveracruz.com\\\/#organization\",\"name\":\"Los pol\u00edticos Veracruz\",\"url\":\"https:\\\/\\\/lospoliticosveracruz.com\\\/\",\"logo\":{\"@type\":\"ImageObject\",\"inLanguage\":\"es\",\"@id\":\"https:\\\/\\\/lospoliticosveracruz.com\\\/#\\\/schema\\\/logo\\\/image\\\/\",\"url\":\"https:\\\/\\\/lospoliticosveracruz.com\\\/wp-content\\\/uploads\\\/2025\\\/12\\\/Logo-Nuevo-LOS-POLITICOS-1.jpg\",\"contentUrl\":\"https:\\\/\\\/lospoliticosveracruz.com\\\/wp-content\\\/uploads\\\/2025\\\/12\\\/Logo-Nuevo-LOS-POLITICOS-1.jpg\",\"width\":260,\"height\":70,\"caption\":\"Los pol\u00edticos Veracruz\"},\"image\":{\"@id\":\"https:\\\/\\\/lospoliticosveracruz.com\\\/#\\\/schema\\\/logo\\\/image\\\/\"},\"sameAs\":[\"https:\\\/\\\/www.facebook.com\\\/people\\\/Notimemes-de-los-Polticos\\\/61565672886568\\\/\",\"https:\\\/\\\/x.com\\\/LosPoliticosVer\"]},{\"@type\":\"Person\",\"@id\":\"https:\\\/\\\/lospoliticosveracruz.com\\\/#\\\/schema\\\/person\\\/b8702bb0e538456e6efd07080bf2a4a2\",\"name\":\"Lo viste en Los Pol\u00edticos\",\"image\":{\"@type\":\"ImageObject\",\"inLanguage\":\"es\",\"@id\":\"https:\\\/\\\/secure.gravatar.com\\\/avatar\\\/3a8de04a2656d44082be478bd6c086daa447c4651605818287b9532d3d0bd435?s=96&d=mm&r=g\",\"url\":\"https:\\\/\\\/secure.gravatar.com\\\/avatar\\\/3a8de04a2656d44082be478bd6c086daa447c4651605818287b9532d3d0bd435?s=96&d=mm&r=g\",\"contentUrl\":\"https:\\\/\\\/secure.gravatar.com\\\/avatar\\\/3a8de04a2656d44082be478bd6c086daa447c4651605818287b9532d3d0bd435?s=96&d=mm&r=g\",\"caption\":\"Lo viste en Los Pol\u00edticos\"},\"url\":\"https:\\\/\\\/lospoliticosveracruz.com\\\/?author=2\"}]}<\/script>\n<!-- \/ Yoast SEO plugin. -->","yoast_head_json":{"title":"Yunes: Debilidades y fortalezas - Los pol\u00edticos Veracruz","robots":{"index":"index","follow":"follow","max-snippet":"max-snippet:-1","max-image-preview":"max-image-preview:large","max-video-preview":"max-video-preview:-1"},"canonical":"https:\/\/lospoliticosveracruz.com\/?p=24014","og_locale":"es_ES","og_type":"article","og_title":"Yunes: Debilidades y fortalezas - Los pol\u00edticos Veracruz","og_description":"Salvador Mu\u00f1oz Los Pol\u00edticos S\u00ed, s\u00e9 que es muy temprano para plantearlo, pero\u2026 si en el 2009 tuvimos a tres Yunes en la b\u00fasqueda de la candidatura por la Gubernatura, uno por el PAN y dos por el PRI, y en el 2015 se repiti\u00f3 el mismo escenario, con similar cantidad de Yunes con el [&hellip;]","og_url":"https:\/\/lospoliticosveracruz.com\/?p=24014","og_site_name":"Los pol\u00edticos Veracruz","article_publisher":"https:\/\/www.facebook.com\/people\/Notimemes-de-los-Polticos\/61565672886568\/","article_published_time":"2016-07-06T03:14:18+00:00","og_image":[{"url":"http:\/\/www.lospoliticosveracruz.com.mx\/wp-content\/uploads\/2016\/07\/Yunes.jpg","type":"","width":"","height":""}],"author":"Lo viste en Los Pol\u00edticos","twitter_card":"summary_large_image","twitter_creator":"@LosPoliticosVer","twitter_site":"@LosPoliticosVer","twitter_misc":{"Escrito por":"Lo viste en Los Pol\u00edticos","Tiempo de lectura":"4 minutos"},"schema":{"@context":"https:\/\/schema.org","@graph":[{"@type":"Article","@id":"https:\/\/lospoliticosveracruz.com\/?p=24014#article","isPartOf":{"@id":"https:\/\/lospoliticosveracruz.com\/?p=24014"},"author":{"name":"Lo viste en Los Pol\u00edticos","@id":"https:\/\/lospoliticosveracruz.com\/#\/schema\/person\/b8702bb0e538456e6efd07080bf2a4a2"},"headline":"Yunes: Debilidades y fortalezas","datePublished":"2016-07-06T03:14:18+00:00","mainEntityOfPage":{"@id":"https:\/\/lospoliticosveracruz.com\/?p=24014"},"wordCount":767,"commentCount":0,"publisher":{"@id":"https:\/\/lospoliticosveracruz.com\/#organization"},"image":{"@id":"https:\/\/lospoliticosveracruz.com\/?p=24014#primaryimage"},"thumbnailUrl":"http:\/\/www.lospoliticosveracruz.com.mx\/wp-content\/uploads\/2016\/07\/Yunes.jpg","keywords":["Fernando Yunes M\u00e1rquez","H\u00e9ctor Yunes Landa","Miguel \u00c1ngel Yunes","Pepe Yunes Zorrilla","Roc\u00edo Nahle"],"articleSection":["De Opini\u00f3n"],"inLanguage":"es","potentialAction":[{"@type":"CommentAction","name":"Comment","target":["https:\/\/lospoliticosveracruz.com\/?p=24014#respond"]}]},{"@type":"WebPage","@id":"https:\/\/lospoliticosveracruz.com\/?p=24014","url":"https:\/\/lospoliticosveracruz.com\/?p=24014","name":"Yunes: Debilidades y fortalezas - Los pol\u00edticos Veracruz","isPartOf":{"@id":"https:\/\/lospoliticosveracruz.com\/#website"},"primaryImageOfPage":{"@id":"https:\/\/lospoliticosveracruz.com\/?p=24014#primaryimage"},"image":{"@id":"https:\/\/lospoliticosveracruz.com\/?p=24014#primaryimage"},"thumbnailUrl":"http:\/\/www.lospoliticosveracruz.com.mx\/wp-content\/uploads\/2016\/07\/Yunes.jpg","datePublished":"2016-07-06T03:14:18+00:00","breadcrumb":{"@id":"https:\/\/lospoliticosveracruz.com\/?p=24014#breadcrumb"},"inLanguage":"es","potentialAction":[{"@type":"ReadAction","target":["https:\/\/lospoliticosveracruz.com\/?p=24014"]}]},{"@type":"ImageObject","inLanguage":"es","@id":"https:\/\/lospoliticosveracruz.com\/?p=24014#primaryimage","url":"http:\/\/www.lospoliticosveracruz.com.mx\/wp-content\/uploads\/2016\/07\/Yunes.jpg","contentUrl":"http:\/\/www.lospoliticosveracruz.com.mx\/wp-content\/uploads\/2016\/07\/Yunes.jpg"},{"@type":"BreadcrumbList","@id":"https:\/\/lospoliticosveracruz.com\/?p=24014#breadcrumb","itemListElement":[{"@type":"ListItem","position":1,"name":"Portada","item":"https:\/\/lospoliticosveracruz.com\/"},{"@type":"ListItem","position":2,"name":"Yunes: Debilidades y fortalezas"}]},{"@type":"WebSite","@id":"https:\/\/lospoliticosveracruz.com\/#website","url":"https:\/\/lospoliticosveracruz.com\/","name":"Los pol\u00edticos Veracruz","description":"","publisher":{"@id":"https:\/\/lospoliticosveracruz.com\/#organization"},"potentialAction":[{"@type":"SearchAction","target":{"@type":"EntryPoint","urlTemplate":"https:\/\/lospoliticosveracruz.com\/?s={search_term_string}"},"query-input":{"@type":"PropertyValueSpecification","valueRequired":true,"valueName":"search_term_string"}}],"inLanguage":"es"},{"@type":"Organization","@id":"https:\/\/lospoliticosveracruz.com\/#organization","name":"Los pol\u00edticos Veracruz","url":"https:\/\/lospoliticosveracruz.com\/","logo":{"@type":"ImageObject","inLanguage":"es","@id":"https:\/\/lospoliticosveracruz.com\/#\/schema\/logo\/image\/","url":"https:\/\/lospoliticosveracruz.com\/wp-content\/uploads\/2025\/12\/Logo-Nuevo-LOS-POLITICOS-1.jpg","contentUrl":"https:\/\/lospoliticosveracruz.com\/wp-content\/uploads\/2025\/12\/Logo-Nuevo-LOS-POLITICOS-1.jpg","width":260,"height":70,"caption":"Los pol\u00edticos Veracruz"},"image":{"@id":"https:\/\/lospoliticosveracruz.com\/#\/schema\/logo\/image\/"},"sameAs":["https:\/\/www.facebook.com\/people\/Notimemes-de-los-Polticos\/61565672886568\/","https:\/\/x.com\/LosPoliticosVer"]},{"@type":"Person","@id":"https:\/\/lospoliticosveracruz.com\/#\/schema\/person\/b8702bb0e538456e6efd07080bf2a4a2","name":"Lo viste en Los Pol\u00edticos","image":{"@type":"ImageObject","inLanguage":"es","@id":"https:\/\/secure.gravatar.com\/avatar\/3a8de04a2656d44082be478bd6c086daa447c4651605818287b9532d3d0bd435?s=96&d=mm&r=g","url":"https:\/\/secure.gravatar.com\/avatar\/3a8de04a2656d44082be478bd6c086daa447c4651605818287b9532d3d0bd435?s=96&d=mm&r=g","contentUrl":"https:\/\/secure.gravatar.com\/avatar\/3a8de04a2656d44082be478bd6c086daa447c4651605818287b9532d3d0bd435?s=96&d=mm&r=g","caption":"Lo viste en Los Pol\u00edticos"},"url":"https:\/\/lospoliticosveracruz.com\/?author=2"}]}},"_links":{"self":[{"href":"https:\/\/lospoliticosveracruz.com\/index.php?rest_route=\/wp\/v2\/posts\/24014","targetHints":{"allow":["GET"]}}],"collection":[{"href":"https:\/\/lospoliticosveracruz.com\/index.php?rest_route=\/wp\/v2\/posts"}],"about":[{"href":"https:\/\/lospoliticosveracruz.com\/index.php?rest_route=\/wp\/v2\/types\/post"}],"author":[{"embeddable":true,"href":"https:\/\/lospoliticosveracruz.com\/index.php?rest_route=\/wp\/v2\/users\/2"}],"replies":[{"embeddable":true,"href":"https:\/\/lospoliticosveracruz.com\/index.php?rest_route=%2Fwp%2Fv2%2Fcomments&post=24014"}],"version-history":[{"count":1,"href":"https:\/\/lospoliticosveracruz.com\/index.php?rest_route=\/wp\/v2\/posts\/24014\/revisions"}],"predecessor-version":[{"id":24016,"href":"https:\/\/lospoliticosveracruz.com\/index.php?rest_route=\/wp\/v2\/posts\/24014\/revisions\/24016"}],"wp:attachment":[{"href":"https:\/\/lospoliticosveracruz.com\/index.php?rest_route=%2Fwp%2Fv2%2Fmedia&parent=24014"}],"wp:term":[{"taxonomy":"category","embeddable":true,"href":"https:\/\/lospoliticosveracruz.com\/index.php?rest_route=%2Fwp%2Fv2%2Fcategories&post=24014"},{"taxonomy":"post_tag","embeddable":true,"href":"https:\/\/lospoliticosveracruz.com\/index.php?rest_route=%2Fwp%2Fv2%2Ftags&post=24014"}],"curies":[{"name":"wp","href":"https:\/\/api.w.org\/{rel}","templated":true}]}}