{"id":24088,"date":"2016-07-10T23:18:45","date_gmt":"2016-07-11T04:18:45","guid":{"rendered":"http:\/\/www.lospoliticosveracruz.com.mx\/?p=24088"},"modified":"2016-07-10T23:18:45","modified_gmt":"2016-07-11T04:18:45","slug":"porras-namiko-edda-y-diputadas","status":"publish","type":"post","link":"https:\/\/lospoliticosveracruz.com\/?p=24088","title":{"rendered":"Porras, Namiko, Edda y diputadas"},"content":{"rendered":"<p><a href=\"http:\/\/www.lospoliticosveracruz.com.mx\/wp-content\/uploads\/2016\/07\/Porras-Namiko-Edda.jpg\"><img loading=\"lazy\" decoding=\"async\" class=\"aligncenter size-full wp-image-24090\" src=\"http:\/\/www.lospoliticosveracruz.com.mx\/wp-content\/uploads\/2016\/07\/Porras-Namiko-Edda.jpg\" alt=\"Porras Namiko Edda\" width=\"600\" height=\"257\" \/><\/a><\/p>\n<p><strong>Brenda Caballero<\/strong><br \/>\n<em>N\u00fameros Rojos<\/em><\/p>\n<p>\u00bfDebo sentirme orgullosa porque consideren a Guadalupe Josephine Porras David dentro de la terna de magistrados para la sala especializada en materia Anticorrupci\u00f3n en Veracruz?<br \/>\nComo mujer, podr\u00eda decir que es importante para mi g\u00e9nero, ya que anteriormente en este mismo espacio hablaba de que seg\u00fan estudios revelados por diferentes organismos, la mujer es menos corrupta que el var\u00f3n y por ende. representa una esperanza a salir de esta corrupci\u00f3n de la que todos estamos hartos, pero \u00bfes el caso de Porras David?<br \/>\nUno de los puntos que se le critica es su historial pol\u00edtico. Ahora que si revisamos su curr\u00edculum, tendr\u00eda puntos a su favor, ya que fue primer lugar de su generaci\u00f3n en la Facultad de Derecho y hasta el Conacyt le otorg\u00f3 una beca para estudiar en la Sorbona en Francia; luego entonces, de acuerdo a sus cartas, podr\u00edamos considerarla apta para desempe\u00f1ar tal funci\u00f3n. Sin embargo, el asunto va m\u00e1s all\u00e1 del g\u00e9nero y del perfil acad\u00e9mico. Los veracruzanos necesitamos que esa terna tenga congruencia en su actuar, que cumpla moral y \u00e9ticamente con el objetivo de su creaci\u00f3n: abatir la corrupci\u00f3n.<br \/>\nY para ello, Guadalupe Porras al parecer NO tiene esa calidad, a pesar de haber sido galardonada por su trayectoria pol\u00edtica a nivel nacional, pues durante su \u00faltimo cargo p\u00fablico como alcaldesa de Minatitl\u00e1n, demostr\u00f3 conflicto de inter\u00e9s en la construcci\u00f3n de obra p\u00fablica con su yerno, Marco C\u00e9sar Theurel Cotero, adem\u00e1s de que se detectaron diversas inconsistencias e irregularidades en la aplicaci\u00f3n de los recursos p\u00fablicos. \u00bfC\u00f3mo es posible que ahora se pretenda premiar a Porras con el cargo de magistrada cuando estuvo indiciada y a punto de pisar la c\u00e1rcel?<br \/>\nII<br \/>\nAl igual que muchas mujeres, uso tacones diariamente. Si tengo que caminar largas distancias, mi opci\u00f3n son los zapatos de piso. Por eso entiendo a Namiko Matzumoto Ben\u00edtez, titular de la Comisi\u00f3n Estatal de Derechos Humanos en Veracruz, cuando para acompa\u00f1ar a los pensionados en su marcha, solicita cambiarse el calzado.<br \/>\nComprendo tambi\u00e9n el malestar y coraje de los pensionados al no recibir su pago puntual, y me pongo en sus zapatos, pues no es justo que ahora pase esta situaci\u00f3n cuando durante muchos a\u00f1os de su vida trabajaron para que al jubilarse, pudieran vivir dignamente con su pensi\u00f3n obtenida.<br \/>\nPero \u00bfes papel de la titular de Derechos Humanos presionar al gobierno estatal para que les paguen a los pensionados? Definitivamente NO; ella es responsable de promover y proteger los derechos humanos de esos pensionados. En todo caso, su obligaci\u00f3n radica en emitir una recomendaci\u00f3n por la violaci\u00f3n a sus derechos, solicitud que se realiz\u00f3 el pasado 22 de marzo a petici\u00f3n de los pensionados, por incumplimiento de pago y a la cual, la Comisi\u00f3n debe dar respuesta en el lapso de 6 meses.<br \/>\nLuego entonces \u00bfes justo que se le diga Lady Chanchas o se le tome casi-casi de reh\u00e9n pol\u00edtico? Es incre\u00edble que la cr\u00edtica verse en su persona, en su calzado, en su vestir (se le critic\u00f3 el abrigo en su toma de protesta) antes que en su trabajo, de manera subjetiva y sin investigar.<br \/>\nSi visitamos la p\u00e1gina de la Comisi\u00f3n Estatal de Derechos Humanos, en la opci\u00f3n de difusi\u00f3n, recomendaciones, observaremos que al 20 de junio de 2016, la dependencia lleva emitidas 13 recomendaciones en 5 meses, siendo la primera y la \u00faltima a la Secretar\u00eda de Seguridad P\u00fablica, as\u00ed como otras dos a la Secretar\u00eda de Salud y la Direcci\u00f3n General de los Servicios de Salud del Estado de Veracruz, una al Instituto de Espacios Educativos del Estado de Veracruz, as\u00ed como a los presidentes municipales de los municipios de Tlilapan, Tamiahua, Veracruz (2), Perote, Alvarado, Boca del R\u00edo y Cotaxtla.<br \/>\nCon ese r\u00e9cord, estoy segura la Comisi\u00f3n har\u00e1 la recomendaci\u00f3n respectiva antes de que venza el plazo en el mes de septiembre.<br \/>\nIII<br \/>\n\u00bfHas sido objeto de violencia sexual en alg\u00fan autob\u00fas del transporte p\u00fablico? Hay una buena noticia para ti y todas la mujeres que lo han sufrido, pues el Instituto Veracruzano de las Mujeres a cargo de Edda Arrez Rebolledo llevar\u00e1 a cabo capacitaciones en todo el estado con la finalidad de que los transportistas conozcan el programa y se conviertan en aliados para procurar espacios p\u00fablicos libres de violencia, que si bien el operario no va a detener directamente el acto violento, tendr\u00e1 los elementos suficientes para identificar y conocer las acciones que apoyen tu denuncia.<br \/>\nSer\u00e1 en el puerto de Veracruz donde inicie el pr\u00f3ximo fin de semana la capacitaci\u00f3n de 400 choferes.<br \/>\nIV<br \/>\nDesde este espacio hacemos un llamado a todas las mujeres diputadas, principalmente a Octavia Ortega Arteaga, Gabriela Arango Gibb, Gladys Merl\u00edn Castro, Marcela Aguilera Landeta, Mar\u00eda Bel\u00e9n Fern\u00e1ndez del Puerto, Mariela Tovar Lorenzo, M\u00f3nica Robles Barajas y Jacqueline Garc\u00eda Hern\u00e1ndez, para que no sean comparsa de nadie y este jueves, no participen nuevamente en reventar la sesi\u00f3n legislativa. Necesitamos su voto, ej\u00e9rzanlo con responsabilidad y principalmente en beneficio de todos los veracruzanos.<\/p>\n<p>Email: caballero_brenda@hotmail.com<\/p>\n","protected":false},"excerpt":{"rendered":"<p>Brenda Caballero N\u00fameros Rojos \u00bfDebo sentirme orgullosa porque consideren a Guadalupe Josephine Porras David dentro de la terna de magistrados para la sala especializada en materia Anticorrupci\u00f3n en Veracruz? Como mujer, podr\u00eda decir que es importante para mi g\u00e9nero, ya que anteriormente en este mismo espacio hablaba de que seg\u00fan estudios revelados por diferentes organismos, [&hellip;]<\/p>\n","protected":false},"author":2,"featured_media":0,"comment_status":"open","ping_status":"open","sticky":false,"template":"","format":"standard","meta":{"tdm_status":"","tdm_grid_status":"","footnotes":""},"categories":[70],"tags":[4250,1870,4660,5678,5680,5090,5679,5629,1875,4389,1443,3530],"class_list":{"0":"post-24088","1":"post","2":"type-post","3":"status-publish","4":"format-standard","6":"category-de-opinion","7":"tag-edda-arrez-rebolledo","8":"tag-gabriela-arango-gibb","9":"tag-gladys-merlin-castro","10":"tag-guadalupe-josephine-porras-david","11":"tag-jacqueline-garcia-hernandez","12":"tag-marcela-aguilera-landeta","13":"tag-maria-belen-fernandez-del-puerto","14":"tag-mariela-tovar-lorenzo","15":"tag-monica-robles-barajas","16":"tag-namiko-matzumoto-benitez","17":"tag-octavia-ortega-arteaga","18":"tag-pensionados"},"yoast_head":"<!-- This site is optimized with the Yoast SEO plugin v27.4 - https:\/\/yoast.com\/product\/yoast-seo-wordpress\/ -->\n<title>Porras, Namiko, Edda y diputadas - Los pol\u00edticos Veracruz<\/title>\n<meta name=\"robots\" content=\"index, follow, max-snippet:-1, max-image-preview:large, max-video-preview:-1\" \/>\n<link rel=\"canonical\" href=\"https:\/\/lospoliticosveracruz.com\/?p=24088\" \/>\n<meta property=\"og:locale\" content=\"es_ES\" \/>\n<meta property=\"og:type\" content=\"article\" \/>\n<meta property=\"og:title\" content=\"Porras, Namiko, Edda y diputadas - Los pol\u00edticos Veracruz\" \/>\n<meta property=\"og:description\" content=\"Brenda Caballero N\u00fameros Rojos \u00bfDebo sentirme orgullosa porque consideren a Guadalupe Josephine Porras David dentro de la terna de magistrados para la sala especializada en materia Anticorrupci\u00f3n en Veracruz? Como mujer, podr\u00eda decir que es importante para mi g\u00e9nero, ya que anteriormente en este mismo espacio hablaba de que seg\u00fan estudios revelados por diferentes organismos, [&hellip;]\" \/>\n<meta property=\"og:url\" content=\"https:\/\/lospoliticosveracruz.com\/?p=24088\" \/>\n<meta property=\"og:site_name\" content=\"Los pol\u00edticos Veracruz\" \/>\n<meta property=\"article:publisher\" content=\"https:\/\/www.facebook.com\/people\/Notimemes-de-los-Polticos\/61565672886568\/\" \/>\n<meta property=\"article:published_time\" content=\"2016-07-11T04:18:45+00:00\" \/>\n<meta property=\"og:image\" content=\"http:\/\/www.lospoliticosveracruz.com.mx\/wp-content\/uploads\/2016\/07\/Porras-Namiko-Edda.jpg\" \/>\n<meta name=\"author\" content=\"Lo viste en Los Pol\u00edticos\" \/>\n<meta name=\"twitter:card\" content=\"summary_large_image\" \/>\n<meta name=\"twitter:creator\" content=\"@LosPoliticosVer\" \/>\n<meta name=\"twitter:site\" content=\"@LosPoliticosVer\" \/>\n<meta name=\"twitter:label1\" content=\"Escrito por\" \/>\n\t<meta name=\"twitter:data1\" content=\"Lo viste en Los Pol\u00edticos\" \/>\n\t<meta name=\"twitter:label2\" content=\"Tiempo de lectura\" \/>\n\t<meta name=\"twitter:data2\" content=\"5 minutos\" \/>\n<script type=\"application\/ld+json\" class=\"yoast-schema-graph\">{\"@context\":\"https:\\\/\\\/schema.org\",\"@graph\":[{\"@type\":\"Article\",\"@id\":\"https:\\\/\\\/lospoliticosveracruz.com\\\/?p=24088#article\",\"isPartOf\":{\"@id\":\"https:\\\/\\\/lospoliticosveracruz.com\\\/?p=24088\"},\"author\":{\"name\":\"Lo viste en Los Pol\u00edticos\",\"@id\":\"https:\\\/\\\/lospoliticosveracruz.com\\\/#\\\/schema\\\/person\\\/b8702bb0e538456e6efd07080bf2a4a2\"},\"headline\":\"Porras, Namiko, Edda y diputadas\",\"datePublished\":\"2016-07-11T04:18:45+00:00\",\"mainEntityOfPage\":{\"@id\":\"https:\\\/\\\/lospoliticosveracruz.com\\\/?p=24088\"},\"wordCount\":907,\"commentCount\":0,\"publisher\":{\"@id\":\"https:\\\/\\\/lospoliticosveracruz.com\\\/#organization\"},\"image\":{\"@id\":\"https:\\\/\\\/lospoliticosveracruz.com\\\/?p=24088#primaryimage\"},\"thumbnailUrl\":\"http:\\\/\\\/www.lospoliticosveracruz.com.mx\\\/wp-content\\\/uploads\\\/2016\\\/07\\\/Porras-Namiko-Edda.jpg\",\"keywords\":[\"Edda Arrez Rebolledo\",\"Gabriela Arango Gibb\",\"Gladys Merl\u00edn Castro\",\"Guadalupe Josephine Porras David\",\"Jacqueline Garc\u00eda Hern\u00e1ndez\",\"Marcela Aguilera Landeta\",\"Mar\u00eda Bel\u00e9n Fern\u00e1ndez del Puerto\",\"Mariela Tovar Lorenzo\",\"M\u00f3nica Robles Barajas\",\"Namiko Matzumoto Ben\u00edtez\",\"Octavia Ortega Arteaga\",\"Pensionados\"],\"articleSection\":[\"De Opini\u00f3n\"],\"inLanguage\":\"es\",\"potentialAction\":[{\"@type\":\"CommentAction\",\"name\":\"Comment\",\"target\":[\"https:\\\/\\\/lospoliticosveracruz.com\\\/?p=24088#respond\"]}]},{\"@type\":\"WebPage\",\"@id\":\"https:\\\/\\\/lospoliticosveracruz.com\\\/?p=24088\",\"url\":\"https:\\\/\\\/lospoliticosveracruz.com\\\/?p=24088\",\"name\":\"Porras, Namiko, Edda y diputadas - Los pol\u00edticos Veracruz\",\"isPartOf\":{\"@id\":\"https:\\\/\\\/lospoliticosveracruz.com\\\/#website\"},\"primaryImageOfPage\":{\"@id\":\"https:\\\/\\\/lospoliticosveracruz.com\\\/?p=24088#primaryimage\"},\"image\":{\"@id\":\"https:\\\/\\\/lospoliticosveracruz.com\\\/?p=24088#primaryimage\"},\"thumbnailUrl\":\"http:\\\/\\\/www.lospoliticosveracruz.com.mx\\\/wp-content\\\/uploads\\\/2016\\\/07\\\/Porras-Namiko-Edda.jpg\",\"datePublished\":\"2016-07-11T04:18:45+00:00\",\"breadcrumb\":{\"@id\":\"https:\\\/\\\/lospoliticosveracruz.com\\\/?p=24088#breadcrumb\"},\"inLanguage\":\"es\",\"potentialAction\":[{\"@type\":\"ReadAction\",\"target\":[\"https:\\\/\\\/lospoliticosveracruz.com\\\/?p=24088\"]}]},{\"@type\":\"ImageObject\",\"inLanguage\":\"es\",\"@id\":\"https:\\\/\\\/lospoliticosveracruz.com\\\/?p=24088#primaryimage\",\"url\":\"http:\\\/\\\/www.lospoliticosveracruz.com.mx\\\/wp-content\\\/uploads\\\/2016\\\/07\\\/Porras-Namiko-Edda.jpg\",\"contentUrl\":\"http:\\\/\\\/www.lospoliticosveracruz.com.mx\\\/wp-content\\\/uploads\\\/2016\\\/07\\\/Porras-Namiko-Edda.jpg\"},{\"@type\":\"BreadcrumbList\",\"@id\":\"https:\\\/\\\/lospoliticosveracruz.com\\\/?p=24088#breadcrumb\",\"itemListElement\":[{\"@type\":\"ListItem\",\"position\":1,\"name\":\"Portada\",\"item\":\"https:\\\/\\\/lospoliticosveracruz.com\\\/\"},{\"@type\":\"ListItem\",\"position\":2,\"name\":\"Porras, Namiko, Edda y diputadas\"}]},{\"@type\":\"WebSite\",\"@id\":\"https:\\\/\\\/lospoliticosveracruz.com\\\/#website\",\"url\":\"https:\\\/\\\/lospoliticosveracruz.com\\\/\",\"name\":\"Los pol\u00edticos Veracruz\",\"description\":\"\",\"publisher\":{\"@id\":\"https:\\\/\\\/lospoliticosveracruz.com\\\/#organization\"},\"potentialAction\":[{\"@type\":\"SearchAction\",\"target\":{\"@type\":\"EntryPoint\",\"urlTemplate\":\"https:\\\/\\\/lospoliticosveracruz.com\\\/?s={search_term_string}\"},\"query-input\":{\"@type\":\"PropertyValueSpecification\",\"valueRequired\":true,\"valueName\":\"search_term_string\"}}],\"inLanguage\":\"es\"},{\"@type\":\"Organization\",\"@id\":\"https:\\\/\\\/lospoliticosveracruz.com\\\/#organization\",\"name\":\"Los pol\u00edticos Veracruz\",\"url\":\"https:\\\/\\\/lospoliticosveracruz.com\\\/\",\"logo\":{\"@type\":\"ImageObject\",\"inLanguage\":\"es\",\"@id\":\"https:\\\/\\\/lospoliticosveracruz.com\\\/#\\\/schema\\\/logo\\\/image\\\/\",\"url\":\"https:\\\/\\\/lospoliticosveracruz.com\\\/wp-content\\\/uploads\\\/2025\\\/12\\\/Logo-Nuevo-LOS-POLITICOS-1.jpg\",\"contentUrl\":\"https:\\\/\\\/lospoliticosveracruz.com\\\/wp-content\\\/uploads\\\/2025\\\/12\\\/Logo-Nuevo-LOS-POLITICOS-1.jpg\",\"width\":260,\"height\":70,\"caption\":\"Los pol\u00edticos Veracruz\"},\"image\":{\"@id\":\"https:\\\/\\\/lospoliticosveracruz.com\\\/#\\\/schema\\\/logo\\\/image\\\/\"},\"sameAs\":[\"https:\\\/\\\/www.facebook.com\\\/people\\\/Notimemes-de-los-Polticos\\\/61565672886568\\\/\",\"https:\\\/\\\/x.com\\\/LosPoliticosVer\"]},{\"@type\":\"Person\",\"@id\":\"https:\\\/\\\/lospoliticosveracruz.com\\\/#\\\/schema\\\/person\\\/b8702bb0e538456e6efd07080bf2a4a2\",\"name\":\"Lo viste en Los Pol\u00edticos\",\"image\":{\"@type\":\"ImageObject\",\"inLanguage\":\"es\",\"@id\":\"https:\\\/\\\/secure.gravatar.com\\\/avatar\\\/3a8de04a2656d44082be478bd6c086daa447c4651605818287b9532d3d0bd435?s=96&d=mm&r=g\",\"url\":\"https:\\\/\\\/secure.gravatar.com\\\/avatar\\\/3a8de04a2656d44082be478bd6c086daa447c4651605818287b9532d3d0bd435?s=96&d=mm&r=g\",\"contentUrl\":\"https:\\\/\\\/secure.gravatar.com\\\/avatar\\\/3a8de04a2656d44082be478bd6c086daa447c4651605818287b9532d3d0bd435?s=96&d=mm&r=g\",\"caption\":\"Lo viste en Los Pol\u00edticos\"},\"url\":\"https:\\\/\\\/lospoliticosveracruz.com\\\/?author=2\"}]}<\/script>\n<!-- \/ Yoast SEO plugin. -->","yoast_head_json":{"title":"Porras, Namiko, Edda y diputadas - Los pol\u00edticos Veracruz","robots":{"index":"index","follow":"follow","max-snippet":"max-snippet:-1","max-image-preview":"max-image-preview:large","max-video-preview":"max-video-preview:-1"},"canonical":"https:\/\/lospoliticosveracruz.com\/?p=24088","og_locale":"es_ES","og_type":"article","og_title":"Porras, Namiko, Edda y diputadas - Los pol\u00edticos Veracruz","og_description":"Brenda Caballero N\u00fameros Rojos \u00bfDebo sentirme orgullosa porque consideren a Guadalupe Josephine Porras David dentro de la terna de magistrados para la sala especializada en materia Anticorrupci\u00f3n en Veracruz? Como mujer, podr\u00eda decir que es importante para mi g\u00e9nero, ya que anteriormente en este mismo espacio hablaba de que seg\u00fan estudios revelados por diferentes organismos, [&hellip;]","og_url":"https:\/\/lospoliticosveracruz.com\/?p=24088","og_site_name":"Los pol\u00edticos Veracruz","article_publisher":"https:\/\/www.facebook.com\/people\/Notimemes-de-los-Polticos\/61565672886568\/","article_published_time":"2016-07-11T04:18:45+00:00","og_image":[{"url":"http:\/\/www.lospoliticosveracruz.com.mx\/wp-content\/uploads\/2016\/07\/Porras-Namiko-Edda.jpg","type":"","width":"","height":""}],"author":"Lo viste en Los Pol\u00edticos","twitter_card":"summary_large_image","twitter_creator":"@LosPoliticosVer","twitter_site":"@LosPoliticosVer","twitter_misc":{"Escrito por":"Lo viste en Los Pol\u00edticos","Tiempo de lectura":"5 minutos"},"schema":{"@context":"https:\/\/schema.org","@graph":[{"@type":"Article","@id":"https:\/\/lospoliticosveracruz.com\/?p=24088#article","isPartOf":{"@id":"https:\/\/lospoliticosveracruz.com\/?p=24088"},"author":{"name":"Lo viste en Los Pol\u00edticos","@id":"https:\/\/lospoliticosveracruz.com\/#\/schema\/person\/b8702bb0e538456e6efd07080bf2a4a2"},"headline":"Porras, Namiko, Edda y diputadas","datePublished":"2016-07-11T04:18:45+00:00","mainEntityOfPage":{"@id":"https:\/\/lospoliticosveracruz.com\/?p=24088"},"wordCount":907,"commentCount":0,"publisher":{"@id":"https:\/\/lospoliticosveracruz.com\/#organization"},"image":{"@id":"https:\/\/lospoliticosveracruz.com\/?p=24088#primaryimage"},"thumbnailUrl":"http:\/\/www.lospoliticosveracruz.com.mx\/wp-content\/uploads\/2016\/07\/Porras-Namiko-Edda.jpg","keywords":["Edda Arrez Rebolledo","Gabriela Arango Gibb","Gladys Merl\u00edn Castro","Guadalupe Josephine Porras David","Jacqueline Garc\u00eda Hern\u00e1ndez","Marcela Aguilera Landeta","Mar\u00eda Bel\u00e9n Fern\u00e1ndez del Puerto","Mariela Tovar Lorenzo","M\u00f3nica Robles Barajas","Namiko Matzumoto Ben\u00edtez","Octavia Ortega Arteaga","Pensionados"],"articleSection":["De Opini\u00f3n"],"inLanguage":"es","potentialAction":[{"@type":"CommentAction","name":"Comment","target":["https:\/\/lospoliticosveracruz.com\/?p=24088#respond"]}]},{"@type":"WebPage","@id":"https:\/\/lospoliticosveracruz.com\/?p=24088","url":"https:\/\/lospoliticosveracruz.com\/?p=24088","name":"Porras, Namiko, Edda y diputadas - Los pol\u00edticos Veracruz","isPartOf":{"@id":"https:\/\/lospoliticosveracruz.com\/#website"},"primaryImageOfPage":{"@id":"https:\/\/lospoliticosveracruz.com\/?p=24088#primaryimage"},"image":{"@id":"https:\/\/lospoliticosveracruz.com\/?p=24088#primaryimage"},"thumbnailUrl":"http:\/\/www.lospoliticosveracruz.com.mx\/wp-content\/uploads\/2016\/07\/Porras-Namiko-Edda.jpg","datePublished":"2016-07-11T04:18:45+00:00","breadcrumb":{"@id":"https:\/\/lospoliticosveracruz.com\/?p=24088#breadcrumb"},"inLanguage":"es","potentialAction":[{"@type":"ReadAction","target":["https:\/\/lospoliticosveracruz.com\/?p=24088"]}]},{"@type":"ImageObject","inLanguage":"es","@id":"https:\/\/lospoliticosveracruz.com\/?p=24088#primaryimage","url":"http:\/\/www.lospoliticosveracruz.com.mx\/wp-content\/uploads\/2016\/07\/Porras-Namiko-Edda.jpg","contentUrl":"http:\/\/www.lospoliticosveracruz.com.mx\/wp-content\/uploads\/2016\/07\/Porras-Namiko-Edda.jpg"},{"@type":"BreadcrumbList","@id":"https:\/\/lospoliticosveracruz.com\/?p=24088#breadcrumb","itemListElement":[{"@type":"ListItem","position":1,"name":"Portada","item":"https:\/\/lospoliticosveracruz.com\/"},{"@type":"ListItem","position":2,"name":"Porras, Namiko, Edda y diputadas"}]},{"@type":"WebSite","@id":"https:\/\/lospoliticosveracruz.com\/#website","url":"https:\/\/lospoliticosveracruz.com\/","name":"Los pol\u00edticos Veracruz","description":"","publisher":{"@id":"https:\/\/lospoliticosveracruz.com\/#organization"},"potentialAction":[{"@type":"SearchAction","target":{"@type":"EntryPoint","urlTemplate":"https:\/\/lospoliticosveracruz.com\/?s={search_term_string}"},"query-input":{"@type":"PropertyValueSpecification","valueRequired":true,"valueName":"search_term_string"}}],"inLanguage":"es"},{"@type":"Organization","@id":"https:\/\/lospoliticosveracruz.com\/#organization","name":"Los pol\u00edticos Veracruz","url":"https:\/\/lospoliticosveracruz.com\/","logo":{"@type":"ImageObject","inLanguage":"es","@id":"https:\/\/lospoliticosveracruz.com\/#\/schema\/logo\/image\/","url":"https:\/\/lospoliticosveracruz.com\/wp-content\/uploads\/2025\/12\/Logo-Nuevo-LOS-POLITICOS-1.jpg","contentUrl":"https:\/\/lospoliticosveracruz.com\/wp-content\/uploads\/2025\/12\/Logo-Nuevo-LOS-POLITICOS-1.jpg","width":260,"height":70,"caption":"Los pol\u00edticos Veracruz"},"image":{"@id":"https:\/\/lospoliticosveracruz.com\/#\/schema\/logo\/image\/"},"sameAs":["https:\/\/www.facebook.com\/people\/Notimemes-de-los-Polticos\/61565672886568\/","https:\/\/x.com\/LosPoliticosVer"]},{"@type":"Person","@id":"https:\/\/lospoliticosveracruz.com\/#\/schema\/person\/b8702bb0e538456e6efd07080bf2a4a2","name":"Lo viste en Los Pol\u00edticos","image":{"@type":"ImageObject","inLanguage":"es","@id":"https:\/\/secure.gravatar.com\/avatar\/3a8de04a2656d44082be478bd6c086daa447c4651605818287b9532d3d0bd435?s=96&d=mm&r=g","url":"https:\/\/secure.gravatar.com\/avatar\/3a8de04a2656d44082be478bd6c086daa447c4651605818287b9532d3d0bd435?s=96&d=mm&r=g","contentUrl":"https:\/\/secure.gravatar.com\/avatar\/3a8de04a2656d44082be478bd6c086daa447c4651605818287b9532d3d0bd435?s=96&d=mm&r=g","caption":"Lo viste en Los Pol\u00edticos"},"url":"https:\/\/lospoliticosveracruz.com\/?author=2"}]}},"_links":{"self":[{"href":"https:\/\/lospoliticosveracruz.com\/index.php?rest_route=\/wp\/v2\/posts\/24088","targetHints":{"allow":["GET"]}}],"collection":[{"href":"https:\/\/lospoliticosveracruz.com\/index.php?rest_route=\/wp\/v2\/posts"}],"about":[{"href":"https:\/\/lospoliticosveracruz.com\/index.php?rest_route=\/wp\/v2\/types\/post"}],"author":[{"embeddable":true,"href":"https:\/\/lospoliticosveracruz.com\/index.php?rest_route=\/wp\/v2\/users\/2"}],"replies":[{"embeddable":true,"href":"https:\/\/lospoliticosveracruz.com\/index.php?rest_route=%2Fwp%2Fv2%2Fcomments&post=24088"}],"version-history":[{"count":2,"href":"https:\/\/lospoliticosveracruz.com\/index.php?rest_route=\/wp\/v2\/posts\/24088\/revisions"}],"predecessor-version":[{"id":24091,"href":"https:\/\/lospoliticosveracruz.com\/index.php?rest_route=\/wp\/v2\/posts\/24088\/revisions\/24091"}],"wp:attachment":[{"href":"https:\/\/lospoliticosveracruz.com\/index.php?rest_route=%2Fwp%2Fv2%2Fmedia&parent=24088"}],"wp:term":[{"taxonomy":"category","embeddable":true,"href":"https:\/\/lospoliticosveracruz.com\/index.php?rest_route=%2Fwp%2Fv2%2Fcategories&post=24088"},{"taxonomy":"post_tag","embeddable":true,"href":"https:\/\/lospoliticosveracruz.com\/index.php?rest_route=%2Fwp%2Fv2%2Ftags&post=24088"}],"curies":[{"name":"wp","href":"https:\/\/api.w.org\/{rel}","templated":true}]}}