{"id":24222,"date":"2016-07-19T20:40:12","date_gmt":"2016-07-20T01:40:12","guid":{"rendered":"http:\/\/www.lospoliticosveracruz.com.mx\/?p=24222"},"modified":"2016-07-19T20:40:12","modified_gmt":"2016-07-20T01:40:12","slug":"agandallan-mas-espacios-para-peatones","status":"publish","type":"post","link":"https:\/\/lospoliticosveracruz.com\/?p=24222","title":{"rendered":"\u00a1Agandallan m\u00e1s espacios para peatones!"},"content":{"rendered":"<p><a href=\"http:\/\/www.lospoliticosveracruz.com.mx\/wp-content\/uploads\/2016\/07\/peatones-Xalapa.jpg\"><img loading=\"lazy\" decoding=\"async\" class=\"aligncenter size-full wp-image-24223\" src=\"http:\/\/www.lospoliticosveracruz.com.mx\/wp-content\/uploads\/2016\/07\/peatones-Xalapa.jpg\" alt=\"peatones Xalapa\" width=\"600\" height=\"355\" \/><\/a><\/p>\n<p>El Ayuntamiento de Xalapa contin\u00faa recuperando espacios para el peat\u00f3n en diversos puntos de la ciudad. Este martes, implement\u00f3 las acciones de urbanismo t\u00e1ctico en la calle Cayetano Rodr\u00edguez Beltr\u00e1n, a la altura del complejo deportivo Omega.<\/p>\n<p>El regidor Rogelio Jes\u00fas \u00c1lvarez Arroyo destac\u00f3 la colaboraci\u00f3n del Banco Interamericano de Desarrollo (BID) en la revisi\u00f3n del programa Camina Xalapa, inspirado en la intervenci\u00f3n de consultor\u00eda que realiz\u00f3 el despacho de arquitectos dan\u00e9s Ghel Architects.<\/p>\n<p>La estrategia \u2013explic\u00f3- consiste en incentivar acciones que beneficien al peat\u00f3n con el rescate de los espacios urbanos donde se mueve. La evaluaci\u00f3n que realicen los auditores del BID en Xalapa redundar\u00e1 en el enriquecimiento de este programa, a partir de la visi\u00f3n y la opini\u00f3n de los expertos de este organismo.<\/p>\n<p>La coordinadora del Consejo Municipal de Movilidad de Xalapa, Isis Chang Ram\u00edrez, se\u00f1al\u00f3 la necesidad de \u201cdemocratizar los espacios\u201d, a trav\u00e9s del urbanismo t\u00e1ctico y con elementos provisionales, antes de implementar cambios permanentes en la infraestructura.<\/p>\n<p>La evaluaci\u00f3n contempla la opini\u00f3n y necesidades expuestas por los ciudadanos, con quienes se busca una comunicaci\u00f3n permanente, as\u00ed como un an\u00e1lisis integral, cuantitativo y cualitativo, de la intervenci\u00f3n. A partir de los resultados de la evaluaci\u00f3n, se toman decisiones.<\/p>\n<p>Por su parte, el coordinador de Movilidad de la Direcci\u00f3n de Desarrollo Urbano, Alfonso L\u00f3pez Pineda, dijo que esta acci\u00f3n forma parte de una estrategia para humanizar la ciudad, privilegiando al peat\u00f3n, que contempla un total de doce espacios a intervenir durante el presente a\u00f1o.<\/p>\n<p>Ya se han recuperado espacios peatonales en el mercado La Rotonda, en el entronque Clavijero y 20 de Noviembre y el de la zona universitaria, a la altura de Rector\u00eda; siguen Cayetano Rodr\u00edguez y otros ubicados en el fraccionamiento Jardines de Xalapa, en la avenida L\u00e1zaro C\u00e1rdenas, en Hidalgo y en Los Sauces.<\/p>\n<p>Tambi\u00e9n participaron en estos trabajos los directores de Desarrollo Urbano y Medio Ambiente, Ram\u00f3n Hern\u00e1ndez Salas, y de Obras P\u00fablicas, Fernando Francisco Velasco Montiel, y el subdirector de Conservaci\u00f3n de Espacios P\u00fablicos, Horacio Efr\u00e9n Casta\u00f1eda Reyes.<\/p>\n","protected":false},"excerpt":{"rendered":"<p>El Ayuntamiento de Xalapa contin\u00faa recuperando espacios para el peat\u00f3n en diversos puntos de la ciudad. Este martes, implement\u00f3 las acciones de urbanismo t\u00e1ctico en la calle Cayetano Rodr\u00edguez Beltr\u00e1n, a la altura del complejo deportivo Omega. El regidor Rogelio Jes\u00fas \u00c1lvarez Arroyo destac\u00f3 la colaboraci\u00f3n del Banco Interamericano de Desarrollo (BID) en la revisi\u00f3n [&hellip;]<\/p>\n","protected":false},"author":2,"featured_media":0,"comment_status":"open","ping_status":"open","sticky":false,"template":"","format":"standard","meta":{"tdm_status":"","tdm_grid_status":"","footnotes":""},"categories":[73],"tags":[4981,5752,3730,96],"class_list":{"0":"post-24222","1":"post","2":"type-post","3":"status-publish","4":"format-standard","6":"category-de-boleto","7":"tag-camina-xalapa","8":"tag-ghel-architects","9":"tag-rogelio-jesus-alvarez-arroyo","10":"tag-xalapa"},"yoast_head":"<!-- This site is optimized with the Yoast SEO plugin v27.4 - https:\/\/yoast.com\/product\/yoast-seo-wordpress\/ -->\n<title>\u00a1Agandallan m\u00e1s espacios para peatones! - Los pol\u00edticos Veracruz<\/title>\n<meta name=\"robots\" content=\"index, follow, max-snippet:-1, max-image-preview:large, max-video-preview:-1\" \/>\n<link rel=\"canonical\" href=\"https:\/\/lospoliticosveracruz.com\/?p=24222\" \/>\n<meta property=\"og:locale\" content=\"es_ES\" \/>\n<meta property=\"og:type\" content=\"article\" \/>\n<meta property=\"og:title\" content=\"\u00a1Agandallan m\u00e1s espacios para peatones! - Los pol\u00edticos Veracruz\" \/>\n<meta property=\"og:description\" content=\"El Ayuntamiento de Xalapa contin\u00faa recuperando espacios para el peat\u00f3n en diversos puntos de la ciudad. Este martes, implement\u00f3 las acciones de urbanismo t\u00e1ctico en la calle Cayetano Rodr\u00edguez Beltr\u00e1n, a la altura del complejo deportivo Omega. El regidor Rogelio Jes\u00fas \u00c1lvarez Arroyo destac\u00f3 la colaboraci\u00f3n del Banco Interamericano de Desarrollo (BID) en la revisi\u00f3n [&hellip;]\" \/>\n<meta property=\"og:url\" content=\"https:\/\/lospoliticosveracruz.com\/?p=24222\" \/>\n<meta property=\"og:site_name\" content=\"Los pol\u00edticos Veracruz\" \/>\n<meta property=\"article:publisher\" content=\"https:\/\/www.facebook.com\/people\/Notimemes-de-los-Polticos\/61565672886568\/\" \/>\n<meta property=\"article:published_time\" content=\"2016-07-20T01:40:12+00:00\" \/>\n<meta property=\"og:image\" content=\"http:\/\/www.lospoliticosveracruz.com.mx\/wp-content\/uploads\/2016\/07\/peatones-Xalapa.jpg\" \/>\n<meta name=\"author\" content=\"Lo viste en Los Pol\u00edticos\" \/>\n<meta name=\"twitter:card\" content=\"summary_large_image\" \/>\n<meta name=\"twitter:creator\" content=\"@LosPoliticosVer\" \/>\n<meta name=\"twitter:site\" content=\"@LosPoliticosVer\" \/>\n<meta name=\"twitter:label1\" content=\"Escrito por\" \/>\n\t<meta name=\"twitter:data1\" content=\"Lo viste en Los Pol\u00edticos\" \/>\n\t<meta name=\"twitter:label2\" content=\"Tiempo de lectura\" \/>\n\t<meta name=\"twitter:data2\" content=\"2 minutos\" \/>\n<script type=\"application\/ld+json\" class=\"yoast-schema-graph\">{\"@context\":\"https:\\\/\\\/schema.org\",\"@graph\":[{\"@type\":\"Article\",\"@id\":\"https:\\\/\\\/lospoliticosveracruz.com\\\/?p=24222#article\",\"isPartOf\":{\"@id\":\"https:\\\/\\\/lospoliticosveracruz.com\\\/?p=24222\"},\"author\":{\"name\":\"Lo viste en Los Pol\u00edticos\",\"@id\":\"https:\\\/\\\/lospoliticosveracruz.com\\\/#\\\/schema\\\/person\\\/b8702bb0e538456e6efd07080bf2a4a2\"},\"headline\":\"\u00a1Agandallan m\u00e1s espacios para peatones!\",\"datePublished\":\"2016-07-20T01:40:12+00:00\",\"mainEntityOfPage\":{\"@id\":\"https:\\\/\\\/lospoliticosveracruz.com\\\/?p=24222\"},\"wordCount\":384,\"commentCount\":0,\"publisher\":{\"@id\":\"https:\\\/\\\/lospoliticosveracruz.com\\\/#organization\"},\"image\":{\"@id\":\"https:\\\/\\\/lospoliticosveracruz.com\\\/?p=24222#primaryimage\"},\"thumbnailUrl\":\"http:\\\/\\\/www.lospoliticosveracruz.com.mx\\\/wp-content\\\/uploads\\\/2016\\\/07\\\/peatones-Xalapa.jpg\",\"keywords\":[\"Camina Xalapa\",\"Ghel Architects\",\"Rogelio Jes\u00fas \u00c1lvarez Arroyo\",\"Xalapa\"],\"articleSection\":[\"De Boleto\"],\"inLanguage\":\"es\",\"potentialAction\":[{\"@type\":\"CommentAction\",\"name\":\"Comment\",\"target\":[\"https:\\\/\\\/lospoliticosveracruz.com\\\/?p=24222#respond\"]}]},{\"@type\":\"WebPage\",\"@id\":\"https:\\\/\\\/lospoliticosveracruz.com\\\/?p=24222\",\"url\":\"https:\\\/\\\/lospoliticosveracruz.com\\\/?p=24222\",\"name\":\"\u00a1Agandallan m\u00e1s espacios para peatones! - Los pol\u00edticos Veracruz\",\"isPartOf\":{\"@id\":\"https:\\\/\\\/lospoliticosveracruz.com\\\/#website\"},\"primaryImageOfPage\":{\"@id\":\"https:\\\/\\\/lospoliticosveracruz.com\\\/?p=24222#primaryimage\"},\"image\":{\"@id\":\"https:\\\/\\\/lospoliticosveracruz.com\\\/?p=24222#primaryimage\"},\"thumbnailUrl\":\"http:\\\/\\\/www.lospoliticosveracruz.com.mx\\\/wp-content\\\/uploads\\\/2016\\\/07\\\/peatones-Xalapa.jpg\",\"datePublished\":\"2016-07-20T01:40:12+00:00\",\"breadcrumb\":{\"@id\":\"https:\\\/\\\/lospoliticosveracruz.com\\\/?p=24222#breadcrumb\"},\"inLanguage\":\"es\",\"potentialAction\":[{\"@type\":\"ReadAction\",\"target\":[\"https:\\\/\\\/lospoliticosveracruz.com\\\/?p=24222\"]}]},{\"@type\":\"ImageObject\",\"inLanguage\":\"es\",\"@id\":\"https:\\\/\\\/lospoliticosveracruz.com\\\/?p=24222#primaryimage\",\"url\":\"http:\\\/\\\/www.lospoliticosveracruz.com.mx\\\/wp-content\\\/uploads\\\/2016\\\/07\\\/peatones-Xalapa.jpg\",\"contentUrl\":\"http:\\\/\\\/www.lospoliticosveracruz.com.mx\\\/wp-content\\\/uploads\\\/2016\\\/07\\\/peatones-Xalapa.jpg\"},{\"@type\":\"BreadcrumbList\",\"@id\":\"https:\\\/\\\/lospoliticosveracruz.com\\\/?p=24222#breadcrumb\",\"itemListElement\":[{\"@type\":\"ListItem\",\"position\":1,\"name\":\"Portada\",\"item\":\"https:\\\/\\\/lospoliticosveracruz.com\\\/\"},{\"@type\":\"ListItem\",\"position\":2,\"name\":\"\u00a1Agandallan m\u00e1s espacios para peatones!\"}]},{\"@type\":\"WebSite\",\"@id\":\"https:\\\/\\\/lospoliticosveracruz.com\\\/#website\",\"url\":\"https:\\\/\\\/lospoliticosveracruz.com\\\/\",\"name\":\"Los pol\u00edticos Veracruz\",\"description\":\"\",\"publisher\":{\"@id\":\"https:\\\/\\\/lospoliticosveracruz.com\\\/#organization\"},\"potentialAction\":[{\"@type\":\"SearchAction\",\"target\":{\"@type\":\"EntryPoint\",\"urlTemplate\":\"https:\\\/\\\/lospoliticosveracruz.com\\\/?s={search_term_string}\"},\"query-input\":{\"@type\":\"PropertyValueSpecification\",\"valueRequired\":true,\"valueName\":\"search_term_string\"}}],\"inLanguage\":\"es\"},{\"@type\":\"Organization\",\"@id\":\"https:\\\/\\\/lospoliticosveracruz.com\\\/#organization\",\"name\":\"Los pol\u00edticos Veracruz\",\"url\":\"https:\\\/\\\/lospoliticosveracruz.com\\\/\",\"logo\":{\"@type\":\"ImageObject\",\"inLanguage\":\"es\",\"@id\":\"https:\\\/\\\/lospoliticosveracruz.com\\\/#\\\/schema\\\/logo\\\/image\\\/\",\"url\":\"https:\\\/\\\/lospoliticosveracruz.com\\\/wp-content\\\/uploads\\\/2025\\\/12\\\/Logo-Nuevo-LOS-POLITICOS-1.jpg\",\"contentUrl\":\"https:\\\/\\\/lospoliticosveracruz.com\\\/wp-content\\\/uploads\\\/2025\\\/12\\\/Logo-Nuevo-LOS-POLITICOS-1.jpg\",\"width\":260,\"height\":70,\"caption\":\"Los pol\u00edticos Veracruz\"},\"image\":{\"@id\":\"https:\\\/\\\/lospoliticosveracruz.com\\\/#\\\/schema\\\/logo\\\/image\\\/\"},\"sameAs\":[\"https:\\\/\\\/www.facebook.com\\\/people\\\/Notimemes-de-los-Polticos\\\/61565672886568\\\/\",\"https:\\\/\\\/x.com\\\/LosPoliticosVer\"]},{\"@type\":\"Person\",\"@id\":\"https:\\\/\\\/lospoliticosveracruz.com\\\/#\\\/schema\\\/person\\\/b8702bb0e538456e6efd07080bf2a4a2\",\"name\":\"Lo viste en Los Pol\u00edticos\",\"image\":{\"@type\":\"ImageObject\",\"inLanguage\":\"es\",\"@id\":\"https:\\\/\\\/secure.gravatar.com\\\/avatar\\\/3a8de04a2656d44082be478bd6c086daa447c4651605818287b9532d3d0bd435?s=96&d=mm&r=g\",\"url\":\"https:\\\/\\\/secure.gravatar.com\\\/avatar\\\/3a8de04a2656d44082be478bd6c086daa447c4651605818287b9532d3d0bd435?s=96&d=mm&r=g\",\"contentUrl\":\"https:\\\/\\\/secure.gravatar.com\\\/avatar\\\/3a8de04a2656d44082be478bd6c086daa447c4651605818287b9532d3d0bd435?s=96&d=mm&r=g\",\"caption\":\"Lo viste en Los Pol\u00edticos\"},\"url\":\"https:\\\/\\\/lospoliticosveracruz.com\\\/?author=2\"}]}<\/script>\n<!-- \/ Yoast SEO plugin. -->","yoast_head_json":{"title":"\u00a1Agandallan m\u00e1s espacios para peatones! - Los pol\u00edticos Veracruz","robots":{"index":"index","follow":"follow","max-snippet":"max-snippet:-1","max-image-preview":"max-image-preview:large","max-video-preview":"max-video-preview:-1"},"canonical":"https:\/\/lospoliticosveracruz.com\/?p=24222","og_locale":"es_ES","og_type":"article","og_title":"\u00a1Agandallan m\u00e1s espacios para peatones! - Los pol\u00edticos Veracruz","og_description":"El Ayuntamiento de Xalapa contin\u00faa recuperando espacios para el peat\u00f3n en diversos puntos de la ciudad. Este martes, implement\u00f3 las acciones de urbanismo t\u00e1ctico en la calle Cayetano Rodr\u00edguez Beltr\u00e1n, a la altura del complejo deportivo Omega. El regidor Rogelio Jes\u00fas \u00c1lvarez Arroyo destac\u00f3 la colaboraci\u00f3n del Banco Interamericano de Desarrollo (BID) en la revisi\u00f3n [&hellip;]","og_url":"https:\/\/lospoliticosveracruz.com\/?p=24222","og_site_name":"Los pol\u00edticos Veracruz","article_publisher":"https:\/\/www.facebook.com\/people\/Notimemes-de-los-Polticos\/61565672886568\/","article_published_time":"2016-07-20T01:40:12+00:00","og_image":[{"url":"http:\/\/www.lospoliticosveracruz.com.mx\/wp-content\/uploads\/2016\/07\/peatones-Xalapa.jpg","type":"","width":"","height":""}],"author":"Lo viste en Los Pol\u00edticos","twitter_card":"summary_large_image","twitter_creator":"@LosPoliticosVer","twitter_site":"@LosPoliticosVer","twitter_misc":{"Escrito por":"Lo viste en Los Pol\u00edticos","Tiempo de lectura":"2 minutos"},"schema":{"@context":"https:\/\/schema.org","@graph":[{"@type":"Article","@id":"https:\/\/lospoliticosveracruz.com\/?p=24222#article","isPartOf":{"@id":"https:\/\/lospoliticosveracruz.com\/?p=24222"},"author":{"name":"Lo viste en Los Pol\u00edticos","@id":"https:\/\/lospoliticosveracruz.com\/#\/schema\/person\/b8702bb0e538456e6efd07080bf2a4a2"},"headline":"\u00a1Agandallan m\u00e1s espacios para peatones!","datePublished":"2016-07-20T01:40:12+00:00","mainEntityOfPage":{"@id":"https:\/\/lospoliticosveracruz.com\/?p=24222"},"wordCount":384,"commentCount":0,"publisher":{"@id":"https:\/\/lospoliticosveracruz.com\/#organization"},"image":{"@id":"https:\/\/lospoliticosveracruz.com\/?p=24222#primaryimage"},"thumbnailUrl":"http:\/\/www.lospoliticosveracruz.com.mx\/wp-content\/uploads\/2016\/07\/peatones-Xalapa.jpg","keywords":["Camina Xalapa","Ghel Architects","Rogelio Jes\u00fas \u00c1lvarez Arroyo","Xalapa"],"articleSection":["De Boleto"],"inLanguage":"es","potentialAction":[{"@type":"CommentAction","name":"Comment","target":["https:\/\/lospoliticosveracruz.com\/?p=24222#respond"]}]},{"@type":"WebPage","@id":"https:\/\/lospoliticosveracruz.com\/?p=24222","url":"https:\/\/lospoliticosveracruz.com\/?p=24222","name":"\u00a1Agandallan m\u00e1s espacios para peatones! - Los pol\u00edticos Veracruz","isPartOf":{"@id":"https:\/\/lospoliticosveracruz.com\/#website"},"primaryImageOfPage":{"@id":"https:\/\/lospoliticosveracruz.com\/?p=24222#primaryimage"},"image":{"@id":"https:\/\/lospoliticosveracruz.com\/?p=24222#primaryimage"},"thumbnailUrl":"http:\/\/www.lospoliticosveracruz.com.mx\/wp-content\/uploads\/2016\/07\/peatones-Xalapa.jpg","datePublished":"2016-07-20T01:40:12+00:00","breadcrumb":{"@id":"https:\/\/lospoliticosveracruz.com\/?p=24222#breadcrumb"},"inLanguage":"es","potentialAction":[{"@type":"ReadAction","target":["https:\/\/lospoliticosveracruz.com\/?p=24222"]}]},{"@type":"ImageObject","inLanguage":"es","@id":"https:\/\/lospoliticosveracruz.com\/?p=24222#primaryimage","url":"http:\/\/www.lospoliticosveracruz.com.mx\/wp-content\/uploads\/2016\/07\/peatones-Xalapa.jpg","contentUrl":"http:\/\/www.lospoliticosveracruz.com.mx\/wp-content\/uploads\/2016\/07\/peatones-Xalapa.jpg"},{"@type":"BreadcrumbList","@id":"https:\/\/lospoliticosveracruz.com\/?p=24222#breadcrumb","itemListElement":[{"@type":"ListItem","position":1,"name":"Portada","item":"https:\/\/lospoliticosveracruz.com\/"},{"@type":"ListItem","position":2,"name":"\u00a1Agandallan m\u00e1s espacios para peatones!"}]},{"@type":"WebSite","@id":"https:\/\/lospoliticosveracruz.com\/#website","url":"https:\/\/lospoliticosveracruz.com\/","name":"Los pol\u00edticos Veracruz","description":"","publisher":{"@id":"https:\/\/lospoliticosveracruz.com\/#organization"},"potentialAction":[{"@type":"SearchAction","target":{"@type":"EntryPoint","urlTemplate":"https:\/\/lospoliticosveracruz.com\/?s={search_term_string}"},"query-input":{"@type":"PropertyValueSpecification","valueRequired":true,"valueName":"search_term_string"}}],"inLanguage":"es"},{"@type":"Organization","@id":"https:\/\/lospoliticosveracruz.com\/#organization","name":"Los pol\u00edticos Veracruz","url":"https:\/\/lospoliticosveracruz.com\/","logo":{"@type":"ImageObject","inLanguage":"es","@id":"https:\/\/lospoliticosveracruz.com\/#\/schema\/logo\/image\/","url":"https:\/\/lospoliticosveracruz.com\/wp-content\/uploads\/2025\/12\/Logo-Nuevo-LOS-POLITICOS-1.jpg","contentUrl":"https:\/\/lospoliticosveracruz.com\/wp-content\/uploads\/2025\/12\/Logo-Nuevo-LOS-POLITICOS-1.jpg","width":260,"height":70,"caption":"Los pol\u00edticos Veracruz"},"image":{"@id":"https:\/\/lospoliticosveracruz.com\/#\/schema\/logo\/image\/"},"sameAs":["https:\/\/www.facebook.com\/people\/Notimemes-de-los-Polticos\/61565672886568\/","https:\/\/x.com\/LosPoliticosVer"]},{"@type":"Person","@id":"https:\/\/lospoliticosveracruz.com\/#\/schema\/person\/b8702bb0e538456e6efd07080bf2a4a2","name":"Lo viste en Los Pol\u00edticos","image":{"@type":"ImageObject","inLanguage":"es","@id":"https:\/\/secure.gravatar.com\/avatar\/3a8de04a2656d44082be478bd6c086daa447c4651605818287b9532d3d0bd435?s=96&d=mm&r=g","url":"https:\/\/secure.gravatar.com\/avatar\/3a8de04a2656d44082be478bd6c086daa447c4651605818287b9532d3d0bd435?s=96&d=mm&r=g","contentUrl":"https:\/\/secure.gravatar.com\/avatar\/3a8de04a2656d44082be478bd6c086daa447c4651605818287b9532d3d0bd435?s=96&d=mm&r=g","caption":"Lo viste en Los Pol\u00edticos"},"url":"https:\/\/lospoliticosveracruz.com\/?author=2"}]}},"_links":{"self":[{"href":"https:\/\/lospoliticosveracruz.com\/index.php?rest_route=\/wp\/v2\/posts\/24222","targetHints":{"allow":["GET"]}}],"collection":[{"href":"https:\/\/lospoliticosveracruz.com\/index.php?rest_route=\/wp\/v2\/posts"}],"about":[{"href":"https:\/\/lospoliticosveracruz.com\/index.php?rest_route=\/wp\/v2\/types\/post"}],"author":[{"embeddable":true,"href":"https:\/\/lospoliticosveracruz.com\/index.php?rest_route=\/wp\/v2\/users\/2"}],"replies":[{"embeddable":true,"href":"https:\/\/lospoliticosveracruz.com\/index.php?rest_route=%2Fwp%2Fv2%2Fcomments&post=24222"}],"version-history":[{"count":1,"href":"https:\/\/lospoliticosveracruz.com\/index.php?rest_route=\/wp\/v2\/posts\/24222\/revisions"}],"predecessor-version":[{"id":24224,"href":"https:\/\/lospoliticosveracruz.com\/index.php?rest_route=\/wp\/v2\/posts\/24222\/revisions\/24224"}],"wp:attachment":[{"href":"https:\/\/lospoliticosveracruz.com\/index.php?rest_route=%2Fwp%2Fv2%2Fmedia&parent=24222"}],"wp:term":[{"taxonomy":"category","embeddable":true,"href":"https:\/\/lospoliticosveracruz.com\/index.php?rest_route=%2Fwp%2Fv2%2Fcategories&post=24222"},{"taxonomy":"post_tag","embeddable":true,"href":"https:\/\/lospoliticosveracruz.com\/index.php?rest_route=%2Fwp%2Fv2%2Ftags&post=24222"}],"curies":[{"name":"wp","href":"https:\/\/api.w.org\/{rel}","templated":true}]}}