{"id":24225,"date":"2016-07-19T20:48:10","date_gmt":"2016-07-20T01:48:10","guid":{"rendered":"http:\/\/www.lospoliticosveracruz.com.mx\/?p=24225"},"modified":"2016-07-19T20:48:10","modified_gmt":"2016-07-20T01:48:10","slug":"la-prospera-familia-bermudez","status":"publish","type":"post","link":"https:\/\/lospoliticosveracruz.com\/?p=24225","title":{"rendered":"La pr\u00f3spera familia Berm\u00fadez"},"content":{"rendered":"<p><a href=\"http:\/\/www.lospoliticosveracruz.com.mx\/wp-content\/uploads\/2015\/04\/Bermudez-e1468979255281.jpg\"><img loading=\"lazy\" decoding=\"async\" class=\"aligncenter size-full wp-image-15955\" src=\"http:\/\/www.lospoliticosveracruz.com.mx\/wp-content\/uploads\/2015\/04\/Bermudez-e1468979255281.jpg\" alt=\"Bermudez\" width=\"600\" height=\"300\" \/><\/a><a href=\"http:\/\/www.lospoliticosveracruz.com.mx\/wp-content\/uploads\/2015\/04\/Bermudez.jpg\"><br \/>\n<\/a><br \/>\n<strong>Salvador Mu\u00f1oz<\/strong><\/p>\n<p><em>Los Pol\u00edticos<\/em><\/p>\n<p>Tras exhibir Miguel \u00c1ngel Yunes Linares la habilidad prol\u00edfica en el ramo empresarial que tiene Arturo Berm\u00fadez Zurita, que va desde seguridad hasta bares y pulquer\u00edas, salgo a ver el sistema de alarma que tengo en casa para ver la empresa que lo instal\u00f3 \u00a1y no! al menos no es ninguna de las que seg\u00fan dicen, tiene el secretario de Seguridad P\u00fablica en el estado.<br \/>\nQue los parientes de Berm\u00fadez Zurita est\u00e9n involucrados en cantidad de negocios diversos no debe ser raro, lo que s\u00ed mueve al \u201csospechosismo\u201d es que muchas de esas empresas est\u00e9n dentro de la cantidad de deudores que tiene el Gobierno estatal, lo que a su vez nos llevar\u00eda a pensar en un conflicto de inter\u00e9s y hasta en un tr\u00e1fico de influencias.<br \/>\nII<br \/>\nBueno, hay que recordar algo de este defe\u00f1o casi cincuent\u00f3n\u2026 no lleg\u00f3 con Javier Duarte a Veracruz; por as\u00ed decirlo, es herencia del alemanismo, pues fungi\u00f3 como particular del subsecretario de Finanzas y Administraci\u00f3n, Sergio Maya Alem\u00e1n y se dec\u00eda que era el encargado de bajar recursos, fuera para el Gobierno o para asociaciones civiles.<br \/>\nDebi\u00f3 ser bueno para lo que hac\u00eda para que al arribo del Fidelismo, asumiera el cargo de director del Centro Estatal de Control, Comando, Comunicaciones y C\u00f3mputo (C-4) y no obstante, no me crean, segu\u00eda bajando recursos.<br \/>\nCon el duartismo, inici\u00f3 como subsecretario de Seguridad P\u00fablica y al poco tiempo ocup\u00f3 la titularidad de la SSP.<br \/>\n\u00bfQu\u00e9 se pretende con dar de fast track su curriculum? \u00a1Ah! Que si bien es cierto que la familia de Arturo Berm\u00fadez Zurita tiene muchos negocios, interesante ser\u00eda conocer en qu\u00e9 sexenio fue que florecieron\u2026 \u00bfen el de Alem\u00e1n, Fidel o Duarte? \u00bfo en los tres? \u00bfo en los dos \u00faltimos?<br \/>\nIII<br \/>\nA partir de ah\u00ed, igual se asumir\u00eda interesante, conocer los antecedentes empresariales de la familia de Arturo Berm\u00fadez Zurita porque hay de dos:<br \/>\nO los Berm\u00fadez son los nuevos Fern\u00e1ndez o Chedraui de Veracruz\u2026 o Arturo Berm\u00fadez Zurita es un pariente que ya quisi\u00e9ramos tener todos para que nos echara la mano, poner nuestro negocio, y ser uno m\u00e1s de los pr\u00f3speros que crecieron a la sombra del Duartismo.<br \/>\nAunque la l\u00f3gica aplicada en el segundo punto es, \u00bfpara qu\u00e9 diversificar su fortuna en varios negocios? \u00bfQui\u00e9n invierte en tantos negocios y para qu\u00e9? \u201cAhora pior\u201d, dijeran en mi rancho: \u00bfPor qu\u00e9 revolver su dinero \u201cprestando\u201d servicios al Gobierno estatal a sabiendas de que cualquiera pudiera argumentar los dos grandes pecados de ser funcionario y proveedor: conflicto de intereses y tr\u00e1fico de influencias?<br \/>\nLa respuesta de Berm\u00fadez Zurita da lugar a m\u00e1s \u201csospechosismo\u201d: \u201cToda mi vida me he desempe\u00f1ado dentro de la legalidad y lo seguir\u00e9 haciendo, no abonar\u00e9 a este linchamiento pol\u00edtico\u201d.<br \/>\nIV<br \/>\nLa posici\u00f3n del secretario de Seguridad P\u00fablica es v\u00e1lida, pero no por ello aceptada o cre\u00edda, al contrario\u2026<br \/>\nHoy, v\u00eda Yunes Linares, le toc\u00f3 al secretario de Seguridad P\u00fablica; hace unos d\u00edas, a quien fuera el oficial mayor de la SEV; al que ya se trae de encargo, es al Gobernador Javier Duarte de Ochoa\u2026 por supuesto, al menos en lo que aparenta, con justa raz\u00f3n\u2026 la pregunta es \u00bfa qu\u00e9 funcionario del Gabinete de la Prosperidad le tocar\u00e1 la pr\u00f3xima vez?<br \/>\nAunque Miguel \u00c1ngel Yunes Linares bien debiera de analizar mejor este caso y considerar un posible escenario por el bienestar de Veracruz: \u00bfSi tanta prosperidad hay en la familia Berm\u00fadez Zurita, no podr\u00edamos estar hablando del pr\u00f3ximo secretario de Desarrollo Econ\u00f3mico del Gobierno yunista? Digo, para que haya sobrevivido durante tres sexenios Berm\u00fadez, algo ha de hacer bien\u2026 y no es precisamente velar por la seguridad de los veracruzanos, si no, que lo digan las dos mujeres que encontraron decapitadas el d\u00eda de ayer, en la capital veracruzana.<\/p>\n<p>smcainito@gmail.com<\/p>\n","protected":false},"excerpt":{"rendered":"<p>Salvador Mu\u00f1oz Los Pol\u00edticos Tras exhibir Miguel \u00c1ngel Yunes Linares la habilidad prol\u00edfica en el ramo empresarial que tiene Arturo Berm\u00fadez Zurita, que va desde seguridad hasta bares y pulquer\u00edas, salgo a ver el sistema de alarma que tengo en casa para ver la empresa que lo instal\u00f3 \u00a1y no! al menos no es ninguna [&hellip;]<\/p>\n","protected":false},"author":2,"featured_media":0,"comment_status":"open","ping_status":"open","sticky":false,"template":"","format":"standard","meta":{"tdm_status":"","tdm_grid_status":"","footnotes":""},"categories":[70],"tags":[960,260,428,195],"class_list":{"0":"post-24225","1":"post","2":"type-post","3":"status-publish","4":"format-standard","6":"category-de-opinion","7":"tag-arturo-bermudez-zurita","8":"tag-javier-duarte-de-ochoa","9":"tag-miguel-angel-yunes-linares","10":"tag-veracruz"},"yoast_head":"<!-- This site is optimized with the Yoast SEO plugin v27.4 - https:\/\/yoast.com\/product\/yoast-seo-wordpress\/ -->\n<title>La pr\u00f3spera familia Berm\u00fadez - Los pol\u00edticos Veracruz<\/title>\n<meta name=\"robots\" content=\"index, follow, max-snippet:-1, max-image-preview:large, max-video-preview:-1\" \/>\n<link rel=\"canonical\" href=\"https:\/\/lospoliticosveracruz.com\/?p=24225\" \/>\n<meta property=\"og:locale\" content=\"es_ES\" \/>\n<meta property=\"og:type\" content=\"article\" \/>\n<meta property=\"og:title\" content=\"La pr\u00f3spera familia Berm\u00fadez - Los pol\u00edticos Veracruz\" \/>\n<meta property=\"og:description\" content=\"Salvador Mu\u00f1oz Los Pol\u00edticos Tras exhibir Miguel \u00c1ngel Yunes Linares la habilidad prol\u00edfica en el ramo empresarial que tiene Arturo Berm\u00fadez Zurita, que va desde seguridad hasta bares y pulquer\u00edas, salgo a ver el sistema de alarma que tengo en casa para ver la empresa que lo instal\u00f3 \u00a1y no! al menos no es ninguna [&hellip;]\" \/>\n<meta property=\"og:url\" content=\"https:\/\/lospoliticosveracruz.com\/?p=24225\" \/>\n<meta property=\"og:site_name\" content=\"Los pol\u00edticos Veracruz\" \/>\n<meta property=\"article:publisher\" content=\"https:\/\/www.facebook.com\/people\/Notimemes-de-los-Polticos\/61565672886568\/\" \/>\n<meta property=\"article:published_time\" content=\"2016-07-20T01:48:10+00:00\" \/>\n<meta property=\"og:image\" content=\"http:\/\/www.lospoliticosveracruz.com.mx\/wp-content\/uploads\/2015\/04\/Bermudez-e1468979255281.jpg\" \/>\n<meta name=\"author\" content=\"Lo viste en Los Pol\u00edticos\" \/>\n<meta name=\"twitter:card\" content=\"summary_large_image\" \/>\n<meta name=\"twitter:creator\" content=\"@LosPoliticosVer\" \/>\n<meta name=\"twitter:site\" content=\"@LosPoliticosVer\" \/>\n<meta name=\"twitter:label1\" content=\"Escrito por\" \/>\n\t<meta name=\"twitter:data1\" content=\"Lo viste en Los Pol\u00edticos\" \/>\n\t<meta name=\"twitter:label2\" content=\"Tiempo de lectura\" \/>\n\t<meta name=\"twitter:data2\" content=\"3 minutos\" \/>\n<script type=\"application\/ld+json\" class=\"yoast-schema-graph\">{\"@context\":\"https:\\\/\\\/schema.org\",\"@graph\":[{\"@type\":\"Article\",\"@id\":\"https:\\\/\\\/lospoliticosveracruz.com\\\/?p=24225#article\",\"isPartOf\":{\"@id\":\"https:\\\/\\\/lospoliticosveracruz.com\\\/?p=24225\"},\"author\":{\"name\":\"Lo viste en Los Pol\u00edticos\",\"@id\":\"https:\\\/\\\/lospoliticosveracruz.com\\\/#\\\/schema\\\/person\\\/b8702bb0e538456e6efd07080bf2a4a2\"},\"headline\":\"La pr\u00f3spera familia Berm\u00fadez\",\"datePublished\":\"2016-07-20T01:48:10+00:00\",\"mainEntityOfPage\":{\"@id\":\"https:\\\/\\\/lospoliticosveracruz.com\\\/?p=24225\"},\"wordCount\":693,\"commentCount\":0,\"publisher\":{\"@id\":\"https:\\\/\\\/lospoliticosveracruz.com\\\/#organization\"},\"image\":{\"@id\":\"https:\\\/\\\/lospoliticosveracruz.com\\\/?p=24225#primaryimage\"},\"thumbnailUrl\":\"http:\\\/\\\/www.lospoliticosveracruz.com.mx\\\/wp-content\\\/uploads\\\/2015\\\/04\\\/Bermudez-e1468979255281.jpg\",\"keywords\":[\"Arturo Berm\u00fadez Zurita\",\"Javier Duarte de Ochoa\",\"Miguel Angel Yunes Linares\",\"Veracruz\"],\"articleSection\":[\"De Opini\u00f3n\"],\"inLanguage\":\"es\",\"potentialAction\":[{\"@type\":\"CommentAction\",\"name\":\"Comment\",\"target\":[\"https:\\\/\\\/lospoliticosveracruz.com\\\/?p=24225#respond\"]}]},{\"@type\":\"WebPage\",\"@id\":\"https:\\\/\\\/lospoliticosveracruz.com\\\/?p=24225\",\"url\":\"https:\\\/\\\/lospoliticosveracruz.com\\\/?p=24225\",\"name\":\"La pr\u00f3spera familia Berm\u00fadez - Los pol\u00edticos Veracruz\",\"isPartOf\":{\"@id\":\"https:\\\/\\\/lospoliticosveracruz.com\\\/#website\"},\"primaryImageOfPage\":{\"@id\":\"https:\\\/\\\/lospoliticosveracruz.com\\\/?p=24225#primaryimage\"},\"image\":{\"@id\":\"https:\\\/\\\/lospoliticosveracruz.com\\\/?p=24225#primaryimage\"},\"thumbnailUrl\":\"http:\\\/\\\/www.lospoliticosveracruz.com.mx\\\/wp-content\\\/uploads\\\/2015\\\/04\\\/Bermudez-e1468979255281.jpg\",\"datePublished\":\"2016-07-20T01:48:10+00:00\",\"breadcrumb\":{\"@id\":\"https:\\\/\\\/lospoliticosveracruz.com\\\/?p=24225#breadcrumb\"},\"inLanguage\":\"es\",\"potentialAction\":[{\"@type\":\"ReadAction\",\"target\":[\"https:\\\/\\\/lospoliticosveracruz.com\\\/?p=24225\"]}]},{\"@type\":\"ImageObject\",\"inLanguage\":\"es\",\"@id\":\"https:\\\/\\\/lospoliticosveracruz.com\\\/?p=24225#primaryimage\",\"url\":\"http:\\\/\\\/www.lospoliticosveracruz.com.mx\\\/wp-content\\\/uploads\\\/2015\\\/04\\\/Bermudez-e1468979255281.jpg\",\"contentUrl\":\"http:\\\/\\\/www.lospoliticosveracruz.com.mx\\\/wp-content\\\/uploads\\\/2015\\\/04\\\/Bermudez-e1468979255281.jpg\"},{\"@type\":\"BreadcrumbList\",\"@id\":\"https:\\\/\\\/lospoliticosveracruz.com\\\/?p=24225#breadcrumb\",\"itemListElement\":[{\"@type\":\"ListItem\",\"position\":1,\"name\":\"Portada\",\"item\":\"https:\\\/\\\/lospoliticosveracruz.com\\\/\"},{\"@type\":\"ListItem\",\"position\":2,\"name\":\"La pr\u00f3spera familia Berm\u00fadez\"}]},{\"@type\":\"WebSite\",\"@id\":\"https:\\\/\\\/lospoliticosveracruz.com\\\/#website\",\"url\":\"https:\\\/\\\/lospoliticosveracruz.com\\\/\",\"name\":\"Los pol\u00edticos Veracruz\",\"description\":\"\",\"publisher\":{\"@id\":\"https:\\\/\\\/lospoliticosveracruz.com\\\/#organization\"},\"potentialAction\":[{\"@type\":\"SearchAction\",\"target\":{\"@type\":\"EntryPoint\",\"urlTemplate\":\"https:\\\/\\\/lospoliticosveracruz.com\\\/?s={search_term_string}\"},\"query-input\":{\"@type\":\"PropertyValueSpecification\",\"valueRequired\":true,\"valueName\":\"search_term_string\"}}],\"inLanguage\":\"es\"},{\"@type\":\"Organization\",\"@id\":\"https:\\\/\\\/lospoliticosveracruz.com\\\/#organization\",\"name\":\"Los pol\u00edticos Veracruz\",\"url\":\"https:\\\/\\\/lospoliticosveracruz.com\\\/\",\"logo\":{\"@type\":\"ImageObject\",\"inLanguage\":\"es\",\"@id\":\"https:\\\/\\\/lospoliticosveracruz.com\\\/#\\\/schema\\\/logo\\\/image\\\/\",\"url\":\"https:\\\/\\\/lospoliticosveracruz.com\\\/wp-content\\\/uploads\\\/2025\\\/12\\\/Logo-Nuevo-LOS-POLITICOS-1.jpg\",\"contentUrl\":\"https:\\\/\\\/lospoliticosveracruz.com\\\/wp-content\\\/uploads\\\/2025\\\/12\\\/Logo-Nuevo-LOS-POLITICOS-1.jpg\",\"width\":260,\"height\":70,\"caption\":\"Los pol\u00edticos Veracruz\"},\"image\":{\"@id\":\"https:\\\/\\\/lospoliticosveracruz.com\\\/#\\\/schema\\\/logo\\\/image\\\/\"},\"sameAs\":[\"https:\\\/\\\/www.facebook.com\\\/people\\\/Notimemes-de-los-Polticos\\\/61565672886568\\\/\",\"https:\\\/\\\/x.com\\\/LosPoliticosVer\"]},{\"@type\":\"Person\",\"@id\":\"https:\\\/\\\/lospoliticosveracruz.com\\\/#\\\/schema\\\/person\\\/b8702bb0e538456e6efd07080bf2a4a2\",\"name\":\"Lo viste en Los Pol\u00edticos\",\"image\":{\"@type\":\"ImageObject\",\"inLanguage\":\"es\",\"@id\":\"https:\\\/\\\/secure.gravatar.com\\\/avatar\\\/3a8de04a2656d44082be478bd6c086daa447c4651605818287b9532d3d0bd435?s=96&d=mm&r=g\",\"url\":\"https:\\\/\\\/secure.gravatar.com\\\/avatar\\\/3a8de04a2656d44082be478bd6c086daa447c4651605818287b9532d3d0bd435?s=96&d=mm&r=g\",\"contentUrl\":\"https:\\\/\\\/secure.gravatar.com\\\/avatar\\\/3a8de04a2656d44082be478bd6c086daa447c4651605818287b9532d3d0bd435?s=96&d=mm&r=g\",\"caption\":\"Lo viste en Los Pol\u00edticos\"},\"url\":\"https:\\\/\\\/lospoliticosveracruz.com\\\/?author=2\"}]}<\/script>\n<!-- \/ Yoast SEO plugin. -->","yoast_head_json":{"title":"La pr\u00f3spera familia Berm\u00fadez - Los pol\u00edticos Veracruz","robots":{"index":"index","follow":"follow","max-snippet":"max-snippet:-1","max-image-preview":"max-image-preview:large","max-video-preview":"max-video-preview:-1"},"canonical":"https:\/\/lospoliticosveracruz.com\/?p=24225","og_locale":"es_ES","og_type":"article","og_title":"La pr\u00f3spera familia Berm\u00fadez - Los pol\u00edticos Veracruz","og_description":"Salvador Mu\u00f1oz Los Pol\u00edticos Tras exhibir Miguel \u00c1ngel Yunes Linares la habilidad prol\u00edfica en el ramo empresarial que tiene Arturo Berm\u00fadez Zurita, que va desde seguridad hasta bares y pulquer\u00edas, salgo a ver el sistema de alarma que tengo en casa para ver la empresa que lo instal\u00f3 \u00a1y no! al menos no es ninguna [&hellip;]","og_url":"https:\/\/lospoliticosveracruz.com\/?p=24225","og_site_name":"Los pol\u00edticos Veracruz","article_publisher":"https:\/\/www.facebook.com\/people\/Notimemes-de-los-Polticos\/61565672886568\/","article_published_time":"2016-07-20T01:48:10+00:00","og_image":[{"url":"http:\/\/www.lospoliticosveracruz.com.mx\/wp-content\/uploads\/2015\/04\/Bermudez-e1468979255281.jpg","type":"","width":"","height":""}],"author":"Lo viste en Los Pol\u00edticos","twitter_card":"summary_large_image","twitter_creator":"@LosPoliticosVer","twitter_site":"@LosPoliticosVer","twitter_misc":{"Escrito por":"Lo viste en Los Pol\u00edticos","Tiempo de lectura":"3 minutos"},"schema":{"@context":"https:\/\/schema.org","@graph":[{"@type":"Article","@id":"https:\/\/lospoliticosveracruz.com\/?p=24225#article","isPartOf":{"@id":"https:\/\/lospoliticosveracruz.com\/?p=24225"},"author":{"name":"Lo viste en Los Pol\u00edticos","@id":"https:\/\/lospoliticosveracruz.com\/#\/schema\/person\/b8702bb0e538456e6efd07080bf2a4a2"},"headline":"La pr\u00f3spera familia Berm\u00fadez","datePublished":"2016-07-20T01:48:10+00:00","mainEntityOfPage":{"@id":"https:\/\/lospoliticosveracruz.com\/?p=24225"},"wordCount":693,"commentCount":0,"publisher":{"@id":"https:\/\/lospoliticosveracruz.com\/#organization"},"image":{"@id":"https:\/\/lospoliticosveracruz.com\/?p=24225#primaryimage"},"thumbnailUrl":"http:\/\/www.lospoliticosveracruz.com.mx\/wp-content\/uploads\/2015\/04\/Bermudez-e1468979255281.jpg","keywords":["Arturo Berm\u00fadez Zurita","Javier Duarte de Ochoa","Miguel Angel Yunes Linares","Veracruz"],"articleSection":["De Opini\u00f3n"],"inLanguage":"es","potentialAction":[{"@type":"CommentAction","name":"Comment","target":["https:\/\/lospoliticosveracruz.com\/?p=24225#respond"]}]},{"@type":"WebPage","@id":"https:\/\/lospoliticosveracruz.com\/?p=24225","url":"https:\/\/lospoliticosveracruz.com\/?p=24225","name":"La pr\u00f3spera familia Berm\u00fadez - Los pol\u00edticos Veracruz","isPartOf":{"@id":"https:\/\/lospoliticosveracruz.com\/#website"},"primaryImageOfPage":{"@id":"https:\/\/lospoliticosveracruz.com\/?p=24225#primaryimage"},"image":{"@id":"https:\/\/lospoliticosveracruz.com\/?p=24225#primaryimage"},"thumbnailUrl":"http:\/\/www.lospoliticosveracruz.com.mx\/wp-content\/uploads\/2015\/04\/Bermudez-e1468979255281.jpg","datePublished":"2016-07-20T01:48:10+00:00","breadcrumb":{"@id":"https:\/\/lospoliticosveracruz.com\/?p=24225#breadcrumb"},"inLanguage":"es","potentialAction":[{"@type":"ReadAction","target":["https:\/\/lospoliticosveracruz.com\/?p=24225"]}]},{"@type":"ImageObject","inLanguage":"es","@id":"https:\/\/lospoliticosveracruz.com\/?p=24225#primaryimage","url":"http:\/\/www.lospoliticosveracruz.com.mx\/wp-content\/uploads\/2015\/04\/Bermudez-e1468979255281.jpg","contentUrl":"http:\/\/www.lospoliticosveracruz.com.mx\/wp-content\/uploads\/2015\/04\/Bermudez-e1468979255281.jpg"},{"@type":"BreadcrumbList","@id":"https:\/\/lospoliticosveracruz.com\/?p=24225#breadcrumb","itemListElement":[{"@type":"ListItem","position":1,"name":"Portada","item":"https:\/\/lospoliticosveracruz.com\/"},{"@type":"ListItem","position":2,"name":"La pr\u00f3spera familia Berm\u00fadez"}]},{"@type":"WebSite","@id":"https:\/\/lospoliticosveracruz.com\/#website","url":"https:\/\/lospoliticosveracruz.com\/","name":"Los pol\u00edticos Veracruz","description":"","publisher":{"@id":"https:\/\/lospoliticosveracruz.com\/#organization"},"potentialAction":[{"@type":"SearchAction","target":{"@type":"EntryPoint","urlTemplate":"https:\/\/lospoliticosveracruz.com\/?s={search_term_string}"},"query-input":{"@type":"PropertyValueSpecification","valueRequired":true,"valueName":"search_term_string"}}],"inLanguage":"es"},{"@type":"Organization","@id":"https:\/\/lospoliticosveracruz.com\/#organization","name":"Los pol\u00edticos Veracruz","url":"https:\/\/lospoliticosveracruz.com\/","logo":{"@type":"ImageObject","inLanguage":"es","@id":"https:\/\/lospoliticosveracruz.com\/#\/schema\/logo\/image\/","url":"https:\/\/lospoliticosveracruz.com\/wp-content\/uploads\/2025\/12\/Logo-Nuevo-LOS-POLITICOS-1.jpg","contentUrl":"https:\/\/lospoliticosveracruz.com\/wp-content\/uploads\/2025\/12\/Logo-Nuevo-LOS-POLITICOS-1.jpg","width":260,"height":70,"caption":"Los pol\u00edticos Veracruz"},"image":{"@id":"https:\/\/lospoliticosveracruz.com\/#\/schema\/logo\/image\/"},"sameAs":["https:\/\/www.facebook.com\/people\/Notimemes-de-los-Polticos\/61565672886568\/","https:\/\/x.com\/LosPoliticosVer"]},{"@type":"Person","@id":"https:\/\/lospoliticosveracruz.com\/#\/schema\/person\/b8702bb0e538456e6efd07080bf2a4a2","name":"Lo viste en Los Pol\u00edticos","image":{"@type":"ImageObject","inLanguage":"es","@id":"https:\/\/secure.gravatar.com\/avatar\/3a8de04a2656d44082be478bd6c086daa447c4651605818287b9532d3d0bd435?s=96&d=mm&r=g","url":"https:\/\/secure.gravatar.com\/avatar\/3a8de04a2656d44082be478bd6c086daa447c4651605818287b9532d3d0bd435?s=96&d=mm&r=g","contentUrl":"https:\/\/secure.gravatar.com\/avatar\/3a8de04a2656d44082be478bd6c086daa447c4651605818287b9532d3d0bd435?s=96&d=mm&r=g","caption":"Lo viste en Los Pol\u00edticos"},"url":"https:\/\/lospoliticosveracruz.com\/?author=2"}]}},"_links":{"self":[{"href":"https:\/\/lospoliticosveracruz.com\/index.php?rest_route=\/wp\/v2\/posts\/24225","targetHints":{"allow":["GET"]}}],"collection":[{"href":"https:\/\/lospoliticosveracruz.com\/index.php?rest_route=\/wp\/v2\/posts"}],"about":[{"href":"https:\/\/lospoliticosveracruz.com\/index.php?rest_route=\/wp\/v2\/types\/post"}],"author":[{"embeddable":true,"href":"https:\/\/lospoliticosveracruz.com\/index.php?rest_route=\/wp\/v2\/users\/2"}],"replies":[{"embeddable":true,"href":"https:\/\/lospoliticosveracruz.com\/index.php?rest_route=%2Fwp%2Fv2%2Fcomments&post=24225"}],"version-history":[{"count":1,"href":"https:\/\/lospoliticosveracruz.com\/index.php?rest_route=\/wp\/v2\/posts\/24225\/revisions"}],"predecessor-version":[{"id":24226,"href":"https:\/\/lospoliticosveracruz.com\/index.php?rest_route=\/wp\/v2\/posts\/24225\/revisions\/24226"}],"wp:attachment":[{"href":"https:\/\/lospoliticosveracruz.com\/index.php?rest_route=%2Fwp%2Fv2%2Fmedia&parent=24225"}],"wp:term":[{"taxonomy":"category","embeddable":true,"href":"https:\/\/lospoliticosveracruz.com\/index.php?rest_route=%2Fwp%2Fv2%2Fcategories&post=24225"},{"taxonomy":"post_tag","embeddable":true,"href":"https:\/\/lospoliticosveracruz.com\/index.php?rest_route=%2Fwp%2Fv2%2Ftags&post=24225"}],"curies":[{"name":"wp","href":"https:\/\/api.w.org\/{rel}","templated":true}]}}