{"id":24309,"date":"2016-07-25T11:31:18","date_gmt":"2016-07-25T16:31:18","guid":{"rendered":"http:\/\/www.lospoliticosveracruz.com.mx\/?p=24309"},"modified":"2016-07-25T11:31:18","modified_gmt":"2016-07-25T16:31:18","slug":"pan-da-el-primer-paso-hacia-la-alianza","status":"publish","type":"post","link":"https:\/\/lospoliticosveracruz.com\/?p=24309","title":{"rendered":"PAN da el primer paso hacia la alianza"},"content":{"rendered":"<p><a href=\"http:\/\/www.lospoliticosveracruz.com.mx\/wp-content\/uploads\/2015\/11\/Pepe-Mancha-Rogelio-Franco.jpg\"><img loading=\"lazy\" decoding=\"async\" class=\" wp-image-18957\" src=\"http:\/\/www.lospoliticosveracruz.com.mx\/wp-content\/uploads\/2015\/11\/Pepe-Mancha-Rogelio-Franco.jpg\" alt=\"Xalapa, Ver.- Jos\u00e9 de Jes\u00fas Mancha Alarc\u00f3n, dirigente estatal del PAN, en conferencia de prensa  ante medios de comunicaci\u00f3n en el caso del periodista asesinado Mois\u00e9s S\u00e1nchez Cerezo. FOTO: MIGUEL \u00c1NGEL CARMONA\/FOTOVER.\" width=\"489\" height=\"261\" \/><\/a><\/p>\n<p><strong>Luis Alberto Romero<\/strong><\/p>\n<p><em><strong>Hora Cero\u00a0<\/strong><\/em><\/p>\n<p><em>\u00a0<\/em><\/p>\n<p>Este s\u00e1bado 23 del presente, los casi 70 integrantes del Consejo Estatal del Partido Acci\u00f3n Nacional se reunieron para desahogar algunos puntos de la organizaci\u00f3n interna.<\/p>\n<p>De todos los temas abordados llama la atenci\u00f3n la autorizaci\u00f3n que dicho \u00f3rgano partidista concede a su dirigente en Veracruz, Jos\u00e9 de Jes\u00fas Mancha Alarc\u00f3n, para que inicie la exploraci\u00f3n, el an\u00e1lisis de una nueva alianza electoral para participar en el proceso 2016-2017, enfocado a la renovaci\u00f3n de los 212 ayuntamientos de la entidad.<\/p>\n<p>Ese fue el primer paso, formal, de Acci\u00f3n Nacional rumbo a la integraci\u00f3n de una alianza de partidos para ganar la mayor cantidad de alcald\u00edas en Veracruz.<\/p>\n<p>Fuentes internas del partido, consultadas al concluir la sesi\u00f3n, sostienen que la meta es superar el mejor resultado alcanzado por Acci\u00f3n Nacional en la historia de las elecciones municipales en Veracruz, las de 2010, cuando el albiazul, en coalici\u00f3n con Nueva Alianza, logr\u00f3 m\u00e1s de 90 victorias.<\/p>\n<p>En el proceso que arranca este a\u00f1o y que tendr\u00e1 como jornada electoral el domingo 4 de junio de 2017, la meta del PAN es alcanzar la victoria en 100 alcald\u00edas veracruzanas, lo que podr\u00eda resultar una meta viable debido a la inercia del voto a favor de la alianza entre panistas y perredistas.<\/p>\n<p>Nos comentan que al interior del Consejo Estatal del albiazul pr\u00e1cticamente hay uniformidad de opiniones en cuanto al tema de la alianza; las diferencias fueron menores y todo apunta a que los panistas enfrentar\u00e1n el proceso municipal de la mano de los perredistas.<\/p>\n<p>Hace unos d\u00edas, en este mismo espacio, hablaba sobre la posici\u00f3n del Partido de la Revoluci\u00f3n Democr\u00e1tica, cuyos dirigentes est\u00e1n convencidos de que la coalici\u00f3n entre esas dos fuerzas pol\u00edticas, ideol\u00f3gicamente antag\u00f3nicas, es garant\u00eda de triunfo rumbo a 2017, como lo fue el presente a\u00f1o.<\/p>\n<p>En el PRD, la \u00fanica duda se refiere no a la viabilidad de dicha suma de partidos, sino a las caracter\u00edsticas de la misma; es decir, si se tratar\u00e1 de una alianza total, en los 212 municipios; parcial, en la mitad de ellos; o flexible, s\u00f3lo en el 25 por ciento.<\/p>\n<p>En cuanto al Partido Acci\u00f3n Nacional, en el Consejo Estatal de este s\u00e1bado qued\u00f3 claro que los detalles de la alianza responder\u00e1n a los tiempos del proceso electoral; lo primero es analizar la viabilidad y para ello fue la sesi\u00f3n, para que el dirigente en Veracruz, Pepe Mancha, comenzara a realizar los trabajos de exploraci\u00f3n.<\/p>\n<p>As\u00ed las cosas, podr\u00edamos decir que la coalici\u00f3n PAN-PRD se encuentra en ciernes, todav\u00eda no se concreta pero lo m\u00e1s probable es que esos dos partidos determinen ir juntos en busca de las municipales, lo que provocar\u00e1 preocupaci\u00f3n en el PRI e incertidumbre entre los aspirantes del tricolor a los cargos en disputa.<\/p>\n<p>&nbsp;<\/p>\n<p><strong>Reconocimiento de Am\u00e9rico a Pe\u00f1a Nieto<\/strong><\/p>\n<p>Con un sol a plomo y una temperatura que seguramente superaba los 38 grados, en la colonia Higueras de esta ciudad capital, el alcalde Am\u00e9rico Z\u00fa\u00f1iga Mart\u00ednez agradeci\u00f3, primero ante medios de comunicaci\u00f3n y luego ante los colonos ah\u00ed reunidos, el apoyo del Presidente Enrique Pe\u00f1a Nieto a Xalapa.<\/p>\n<p>Dijo que Xalapa no es el municipio m\u00e1s grande de Veracruz, pero s\u00ed el que m\u00e1s recursos est\u00e1 recibiendo de la federaci\u00f3n en este momento.<\/p>\n<p>Tambi\u00e9n agradeci\u00f3 y reconoci\u00f3 el respaldo y la gestor\u00eda del Senador Jos\u00e9 Francisco Yunes Zorrilla, pero la parte medular de sus palabras, reconoci\u00f3 al presidente Enrique Pe\u00f1a Nieto.<\/p>\n<p>Una de las muchas se\u00f1oras que lo abordaron, le dijo: ya va a iniciar hoy esta \u201cobrita\u201d; sonriente, amable, Am\u00e9rico se volte\u00f3 y respondi\u00f3: \u201cobrita\u201d, \u201cse\u00f1ora, son m\u00e1s de 38 millones de pesos los que se invertir\u00e1n en el colector Amazonas, que evitar\u00e1 que 70 colonias se sigan inundando, como ocurr\u00eda desde hace 30 a\u00f1os. No es una obrita, es una obrota\u201d.<\/p>\n<p>Por eso ah\u00ed, Z\u00fa\u00f1iga Mart\u00ednez precis\u00f3 que Xalapa recibe este a\u00f1o, s\u00f3lo de la Comisi\u00f3n Nacional del Agua, m\u00e1s de 150 millones de pesos para obras de infraestructura hidr\u00e1ulica.<\/p>\n<p>A eso habr\u00eda que sumarle las inversiones de la Secretar\u00eda de Desarrollo Agrario, Territorial y Urbano, que han permitido en Xalapa el rescate de espacios p\u00fablicos y de infraestructura olvidada por m\u00e1s de 30 a\u00f1os, como el IMAC, Iniciativa Municipal de Arte y Cultura, al que el gobierno municipal y federal, a trav\u00e9s de Sedatu, invirtieron m\u00e1s de 22 millones de pesos.<\/p>\n<p>Por eso, el mensaje sabatino del alcalde fue un agradecimiento a Pe\u00f1a Nieto.<\/p>\n<p>Este lunes, por cierto, el presidente municipal de la capital veracruzana llega a Bucareli 99, en la colonia Benito Ju\u00e1rez de la ciudad de M\u00e9xico, a una reuni\u00f3n con el Secretario de Gobernaci\u00f3n Miguel \u00c1ngel Osorio Chong.<\/p>\n<p>En el encuentro para la nueva agenda municipalista, Am\u00e9rico tomar\u00e1 la voz a nombre de los alcaldes agremiados en la Conferencia Nacional de Municipios de M\u00e9xico (CONAMM), que re\u00fane a mun\u00edcipes de todas las filiaciones partidistas.<\/p>\n<p>La palabra del alcalde xalape\u00f1o ser\u00e1 escuchada en ese entorno, porque ha sabido, en el marco de la autonom\u00eda municipalista, gestionar recursos de la federaci\u00f3n, y hacer valer la voz del ente de go<span style=\"background: white;\">bierno m\u00e1s peque\u00f1o de la escala, pero el que m\u00e1s resultados tiene que dar, porque ser el que resuelve los problemas de la gente<\/span>. @luisromero85<\/p>\n","protected":false},"excerpt":{"rendered":"<p>Luis Alberto Romero Hora Cero\u00a0 \u00a0 Este s\u00e1bado 23 del presente, los casi 70 integrantes del Consejo Estatal del Partido Acci\u00f3n Nacional se reunieron para desahogar algunos puntos de la organizaci\u00f3n interna. De todos los temas abordados llama la atenci\u00f3n la autorizaci\u00f3n que dicho \u00f3rgano partidista concede a su dirigente en Veracruz, Jos\u00e9 de Jes\u00fas [&hellip;]<\/p>\n","protected":false},"author":2,"featured_media":0,"comment_status":"open","ping_status":"open","sticky":false,"template":"","format":"standard","meta":{"tdm_status":"","tdm_grid_status":"","footnotes":""},"categories":[70],"tags":[3199,483,281,2980,266,107],"class_list":{"0":"post-24309","1":"post","2":"type-post","3":"status-publish","4":"format-standard","6":"category-de-opinion","7":"tag-alianza","8":"tag-americo-zuniga","9":"tag-enrique-pena-nieto","10":"tag-jose-de-jesus-mancha-alarcon","11":"tag-pan","12":"tag-prd"},"yoast_head":"<!-- This site is optimized with the Yoast SEO plugin v27.4 - https:\/\/yoast.com\/product\/yoast-seo-wordpress\/ -->\n<title>PAN da el primer paso hacia la alianza - Los pol\u00edticos Veracruz<\/title>\n<meta name=\"robots\" content=\"index, follow, max-snippet:-1, max-image-preview:large, max-video-preview:-1\" \/>\n<link rel=\"canonical\" href=\"https:\/\/lospoliticosveracruz.com\/?p=24309\" \/>\n<meta property=\"og:locale\" content=\"es_ES\" \/>\n<meta property=\"og:type\" content=\"article\" \/>\n<meta property=\"og:title\" content=\"PAN da el primer paso hacia la alianza - Los pol\u00edticos Veracruz\" \/>\n<meta property=\"og:description\" content=\"Luis Alberto Romero Hora Cero\u00a0 \u00a0 Este s\u00e1bado 23 del presente, los casi 70 integrantes del Consejo Estatal del Partido Acci\u00f3n Nacional se reunieron para desahogar algunos puntos de la organizaci\u00f3n interna. De todos los temas abordados llama la atenci\u00f3n la autorizaci\u00f3n que dicho \u00f3rgano partidista concede a su dirigente en Veracruz, Jos\u00e9 de Jes\u00fas [&hellip;]\" \/>\n<meta property=\"og:url\" content=\"https:\/\/lospoliticosveracruz.com\/?p=24309\" \/>\n<meta property=\"og:site_name\" content=\"Los pol\u00edticos Veracruz\" \/>\n<meta property=\"article:publisher\" content=\"https:\/\/www.facebook.com\/people\/Notimemes-de-los-Polticos\/61565672886568\/\" \/>\n<meta property=\"article:published_time\" content=\"2016-07-25T16:31:18+00:00\" \/>\n<meta property=\"og:image\" content=\"http:\/\/www.lospoliticosveracruz.com.mx\/wp-content\/uploads\/2015\/11\/Pepe-Mancha-Rogelio-Franco.jpg\" \/>\n<meta name=\"author\" content=\"Lo viste en Los Pol\u00edticos\" \/>\n<meta name=\"twitter:card\" content=\"summary_large_image\" \/>\n<meta name=\"twitter:creator\" content=\"@LosPoliticosVer\" \/>\n<meta name=\"twitter:site\" content=\"@LosPoliticosVer\" \/>\n<meta name=\"twitter:label1\" content=\"Escrito por\" \/>\n\t<meta name=\"twitter:data1\" content=\"Lo viste en Los Pol\u00edticos\" \/>\n\t<meta name=\"twitter:label2\" content=\"Tiempo de lectura\" \/>\n\t<meta name=\"twitter:data2\" content=\"5 minutos\" \/>\n<script type=\"application\/ld+json\" class=\"yoast-schema-graph\">{\"@context\":\"https:\\\/\\\/schema.org\",\"@graph\":[{\"@type\":\"Article\",\"@id\":\"https:\\\/\\\/lospoliticosveracruz.com\\\/?p=24309#article\",\"isPartOf\":{\"@id\":\"https:\\\/\\\/lospoliticosveracruz.com\\\/?p=24309\"},\"author\":{\"name\":\"Lo viste en Los Pol\u00edticos\",\"@id\":\"https:\\\/\\\/lospoliticosveracruz.com\\\/#\\\/schema\\\/person\\\/b8702bb0e538456e6efd07080bf2a4a2\"},\"headline\":\"PAN da el primer paso hacia la alianza\",\"datePublished\":\"2016-07-25T16:31:18+00:00\",\"mainEntityOfPage\":{\"@id\":\"https:\\\/\\\/lospoliticosveracruz.com\\\/?p=24309\"},\"wordCount\":949,\"commentCount\":0,\"publisher\":{\"@id\":\"https:\\\/\\\/lospoliticosveracruz.com\\\/#organization\"},\"image\":{\"@id\":\"https:\\\/\\\/lospoliticosveracruz.com\\\/?p=24309#primaryimage\"},\"thumbnailUrl\":\"http:\\\/\\\/www.lospoliticosveracruz.com.mx\\\/wp-content\\\/uploads\\\/2015\\\/11\\\/Pepe-Mancha-Rogelio-Franco.jpg\",\"keywords\":[\"alianza\",\"Am\u00e9rico Z\u00fa\u00f1iga\",\"Enrique Pe\u00f1a Nieto\",\"Jos\u00e9 de Jes\u00fas Mancha Alarc\u00f3n\",\"PAN\",\"PRD\"],\"articleSection\":[\"De Opini\u00f3n\"],\"inLanguage\":\"es\",\"potentialAction\":[{\"@type\":\"CommentAction\",\"name\":\"Comment\",\"target\":[\"https:\\\/\\\/lospoliticosveracruz.com\\\/?p=24309#respond\"]}]},{\"@type\":\"WebPage\",\"@id\":\"https:\\\/\\\/lospoliticosveracruz.com\\\/?p=24309\",\"url\":\"https:\\\/\\\/lospoliticosveracruz.com\\\/?p=24309\",\"name\":\"PAN da el primer paso hacia la alianza - Los pol\u00edticos Veracruz\",\"isPartOf\":{\"@id\":\"https:\\\/\\\/lospoliticosveracruz.com\\\/#website\"},\"primaryImageOfPage\":{\"@id\":\"https:\\\/\\\/lospoliticosveracruz.com\\\/?p=24309#primaryimage\"},\"image\":{\"@id\":\"https:\\\/\\\/lospoliticosveracruz.com\\\/?p=24309#primaryimage\"},\"thumbnailUrl\":\"http:\\\/\\\/www.lospoliticosveracruz.com.mx\\\/wp-content\\\/uploads\\\/2015\\\/11\\\/Pepe-Mancha-Rogelio-Franco.jpg\",\"datePublished\":\"2016-07-25T16:31:18+00:00\",\"breadcrumb\":{\"@id\":\"https:\\\/\\\/lospoliticosveracruz.com\\\/?p=24309#breadcrumb\"},\"inLanguage\":\"es\",\"potentialAction\":[{\"@type\":\"ReadAction\",\"target\":[\"https:\\\/\\\/lospoliticosveracruz.com\\\/?p=24309\"]}]},{\"@type\":\"ImageObject\",\"inLanguage\":\"es\",\"@id\":\"https:\\\/\\\/lospoliticosveracruz.com\\\/?p=24309#primaryimage\",\"url\":\"http:\\\/\\\/www.lospoliticosveracruz.com.mx\\\/wp-content\\\/uploads\\\/2015\\\/11\\\/Pepe-Mancha-Rogelio-Franco.jpg\",\"contentUrl\":\"http:\\\/\\\/www.lospoliticosveracruz.com.mx\\\/wp-content\\\/uploads\\\/2015\\\/11\\\/Pepe-Mancha-Rogelio-Franco.jpg\"},{\"@type\":\"BreadcrumbList\",\"@id\":\"https:\\\/\\\/lospoliticosveracruz.com\\\/?p=24309#breadcrumb\",\"itemListElement\":[{\"@type\":\"ListItem\",\"position\":1,\"name\":\"Portada\",\"item\":\"https:\\\/\\\/lospoliticosveracruz.com\\\/\"},{\"@type\":\"ListItem\",\"position\":2,\"name\":\"PAN da el primer paso hacia la alianza\"}]},{\"@type\":\"WebSite\",\"@id\":\"https:\\\/\\\/lospoliticosveracruz.com\\\/#website\",\"url\":\"https:\\\/\\\/lospoliticosveracruz.com\\\/\",\"name\":\"Los pol\u00edticos Veracruz\",\"description\":\"\",\"publisher\":{\"@id\":\"https:\\\/\\\/lospoliticosveracruz.com\\\/#organization\"},\"potentialAction\":[{\"@type\":\"SearchAction\",\"target\":{\"@type\":\"EntryPoint\",\"urlTemplate\":\"https:\\\/\\\/lospoliticosveracruz.com\\\/?s={search_term_string}\"},\"query-input\":{\"@type\":\"PropertyValueSpecification\",\"valueRequired\":true,\"valueName\":\"search_term_string\"}}],\"inLanguage\":\"es\"},{\"@type\":\"Organization\",\"@id\":\"https:\\\/\\\/lospoliticosveracruz.com\\\/#organization\",\"name\":\"Los pol\u00edticos Veracruz\",\"url\":\"https:\\\/\\\/lospoliticosveracruz.com\\\/\",\"logo\":{\"@type\":\"ImageObject\",\"inLanguage\":\"es\",\"@id\":\"https:\\\/\\\/lospoliticosveracruz.com\\\/#\\\/schema\\\/logo\\\/image\\\/\",\"url\":\"https:\\\/\\\/lospoliticosveracruz.com\\\/wp-content\\\/uploads\\\/2025\\\/12\\\/Logo-Nuevo-LOS-POLITICOS-1.jpg\",\"contentUrl\":\"https:\\\/\\\/lospoliticosveracruz.com\\\/wp-content\\\/uploads\\\/2025\\\/12\\\/Logo-Nuevo-LOS-POLITICOS-1.jpg\",\"width\":260,\"height\":70,\"caption\":\"Los pol\u00edticos Veracruz\"},\"image\":{\"@id\":\"https:\\\/\\\/lospoliticosveracruz.com\\\/#\\\/schema\\\/logo\\\/image\\\/\"},\"sameAs\":[\"https:\\\/\\\/www.facebook.com\\\/people\\\/Notimemes-de-los-Polticos\\\/61565672886568\\\/\",\"https:\\\/\\\/x.com\\\/LosPoliticosVer\"]},{\"@type\":\"Person\",\"@id\":\"https:\\\/\\\/lospoliticosveracruz.com\\\/#\\\/schema\\\/person\\\/b8702bb0e538456e6efd07080bf2a4a2\",\"name\":\"Lo viste en Los Pol\u00edticos\",\"image\":{\"@type\":\"ImageObject\",\"inLanguage\":\"es\",\"@id\":\"https:\\\/\\\/secure.gravatar.com\\\/avatar\\\/3a8de04a2656d44082be478bd6c086daa447c4651605818287b9532d3d0bd435?s=96&d=mm&r=g\",\"url\":\"https:\\\/\\\/secure.gravatar.com\\\/avatar\\\/3a8de04a2656d44082be478bd6c086daa447c4651605818287b9532d3d0bd435?s=96&d=mm&r=g\",\"contentUrl\":\"https:\\\/\\\/secure.gravatar.com\\\/avatar\\\/3a8de04a2656d44082be478bd6c086daa447c4651605818287b9532d3d0bd435?s=96&d=mm&r=g\",\"caption\":\"Lo viste en Los Pol\u00edticos\"},\"url\":\"https:\\\/\\\/lospoliticosveracruz.com\\\/?author=2\"}]}<\/script>\n<!-- \/ Yoast SEO plugin. -->","yoast_head_json":{"title":"PAN da el primer paso hacia la alianza - Los pol\u00edticos Veracruz","robots":{"index":"index","follow":"follow","max-snippet":"max-snippet:-1","max-image-preview":"max-image-preview:large","max-video-preview":"max-video-preview:-1"},"canonical":"https:\/\/lospoliticosveracruz.com\/?p=24309","og_locale":"es_ES","og_type":"article","og_title":"PAN da el primer paso hacia la alianza - Los pol\u00edticos Veracruz","og_description":"Luis Alberto Romero Hora Cero\u00a0 \u00a0 Este s\u00e1bado 23 del presente, los casi 70 integrantes del Consejo Estatal del Partido Acci\u00f3n Nacional se reunieron para desahogar algunos puntos de la organizaci\u00f3n interna. De todos los temas abordados llama la atenci\u00f3n la autorizaci\u00f3n que dicho \u00f3rgano partidista concede a su dirigente en Veracruz, Jos\u00e9 de Jes\u00fas [&hellip;]","og_url":"https:\/\/lospoliticosveracruz.com\/?p=24309","og_site_name":"Los pol\u00edticos Veracruz","article_publisher":"https:\/\/www.facebook.com\/people\/Notimemes-de-los-Polticos\/61565672886568\/","article_published_time":"2016-07-25T16:31:18+00:00","og_image":[{"url":"http:\/\/www.lospoliticosveracruz.com.mx\/wp-content\/uploads\/2015\/11\/Pepe-Mancha-Rogelio-Franco.jpg","type":"","width":"","height":""}],"author":"Lo viste en Los Pol\u00edticos","twitter_card":"summary_large_image","twitter_creator":"@LosPoliticosVer","twitter_site":"@LosPoliticosVer","twitter_misc":{"Escrito por":"Lo viste en Los Pol\u00edticos","Tiempo de lectura":"5 minutos"},"schema":{"@context":"https:\/\/schema.org","@graph":[{"@type":"Article","@id":"https:\/\/lospoliticosveracruz.com\/?p=24309#article","isPartOf":{"@id":"https:\/\/lospoliticosveracruz.com\/?p=24309"},"author":{"name":"Lo viste en Los Pol\u00edticos","@id":"https:\/\/lospoliticosveracruz.com\/#\/schema\/person\/b8702bb0e538456e6efd07080bf2a4a2"},"headline":"PAN da el primer paso hacia la alianza","datePublished":"2016-07-25T16:31:18+00:00","mainEntityOfPage":{"@id":"https:\/\/lospoliticosveracruz.com\/?p=24309"},"wordCount":949,"commentCount":0,"publisher":{"@id":"https:\/\/lospoliticosveracruz.com\/#organization"},"image":{"@id":"https:\/\/lospoliticosveracruz.com\/?p=24309#primaryimage"},"thumbnailUrl":"http:\/\/www.lospoliticosveracruz.com.mx\/wp-content\/uploads\/2015\/11\/Pepe-Mancha-Rogelio-Franco.jpg","keywords":["alianza","Am\u00e9rico Z\u00fa\u00f1iga","Enrique Pe\u00f1a Nieto","Jos\u00e9 de Jes\u00fas Mancha Alarc\u00f3n","PAN","PRD"],"articleSection":["De Opini\u00f3n"],"inLanguage":"es","potentialAction":[{"@type":"CommentAction","name":"Comment","target":["https:\/\/lospoliticosveracruz.com\/?p=24309#respond"]}]},{"@type":"WebPage","@id":"https:\/\/lospoliticosveracruz.com\/?p=24309","url":"https:\/\/lospoliticosveracruz.com\/?p=24309","name":"PAN da el primer paso hacia la alianza - Los pol\u00edticos Veracruz","isPartOf":{"@id":"https:\/\/lospoliticosveracruz.com\/#website"},"primaryImageOfPage":{"@id":"https:\/\/lospoliticosveracruz.com\/?p=24309#primaryimage"},"image":{"@id":"https:\/\/lospoliticosveracruz.com\/?p=24309#primaryimage"},"thumbnailUrl":"http:\/\/www.lospoliticosveracruz.com.mx\/wp-content\/uploads\/2015\/11\/Pepe-Mancha-Rogelio-Franco.jpg","datePublished":"2016-07-25T16:31:18+00:00","breadcrumb":{"@id":"https:\/\/lospoliticosveracruz.com\/?p=24309#breadcrumb"},"inLanguage":"es","potentialAction":[{"@type":"ReadAction","target":["https:\/\/lospoliticosveracruz.com\/?p=24309"]}]},{"@type":"ImageObject","inLanguage":"es","@id":"https:\/\/lospoliticosveracruz.com\/?p=24309#primaryimage","url":"http:\/\/www.lospoliticosveracruz.com.mx\/wp-content\/uploads\/2015\/11\/Pepe-Mancha-Rogelio-Franco.jpg","contentUrl":"http:\/\/www.lospoliticosveracruz.com.mx\/wp-content\/uploads\/2015\/11\/Pepe-Mancha-Rogelio-Franco.jpg"},{"@type":"BreadcrumbList","@id":"https:\/\/lospoliticosveracruz.com\/?p=24309#breadcrumb","itemListElement":[{"@type":"ListItem","position":1,"name":"Portada","item":"https:\/\/lospoliticosveracruz.com\/"},{"@type":"ListItem","position":2,"name":"PAN da el primer paso hacia la alianza"}]},{"@type":"WebSite","@id":"https:\/\/lospoliticosveracruz.com\/#website","url":"https:\/\/lospoliticosveracruz.com\/","name":"Los pol\u00edticos Veracruz","description":"","publisher":{"@id":"https:\/\/lospoliticosveracruz.com\/#organization"},"potentialAction":[{"@type":"SearchAction","target":{"@type":"EntryPoint","urlTemplate":"https:\/\/lospoliticosveracruz.com\/?s={search_term_string}"},"query-input":{"@type":"PropertyValueSpecification","valueRequired":true,"valueName":"search_term_string"}}],"inLanguage":"es"},{"@type":"Organization","@id":"https:\/\/lospoliticosveracruz.com\/#organization","name":"Los pol\u00edticos Veracruz","url":"https:\/\/lospoliticosveracruz.com\/","logo":{"@type":"ImageObject","inLanguage":"es","@id":"https:\/\/lospoliticosveracruz.com\/#\/schema\/logo\/image\/","url":"https:\/\/lospoliticosveracruz.com\/wp-content\/uploads\/2025\/12\/Logo-Nuevo-LOS-POLITICOS-1.jpg","contentUrl":"https:\/\/lospoliticosveracruz.com\/wp-content\/uploads\/2025\/12\/Logo-Nuevo-LOS-POLITICOS-1.jpg","width":260,"height":70,"caption":"Los pol\u00edticos Veracruz"},"image":{"@id":"https:\/\/lospoliticosveracruz.com\/#\/schema\/logo\/image\/"},"sameAs":["https:\/\/www.facebook.com\/people\/Notimemes-de-los-Polticos\/61565672886568\/","https:\/\/x.com\/LosPoliticosVer"]},{"@type":"Person","@id":"https:\/\/lospoliticosveracruz.com\/#\/schema\/person\/b8702bb0e538456e6efd07080bf2a4a2","name":"Lo viste en Los Pol\u00edticos","image":{"@type":"ImageObject","inLanguage":"es","@id":"https:\/\/secure.gravatar.com\/avatar\/3a8de04a2656d44082be478bd6c086daa447c4651605818287b9532d3d0bd435?s=96&d=mm&r=g","url":"https:\/\/secure.gravatar.com\/avatar\/3a8de04a2656d44082be478bd6c086daa447c4651605818287b9532d3d0bd435?s=96&d=mm&r=g","contentUrl":"https:\/\/secure.gravatar.com\/avatar\/3a8de04a2656d44082be478bd6c086daa447c4651605818287b9532d3d0bd435?s=96&d=mm&r=g","caption":"Lo viste en Los Pol\u00edticos"},"url":"https:\/\/lospoliticosveracruz.com\/?author=2"}]}},"_links":{"self":[{"href":"https:\/\/lospoliticosveracruz.com\/index.php?rest_route=\/wp\/v2\/posts\/24309","targetHints":{"allow":["GET"]}}],"collection":[{"href":"https:\/\/lospoliticosveracruz.com\/index.php?rest_route=\/wp\/v2\/posts"}],"about":[{"href":"https:\/\/lospoliticosveracruz.com\/index.php?rest_route=\/wp\/v2\/types\/post"}],"author":[{"embeddable":true,"href":"https:\/\/lospoliticosveracruz.com\/index.php?rest_route=\/wp\/v2\/users\/2"}],"replies":[{"embeddable":true,"href":"https:\/\/lospoliticosveracruz.com\/index.php?rest_route=%2Fwp%2Fv2%2Fcomments&post=24309"}],"version-history":[{"count":4,"href":"https:\/\/lospoliticosveracruz.com\/index.php?rest_route=\/wp\/v2\/posts\/24309\/revisions"}],"predecessor-version":[{"id":24313,"href":"https:\/\/lospoliticosveracruz.com\/index.php?rest_route=\/wp\/v2\/posts\/24309\/revisions\/24313"}],"wp:attachment":[{"href":"https:\/\/lospoliticosveracruz.com\/index.php?rest_route=%2Fwp%2Fv2%2Fmedia&parent=24309"}],"wp:term":[{"taxonomy":"category","embeddable":true,"href":"https:\/\/lospoliticosveracruz.com\/index.php?rest_route=%2Fwp%2Fv2%2Fcategories&post=24309"},{"taxonomy":"post_tag","embeddable":true,"href":"https:\/\/lospoliticosveracruz.com\/index.php?rest_route=%2Fwp%2Fv2%2Ftags&post=24309"}],"curies":[{"name":"wp","href":"https:\/\/api.w.org\/{rel}","templated":true}]}}