{"id":24349,"date":"2016-07-26T20:32:46","date_gmt":"2016-07-27T01:32:46","guid":{"rendered":"http:\/\/www.lospoliticosveracruz.com.mx\/?p=24349"},"modified":"2016-07-26T20:37:46","modified_gmt":"2016-07-27T01:37:46","slug":"yunes-linares-debe-llegar-a-trabajar","status":"publish","type":"post","link":"https:\/\/lospoliticosveracruz.com\/?p=24349","title":{"rendered":"Yunes Linares debe llegar a trabajar"},"content":{"rendered":"<p><a href=\"http:\/\/www.lospoliticosveracruz.com.mx\/wp-content\/uploads\/2016\/07\/Miguel-\u00c1ngel-Yunes-Linares1.jpg\"><img loading=\"lazy\" decoding=\"async\" class=\"aligncenter size-full wp-image-24350\" src=\"http:\/\/www.lospoliticosveracruz.com.mx\/wp-content\/uploads\/2016\/07\/Miguel-\u00c1ngel-Yunes-Linares1.jpg\" alt=\"Miguel \u00c1ngel Yunes Linares\" width=\"600\" height=\"400\" \/><\/a><\/p>\n<p><strong>Luis Manuel Toto P\u00f3lito<\/strong><\/p>\n<p><em>Observatorio<\/em><\/p>\n<p>Ahora que se ha echado abajo la propuesta del a\u00fan gobernador Javier Duarte de Ochoa por reemplacar a los automotores que circulan en la entidad, una maniobra que algunos veracruzanos agradecen al gobernador electo Miguel \u00c1ngel Yunes Linares, resulta perceptible que la lucha por el poder y las descalificaciones contin\u00faan entre estos dos pol\u00edticos, pero esta historia no debe continuar, ya que la ciudadan\u00eda necesita propuestas, hechos y obras, dejando atr\u00e1s el mandato de los saqueadores.<\/p>\n<p>Resultar\u00eda irrazonable y poco \u00e9tico que el estadista Miyuli\u00a0inicie, haga y finalice su breve mandato con acusaciones, luchas, dimes y diretes y chismes de lavadero contra quienes presuntamente robaron al estado, ya es momento de cambiar el rumbo y que las discusiones en medios de comunicaci\u00f3n se acaben, como lo indiqu\u00e9 anteriormente: el gobernador electo tiene que cambiar de estrategia, no seguir abonando al enfrentamiento que podr\u00eda llegar a encender Veracruz al inicio de su administraci\u00f3n, no debe poner el ejemplo ni convertirse en un Ner\u00f3n.<\/p>\n<p>La luna de miel ya ha concluido, ya triunf\u00f3 el PAN, demostr\u00f3 que el hartazgo pol\u00edtico contra el PRI rindi\u00f3 frutos y que entorno a esto ahora sigue el trabajo pesado y la rendici\u00f3n de cuentas adem\u00e1s del cumplimiento del compromiso, tal y como ocurre en un matrimonio, un matrimonio que debe trabajar en torno y abrazando a Veracruz.<\/p>\n<p>Ya que de lo contrario Miguel \u00c1ngel Yunes Linares se estar\u00eda divorciando frente a un pueblo creyente y originalmente tradicionalista, al que le han fallado pero que ha retomado las riendas de su vidas pol\u00edtica, que ya supo por primera vez lo que es cobrar con intereses la falta de sensibilidad, seriedad y trabajo.<\/p>\n<p>Nosotros como sociedad tampoco podr\u00edamos esperar que las cosas ocurran sin dinero, por ello soy un creyente que Miyuli\u00a0podr\u00eda estar en este momento sentado con Enrique Pe\u00f1a Nieto, no por agendas pol\u00edticas que siempre han estado en primer lugar, sino para conseguir que las obras y acciones que no hizo su predecesor sean investigadas, pero m\u00e1s all\u00e1 de ello que se cumplan y se pacte para que exista la posibilidad de darle a Veracruz la oportunidad de crecer realmente.<\/p>\n<p>El gobernador electo tiene en sus manos la posibilidad de extender su estrategia pol\u00edtica hasta el 2018 y m\u00e1s all\u00e1, o de verse como el hombre soberbio, arrogante que quiso mandar a Veracruz por capricho, una percepci\u00f3n que incluso otra porci\u00f3n de veracruzanos tiene de Miguel \u00c1ngel, pero esto ya lo sabe \u00e9l.<\/p>\n","protected":false},"excerpt":{"rendered":"<p>Luis Manuel Toto P\u00f3lito Observatorio Ahora que se ha echado abajo la propuesta del a\u00fan gobernador Javier Duarte de Ochoa por reemplacar a los automotores que circulan en la entidad, una maniobra que algunos veracruzanos agradecen al gobernador electo Miguel \u00c1ngel Yunes Linares, resulta perceptible que la lucha por el poder y las descalificaciones contin\u00faan [&hellip;]<\/p>\n","protected":false},"author":2,"featured_media":0,"comment_status":"open","ping_status":"open","sticky":false,"template":"","format":"standard","meta":{"tdm_status":"","tdm_grid_status":"","footnotes":""},"categories":[70],"tags":[260,428,266],"class_list":{"0":"post-24349","1":"post","2":"type-post","3":"status-publish","4":"format-standard","6":"category-de-opinion","7":"tag-javier-duarte-de-ochoa","8":"tag-miguel-angel-yunes-linares","9":"tag-pan"},"yoast_head":"<!-- This site is optimized with the Yoast SEO plugin v27.4 - https:\/\/yoast.com\/product\/yoast-seo-wordpress\/ -->\n<title>Yunes Linares debe llegar a trabajar - Los pol\u00edticos Veracruz<\/title>\n<meta name=\"robots\" content=\"index, follow, max-snippet:-1, max-image-preview:large, max-video-preview:-1\" \/>\n<link rel=\"canonical\" href=\"https:\/\/lospoliticosveracruz.com\/?p=24349\" \/>\n<meta property=\"og:locale\" content=\"es_ES\" \/>\n<meta property=\"og:type\" content=\"article\" \/>\n<meta property=\"og:title\" content=\"Yunes Linares debe llegar a trabajar - Los pol\u00edticos Veracruz\" \/>\n<meta property=\"og:description\" content=\"Luis Manuel Toto P\u00f3lito Observatorio Ahora que se ha echado abajo la propuesta del a\u00fan gobernador Javier Duarte de Ochoa por reemplacar a los automotores que circulan en la entidad, una maniobra que algunos veracruzanos agradecen al gobernador electo Miguel \u00c1ngel Yunes Linares, resulta perceptible que la lucha por el poder y las descalificaciones contin\u00faan [&hellip;]\" \/>\n<meta property=\"og:url\" content=\"https:\/\/lospoliticosveracruz.com\/?p=24349\" \/>\n<meta property=\"og:site_name\" content=\"Los pol\u00edticos Veracruz\" \/>\n<meta property=\"article:publisher\" content=\"https:\/\/www.facebook.com\/people\/Notimemes-de-los-Polticos\/61565672886568\/\" \/>\n<meta property=\"article:published_time\" content=\"2016-07-27T01:32:46+00:00\" \/>\n<meta property=\"article:modified_time\" content=\"2016-07-27T01:37:46+00:00\" \/>\n<meta property=\"og:image\" content=\"https:\/\/lospoliticosveracruz.com\/wp-content\/uploads\/2016\/07\/Logo-Dor.jpg\" \/>\n\t<meta property=\"og:image:width\" content=\"200\" \/>\n\t<meta property=\"og:image:height\" content=\"200\" \/>\n\t<meta property=\"og:image:type\" content=\"image\/jpeg\" \/>\n<meta name=\"author\" content=\"Lo viste en Los Pol\u00edticos\" \/>\n<meta name=\"twitter:card\" content=\"summary_large_image\" \/>\n<meta name=\"twitter:creator\" content=\"@LosPoliticosVer\" \/>\n<meta name=\"twitter:site\" content=\"@LosPoliticosVer\" \/>\n<meta name=\"twitter:label1\" content=\"Escrito por\" \/>\n\t<meta name=\"twitter:data1\" content=\"Lo viste en Los Pol\u00edticos\" \/>\n\t<meta name=\"twitter:label2\" content=\"Tiempo de lectura\" \/>\n\t<meta name=\"twitter:data2\" content=\"2 minutos\" \/>\n<script type=\"application\/ld+json\" class=\"yoast-schema-graph\">{\"@context\":\"https:\\\/\\\/schema.org\",\"@graph\":[{\"@type\":\"Article\",\"@id\":\"https:\\\/\\\/lospoliticosveracruz.com\\\/?p=24349#article\",\"isPartOf\":{\"@id\":\"https:\\\/\\\/lospoliticosveracruz.com\\\/?p=24349\"},\"author\":{\"name\":\"Lo viste en Los Pol\u00edticos\",\"@id\":\"https:\\\/\\\/lospoliticosveracruz.com\\\/#\\\/schema\\\/person\\\/b8702bb0e538456e6efd07080bf2a4a2\"},\"headline\":\"Yunes Linares debe llegar a trabajar\",\"datePublished\":\"2016-07-27T01:32:46+00:00\",\"dateModified\":\"2016-07-27T01:37:46+00:00\",\"mainEntityOfPage\":{\"@id\":\"https:\\\/\\\/lospoliticosveracruz.com\\\/?p=24349\"},\"wordCount\":444,\"commentCount\":0,\"publisher\":{\"@id\":\"https:\\\/\\\/lospoliticosveracruz.com\\\/#organization\"},\"keywords\":[\"Javier Duarte de Ochoa\",\"Miguel Angel Yunes Linares\",\"PAN\"],\"articleSection\":[\"De Opini\u00f3n\"],\"inLanguage\":\"es\",\"potentialAction\":[{\"@type\":\"CommentAction\",\"name\":\"Comment\",\"target\":[\"https:\\\/\\\/lospoliticosveracruz.com\\\/?p=24349#respond\"]}]},{\"@type\":\"WebPage\",\"@id\":\"https:\\\/\\\/lospoliticosveracruz.com\\\/?p=24349\",\"url\":\"https:\\\/\\\/lospoliticosveracruz.com\\\/?p=24349\",\"name\":\"Yunes Linares debe llegar a trabajar - Los pol\u00edticos Veracruz\",\"isPartOf\":{\"@id\":\"https:\\\/\\\/lospoliticosveracruz.com\\\/#website\"},\"datePublished\":\"2016-07-27T01:32:46+00:00\",\"dateModified\":\"2016-07-27T01:37:46+00:00\",\"breadcrumb\":{\"@id\":\"https:\\\/\\\/lospoliticosveracruz.com\\\/?p=24349#breadcrumb\"},\"inLanguage\":\"es\",\"potentialAction\":[{\"@type\":\"ReadAction\",\"target\":[\"https:\\\/\\\/lospoliticosveracruz.com\\\/?p=24349\"]}]},{\"@type\":\"BreadcrumbList\",\"@id\":\"https:\\\/\\\/lospoliticosveracruz.com\\\/?p=24349#breadcrumb\",\"itemListElement\":[{\"@type\":\"ListItem\",\"position\":1,\"name\":\"Portada\",\"item\":\"https:\\\/\\\/lospoliticosveracruz.com\\\/\"},{\"@type\":\"ListItem\",\"position\":2,\"name\":\"Yunes Linares debe llegar a trabajar\"}]},{\"@type\":\"WebSite\",\"@id\":\"https:\\\/\\\/lospoliticosveracruz.com\\\/#website\",\"url\":\"https:\\\/\\\/lospoliticosveracruz.com\\\/\",\"name\":\"Los pol\u00edticos Veracruz\",\"description\":\"\",\"publisher\":{\"@id\":\"https:\\\/\\\/lospoliticosveracruz.com\\\/#organization\"},\"potentialAction\":[{\"@type\":\"SearchAction\",\"target\":{\"@type\":\"EntryPoint\",\"urlTemplate\":\"https:\\\/\\\/lospoliticosveracruz.com\\\/?s={search_term_string}\"},\"query-input\":{\"@type\":\"PropertyValueSpecification\",\"valueRequired\":true,\"valueName\":\"search_term_string\"}}],\"inLanguage\":\"es\"},{\"@type\":\"Organization\",\"@id\":\"https:\\\/\\\/lospoliticosveracruz.com\\\/#organization\",\"name\":\"Los pol\u00edticos Veracruz\",\"url\":\"https:\\\/\\\/lospoliticosveracruz.com\\\/\",\"logo\":{\"@type\":\"ImageObject\",\"inLanguage\":\"es\",\"@id\":\"https:\\\/\\\/lospoliticosveracruz.com\\\/#\\\/schema\\\/logo\\\/image\\\/\",\"url\":\"https:\\\/\\\/lospoliticosveracruz.com\\\/wp-content\\\/uploads\\\/2025\\\/12\\\/Logo-Nuevo-LOS-POLITICOS-1.jpg\",\"contentUrl\":\"https:\\\/\\\/lospoliticosveracruz.com\\\/wp-content\\\/uploads\\\/2025\\\/12\\\/Logo-Nuevo-LOS-POLITICOS-1.jpg\",\"width\":260,\"height\":70,\"caption\":\"Los pol\u00edticos Veracruz\"},\"image\":{\"@id\":\"https:\\\/\\\/lospoliticosveracruz.com\\\/#\\\/schema\\\/logo\\\/image\\\/\"},\"sameAs\":[\"https:\\\/\\\/www.facebook.com\\\/people\\\/Notimemes-de-los-Polticos\\\/61565672886568\\\/\",\"https:\\\/\\\/x.com\\\/LosPoliticosVer\"]},{\"@type\":\"Person\",\"@id\":\"https:\\\/\\\/lospoliticosveracruz.com\\\/#\\\/schema\\\/person\\\/b8702bb0e538456e6efd07080bf2a4a2\",\"name\":\"Lo viste en Los Pol\u00edticos\",\"image\":{\"@type\":\"ImageObject\",\"inLanguage\":\"es\",\"@id\":\"https:\\\/\\\/secure.gravatar.com\\\/avatar\\\/3a8de04a2656d44082be478bd6c086daa447c4651605818287b9532d3d0bd435?s=96&d=mm&r=g\",\"url\":\"https:\\\/\\\/secure.gravatar.com\\\/avatar\\\/3a8de04a2656d44082be478bd6c086daa447c4651605818287b9532d3d0bd435?s=96&d=mm&r=g\",\"contentUrl\":\"https:\\\/\\\/secure.gravatar.com\\\/avatar\\\/3a8de04a2656d44082be478bd6c086daa447c4651605818287b9532d3d0bd435?s=96&d=mm&r=g\",\"caption\":\"Lo viste en Los Pol\u00edticos\"},\"url\":\"https:\\\/\\\/lospoliticosveracruz.com\\\/?author=2\"}]}<\/script>\n<!-- \/ Yoast SEO plugin. -->","yoast_head_json":{"title":"Yunes Linares debe llegar a trabajar - Los pol\u00edticos Veracruz","robots":{"index":"index","follow":"follow","max-snippet":"max-snippet:-1","max-image-preview":"max-image-preview:large","max-video-preview":"max-video-preview:-1"},"canonical":"https:\/\/lospoliticosveracruz.com\/?p=24349","og_locale":"es_ES","og_type":"article","og_title":"Yunes Linares debe llegar a trabajar - Los pol\u00edticos Veracruz","og_description":"Luis Manuel Toto P\u00f3lito Observatorio Ahora que se ha echado abajo la propuesta del a\u00fan gobernador Javier Duarte de Ochoa por reemplacar a los automotores que circulan en la entidad, una maniobra que algunos veracruzanos agradecen al gobernador electo Miguel \u00c1ngel Yunes Linares, resulta perceptible que la lucha por el poder y las descalificaciones contin\u00faan [&hellip;]","og_url":"https:\/\/lospoliticosveracruz.com\/?p=24349","og_site_name":"Los pol\u00edticos Veracruz","article_publisher":"https:\/\/www.facebook.com\/people\/Notimemes-de-los-Polticos\/61565672886568\/","article_published_time":"2016-07-27T01:32:46+00:00","article_modified_time":"2016-07-27T01:37:46+00:00","og_image":[{"width":200,"height":200,"url":"https:\/\/lospoliticosveracruz.com\/wp-content\/uploads\/2016\/07\/Logo-Dor.jpg","type":"image\/jpeg"}],"author":"Lo viste en Los Pol\u00edticos","twitter_card":"summary_large_image","twitter_creator":"@LosPoliticosVer","twitter_site":"@LosPoliticosVer","twitter_misc":{"Escrito por":"Lo viste en Los Pol\u00edticos","Tiempo de lectura":"2 minutos"},"schema":{"@context":"https:\/\/schema.org","@graph":[{"@type":"Article","@id":"https:\/\/lospoliticosveracruz.com\/?p=24349#article","isPartOf":{"@id":"https:\/\/lospoliticosveracruz.com\/?p=24349"},"author":{"name":"Lo viste en Los Pol\u00edticos","@id":"https:\/\/lospoliticosveracruz.com\/#\/schema\/person\/b8702bb0e538456e6efd07080bf2a4a2"},"headline":"Yunes Linares debe llegar a trabajar","datePublished":"2016-07-27T01:32:46+00:00","dateModified":"2016-07-27T01:37:46+00:00","mainEntityOfPage":{"@id":"https:\/\/lospoliticosveracruz.com\/?p=24349"},"wordCount":444,"commentCount":0,"publisher":{"@id":"https:\/\/lospoliticosveracruz.com\/#organization"},"keywords":["Javier Duarte de Ochoa","Miguel Angel Yunes Linares","PAN"],"articleSection":["De Opini\u00f3n"],"inLanguage":"es","potentialAction":[{"@type":"CommentAction","name":"Comment","target":["https:\/\/lospoliticosveracruz.com\/?p=24349#respond"]}]},{"@type":"WebPage","@id":"https:\/\/lospoliticosveracruz.com\/?p=24349","url":"https:\/\/lospoliticosveracruz.com\/?p=24349","name":"Yunes Linares debe llegar a trabajar - Los pol\u00edticos Veracruz","isPartOf":{"@id":"https:\/\/lospoliticosveracruz.com\/#website"},"datePublished":"2016-07-27T01:32:46+00:00","dateModified":"2016-07-27T01:37:46+00:00","breadcrumb":{"@id":"https:\/\/lospoliticosveracruz.com\/?p=24349#breadcrumb"},"inLanguage":"es","potentialAction":[{"@type":"ReadAction","target":["https:\/\/lospoliticosveracruz.com\/?p=24349"]}]},{"@type":"BreadcrumbList","@id":"https:\/\/lospoliticosveracruz.com\/?p=24349#breadcrumb","itemListElement":[{"@type":"ListItem","position":1,"name":"Portada","item":"https:\/\/lospoliticosveracruz.com\/"},{"@type":"ListItem","position":2,"name":"Yunes Linares debe llegar a trabajar"}]},{"@type":"WebSite","@id":"https:\/\/lospoliticosveracruz.com\/#website","url":"https:\/\/lospoliticosveracruz.com\/","name":"Los pol\u00edticos Veracruz","description":"","publisher":{"@id":"https:\/\/lospoliticosveracruz.com\/#organization"},"potentialAction":[{"@type":"SearchAction","target":{"@type":"EntryPoint","urlTemplate":"https:\/\/lospoliticosveracruz.com\/?s={search_term_string}"},"query-input":{"@type":"PropertyValueSpecification","valueRequired":true,"valueName":"search_term_string"}}],"inLanguage":"es"},{"@type":"Organization","@id":"https:\/\/lospoliticosveracruz.com\/#organization","name":"Los pol\u00edticos Veracruz","url":"https:\/\/lospoliticosveracruz.com\/","logo":{"@type":"ImageObject","inLanguage":"es","@id":"https:\/\/lospoliticosveracruz.com\/#\/schema\/logo\/image\/","url":"https:\/\/lospoliticosveracruz.com\/wp-content\/uploads\/2025\/12\/Logo-Nuevo-LOS-POLITICOS-1.jpg","contentUrl":"https:\/\/lospoliticosveracruz.com\/wp-content\/uploads\/2025\/12\/Logo-Nuevo-LOS-POLITICOS-1.jpg","width":260,"height":70,"caption":"Los pol\u00edticos Veracruz"},"image":{"@id":"https:\/\/lospoliticosveracruz.com\/#\/schema\/logo\/image\/"},"sameAs":["https:\/\/www.facebook.com\/people\/Notimemes-de-los-Polticos\/61565672886568\/","https:\/\/x.com\/LosPoliticosVer"]},{"@type":"Person","@id":"https:\/\/lospoliticosveracruz.com\/#\/schema\/person\/b8702bb0e538456e6efd07080bf2a4a2","name":"Lo viste en Los Pol\u00edticos","image":{"@type":"ImageObject","inLanguage":"es","@id":"https:\/\/secure.gravatar.com\/avatar\/3a8de04a2656d44082be478bd6c086daa447c4651605818287b9532d3d0bd435?s=96&d=mm&r=g","url":"https:\/\/secure.gravatar.com\/avatar\/3a8de04a2656d44082be478bd6c086daa447c4651605818287b9532d3d0bd435?s=96&d=mm&r=g","contentUrl":"https:\/\/secure.gravatar.com\/avatar\/3a8de04a2656d44082be478bd6c086daa447c4651605818287b9532d3d0bd435?s=96&d=mm&r=g","caption":"Lo viste en Los Pol\u00edticos"},"url":"https:\/\/lospoliticosveracruz.com\/?author=2"}]}},"_links":{"self":[{"href":"https:\/\/lospoliticosveracruz.com\/index.php?rest_route=\/wp\/v2\/posts\/24349","targetHints":{"allow":["GET"]}}],"collection":[{"href":"https:\/\/lospoliticosveracruz.com\/index.php?rest_route=\/wp\/v2\/posts"}],"about":[{"href":"https:\/\/lospoliticosveracruz.com\/index.php?rest_route=\/wp\/v2\/types\/post"}],"author":[{"embeddable":true,"href":"https:\/\/lospoliticosveracruz.com\/index.php?rest_route=\/wp\/v2\/users\/2"}],"replies":[{"embeddable":true,"href":"https:\/\/lospoliticosveracruz.com\/index.php?rest_route=%2Fwp%2Fv2%2Fcomments&post=24349"}],"version-history":[{"count":2,"href":"https:\/\/lospoliticosveracruz.com\/index.php?rest_route=\/wp\/v2\/posts\/24349\/revisions"}],"predecessor-version":[{"id":24352,"href":"https:\/\/lospoliticosveracruz.com\/index.php?rest_route=\/wp\/v2\/posts\/24349\/revisions\/24352"}],"wp:attachment":[{"href":"https:\/\/lospoliticosveracruz.com\/index.php?rest_route=%2Fwp%2Fv2%2Fmedia&parent=24349"}],"wp:term":[{"taxonomy":"category","embeddable":true,"href":"https:\/\/lospoliticosveracruz.com\/index.php?rest_route=%2Fwp%2Fv2%2Fcategories&post=24349"},{"taxonomy":"post_tag","embeddable":true,"href":"https:\/\/lospoliticosveracruz.com\/index.php?rest_route=%2Fwp%2Fv2%2Ftags&post=24349"}],"curies":[{"name":"wp","href":"https:\/\/api.w.org\/{rel}","templated":true}]}}