{"id":24353,"date":"2016-07-26T22:01:08","date_gmt":"2016-07-27T03:01:08","guid":{"rendered":"http:\/\/www.lospoliticosveracruz.com.mx\/?p=24353"},"modified":"2016-07-26T22:01:08","modified_gmt":"2016-07-27T03:01:08","slug":"legislatura-local-entre-el-descredito-y-el-escarnio","status":"publish","type":"post","link":"https:\/\/lospoliticosveracruz.com\/?p=24353","title":{"rendered":"Legislatura local, entre el descr\u00e9dito y el escarnio"},"content":{"rendered":"<p><a href=\"http:\/\/www.lospoliticosveracruz.com.mx\/wp-content\/uploads\/2014\/12\/Callejas.jpg\"><img loading=\"lazy\" decoding=\"async\" class=\"aligncenter size-full wp-image-13963\" src=\"http:\/\/www.lospoliticosveracruz.com.mx\/wp-content\/uploads\/2014\/12\/Callejas.jpg\" alt=\"Callejas\" width=\"300\" height=\"175\" \/><\/a><\/p>\n<p><strong>Luis Alberto Romero<\/strong><\/p>\n<p><em>Hora Cero<\/em><\/p>\n<p>Es un asunto de prioridades, de intereses y de compromisos en todo caso; sin embargo, llama la atenci\u00f3n el discurso de los legisladores panistas y perredistas veracruzanos, federales y locales, preocupados por la quiebra financiera que heredar\u00e1 la pr\u00f3xima administraci\u00f3n estatal; y, en contraparte, la muy lamentable actuaci\u00f3n de la mayor\u00eda priista en la Legislatura del Estado, as\u00ed como la exigencia de los diputados locales del tricolor para que el gobernador electo, Miguel \u00c1ngel Yunes Linares, responda a se\u00f1alamientos por presunto enriquecimiento il\u00edcito.<\/p>\n<p>El domingo 24, diputados federales de los partidos Acci\u00f3n Nacional y de la Revoluci\u00f3n Democr\u00e1tica se\u00f1alaron que ante la crisis que enfrenta Veracruz y ante el desastre financiero provocado por su gobierno estatal, es necesario un rescate que se incluya en la negociaci\u00f3n del Presupuesto de Egresos de la Federaci\u00f3n, correspondiente al ejercicio 2017.<\/p>\n<p>Los diputados Jorge L\u00f3pez Mart\u00edn (PAN) y Julio Salda\u00f1a Mor\u00e1n (PRD) se\u00f1alaron que la situaci\u00f3n que enfrenta la entidad es de urgente atenci\u00f3n, debido a los enormes pasivos del gobierno estatal, que complican el escenario futuro para Veracruz.<\/p>\n<p>Hablaron de la corrupci\u00f3n y de la impunidad en el estado; as\u00ed como de una deuda bancaria que supera los 45 mil millones de pesos, y de compromisos con proveedores por 11 mil millones de pesos m\u00e1s.<\/p>\n<p>Ante ello, los legisladores de PAN y PRD plantean un rescate financiero que de viabilidad a los pr\u00f3ximos gobiernos estatales.<\/p>\n<p>El tema parece que cal\u00f3 entre los legisladores locales priistas de Veracruz, quienes respondieron, un d\u00eda despu\u00e9s, con un se\u00f1alamiento contra el gobernador electo. Tonatiuh Pola, vocero de la bancada del Revolucionario Institucional en el Congreso local, record\u00f3 que existen acusaciones contra Yunes Linares por un presunto enriquecimiento inexplicable; asimismo, present\u00f3 una larga lista de propiedades que habr\u00eda adquirido el panista en los a\u00f1os recientes.<\/p>\n<p>\u201cHabr\u00eda que recordarle a Miguel \u00c1ngel Yunes que ganar una elecci\u00f3n no lo purifica\u201d, subray\u00f3 Pola Estrada.<\/p>\n<p>Lo malo para el diputado priista es que da la impresi\u00f3n de que los de su partido y los de su grupo pol\u00edtico, los llamados duartistas, respiran por la herida y no superan la derrota que les propinaron en las pasadas elecciones para gobernador de la entidad, en que su partido fue claramente superado por el blanquiazul.<\/p>\n<p>Alguien deber\u00eda decirles que la contienda electoral ya termin\u00f3.<\/p>\n<p>Lo peor para los legisladores priistas, sin embargo, no es s\u00f3lo la derrota, dolorosa como se puede apreciar, sino el lamentable papel a que fueron reducidos, porque a estas alturas el peso del descr\u00e9dito y del escarnio p\u00fablico es enorme.<\/p>\n<p>Fuentes internas de Acci\u00f3n Nacional comentan que a pesar de que hay legisladores, de pr\u00e1cticamente todos los partidos, que han adoptado una actitud digna, de compromiso con Veracruz y su gente, el actual Congreso local pasar\u00e1 a la historia de la entidad como sin\u00f3nimo de sumisi\u00f3n ante el poder ejecutivo y como aval del saqueo.<\/p>\n<p><strong>Morena rechaza a Silva Ramos<\/strong><\/p>\n<p>Parece que fue s\u00f3lo un borrego alimentado desde el edificio de El Olmo; por si las dudas, los del Movimiento de Regeneraci\u00f3n Nacional se apresuraron a desmentir la versi\u00f3n de que el coordinador de Comunicaci\u00f3n Social del gobierno estatal, Alberto Silva Ramos, se pueda integrar al partido que fund\u00f3 Andr\u00e9s Manuel L\u00f3pez Obrador.<\/p>\n<p>Muy interesante resulta la nota que con el t\u00edtulo \u201cMorena no admitir\u00e1 en sus filas a Silva Ramos\u201d difundi\u00f3 el portal Veracruzanos.info. En ella, Manuel Huerta, dirigente de dicho partido, fue categ\u00f3rico al afirmar que \u201cno cualquier pulga se va a subir\u2026\u201d<\/p>\n<p>De igual manera, el l\u00edder de Morena subray\u00f3 que ning\u00fan \u201cpersonero del duartismo\u201d ser\u00e1 candidato; tambi\u00e9n aclar\u00f3 que no hay espacio para personajes se\u00f1alados por corrupci\u00f3n, como los funcionarios afines al gobernador veracruzano.<\/p>\n<p><strong>Presentan APOSTILLAS de un viaje sin retorno<\/strong><\/p>\n<p>Este jueves 28 de julio, a las 18:00 horas, en la Sala de Cabildo del Ayuntamiento de Xalapa, monse\u00f1or Sergio Obeso Rivera, licenciado en filosof\u00eda y doctor en Teolog\u00eda por la Universidad Gregoriana de Roma, presentar\u00e1, al lado del periodista Jos\u00e9 Ortiz Medina, el libro APOSTILLAS de un viaje sin retorno, de Denis Hailet R\u00edos Del Valle, un comunicador oriundo de Tezonapa, que realiz\u00f3 estudios clericales y tambi\u00e9n de comunicaci\u00f3n y educaci\u00f3n en la Universidad de Xalapa.<\/p>\n<p>Esta obra, que recoge los art\u00edculos period\u00edsticos que el autor confeccion\u00f3 y fue publicando a lo largo de muchos a\u00f1os en diversos medios de comunicaci\u00f3n, fue impulsada por el alcalde Am\u00e9rico Z\u00fa\u00f1iga Mart\u00ednez y por la Universidad Popular Aut\u00f3noma de Veracruz.<\/p>\n<p>El libro se suma a otras publicaciones del Ayuntamiento de Xalapa como Xalapa, capital con historia; Xalapa, capital del arte y la cultura, de H\u00e9ctor Montes de Oca; Xallapam, los estilos art\u00edsticos del Centro Hist\u00f3rico, que coordin\u00f3 Julio C\u00e9sar Mart\u00ednez; la reedici\u00f3n de Historias, cuentos y leyendas de Xalapa, con el nombre de Sonido del agua y la arena; La prensa que tenemos, del periodista Israel Rold\u00e1n e Historias de ni\u00f1as extraordinarias, libro impulsado por el Instituto Municipal de las Mujeres de Xalapa.<\/p>\n<p>APOSTILLAS es un nuevo trabajo editorial respaldado por el Ayuntamiento de Xalapa que se suma a este legado de libros que heredar\u00e1 la administraci\u00f3n de Am\u00e9rico Z\u00fa\u00f1iga.<\/p>\n<p>El impulso se da y as\u00ed lo dice en el pr\u00f3logo el mun\u00edcipe, \u201cporque creemos en quienes construyen el legado cultural, literario y art\u00edstico de nuestra ciudad\u201d. @luisromero85<\/p>\n","protected":false},"excerpt":{"rendered":"<p>Luis Alberto Romero Hora Cero Es un asunto de prioridades, de intereses y de compromisos en todo caso; sin embargo, llama la atenci\u00f3n el discurso de los legisladores panistas y perredistas veracruzanos, federales y locales, preocupados por la quiebra financiera que heredar\u00e1 la pr\u00f3xima administraci\u00f3n estatal; y, en contraparte, la muy lamentable actuaci\u00f3n de la [&hellip;]<\/p>\n","protected":false},"author":2,"featured_media":0,"comment_status":"open","ping_status":"open","sticky":false,"template":"","format":"standard","meta":{"tdm_status":"","tdm_grid_status":"","footnotes":""},"categories":[70],"tags":[539,5805,2626,259,428,266,107,195,96],"class_list":{"0":"post-24353","1":"post","2":"type-post","3":"status-publish","4":"format-standard","6":"category-de-opinion","7":"tag-americo-zuniga-martinez","8":"tag-jorge-lopez-martin","9":"tag-julio-saldana-moran","10":"tag-legislatura","11":"tag-miguel-angel-yunes-linares","12":"tag-pan","13":"tag-prd","14":"tag-veracruz","15":"tag-xalapa"},"yoast_head":"<!-- This site is optimized with the Yoast SEO plugin v27.4 - https:\/\/yoast.com\/product\/yoast-seo-wordpress\/ -->\n<title>Legislatura local, entre el descr\u00e9dito y el escarnio - Los pol\u00edticos Veracruz<\/title>\n<meta name=\"robots\" content=\"index, follow, max-snippet:-1, max-image-preview:large, max-video-preview:-1\" \/>\n<link rel=\"canonical\" href=\"https:\/\/lospoliticosveracruz.com\/?p=24353\" \/>\n<meta property=\"og:locale\" content=\"es_ES\" \/>\n<meta property=\"og:type\" content=\"article\" \/>\n<meta property=\"og:title\" content=\"Legislatura local, entre el descr\u00e9dito y el escarnio - Los pol\u00edticos Veracruz\" \/>\n<meta property=\"og:description\" content=\"Luis Alberto Romero Hora Cero Es un asunto de prioridades, de intereses y de compromisos en todo caso; sin embargo, llama la atenci\u00f3n el discurso de los legisladores panistas y perredistas veracruzanos, federales y locales, preocupados por la quiebra financiera que heredar\u00e1 la pr\u00f3xima administraci\u00f3n estatal; y, en contraparte, la muy lamentable actuaci\u00f3n de la [&hellip;]\" \/>\n<meta property=\"og:url\" content=\"https:\/\/lospoliticosveracruz.com\/?p=24353\" \/>\n<meta property=\"og:site_name\" content=\"Los pol\u00edticos Veracruz\" \/>\n<meta property=\"article:publisher\" content=\"https:\/\/www.facebook.com\/people\/Notimemes-de-los-Polticos\/61565672886568\/\" \/>\n<meta property=\"article:published_time\" content=\"2016-07-27T03:01:08+00:00\" \/>\n<meta property=\"og:image\" content=\"http:\/\/www.lospoliticosveracruz.com.mx\/wp-content\/uploads\/2014\/12\/Callejas.jpg\" \/>\n<meta name=\"author\" content=\"Lo viste en Los Pol\u00edticos\" \/>\n<meta name=\"twitter:card\" content=\"summary_large_image\" \/>\n<meta name=\"twitter:creator\" content=\"@LosPoliticosVer\" \/>\n<meta name=\"twitter:site\" content=\"@LosPoliticosVer\" \/>\n<meta name=\"twitter:label1\" content=\"Escrito por\" \/>\n\t<meta name=\"twitter:data1\" content=\"Lo viste en Los Pol\u00edticos\" \/>\n\t<meta name=\"twitter:label2\" content=\"Tiempo de lectura\" \/>\n\t<meta name=\"twitter:data2\" content=\"5 minutos\" \/>\n<script type=\"application\/ld+json\" class=\"yoast-schema-graph\">{\"@context\":\"https:\\\/\\\/schema.org\",\"@graph\":[{\"@type\":\"Article\",\"@id\":\"https:\\\/\\\/lospoliticosveracruz.com\\\/?p=24353#article\",\"isPartOf\":{\"@id\":\"https:\\\/\\\/lospoliticosveracruz.com\\\/?p=24353\"},\"author\":{\"name\":\"Lo viste en Los Pol\u00edticos\",\"@id\":\"https:\\\/\\\/lospoliticosveracruz.com\\\/#\\\/schema\\\/person\\\/b8702bb0e538456e6efd07080bf2a4a2\"},\"headline\":\"Legislatura local, entre el descr\u00e9dito y el escarnio\",\"datePublished\":\"2016-07-27T03:01:08+00:00\",\"mainEntityOfPage\":{\"@id\":\"https:\\\/\\\/lospoliticosveracruz.com\\\/?p=24353\"},\"wordCount\":962,\"commentCount\":0,\"publisher\":{\"@id\":\"https:\\\/\\\/lospoliticosveracruz.com\\\/#organization\"},\"image\":{\"@id\":\"https:\\\/\\\/lospoliticosveracruz.com\\\/?p=24353#primaryimage\"},\"thumbnailUrl\":\"http:\\\/\\\/www.lospoliticosveracruz.com.mx\\\/wp-content\\\/uploads\\\/2014\\\/12\\\/Callejas.jpg\",\"keywords\":[\"Am\u00e9rico Z\u00fa\u00f1iga Mart\u00ednez\",\"Jorge L\u00f3pez Mart\u00edn\",\"Julio Salda\u00f1a Mor\u00e1n\",\"Legislatura\",\"Miguel Angel Yunes Linares\",\"PAN\",\"PRD\",\"Veracruz\",\"Xalapa\"],\"articleSection\":[\"De Opini\u00f3n\"],\"inLanguage\":\"es\",\"potentialAction\":[{\"@type\":\"CommentAction\",\"name\":\"Comment\",\"target\":[\"https:\\\/\\\/lospoliticosveracruz.com\\\/?p=24353#respond\"]}]},{\"@type\":\"WebPage\",\"@id\":\"https:\\\/\\\/lospoliticosveracruz.com\\\/?p=24353\",\"url\":\"https:\\\/\\\/lospoliticosveracruz.com\\\/?p=24353\",\"name\":\"Legislatura local, entre el descr\u00e9dito y el escarnio - Los pol\u00edticos Veracruz\",\"isPartOf\":{\"@id\":\"https:\\\/\\\/lospoliticosveracruz.com\\\/#website\"},\"primaryImageOfPage\":{\"@id\":\"https:\\\/\\\/lospoliticosveracruz.com\\\/?p=24353#primaryimage\"},\"image\":{\"@id\":\"https:\\\/\\\/lospoliticosveracruz.com\\\/?p=24353#primaryimage\"},\"thumbnailUrl\":\"http:\\\/\\\/www.lospoliticosveracruz.com.mx\\\/wp-content\\\/uploads\\\/2014\\\/12\\\/Callejas.jpg\",\"datePublished\":\"2016-07-27T03:01:08+00:00\",\"breadcrumb\":{\"@id\":\"https:\\\/\\\/lospoliticosveracruz.com\\\/?p=24353#breadcrumb\"},\"inLanguage\":\"es\",\"potentialAction\":[{\"@type\":\"ReadAction\",\"target\":[\"https:\\\/\\\/lospoliticosveracruz.com\\\/?p=24353\"]}]},{\"@type\":\"ImageObject\",\"inLanguage\":\"es\",\"@id\":\"https:\\\/\\\/lospoliticosveracruz.com\\\/?p=24353#primaryimage\",\"url\":\"http:\\\/\\\/www.lospoliticosveracruz.com.mx\\\/wp-content\\\/uploads\\\/2014\\\/12\\\/Callejas.jpg\",\"contentUrl\":\"http:\\\/\\\/www.lospoliticosveracruz.com.mx\\\/wp-content\\\/uploads\\\/2014\\\/12\\\/Callejas.jpg\"},{\"@type\":\"BreadcrumbList\",\"@id\":\"https:\\\/\\\/lospoliticosveracruz.com\\\/?p=24353#breadcrumb\",\"itemListElement\":[{\"@type\":\"ListItem\",\"position\":1,\"name\":\"Portada\",\"item\":\"https:\\\/\\\/lospoliticosveracruz.com\\\/\"},{\"@type\":\"ListItem\",\"position\":2,\"name\":\"Legislatura local, entre el descr\u00e9dito y el escarnio\"}]},{\"@type\":\"WebSite\",\"@id\":\"https:\\\/\\\/lospoliticosveracruz.com\\\/#website\",\"url\":\"https:\\\/\\\/lospoliticosveracruz.com\\\/\",\"name\":\"Los pol\u00edticos Veracruz\",\"description\":\"\",\"publisher\":{\"@id\":\"https:\\\/\\\/lospoliticosveracruz.com\\\/#organization\"},\"potentialAction\":[{\"@type\":\"SearchAction\",\"target\":{\"@type\":\"EntryPoint\",\"urlTemplate\":\"https:\\\/\\\/lospoliticosveracruz.com\\\/?s={search_term_string}\"},\"query-input\":{\"@type\":\"PropertyValueSpecification\",\"valueRequired\":true,\"valueName\":\"search_term_string\"}}],\"inLanguage\":\"es\"},{\"@type\":\"Organization\",\"@id\":\"https:\\\/\\\/lospoliticosveracruz.com\\\/#organization\",\"name\":\"Los pol\u00edticos Veracruz\",\"url\":\"https:\\\/\\\/lospoliticosveracruz.com\\\/\",\"logo\":{\"@type\":\"ImageObject\",\"inLanguage\":\"es\",\"@id\":\"https:\\\/\\\/lospoliticosveracruz.com\\\/#\\\/schema\\\/logo\\\/image\\\/\",\"url\":\"https:\\\/\\\/lospoliticosveracruz.com\\\/wp-content\\\/uploads\\\/2025\\\/12\\\/Logo-Nuevo-LOS-POLITICOS-1.jpg\",\"contentUrl\":\"https:\\\/\\\/lospoliticosveracruz.com\\\/wp-content\\\/uploads\\\/2025\\\/12\\\/Logo-Nuevo-LOS-POLITICOS-1.jpg\",\"width\":260,\"height\":70,\"caption\":\"Los pol\u00edticos Veracruz\"},\"image\":{\"@id\":\"https:\\\/\\\/lospoliticosveracruz.com\\\/#\\\/schema\\\/logo\\\/image\\\/\"},\"sameAs\":[\"https:\\\/\\\/www.facebook.com\\\/people\\\/Notimemes-de-los-Polticos\\\/61565672886568\\\/\",\"https:\\\/\\\/x.com\\\/LosPoliticosVer\"]},{\"@type\":\"Person\",\"@id\":\"https:\\\/\\\/lospoliticosveracruz.com\\\/#\\\/schema\\\/person\\\/b8702bb0e538456e6efd07080bf2a4a2\",\"name\":\"Lo viste en Los Pol\u00edticos\",\"image\":{\"@type\":\"ImageObject\",\"inLanguage\":\"es\",\"@id\":\"https:\\\/\\\/secure.gravatar.com\\\/avatar\\\/3a8de04a2656d44082be478bd6c086daa447c4651605818287b9532d3d0bd435?s=96&d=mm&r=g\",\"url\":\"https:\\\/\\\/secure.gravatar.com\\\/avatar\\\/3a8de04a2656d44082be478bd6c086daa447c4651605818287b9532d3d0bd435?s=96&d=mm&r=g\",\"contentUrl\":\"https:\\\/\\\/secure.gravatar.com\\\/avatar\\\/3a8de04a2656d44082be478bd6c086daa447c4651605818287b9532d3d0bd435?s=96&d=mm&r=g\",\"caption\":\"Lo viste en Los Pol\u00edticos\"},\"url\":\"https:\\\/\\\/lospoliticosveracruz.com\\\/?author=2\"}]}<\/script>\n<!-- \/ Yoast SEO plugin. -->","yoast_head_json":{"title":"Legislatura local, entre el descr\u00e9dito y el escarnio - Los pol\u00edticos Veracruz","robots":{"index":"index","follow":"follow","max-snippet":"max-snippet:-1","max-image-preview":"max-image-preview:large","max-video-preview":"max-video-preview:-1"},"canonical":"https:\/\/lospoliticosveracruz.com\/?p=24353","og_locale":"es_ES","og_type":"article","og_title":"Legislatura local, entre el descr\u00e9dito y el escarnio - Los pol\u00edticos Veracruz","og_description":"Luis Alberto Romero Hora Cero Es un asunto de prioridades, de intereses y de compromisos en todo caso; sin embargo, llama la atenci\u00f3n el discurso de los legisladores panistas y perredistas veracruzanos, federales y locales, preocupados por la quiebra financiera que heredar\u00e1 la pr\u00f3xima administraci\u00f3n estatal; y, en contraparte, la muy lamentable actuaci\u00f3n de la [&hellip;]","og_url":"https:\/\/lospoliticosveracruz.com\/?p=24353","og_site_name":"Los pol\u00edticos Veracruz","article_publisher":"https:\/\/www.facebook.com\/people\/Notimemes-de-los-Polticos\/61565672886568\/","article_published_time":"2016-07-27T03:01:08+00:00","og_image":[{"url":"http:\/\/www.lospoliticosveracruz.com.mx\/wp-content\/uploads\/2014\/12\/Callejas.jpg","type":"","width":"","height":""}],"author":"Lo viste en Los Pol\u00edticos","twitter_card":"summary_large_image","twitter_creator":"@LosPoliticosVer","twitter_site":"@LosPoliticosVer","twitter_misc":{"Escrito por":"Lo viste en Los Pol\u00edticos","Tiempo de lectura":"5 minutos"},"schema":{"@context":"https:\/\/schema.org","@graph":[{"@type":"Article","@id":"https:\/\/lospoliticosveracruz.com\/?p=24353#article","isPartOf":{"@id":"https:\/\/lospoliticosveracruz.com\/?p=24353"},"author":{"name":"Lo viste en Los Pol\u00edticos","@id":"https:\/\/lospoliticosveracruz.com\/#\/schema\/person\/b8702bb0e538456e6efd07080bf2a4a2"},"headline":"Legislatura local, entre el descr\u00e9dito y el escarnio","datePublished":"2016-07-27T03:01:08+00:00","mainEntityOfPage":{"@id":"https:\/\/lospoliticosveracruz.com\/?p=24353"},"wordCount":962,"commentCount":0,"publisher":{"@id":"https:\/\/lospoliticosveracruz.com\/#organization"},"image":{"@id":"https:\/\/lospoliticosveracruz.com\/?p=24353#primaryimage"},"thumbnailUrl":"http:\/\/www.lospoliticosveracruz.com.mx\/wp-content\/uploads\/2014\/12\/Callejas.jpg","keywords":["Am\u00e9rico Z\u00fa\u00f1iga Mart\u00ednez","Jorge L\u00f3pez Mart\u00edn","Julio Salda\u00f1a Mor\u00e1n","Legislatura","Miguel Angel Yunes Linares","PAN","PRD","Veracruz","Xalapa"],"articleSection":["De Opini\u00f3n"],"inLanguage":"es","potentialAction":[{"@type":"CommentAction","name":"Comment","target":["https:\/\/lospoliticosveracruz.com\/?p=24353#respond"]}]},{"@type":"WebPage","@id":"https:\/\/lospoliticosveracruz.com\/?p=24353","url":"https:\/\/lospoliticosveracruz.com\/?p=24353","name":"Legislatura local, entre el descr\u00e9dito y el escarnio - Los pol\u00edticos Veracruz","isPartOf":{"@id":"https:\/\/lospoliticosveracruz.com\/#website"},"primaryImageOfPage":{"@id":"https:\/\/lospoliticosveracruz.com\/?p=24353#primaryimage"},"image":{"@id":"https:\/\/lospoliticosveracruz.com\/?p=24353#primaryimage"},"thumbnailUrl":"http:\/\/www.lospoliticosveracruz.com.mx\/wp-content\/uploads\/2014\/12\/Callejas.jpg","datePublished":"2016-07-27T03:01:08+00:00","breadcrumb":{"@id":"https:\/\/lospoliticosveracruz.com\/?p=24353#breadcrumb"},"inLanguage":"es","potentialAction":[{"@type":"ReadAction","target":["https:\/\/lospoliticosveracruz.com\/?p=24353"]}]},{"@type":"ImageObject","inLanguage":"es","@id":"https:\/\/lospoliticosveracruz.com\/?p=24353#primaryimage","url":"http:\/\/www.lospoliticosveracruz.com.mx\/wp-content\/uploads\/2014\/12\/Callejas.jpg","contentUrl":"http:\/\/www.lospoliticosveracruz.com.mx\/wp-content\/uploads\/2014\/12\/Callejas.jpg"},{"@type":"BreadcrumbList","@id":"https:\/\/lospoliticosveracruz.com\/?p=24353#breadcrumb","itemListElement":[{"@type":"ListItem","position":1,"name":"Portada","item":"https:\/\/lospoliticosveracruz.com\/"},{"@type":"ListItem","position":2,"name":"Legislatura local, entre el descr\u00e9dito y el escarnio"}]},{"@type":"WebSite","@id":"https:\/\/lospoliticosveracruz.com\/#website","url":"https:\/\/lospoliticosveracruz.com\/","name":"Los pol\u00edticos Veracruz","description":"","publisher":{"@id":"https:\/\/lospoliticosveracruz.com\/#organization"},"potentialAction":[{"@type":"SearchAction","target":{"@type":"EntryPoint","urlTemplate":"https:\/\/lospoliticosveracruz.com\/?s={search_term_string}"},"query-input":{"@type":"PropertyValueSpecification","valueRequired":true,"valueName":"search_term_string"}}],"inLanguage":"es"},{"@type":"Organization","@id":"https:\/\/lospoliticosveracruz.com\/#organization","name":"Los pol\u00edticos Veracruz","url":"https:\/\/lospoliticosveracruz.com\/","logo":{"@type":"ImageObject","inLanguage":"es","@id":"https:\/\/lospoliticosveracruz.com\/#\/schema\/logo\/image\/","url":"https:\/\/lospoliticosveracruz.com\/wp-content\/uploads\/2025\/12\/Logo-Nuevo-LOS-POLITICOS-1.jpg","contentUrl":"https:\/\/lospoliticosveracruz.com\/wp-content\/uploads\/2025\/12\/Logo-Nuevo-LOS-POLITICOS-1.jpg","width":260,"height":70,"caption":"Los pol\u00edticos Veracruz"},"image":{"@id":"https:\/\/lospoliticosveracruz.com\/#\/schema\/logo\/image\/"},"sameAs":["https:\/\/www.facebook.com\/people\/Notimemes-de-los-Polticos\/61565672886568\/","https:\/\/x.com\/LosPoliticosVer"]},{"@type":"Person","@id":"https:\/\/lospoliticosveracruz.com\/#\/schema\/person\/b8702bb0e538456e6efd07080bf2a4a2","name":"Lo viste en Los Pol\u00edticos","image":{"@type":"ImageObject","inLanguage":"es","@id":"https:\/\/secure.gravatar.com\/avatar\/3a8de04a2656d44082be478bd6c086daa447c4651605818287b9532d3d0bd435?s=96&d=mm&r=g","url":"https:\/\/secure.gravatar.com\/avatar\/3a8de04a2656d44082be478bd6c086daa447c4651605818287b9532d3d0bd435?s=96&d=mm&r=g","contentUrl":"https:\/\/secure.gravatar.com\/avatar\/3a8de04a2656d44082be478bd6c086daa447c4651605818287b9532d3d0bd435?s=96&d=mm&r=g","caption":"Lo viste en Los Pol\u00edticos"},"url":"https:\/\/lospoliticosveracruz.com\/?author=2"}]}},"_links":{"self":[{"href":"https:\/\/lospoliticosveracruz.com\/index.php?rest_route=\/wp\/v2\/posts\/24353","targetHints":{"allow":["GET"]}}],"collection":[{"href":"https:\/\/lospoliticosveracruz.com\/index.php?rest_route=\/wp\/v2\/posts"}],"about":[{"href":"https:\/\/lospoliticosveracruz.com\/index.php?rest_route=\/wp\/v2\/types\/post"}],"author":[{"embeddable":true,"href":"https:\/\/lospoliticosveracruz.com\/index.php?rest_route=\/wp\/v2\/users\/2"}],"replies":[{"embeddable":true,"href":"https:\/\/lospoliticosveracruz.com\/index.php?rest_route=%2Fwp%2Fv2%2Fcomments&post=24353"}],"version-history":[{"count":1,"href":"https:\/\/lospoliticosveracruz.com\/index.php?rest_route=\/wp\/v2\/posts\/24353\/revisions"}],"predecessor-version":[{"id":24354,"href":"https:\/\/lospoliticosveracruz.com\/index.php?rest_route=\/wp\/v2\/posts\/24353\/revisions\/24354"}],"wp:attachment":[{"href":"https:\/\/lospoliticosveracruz.com\/index.php?rest_route=%2Fwp%2Fv2%2Fmedia&parent=24353"}],"wp:term":[{"taxonomy":"category","embeddable":true,"href":"https:\/\/lospoliticosveracruz.com\/index.php?rest_route=%2Fwp%2Fv2%2Fcategories&post=24353"},{"taxonomy":"post_tag","embeddable":true,"href":"https:\/\/lospoliticosveracruz.com\/index.php?rest_route=%2Fwp%2Fv2%2Ftags&post=24353"}],"curies":[{"name":"wp","href":"https:\/\/api.w.org\/{rel}","templated":true}]}}