{"id":24479,"date":"2016-08-03T09:22:08","date_gmt":"2016-08-03T14:22:08","guid":{"rendered":"http:\/\/www.lospoliticosveracruz.com.mx\/?p=24479"},"modified":"2016-08-03T09:22:08","modified_gmt":"2016-08-03T14:22:08","slug":"puras-chinaderas","status":"publish","type":"post","link":"https:\/\/lospoliticosveracruz.com\/?p=24479","title":{"rendered":"\u00a1Puras \u201cchinaderas\u201d!"},"content":{"rendered":"<p dir=\"ltr\"><strong>Salvador Mu\u00f1oz<\/strong><\/p>\n<p><em>Los Pol\u00edticos<\/em><\/p>\n<p dir=\"ltr\">A m\u00ed no me crean, pero dicen que Ricardo Ahued ya no se anda con tantas \u201cchinaderas\u201d&#8230; en sus tiendas, ya empez\u00f3 a vender artesan\u00edas mexicanas 100 por ciento veracruzanas, como son las canastas de Tantoyuca o cazuelas de barro\u2026 por eso les digo, a m\u00ed no me crean, pero s\u00ed cr\u00e9anle a Guadalupe L\u00f3pez Noriega, directora del Fondo Nacional para el Fomento a las Artesan\u00edas (Fonart).<\/p>\n<p dir=\"ltr\">Eso de las \u201cchinaderas\u201d caus\u00f3 pol\u00e9mica en el Puerto, comenta L\u00f3pez Noriega, en reuni\u00f3n que se tuvo con la delegada de Sedesol federal, Anil\u00fa Ingram Vallines, as\u00ed como varios directivos de esta \u00e1rea, entre ellos la de Fonart-Veracruz.<\/p>\n<p dir=\"ltr\">Y es cierto\u2026 vaya uno al Malec\u00f3n (si es que ya los dejan vender) o en cualquier calle del puerto jarocho, y las artesan\u00edas son \u201cmade in China\u201d.<\/p>\n<p dir=\"ltr\">Bueno, pero qu\u00e9 se puede esperar cuando que se sepa, no hay una Ley de Fomento a las Artesan\u00edas en Veracruz\u2026 y si la hay, ojal\u00e1 alguno de nuestros pr\u00f3speros diputados me lo corrigiera\u2026<\/p>\n<p dir=\"ltr\">Lo curioso\u2026 Veracruz es rico en artesan\u00edas a lo largo y ancho de su territorio aunque destacan mucho la alfarer\u00eda de San Miguel Aguasuelos, las arpas y jaranas de Alto Lucero o los textiles de Zongolica\u2026 \u00a1chingaos! \u00a1adoro sus rebozos!<\/p>\n<p dir=\"ltr\">(Por cierto\u2026 \u00bfa poco no se ve media rara la alcaldesa de Mixtla de Altamirano ocultando sus ra\u00edces negras con tinte rubio?)<\/p>\n<p dir=\"ltr\">Bueno, de acuerdo a lo que nos cuenta Lupita L\u00f3pez, las artesan\u00edas de Veracruz son un \u00e9xito cuando acuden a las ferias, en especial las de Durango, Quintana Roo y Tabasco. Es en el mismo sentido si hay concursos.<\/p>\n<p dir=\"ltr\">La titular de Fonart en Veracruz dice que hay unos 25 mil artesanos en el estado, y adheridos a este fondo, 4 mil con credencial.<\/p>\n<p dir=\"ltr\">S\u00f3lo por citar la riqueza que tenemos en este tipo de cultura: No tiene ni 20 d\u00edas que en la 41 edici\u00f3n del Concurso Nacional Gran Premio de Arte Popular, siete veracruzanos obtuvieron primeros lugares.<\/p>\n<p dir=\"ltr\">Hay que reconocer que el presidente Enrique Pe\u00f1a Nieto ha mostrado un inusitado inter\u00e9s por las artesan\u00edas mexicanas, pues en tres periodos, el presupuesto nacional para Fonart ha ido de 60, 80 y 220 millones de pesos, por lo que me extra\u00f1a que este evento no lo haya podido encontrar en la p\u00e1gina de Presidencia de la Rep\u00fablica. Hay de dos: O no lo subieron\u2026 o soy muy bruto para buscarlo\u2026 espero que sea lo segundo, y s\u00ed hayan dado relevancia a este evento que se celebr\u00f3 en el sal\u00f3n Adolfo L\u00f3pez Mateos de Los Pinos.<\/p>\n<p dir=\"ltr\">Entre los veracruzanos premiados est\u00e1n Jaime Gonz\u00e1lez Torres, de Cosoleacaque, primer lugar con una faja con dise\u00f1os en colores blanco y rojo y 25 mil pesos; por una faja tradicional hecha en telar, Samuel Zepactle Jim\u00e9nez, de Tequila, se llev\u00f3 un tercer lugar y 17 mil pesos. Saida Mart\u00ednez Hern\u00e1ndez, de Chicontepec, segundo lugar y 20 mil pesos con una blusa tradicional bordada en punto de cruz; Miguel \u00c1ngel V\u00e1zquez Guti\u00e9rrez, de San Miguel Aguasuelos, tercer lugar y 17 mil pesos por una maqueta miniatura sobre un cultivo de ma\u00edz. De Tantoyuca, Armando Hern\u00e1ndez P\u00e9rez, tercer lugar y 17 mil pesos, por una m\u00e1scara tallada en madera; \u00c9der de Jes\u00fas G\u00f3mez, de Tlacotalpan, primer lugar y 25 mil pesos por una jarana mosquito; y Francisco Sandria Medina, tambi\u00e9n de Tlacotalpan, menci\u00f3n honor\u00edfica y 10 mil pesos por una jarana de cedro.<\/p>\n<p dir=\"ltr\">El fomentar las artesan\u00edas no es una tarea f\u00e1cil\u2026 son varios factores que hacen ir contracorriente en ello, como puede ser el uso de poli\u00e9ster o estambre en la confecci\u00f3n de ropa, que baja la calidad del producto; la negativa de los mismos artesanos por crear cooperativas (son muy individualistas); esa mala cultura en muchos ciudadanos de no querer comprobar lo que se emplea o gasta (cuando entran a los proyectos), o hasta una simple canasta de pl\u00e1stico en lugar de una de mimbre, junco u otras fibras naturales\u2026 \u00a1\u00e9sas son \u201cchinaderas\u201d!, dijera Lupita L\u00f3pez Noriega, cuando no damos oportunidad a nuestros artesanos de darle un toque jarocho a nuestro entorno\u2026<\/p>\n<p>&nbsp;<\/p>\n<p dir=\"ltr\"><a href=\"mailto:smcainito@gmail.com\" target=\"_blank\">smcainito@gmail.com<\/a><\/p>\n","protected":false},"excerpt":{"rendered":"<p>Salvador Mu\u00f1oz Los Pol\u00edticos A m\u00ed no me crean, pero dicen que Ricardo Ahued ya no se anda con tantas \u201cchinaderas\u201d&#8230; en sus tiendas, ya empez\u00f3 a vender artesan\u00edas mexicanas 100 por ciento veracruzanas, como son las canastas de Tantoyuca o cazuelas de barro\u2026 por eso les digo, a m\u00ed no me crean, pero s\u00ed [&hellip;]<\/p>\n","protected":false},"author":2,"featured_media":0,"comment_status":"open","ping_status":"open","sticky":false,"template":"","format":"standard","meta":{"tdm_status":"","tdm_grid_status":"","footnotes":""},"categories":[70],"tags":[1872,5843,5844,715],"class_list":{"0":"post-24479","1":"post","2":"type-post","3":"status-publish","4":"format-standard","6":"category-de-opinion","7":"tag-anilu-ingram-vallines","8":"tag-fonart","9":"tag-guadalupe-lopez-noriega","10":"tag-sedesol"},"yoast_head":"<!-- This site is optimized with the Yoast SEO plugin v27.4 - https:\/\/yoast.com\/product\/yoast-seo-wordpress\/ -->\n<title>\u00a1Puras \u201cchinaderas\u201d! - Los pol\u00edticos Veracruz<\/title>\n<meta name=\"robots\" content=\"index, follow, max-snippet:-1, max-image-preview:large, max-video-preview:-1\" \/>\n<link rel=\"canonical\" href=\"https:\/\/lospoliticosveracruz.com\/?p=24479\" \/>\n<meta property=\"og:locale\" content=\"es_ES\" \/>\n<meta property=\"og:type\" content=\"article\" \/>\n<meta property=\"og:title\" content=\"\u00a1Puras \u201cchinaderas\u201d! - Los pol\u00edticos Veracruz\" \/>\n<meta property=\"og:description\" content=\"Salvador Mu\u00f1oz Los Pol\u00edticos A m\u00ed no me crean, pero dicen que Ricardo Ahued ya no se anda con tantas \u201cchinaderas\u201d&#8230; en sus tiendas, ya empez\u00f3 a vender artesan\u00edas mexicanas 100 por ciento veracruzanas, como son las canastas de Tantoyuca o cazuelas de barro\u2026 por eso les digo, a m\u00ed no me crean, pero s\u00ed [&hellip;]\" \/>\n<meta property=\"og:url\" content=\"https:\/\/lospoliticosveracruz.com\/?p=24479\" \/>\n<meta property=\"og:site_name\" content=\"Los pol\u00edticos Veracruz\" \/>\n<meta property=\"article:publisher\" content=\"https:\/\/www.facebook.com\/people\/Notimemes-de-los-Polticos\/61565672886568\/\" \/>\n<meta property=\"article:published_time\" content=\"2016-08-03T14:22:08+00:00\" \/>\n<meta property=\"og:image\" content=\"https:\/\/lospoliticosveracruz.com\/wp-content\/uploads\/2016\/07\/Logo-Dor.jpg\" \/>\n\t<meta property=\"og:image:width\" content=\"200\" \/>\n\t<meta property=\"og:image:height\" content=\"200\" \/>\n\t<meta property=\"og:image:type\" content=\"image\/jpeg\" \/>\n<meta name=\"author\" content=\"Lo viste en Los Pol\u00edticos\" \/>\n<meta name=\"twitter:card\" content=\"summary_large_image\" \/>\n<meta name=\"twitter:creator\" content=\"@LosPoliticosVer\" \/>\n<meta name=\"twitter:site\" content=\"@LosPoliticosVer\" \/>\n<meta name=\"twitter:label1\" content=\"Escrito por\" \/>\n\t<meta name=\"twitter:data1\" content=\"Lo viste en Los Pol\u00edticos\" \/>\n\t<meta name=\"twitter:label2\" content=\"Tiempo de lectura\" \/>\n\t<meta name=\"twitter:data2\" content=\"4 minutos\" \/>\n<script type=\"application\/ld+json\" class=\"yoast-schema-graph\">{\"@context\":\"https:\\\/\\\/schema.org\",\"@graph\":[{\"@type\":\"Article\",\"@id\":\"https:\\\/\\\/lospoliticosveracruz.com\\\/?p=24479#article\",\"isPartOf\":{\"@id\":\"https:\\\/\\\/lospoliticosveracruz.com\\\/?p=24479\"},\"author\":{\"name\":\"Lo viste en Los Pol\u00edticos\",\"@id\":\"https:\\\/\\\/lospoliticosveracruz.com\\\/#\\\/schema\\\/person\\\/b8702bb0e538456e6efd07080bf2a4a2\"},\"headline\":\"\u00a1Puras \u201cchinaderas\u201d!\",\"datePublished\":\"2016-08-03T14:22:08+00:00\",\"mainEntityOfPage\":{\"@id\":\"https:\\\/\\\/lospoliticosveracruz.com\\\/?p=24479\"},\"wordCount\":723,\"commentCount\":0,\"publisher\":{\"@id\":\"https:\\\/\\\/lospoliticosveracruz.com\\\/#organization\"},\"keywords\":[\"Anil\u00fa Ingram Vallines\",\"Fonart\",\"Guadalupe L\u00f3pez Noriega\",\"Sedesol\"],\"articleSection\":[\"De Opini\u00f3n\"],\"inLanguage\":\"es\",\"potentialAction\":[{\"@type\":\"CommentAction\",\"name\":\"Comment\",\"target\":[\"https:\\\/\\\/lospoliticosveracruz.com\\\/?p=24479#respond\"]}]},{\"@type\":\"WebPage\",\"@id\":\"https:\\\/\\\/lospoliticosveracruz.com\\\/?p=24479\",\"url\":\"https:\\\/\\\/lospoliticosveracruz.com\\\/?p=24479\",\"name\":\"\u00a1Puras \u201cchinaderas\u201d! - Los pol\u00edticos Veracruz\",\"isPartOf\":{\"@id\":\"https:\\\/\\\/lospoliticosveracruz.com\\\/#website\"},\"datePublished\":\"2016-08-03T14:22:08+00:00\",\"breadcrumb\":{\"@id\":\"https:\\\/\\\/lospoliticosveracruz.com\\\/?p=24479#breadcrumb\"},\"inLanguage\":\"es\",\"potentialAction\":[{\"@type\":\"ReadAction\",\"target\":[\"https:\\\/\\\/lospoliticosveracruz.com\\\/?p=24479\"]}]},{\"@type\":\"BreadcrumbList\",\"@id\":\"https:\\\/\\\/lospoliticosveracruz.com\\\/?p=24479#breadcrumb\",\"itemListElement\":[{\"@type\":\"ListItem\",\"position\":1,\"name\":\"Portada\",\"item\":\"https:\\\/\\\/lospoliticosveracruz.com\\\/\"},{\"@type\":\"ListItem\",\"position\":2,\"name\":\"\u00a1Puras \u201cchinaderas\u201d!\"}]},{\"@type\":\"WebSite\",\"@id\":\"https:\\\/\\\/lospoliticosveracruz.com\\\/#website\",\"url\":\"https:\\\/\\\/lospoliticosveracruz.com\\\/\",\"name\":\"Los pol\u00edticos Veracruz\",\"description\":\"\",\"publisher\":{\"@id\":\"https:\\\/\\\/lospoliticosveracruz.com\\\/#organization\"},\"potentialAction\":[{\"@type\":\"SearchAction\",\"target\":{\"@type\":\"EntryPoint\",\"urlTemplate\":\"https:\\\/\\\/lospoliticosveracruz.com\\\/?s={search_term_string}\"},\"query-input\":{\"@type\":\"PropertyValueSpecification\",\"valueRequired\":true,\"valueName\":\"search_term_string\"}}],\"inLanguage\":\"es\"},{\"@type\":\"Organization\",\"@id\":\"https:\\\/\\\/lospoliticosveracruz.com\\\/#organization\",\"name\":\"Los pol\u00edticos Veracruz\",\"url\":\"https:\\\/\\\/lospoliticosveracruz.com\\\/\",\"logo\":{\"@type\":\"ImageObject\",\"inLanguage\":\"es\",\"@id\":\"https:\\\/\\\/lospoliticosveracruz.com\\\/#\\\/schema\\\/logo\\\/image\\\/\",\"url\":\"https:\\\/\\\/lospoliticosveracruz.com\\\/wp-content\\\/uploads\\\/2025\\\/12\\\/Logo-Nuevo-LOS-POLITICOS-1.jpg\",\"contentUrl\":\"https:\\\/\\\/lospoliticosveracruz.com\\\/wp-content\\\/uploads\\\/2025\\\/12\\\/Logo-Nuevo-LOS-POLITICOS-1.jpg\",\"width\":260,\"height\":70,\"caption\":\"Los pol\u00edticos Veracruz\"},\"image\":{\"@id\":\"https:\\\/\\\/lospoliticosveracruz.com\\\/#\\\/schema\\\/logo\\\/image\\\/\"},\"sameAs\":[\"https:\\\/\\\/www.facebook.com\\\/people\\\/Notimemes-de-los-Polticos\\\/61565672886568\\\/\",\"https:\\\/\\\/x.com\\\/LosPoliticosVer\"]},{\"@type\":\"Person\",\"@id\":\"https:\\\/\\\/lospoliticosveracruz.com\\\/#\\\/schema\\\/person\\\/b8702bb0e538456e6efd07080bf2a4a2\",\"name\":\"Lo viste en Los Pol\u00edticos\",\"image\":{\"@type\":\"ImageObject\",\"inLanguage\":\"es\",\"@id\":\"https:\\\/\\\/secure.gravatar.com\\\/avatar\\\/3a8de04a2656d44082be478bd6c086daa447c4651605818287b9532d3d0bd435?s=96&d=mm&r=g\",\"url\":\"https:\\\/\\\/secure.gravatar.com\\\/avatar\\\/3a8de04a2656d44082be478bd6c086daa447c4651605818287b9532d3d0bd435?s=96&d=mm&r=g\",\"contentUrl\":\"https:\\\/\\\/secure.gravatar.com\\\/avatar\\\/3a8de04a2656d44082be478bd6c086daa447c4651605818287b9532d3d0bd435?s=96&d=mm&r=g\",\"caption\":\"Lo viste en Los Pol\u00edticos\"},\"url\":\"https:\\\/\\\/lospoliticosveracruz.com\\\/?author=2\"}]}<\/script>\n<!-- \/ Yoast SEO plugin. -->","yoast_head_json":{"title":"\u00a1Puras \u201cchinaderas\u201d! - Los pol\u00edticos Veracruz","robots":{"index":"index","follow":"follow","max-snippet":"max-snippet:-1","max-image-preview":"max-image-preview:large","max-video-preview":"max-video-preview:-1"},"canonical":"https:\/\/lospoliticosveracruz.com\/?p=24479","og_locale":"es_ES","og_type":"article","og_title":"\u00a1Puras \u201cchinaderas\u201d! - Los pol\u00edticos Veracruz","og_description":"Salvador Mu\u00f1oz Los Pol\u00edticos A m\u00ed no me crean, pero dicen que Ricardo Ahued ya no se anda con tantas \u201cchinaderas\u201d&#8230; en sus tiendas, ya empez\u00f3 a vender artesan\u00edas mexicanas 100 por ciento veracruzanas, como son las canastas de Tantoyuca o cazuelas de barro\u2026 por eso les digo, a m\u00ed no me crean, pero s\u00ed [&hellip;]","og_url":"https:\/\/lospoliticosveracruz.com\/?p=24479","og_site_name":"Los pol\u00edticos Veracruz","article_publisher":"https:\/\/www.facebook.com\/people\/Notimemes-de-los-Polticos\/61565672886568\/","article_published_time":"2016-08-03T14:22:08+00:00","og_image":[{"width":200,"height":200,"url":"https:\/\/lospoliticosveracruz.com\/wp-content\/uploads\/2016\/07\/Logo-Dor.jpg","type":"image\/jpeg"}],"author":"Lo viste en Los Pol\u00edticos","twitter_card":"summary_large_image","twitter_creator":"@LosPoliticosVer","twitter_site":"@LosPoliticosVer","twitter_misc":{"Escrito por":"Lo viste en Los Pol\u00edticos","Tiempo de lectura":"4 minutos"},"schema":{"@context":"https:\/\/schema.org","@graph":[{"@type":"Article","@id":"https:\/\/lospoliticosveracruz.com\/?p=24479#article","isPartOf":{"@id":"https:\/\/lospoliticosveracruz.com\/?p=24479"},"author":{"name":"Lo viste en Los Pol\u00edticos","@id":"https:\/\/lospoliticosveracruz.com\/#\/schema\/person\/b8702bb0e538456e6efd07080bf2a4a2"},"headline":"\u00a1Puras \u201cchinaderas\u201d!","datePublished":"2016-08-03T14:22:08+00:00","mainEntityOfPage":{"@id":"https:\/\/lospoliticosveracruz.com\/?p=24479"},"wordCount":723,"commentCount":0,"publisher":{"@id":"https:\/\/lospoliticosveracruz.com\/#organization"},"keywords":["Anil\u00fa Ingram Vallines","Fonart","Guadalupe L\u00f3pez Noriega","Sedesol"],"articleSection":["De Opini\u00f3n"],"inLanguage":"es","potentialAction":[{"@type":"CommentAction","name":"Comment","target":["https:\/\/lospoliticosveracruz.com\/?p=24479#respond"]}]},{"@type":"WebPage","@id":"https:\/\/lospoliticosveracruz.com\/?p=24479","url":"https:\/\/lospoliticosveracruz.com\/?p=24479","name":"\u00a1Puras \u201cchinaderas\u201d! - Los pol\u00edticos Veracruz","isPartOf":{"@id":"https:\/\/lospoliticosveracruz.com\/#website"},"datePublished":"2016-08-03T14:22:08+00:00","breadcrumb":{"@id":"https:\/\/lospoliticosveracruz.com\/?p=24479#breadcrumb"},"inLanguage":"es","potentialAction":[{"@type":"ReadAction","target":["https:\/\/lospoliticosveracruz.com\/?p=24479"]}]},{"@type":"BreadcrumbList","@id":"https:\/\/lospoliticosveracruz.com\/?p=24479#breadcrumb","itemListElement":[{"@type":"ListItem","position":1,"name":"Portada","item":"https:\/\/lospoliticosveracruz.com\/"},{"@type":"ListItem","position":2,"name":"\u00a1Puras \u201cchinaderas\u201d!"}]},{"@type":"WebSite","@id":"https:\/\/lospoliticosveracruz.com\/#website","url":"https:\/\/lospoliticosveracruz.com\/","name":"Los pol\u00edticos Veracruz","description":"","publisher":{"@id":"https:\/\/lospoliticosveracruz.com\/#organization"},"potentialAction":[{"@type":"SearchAction","target":{"@type":"EntryPoint","urlTemplate":"https:\/\/lospoliticosveracruz.com\/?s={search_term_string}"},"query-input":{"@type":"PropertyValueSpecification","valueRequired":true,"valueName":"search_term_string"}}],"inLanguage":"es"},{"@type":"Organization","@id":"https:\/\/lospoliticosveracruz.com\/#organization","name":"Los pol\u00edticos Veracruz","url":"https:\/\/lospoliticosveracruz.com\/","logo":{"@type":"ImageObject","inLanguage":"es","@id":"https:\/\/lospoliticosveracruz.com\/#\/schema\/logo\/image\/","url":"https:\/\/lospoliticosveracruz.com\/wp-content\/uploads\/2025\/12\/Logo-Nuevo-LOS-POLITICOS-1.jpg","contentUrl":"https:\/\/lospoliticosveracruz.com\/wp-content\/uploads\/2025\/12\/Logo-Nuevo-LOS-POLITICOS-1.jpg","width":260,"height":70,"caption":"Los pol\u00edticos Veracruz"},"image":{"@id":"https:\/\/lospoliticosveracruz.com\/#\/schema\/logo\/image\/"},"sameAs":["https:\/\/www.facebook.com\/people\/Notimemes-de-los-Polticos\/61565672886568\/","https:\/\/x.com\/LosPoliticosVer"]},{"@type":"Person","@id":"https:\/\/lospoliticosveracruz.com\/#\/schema\/person\/b8702bb0e538456e6efd07080bf2a4a2","name":"Lo viste en Los Pol\u00edticos","image":{"@type":"ImageObject","inLanguage":"es","@id":"https:\/\/secure.gravatar.com\/avatar\/3a8de04a2656d44082be478bd6c086daa447c4651605818287b9532d3d0bd435?s=96&d=mm&r=g","url":"https:\/\/secure.gravatar.com\/avatar\/3a8de04a2656d44082be478bd6c086daa447c4651605818287b9532d3d0bd435?s=96&d=mm&r=g","contentUrl":"https:\/\/secure.gravatar.com\/avatar\/3a8de04a2656d44082be478bd6c086daa447c4651605818287b9532d3d0bd435?s=96&d=mm&r=g","caption":"Lo viste en Los Pol\u00edticos"},"url":"https:\/\/lospoliticosveracruz.com\/?author=2"}]}},"_links":{"self":[{"href":"https:\/\/lospoliticosveracruz.com\/index.php?rest_route=\/wp\/v2\/posts\/24479","targetHints":{"allow":["GET"]}}],"collection":[{"href":"https:\/\/lospoliticosveracruz.com\/index.php?rest_route=\/wp\/v2\/posts"}],"about":[{"href":"https:\/\/lospoliticosveracruz.com\/index.php?rest_route=\/wp\/v2\/types\/post"}],"author":[{"embeddable":true,"href":"https:\/\/lospoliticosveracruz.com\/index.php?rest_route=\/wp\/v2\/users\/2"}],"replies":[{"embeddable":true,"href":"https:\/\/lospoliticosveracruz.com\/index.php?rest_route=%2Fwp%2Fv2%2Fcomments&post=24479"}],"version-history":[{"count":1,"href":"https:\/\/lospoliticosveracruz.com\/index.php?rest_route=\/wp\/v2\/posts\/24479\/revisions"}],"predecessor-version":[{"id":24481,"href":"https:\/\/lospoliticosveracruz.com\/index.php?rest_route=\/wp\/v2\/posts\/24479\/revisions\/24481"}],"wp:attachment":[{"href":"https:\/\/lospoliticosveracruz.com\/index.php?rest_route=%2Fwp%2Fv2%2Fmedia&parent=24479"}],"wp:term":[{"taxonomy":"category","embeddable":true,"href":"https:\/\/lospoliticosveracruz.com\/index.php?rest_route=%2Fwp%2Fv2%2Fcategories&post=24479"},{"taxonomy":"post_tag","embeddable":true,"href":"https:\/\/lospoliticosveracruz.com\/index.php?rest_route=%2Fwp%2Fv2%2Ftags&post=24479"}],"curies":[{"name":"wp","href":"https:\/\/api.w.org\/{rel}","templated":true}]}}