{"id":24495,"date":"2016-08-03T22:27:24","date_gmt":"2016-08-04T03:27:24","guid":{"rendered":"http:\/\/www.lospoliticosveracruz.com.mx\/?p=24495"},"modified":"2016-08-03T22:27:24","modified_gmt":"2016-08-04T03:27:24","slug":"bermudez-mas-rico-que-duarte","status":"publish","type":"post","link":"https:\/\/lospoliticosveracruz.com\/?p=24495","title":{"rendered":"Berm\u00fadez, m\u00e1s rico que Duarte"},"content":{"rendered":"<p dir=\"ltr\"><strong>Salvador Mu\u00f1oz<\/strong><\/p>\n<p><em>Los Pol\u00edticos<\/em><\/p>\n<p dir=\"ltr\">La broma que se ha hecho en torno a las supuestas propiedades de Javier Duarte de Ochoa y dem\u00e1s pr\u00f3speros en Woodlands Country Club, es que est\u00e1n haciendo una invasi\u00f3n silenciosa en Texas\u2026 para vengarse de los gringos cuando nos despojaron de este territorio.<\/p>\n<p dir=\"ltr\">En el sitio \u201cAristegui Noticias\u201d se da a conocer que el matrimonio Berm\u00fadez Mendoza tiene cinco residencias en ese ya famoso paradisiaco lugar de Houston; a ello se le agreg\u00f3 que en las redes empez\u00f3 a circular un documento llamado \u201cEl libro negro de SSP-Veracruz\u201d (LN-SSP-Ver) donde ya no son cinco las propiedades que le atribuyen al titular de Seguridad P\u00fablica y a su esposa, \u00a1sino once!, distribuidas entre otros familiares.<\/p>\n<p dir=\"ltr\">II<\/p>\n<p dir=\"ltr\">\u201cTodos mis bienes son producto del trabajo como funcionario, ingresos fuera del Gobierno y a trav\u00e9s de cr\u00e9ditos; he actuado conforme a la Ley\u201d, dice Berm\u00fadez.<\/p>\n<p dir=\"ltr\">\u00bfEs delito tener propiedades? No lo creo. \u00bfEs delito adquirirlas fuera del pa\u00eds? Tampoco lo creo. El asunto es que la prosperidad alcanzada por Arturo Berm\u00fadez y familia\u00a0se presta para sospechar en un estado donde las arcas de la administraci\u00f3n donde trabaja el funcionario, est\u00e1n en quiebra. \u00bfC\u00f3mo es que Veracruz est\u00e1 jodido y quienes debieran evitar ello, gozan de cabal salud econ\u00f3mica? \u00a1Vamos! \u00a1Rebosan de salud\u2026 financiera!<\/p>\n<p dir=\"ltr\">III<\/p>\n<p dir=\"ltr\">En lo particular, no le doy validez al documento LN-SSP-Ver, pero da lugar para hacer el siguiente ejercicio que s\u00f3lo tendr\u00e1 supuestos en su desarrollo, sin que ello implique su veracidad:<\/p>\n<p dir=\"ltr\">El 8 de julio de 2011, Javier Duarte de Ochoa tomaba protesta a Arturo Berm\u00fadez Zurita como titular de Seguridad P\u00fablica en el estado. Al a\u00f1o con un mes, un 31 de agosto 2012, la esposa del funcionario, Sof\u00eda Lisbeth Mendoza Hern\u00e1ndez, de acuerdo a este documento titulado \u201cEl libro negro de SSP-Veracruz\u201d, adquir\u00eda una residencia en Woodlands con un valor aproximado a los 5 millones 800 mil pesos.<\/p>\n<p dir=\"ltr\">Dos meses despu\u00e9s (octubre 2012), la se\u00f1ora Sof\u00eda compra otra, pero ahora con un valor de casi 16 millones y medio de pesos.<\/p>\n<p dir=\"ltr\">Lo curioso es que vuelven a pasar dos meses (diciembre 2012), y adquiere otra por casi diez millones de pesos.<\/p>\n<p dir=\"ltr\">Si nos basamos en lo que dice \u201cEl libro negro de SSP-Veracruz\u201d, en la adquisici\u00f3n de bienes inmuebles por parte de la se\u00f1ora, se da como sistema, cada dos meses. Si uno pensara mal, estamos hablando que Sof\u00eda Lisbeth manej\u00f3 en seis meses m\u00e1s de 30 millones de pesos. \u00bfPodr\u00eda parecer sospechoso? \u00a1Quiz\u00e1s! Por eso, dos meses despu\u00e9s de la \u00faltima adquisici\u00f3n de la esposa de Berm\u00fadez, ahora es un sobrino de nombre Jes\u00fas Gabriel Berm\u00fadez Gonz\u00e1lez, quien 60 d\u00edas posteriores a la \u00faltima compra de su t\u00eda (mero el d\u00eda del amor 2013), \u00a1hace lo mismo! y adquiere una propiedad por seis millones 734 mil pesos.<\/p>\n<p dir=\"ltr\">IV<\/p>\n<p dir=\"ltr\">Diecisiete d\u00edas despu\u00e9s (3 de marzo 2013), dice el LN-SSP-Ver, un integrante m\u00e1s de la familia Berm\u00fadez, ahora el hermano de Arturo, Miguel \u00c1ngel, compra una residencia por 6 millones 364 mil pesos.<\/p>\n<p dir=\"ltr\">Pasaron 32 d\u00edas, y el d\u00eda del ni\u00f1o (2013), el que hacen llamar como \u201csocio\u201d de Arturo Berm\u00fadez Zurita, Roberto Esquivel Hern\u00e1ndez, adquiere un cacho m\u00e1s de Woodlands por 6 millones 123 mil pesos.<\/p>\n<p dir=\"ltr\">Arturo Berm\u00fadez Zurita, bas\u00e1ndonos siempre en ese \u201clibro negro de SSP-Veracruz\u201d, compra en junio (2013) un espacio m\u00e1s en este paradisiaco lugar por 6 millones 567 mil pesos.<\/p>\n<p dir=\"ltr\">El cinco de agosto (2013) aparece en escena otro sobrino del titular de Seguridad P\u00fablica de nombre Gerardo Berm\u00fadez Gonz\u00e1lez y se hace de una residencia por 7 millones 178 mil pesos.<\/p>\n<p dir=\"ltr\">Hasta aqu\u00ed hacemos un par\u00e9ntesis para marcar la constante: Entre un mes o dos meses, la familia Berm\u00fadez tuvo entradas m\u00ednimas por seis millones de pesos que al menos, bas\u00e1ndonos en este documento llamado LN-SSP-Ver, le dieron para invertir fuera de M\u00e9xico. Adem\u00e1s, cabe citar que hasta la compra de Gerardo Berm\u00fadez, se deja pasar un a\u00f1o y un mes (22 de septiembre 2014) para que la familia pr\u00f3spera vuelva a adquirir otro inmueble, v\u00eda Miguel \u00c1ngel Berm\u00fadez Zurita, ahora con un valor de siete millones 474 mil pesos y ese mismo d\u00eda, a trav\u00e9s de alguien a quien citan como \u201ctestaferro\u201d, de nombre Alan Israel Romahn Mendoza, se compra otra residencia por seis millones 549 mil pesos.<\/p>\n<p dir=\"ltr\">V<\/p>\n<p dir=\"ltr\">Dos a\u00f1os despu\u00e9s, en abril 29 de 2016, se tiene registro en este documento titulado \u201cEl libro negro de SSP-Veracruz\u201d, la \u00faltima compra por Arturo Berm\u00fadez Zurita, por 6 millones 105 mil pesos.<\/p>\n<p dir=\"ltr\">En total, del 2012 a la fecha, la familia Berm\u00fadez, junto con sus socios, invirtieron 85 millones 137 mil pesos en Woodlands.<\/p>\n<p dir=\"ltr\">Berm\u00fadez dice que todos sus bienes son producto del trabajo como funcionario, ingresos fuera del Gobierno y a trav\u00e9s de cr\u00e9ditos; \u201che actuado conforme a la Ley\u201d.<\/p>\n<p dir=\"ltr\">Como secretario de despacho, su sueldo a ojo de buen cubero est\u00e1 en 60 mil 500 pesos mensuales. Al a\u00f1o, son 726 mil pesos. En lo que lleva como titular de SP, se puede decir que ha ganado unos 2 millones 904 mil pesos, que no se acercan ni para el enganche de una residencia en Woodlands, pero bueno, dice que tiene negocios de Seguridad Privada adem\u00e1s de cr\u00e9ditos\u2026 se le da el beneficio de la duda, pero igual, creo que debiera recomendar a los veracruzanos a sus entidades crediticias, porque si acaso lo que comenta \u201cEl libro negro de SSP-Veracruz\u201d fuera cierto, no vaya a ser que ahora, el secretario de Seguridad P\u00fablica \u00a1sea m\u00e1s rico que el Gobernador!<\/p>\n<p>&nbsp;<\/p>\n<p dir=\"ltr\"><a href=\"mailto:smcainito@gmail.com\" target=\"_blank\">smcainito@gmail.com<\/a><\/p>\n","protected":false},"excerpt":{"rendered":"<p>Salvador Mu\u00f1oz Los Pol\u00edticos La broma que se ha hecho en torno a las supuestas propiedades de Javier Duarte de Ochoa y dem\u00e1s pr\u00f3speros en Woodlands Country Club, es que est\u00e1n haciendo una invasi\u00f3n silenciosa en Texas\u2026 para vengarse de los gringos cuando nos despojaron de este territorio. En el sitio \u201cAristegui Noticias\u201d se da [&hellip;]<\/p>\n","protected":false},"author":2,"featured_media":0,"comment_status":"open","ping_status":"open","sticky":false,"template":"","format":"standard","meta":{"tdm_status":"","tdm_grid_status":"","footnotes":""},"categories":[70],"tags":[960,5854],"class_list":{"0":"post-24495","1":"post","2":"type-post","3":"status-publish","4":"format-standard","6":"category-de-opinion","7":"tag-arturo-bermudez-zurita","8":"tag-secretario-de-seguridad-publica"},"yoast_head":"<!-- This site is optimized with the Yoast SEO plugin v27.4 - https:\/\/yoast.com\/product\/yoast-seo-wordpress\/ -->\n<title>Berm\u00fadez, m\u00e1s rico que Duarte - Los pol\u00edticos Veracruz<\/title>\n<meta name=\"robots\" content=\"index, follow, max-snippet:-1, max-image-preview:large, max-video-preview:-1\" \/>\n<link rel=\"canonical\" href=\"https:\/\/lospoliticosveracruz.com\/?p=24495\" \/>\n<meta property=\"og:locale\" content=\"es_ES\" \/>\n<meta property=\"og:type\" content=\"article\" \/>\n<meta property=\"og:title\" content=\"Berm\u00fadez, m\u00e1s rico que Duarte - Los pol\u00edticos Veracruz\" \/>\n<meta property=\"og:description\" content=\"Salvador Mu\u00f1oz Los Pol\u00edticos La broma que se ha hecho en torno a las supuestas propiedades de Javier Duarte de Ochoa y dem\u00e1s pr\u00f3speros en Woodlands Country Club, es que est\u00e1n haciendo una invasi\u00f3n silenciosa en Texas\u2026 para vengarse de los gringos cuando nos despojaron de este territorio. En el sitio \u201cAristegui Noticias\u201d se da [&hellip;]\" \/>\n<meta property=\"og:url\" content=\"https:\/\/lospoliticosveracruz.com\/?p=24495\" \/>\n<meta property=\"og:site_name\" content=\"Los pol\u00edticos Veracruz\" \/>\n<meta property=\"article:publisher\" content=\"https:\/\/www.facebook.com\/people\/Notimemes-de-los-Polticos\/61565672886568\/\" \/>\n<meta property=\"article:published_time\" content=\"2016-08-04T03:27:24+00:00\" \/>\n<meta property=\"og:image\" content=\"https:\/\/lospoliticosveracruz.com\/wp-content\/uploads\/2016\/07\/Logo-Dor.jpg\" \/>\n\t<meta property=\"og:image:width\" content=\"200\" \/>\n\t<meta property=\"og:image:height\" content=\"200\" \/>\n\t<meta property=\"og:image:type\" content=\"image\/jpeg\" \/>\n<meta name=\"author\" content=\"Lo viste en Los Pol\u00edticos\" \/>\n<meta name=\"twitter:card\" content=\"summary_large_image\" \/>\n<meta name=\"twitter:creator\" content=\"@LosPoliticosVer\" \/>\n<meta name=\"twitter:site\" content=\"@LosPoliticosVer\" \/>\n<meta name=\"twitter:label1\" content=\"Escrito por\" \/>\n\t<meta name=\"twitter:data1\" content=\"Lo viste en Los Pol\u00edticos\" \/>\n\t<meta name=\"twitter:label2\" content=\"Tiempo de lectura\" \/>\n\t<meta name=\"twitter:data2\" content=\"5 minutos\" \/>\n<script type=\"application\/ld+json\" class=\"yoast-schema-graph\">{\"@context\":\"https:\\\/\\\/schema.org\",\"@graph\":[{\"@type\":\"Article\",\"@id\":\"https:\\\/\\\/lospoliticosveracruz.com\\\/?p=24495#article\",\"isPartOf\":{\"@id\":\"https:\\\/\\\/lospoliticosveracruz.com\\\/?p=24495\"},\"author\":{\"name\":\"Lo viste en Los Pol\u00edticos\",\"@id\":\"https:\\\/\\\/lospoliticosveracruz.com\\\/#\\\/schema\\\/person\\\/b8702bb0e538456e6efd07080bf2a4a2\"},\"headline\":\"Berm\u00fadez, m\u00e1s rico que Duarte\",\"datePublished\":\"2016-08-04T03:27:24+00:00\",\"mainEntityOfPage\":{\"@id\":\"https:\\\/\\\/lospoliticosveracruz.com\\\/?p=24495\"},\"wordCount\":966,\"commentCount\":0,\"publisher\":{\"@id\":\"https:\\\/\\\/lospoliticosveracruz.com\\\/#organization\"},\"keywords\":[\"Arturo Berm\u00fadez Zurita\",\"Secretario de Seguridad P\u00fablica\"],\"articleSection\":[\"De Opini\u00f3n\"],\"inLanguage\":\"es\",\"potentialAction\":[{\"@type\":\"CommentAction\",\"name\":\"Comment\",\"target\":[\"https:\\\/\\\/lospoliticosveracruz.com\\\/?p=24495#respond\"]}]},{\"@type\":\"WebPage\",\"@id\":\"https:\\\/\\\/lospoliticosveracruz.com\\\/?p=24495\",\"url\":\"https:\\\/\\\/lospoliticosveracruz.com\\\/?p=24495\",\"name\":\"Berm\u00fadez, m\u00e1s rico que Duarte - Los pol\u00edticos Veracruz\",\"isPartOf\":{\"@id\":\"https:\\\/\\\/lospoliticosveracruz.com\\\/#website\"},\"datePublished\":\"2016-08-04T03:27:24+00:00\",\"breadcrumb\":{\"@id\":\"https:\\\/\\\/lospoliticosveracruz.com\\\/?p=24495#breadcrumb\"},\"inLanguage\":\"es\",\"potentialAction\":[{\"@type\":\"ReadAction\",\"target\":[\"https:\\\/\\\/lospoliticosveracruz.com\\\/?p=24495\"]}]},{\"@type\":\"BreadcrumbList\",\"@id\":\"https:\\\/\\\/lospoliticosveracruz.com\\\/?p=24495#breadcrumb\",\"itemListElement\":[{\"@type\":\"ListItem\",\"position\":1,\"name\":\"Portada\",\"item\":\"https:\\\/\\\/lospoliticosveracruz.com\\\/\"},{\"@type\":\"ListItem\",\"position\":2,\"name\":\"Berm\u00fadez, m\u00e1s rico que Duarte\"}]},{\"@type\":\"WebSite\",\"@id\":\"https:\\\/\\\/lospoliticosveracruz.com\\\/#website\",\"url\":\"https:\\\/\\\/lospoliticosveracruz.com\\\/\",\"name\":\"Los pol\u00edticos Veracruz\",\"description\":\"\",\"publisher\":{\"@id\":\"https:\\\/\\\/lospoliticosveracruz.com\\\/#organization\"},\"potentialAction\":[{\"@type\":\"SearchAction\",\"target\":{\"@type\":\"EntryPoint\",\"urlTemplate\":\"https:\\\/\\\/lospoliticosveracruz.com\\\/?s={search_term_string}\"},\"query-input\":{\"@type\":\"PropertyValueSpecification\",\"valueRequired\":true,\"valueName\":\"search_term_string\"}}],\"inLanguage\":\"es\"},{\"@type\":\"Organization\",\"@id\":\"https:\\\/\\\/lospoliticosveracruz.com\\\/#organization\",\"name\":\"Los pol\u00edticos Veracruz\",\"url\":\"https:\\\/\\\/lospoliticosveracruz.com\\\/\",\"logo\":{\"@type\":\"ImageObject\",\"inLanguage\":\"es\",\"@id\":\"https:\\\/\\\/lospoliticosveracruz.com\\\/#\\\/schema\\\/logo\\\/image\\\/\",\"url\":\"https:\\\/\\\/lospoliticosveracruz.com\\\/wp-content\\\/uploads\\\/2025\\\/12\\\/Logo-Nuevo-LOS-POLITICOS-1.jpg\",\"contentUrl\":\"https:\\\/\\\/lospoliticosveracruz.com\\\/wp-content\\\/uploads\\\/2025\\\/12\\\/Logo-Nuevo-LOS-POLITICOS-1.jpg\",\"width\":260,\"height\":70,\"caption\":\"Los pol\u00edticos Veracruz\"},\"image\":{\"@id\":\"https:\\\/\\\/lospoliticosveracruz.com\\\/#\\\/schema\\\/logo\\\/image\\\/\"},\"sameAs\":[\"https:\\\/\\\/www.facebook.com\\\/people\\\/Notimemes-de-los-Polticos\\\/61565672886568\\\/\",\"https:\\\/\\\/x.com\\\/LosPoliticosVer\"]},{\"@type\":\"Person\",\"@id\":\"https:\\\/\\\/lospoliticosveracruz.com\\\/#\\\/schema\\\/person\\\/b8702bb0e538456e6efd07080bf2a4a2\",\"name\":\"Lo viste en Los Pol\u00edticos\",\"image\":{\"@type\":\"ImageObject\",\"inLanguage\":\"es\",\"@id\":\"https:\\\/\\\/secure.gravatar.com\\\/avatar\\\/3a8de04a2656d44082be478bd6c086daa447c4651605818287b9532d3d0bd435?s=96&d=mm&r=g\",\"url\":\"https:\\\/\\\/secure.gravatar.com\\\/avatar\\\/3a8de04a2656d44082be478bd6c086daa447c4651605818287b9532d3d0bd435?s=96&d=mm&r=g\",\"contentUrl\":\"https:\\\/\\\/secure.gravatar.com\\\/avatar\\\/3a8de04a2656d44082be478bd6c086daa447c4651605818287b9532d3d0bd435?s=96&d=mm&r=g\",\"caption\":\"Lo viste en Los Pol\u00edticos\"},\"url\":\"https:\\\/\\\/lospoliticosveracruz.com\\\/?author=2\"}]}<\/script>\n<!-- \/ Yoast SEO plugin. -->","yoast_head_json":{"title":"Berm\u00fadez, m\u00e1s rico que Duarte - Los pol\u00edticos Veracruz","robots":{"index":"index","follow":"follow","max-snippet":"max-snippet:-1","max-image-preview":"max-image-preview:large","max-video-preview":"max-video-preview:-1"},"canonical":"https:\/\/lospoliticosveracruz.com\/?p=24495","og_locale":"es_ES","og_type":"article","og_title":"Berm\u00fadez, m\u00e1s rico que Duarte - Los pol\u00edticos Veracruz","og_description":"Salvador Mu\u00f1oz Los Pol\u00edticos La broma que se ha hecho en torno a las supuestas propiedades de Javier Duarte de Ochoa y dem\u00e1s pr\u00f3speros en Woodlands Country Club, es que est\u00e1n haciendo una invasi\u00f3n silenciosa en Texas\u2026 para vengarse de los gringos cuando nos despojaron de este territorio. En el sitio \u201cAristegui Noticias\u201d se da [&hellip;]","og_url":"https:\/\/lospoliticosveracruz.com\/?p=24495","og_site_name":"Los pol\u00edticos Veracruz","article_publisher":"https:\/\/www.facebook.com\/people\/Notimemes-de-los-Polticos\/61565672886568\/","article_published_time":"2016-08-04T03:27:24+00:00","og_image":[{"width":200,"height":200,"url":"https:\/\/lospoliticosveracruz.com\/wp-content\/uploads\/2016\/07\/Logo-Dor.jpg","type":"image\/jpeg"}],"author":"Lo viste en Los Pol\u00edticos","twitter_card":"summary_large_image","twitter_creator":"@LosPoliticosVer","twitter_site":"@LosPoliticosVer","twitter_misc":{"Escrito por":"Lo viste en Los Pol\u00edticos","Tiempo de lectura":"5 minutos"},"schema":{"@context":"https:\/\/schema.org","@graph":[{"@type":"Article","@id":"https:\/\/lospoliticosveracruz.com\/?p=24495#article","isPartOf":{"@id":"https:\/\/lospoliticosveracruz.com\/?p=24495"},"author":{"name":"Lo viste en Los Pol\u00edticos","@id":"https:\/\/lospoliticosveracruz.com\/#\/schema\/person\/b8702bb0e538456e6efd07080bf2a4a2"},"headline":"Berm\u00fadez, m\u00e1s rico que Duarte","datePublished":"2016-08-04T03:27:24+00:00","mainEntityOfPage":{"@id":"https:\/\/lospoliticosveracruz.com\/?p=24495"},"wordCount":966,"commentCount":0,"publisher":{"@id":"https:\/\/lospoliticosveracruz.com\/#organization"},"keywords":["Arturo Berm\u00fadez Zurita","Secretario de Seguridad P\u00fablica"],"articleSection":["De Opini\u00f3n"],"inLanguage":"es","potentialAction":[{"@type":"CommentAction","name":"Comment","target":["https:\/\/lospoliticosveracruz.com\/?p=24495#respond"]}]},{"@type":"WebPage","@id":"https:\/\/lospoliticosveracruz.com\/?p=24495","url":"https:\/\/lospoliticosveracruz.com\/?p=24495","name":"Berm\u00fadez, m\u00e1s rico que Duarte - Los pol\u00edticos Veracruz","isPartOf":{"@id":"https:\/\/lospoliticosveracruz.com\/#website"},"datePublished":"2016-08-04T03:27:24+00:00","breadcrumb":{"@id":"https:\/\/lospoliticosveracruz.com\/?p=24495#breadcrumb"},"inLanguage":"es","potentialAction":[{"@type":"ReadAction","target":["https:\/\/lospoliticosveracruz.com\/?p=24495"]}]},{"@type":"BreadcrumbList","@id":"https:\/\/lospoliticosveracruz.com\/?p=24495#breadcrumb","itemListElement":[{"@type":"ListItem","position":1,"name":"Portada","item":"https:\/\/lospoliticosveracruz.com\/"},{"@type":"ListItem","position":2,"name":"Berm\u00fadez, m\u00e1s rico que Duarte"}]},{"@type":"WebSite","@id":"https:\/\/lospoliticosveracruz.com\/#website","url":"https:\/\/lospoliticosveracruz.com\/","name":"Los pol\u00edticos Veracruz","description":"","publisher":{"@id":"https:\/\/lospoliticosveracruz.com\/#organization"},"potentialAction":[{"@type":"SearchAction","target":{"@type":"EntryPoint","urlTemplate":"https:\/\/lospoliticosveracruz.com\/?s={search_term_string}"},"query-input":{"@type":"PropertyValueSpecification","valueRequired":true,"valueName":"search_term_string"}}],"inLanguage":"es"},{"@type":"Organization","@id":"https:\/\/lospoliticosveracruz.com\/#organization","name":"Los pol\u00edticos Veracruz","url":"https:\/\/lospoliticosveracruz.com\/","logo":{"@type":"ImageObject","inLanguage":"es","@id":"https:\/\/lospoliticosveracruz.com\/#\/schema\/logo\/image\/","url":"https:\/\/lospoliticosveracruz.com\/wp-content\/uploads\/2025\/12\/Logo-Nuevo-LOS-POLITICOS-1.jpg","contentUrl":"https:\/\/lospoliticosveracruz.com\/wp-content\/uploads\/2025\/12\/Logo-Nuevo-LOS-POLITICOS-1.jpg","width":260,"height":70,"caption":"Los pol\u00edticos Veracruz"},"image":{"@id":"https:\/\/lospoliticosveracruz.com\/#\/schema\/logo\/image\/"},"sameAs":["https:\/\/www.facebook.com\/people\/Notimemes-de-los-Polticos\/61565672886568\/","https:\/\/x.com\/LosPoliticosVer"]},{"@type":"Person","@id":"https:\/\/lospoliticosveracruz.com\/#\/schema\/person\/b8702bb0e538456e6efd07080bf2a4a2","name":"Lo viste en Los Pol\u00edticos","image":{"@type":"ImageObject","inLanguage":"es","@id":"https:\/\/secure.gravatar.com\/avatar\/3a8de04a2656d44082be478bd6c086daa447c4651605818287b9532d3d0bd435?s=96&d=mm&r=g","url":"https:\/\/secure.gravatar.com\/avatar\/3a8de04a2656d44082be478bd6c086daa447c4651605818287b9532d3d0bd435?s=96&d=mm&r=g","contentUrl":"https:\/\/secure.gravatar.com\/avatar\/3a8de04a2656d44082be478bd6c086daa447c4651605818287b9532d3d0bd435?s=96&d=mm&r=g","caption":"Lo viste en Los Pol\u00edticos"},"url":"https:\/\/lospoliticosveracruz.com\/?author=2"}]}},"_links":{"self":[{"href":"https:\/\/lospoliticosveracruz.com\/index.php?rest_route=\/wp\/v2\/posts\/24495","targetHints":{"allow":["GET"]}}],"collection":[{"href":"https:\/\/lospoliticosveracruz.com\/index.php?rest_route=\/wp\/v2\/posts"}],"about":[{"href":"https:\/\/lospoliticosveracruz.com\/index.php?rest_route=\/wp\/v2\/types\/post"}],"author":[{"embeddable":true,"href":"https:\/\/lospoliticosveracruz.com\/index.php?rest_route=\/wp\/v2\/users\/2"}],"replies":[{"embeddable":true,"href":"https:\/\/lospoliticosveracruz.com\/index.php?rest_route=%2Fwp%2Fv2%2Fcomments&post=24495"}],"version-history":[{"count":1,"href":"https:\/\/lospoliticosveracruz.com\/index.php?rest_route=\/wp\/v2\/posts\/24495\/revisions"}],"predecessor-version":[{"id":24497,"href":"https:\/\/lospoliticosveracruz.com\/index.php?rest_route=\/wp\/v2\/posts\/24495\/revisions\/24497"}],"wp:attachment":[{"href":"https:\/\/lospoliticosveracruz.com\/index.php?rest_route=%2Fwp%2Fv2%2Fmedia&parent=24495"}],"wp:term":[{"taxonomy":"category","embeddable":true,"href":"https:\/\/lospoliticosveracruz.com\/index.php?rest_route=%2Fwp%2Fv2%2Fcategories&post=24495"},{"taxonomy":"post_tag","embeddable":true,"href":"https:\/\/lospoliticosveracruz.com\/index.php?rest_route=%2Fwp%2Fv2%2Ftags&post=24495"}],"curies":[{"name":"wp","href":"https:\/\/api.w.org\/{rel}","templated":true}]}}