{"id":24514,"date":"2016-08-04T21:57:48","date_gmt":"2016-08-05T02:57:48","guid":{"rendered":"http:\/\/www.lospoliticosveracruz.com.mx\/?p=24514"},"modified":"2016-08-04T21:57:48","modified_gmt":"2016-08-05T02:57:48","slug":"el-compa-de-bermudez","status":"publish","type":"post","link":"https:\/\/lospoliticosveracruz.com\/?p=24514","title":{"rendered":"El compa de Berm\u00fadez"},"content":{"rendered":"<p dir=\"ltr\"><strong>Salvador Mu\u00f1oz<\/strong><\/p>\n<p><em>Los Pol\u00edticos<\/em><\/p>\n<p dir=\"ltr\">Quien vea la renuncia de Arturo Berm\u00fadez Zurita como un triunfo, est\u00e1 en lo cierto\u2026 \u00a1pero un triunfo para el mismo Berm\u00fadez!<\/p>\n<p dir=\"ltr\">En este momento, el ex secretario de Seguridad P\u00fablica bien puede irse con su familia a Estados Unidos, \u00a1claro!, siempre y cuando tenga visa, o a cualquier parte del mundo, sin nada que lo detenga porque, que se sepa, no hay autoridad, sea estatal o federal, que lo impida, bas\u00e1ndonos en la presunci\u00f3n de su inocencia, como lo marca la Ley, aunque la percepci\u00f3n social sea totalmente contraria.<\/p>\n<p dir=\"ltr\">Al menos, en lo particular, en sentido opuesto a la decisi\u00f3n del Gobernador de Veracruz, yo no le hubiera aceptado la renuncia a Berm\u00fadez, pues el mismo argumento que da Duarte de Ochoa para hacerlo (\u201cCon el prop\u00f3sito de contribuir al \u00e1mbito de transparencia y rendici\u00f3n de cuentas&#8230;\u201d), es doblemente v\u00e1lido para pedir que se quedara para responder ante los se\u00f1alamientos que le imputan a su (ex) funcionario\u2026 ya lo dijo Reforma en su edici\u00f3n de ayer, en primera plana: \u201cExhiben megafortuna de mando de Duarte\u201d.<\/p>\n<p dir=\"ltr\">II<\/p>\n<p dir=\"ltr\">La pregunta es obligada: \u00bfQui\u00e9n sigue?, pero no por ello es correcta. La renuncia de cualquier funcionario en este momento, ya sea por se\u00f1alamiento o por el motivo que guste, se presta m\u00e1s a un acto similar a \u201cabandonar el barco\u201d que a un acto de justicia para un alto porcentaje de veracruzanos que ya calificaron, juzgaron y sentenciaron a la administraci\u00f3n duartista.<\/p>\n<p dir=\"ltr\">Es cierto, quiz\u00e1s por all\u00ed haya un garbanzo de libra en este universo duartista que no merezca ser lapidado por la tremenda corte social, pero ha de ser condenado con la misma vara a partir del primero de diciembre y estigmatizado por la sospecha de que tambi\u00e9n pudo haberse enriquecido.<\/p>\n<p dir=\"ltr\">Y en este universo duartista no s\u00f3lo est\u00e1n los funcionarios del Gabinete, sino tambi\u00e9n los diputados \u201cWoodlands\u201d, sean federales o estatales, como Adolfo Mota o Edgar Spinoso, que dicho sea de paso, es posible que el segundo pueda justificar las adquisiciones que le endilgan en ese famoso \u201cLibro Negro de la SSP-Veracruz\u201d, porque dicen los que lo conocen, que siempre ha tenido dinero\u2026 \u00bfpero invertir 76 millones y medio en esas residencias?<\/p>\n<p dir=\"ltr\">Ya sin citar a Harry Grappa (con Adolfo Mota y Chava Manzur, son los \u00fanicos que s\u00f3lo tienen una propiedad en el condado de Harris), Pepe To\u00f1o Mansur Beltr\u00e1n (con 19 propiedades\u2026 99 millones 126 mil pesos) y hasta otros\u2026 \u00a1y otras!<\/p>\n<p dir=\"ltr\">III<\/p>\n<p dir=\"ltr\">Dice Javier Duarte que \u201clos bienes que tiene Arturo Berm\u00fadez corresponden a sus ingresos como servidor p\u00fablico y no sobrepasan lo que podr\u00eda haber adquirido con el sueldo que ha percibido como funcionario estatal a lo largo de 15 a\u00f1os en servicio\u201d.<\/p>\n<p dir=\"ltr\">En una ecuaci\u00f3n simple, basada en la hip\u00f3tesis del Gobernador de Veracruz, se podr\u00eda entonces realizar la siguiente operaci\u00f3n:<\/p>\n<p dir=\"ltr\">Si Berm\u00fadez, de acuerdo al \u201cLibro Negro de la SSP-Veracruz\u201d, invirti\u00f3 en Woodlands en un periodo de cuatro a\u00f1os 85 millones 137 mil pesos, entonces dividamos esa cantidad entre los quince a\u00f1os de servicio y nos da que por a\u00f1o, desde que era particular de Sergio Maya Alem\u00e1n, fidelista y ahora duartista, estar\u00eda ganando 5 millones 666 pesos cada 12 meses, y a la vez, si tal cantidad la dividimos en 12 meses, estar\u00edamos hablando que Berm\u00fadez cada 30 d\u00edas gan\u00f3 470 mil pesos; eso, pensando en que no gast\u00f3 en comida, en gasolina, en luz, bueno, en lo que el veracruzano com\u00fan hace con su quincena\u2026 en pocas palabras, Berm\u00fadez tendr\u00eda raz\u00f3n en expresar a Duarte: \u201c\u00a1No me ayudes, compadre!\u201d<\/p>\n<p dir=\"ltr\">IV<\/p>\n<p dir=\"ltr\">Al final, tanto dinero y tanta inversi\u00f3n de lo que se supone es la punta de un iceberg, da lugar a pensar en algo: \u00bfNo ser\u00e1 que alguien encontr\u00f3 en la \u00ablavander\u00eda\u00bb un negocio redondo?<\/p>\n<p dir=\"ltr\">Y \u00a1ojo! lavar dinero implica una pregunta m\u00e1s interesante que un \u201c\u00bfQui\u00e9n sigue?\u201d, sino \u201c\u00bfA qui\u00e9n le lava?\u201d<\/p>\n<p>&nbsp;<\/p>\n<p dir=\"ltr\"><a href=\"mailto:smcainito@gmail.com\" target=\"_blank\">smcainito@gmail.com<\/a><\/p>\n","protected":false},"excerpt":{"rendered":"<p>Salvador Mu\u00f1oz Los Pol\u00edticos Quien vea la renuncia de Arturo Berm\u00fadez Zurita como un triunfo, est\u00e1 en lo cierto\u2026 \u00a1pero un triunfo para el mismo Berm\u00fadez! En este momento, el ex secretario de Seguridad P\u00fablica bien puede irse con su familia a Estados Unidos, \u00a1claro!, siempre y cuando tenga visa, o a cualquier parte del [&hellip;]<\/p>\n","protected":false},"author":2,"featured_media":0,"comment_status":"open","ping_status":"open","sticky":false,"template":"","format":"standard","meta":{"tdm_status":"","tdm_grid_status":"","footnotes":""},"categories":[70],"tags":[960,5859,451,197,260,5860,177,195],"class_list":{"0":"post-24514","1":"post","2":"type-post","3":"status-publish","4":"format-standard","6":"category-de-opinion","7":"tag-arturo-bermudez-zurita","8":"tag-chava-manzur","9":"tag-gobernador","10":"tag-harry-grappa","11":"tag-javier-duarte-de-ochoa","12":"tag-mansur-beltran","13":"tag-seguridad-publica","14":"tag-veracruz"},"yoast_head":"<!-- This site is optimized with the Yoast SEO plugin v27.4 - https:\/\/yoast.com\/product\/yoast-seo-wordpress\/ -->\n<title>El compa de Berm\u00fadez - Los pol\u00edticos Veracruz<\/title>\n<meta name=\"robots\" content=\"index, follow, max-snippet:-1, max-image-preview:large, max-video-preview:-1\" \/>\n<link rel=\"canonical\" href=\"https:\/\/lospoliticosveracruz.com\/?p=24514\" \/>\n<meta property=\"og:locale\" content=\"es_ES\" \/>\n<meta property=\"og:type\" content=\"article\" \/>\n<meta property=\"og:title\" content=\"El compa de Berm\u00fadez - Los pol\u00edticos Veracruz\" \/>\n<meta property=\"og:description\" content=\"Salvador Mu\u00f1oz Los Pol\u00edticos Quien vea la renuncia de Arturo Berm\u00fadez Zurita como un triunfo, est\u00e1 en lo cierto\u2026 \u00a1pero un triunfo para el mismo Berm\u00fadez! En este momento, el ex secretario de Seguridad P\u00fablica bien puede irse con su familia a Estados Unidos, \u00a1claro!, siempre y cuando tenga visa, o a cualquier parte del [&hellip;]\" \/>\n<meta property=\"og:url\" content=\"https:\/\/lospoliticosveracruz.com\/?p=24514\" \/>\n<meta property=\"og:site_name\" content=\"Los pol\u00edticos Veracruz\" \/>\n<meta property=\"article:publisher\" content=\"https:\/\/www.facebook.com\/people\/Notimemes-de-los-Polticos\/61565672886568\/\" \/>\n<meta property=\"article:published_time\" content=\"2016-08-05T02:57:48+00:00\" \/>\n<meta property=\"og:image\" content=\"https:\/\/lospoliticosveracruz.com\/wp-content\/uploads\/2016\/07\/Logo-Dor.jpg\" \/>\n\t<meta property=\"og:image:width\" content=\"200\" \/>\n\t<meta property=\"og:image:height\" content=\"200\" \/>\n\t<meta property=\"og:image:type\" content=\"image\/jpeg\" \/>\n<meta name=\"author\" content=\"Lo viste en Los Pol\u00edticos\" \/>\n<meta name=\"twitter:card\" content=\"summary_large_image\" \/>\n<meta name=\"twitter:creator\" content=\"@LosPoliticosVer\" \/>\n<meta name=\"twitter:site\" content=\"@LosPoliticosVer\" \/>\n<meta name=\"twitter:label1\" content=\"Escrito por\" \/>\n\t<meta name=\"twitter:data1\" content=\"Lo viste en Los Pol\u00edticos\" \/>\n\t<meta name=\"twitter:label2\" content=\"Tiempo de lectura\" \/>\n\t<meta name=\"twitter:data2\" content=\"3 minutos\" \/>\n<script type=\"application\/ld+json\" class=\"yoast-schema-graph\">{\"@context\":\"https:\\\/\\\/schema.org\",\"@graph\":[{\"@type\":\"Article\",\"@id\":\"https:\\\/\\\/lospoliticosveracruz.com\\\/?p=24514#article\",\"isPartOf\":{\"@id\":\"https:\\\/\\\/lospoliticosveracruz.com\\\/?p=24514\"},\"author\":{\"name\":\"Lo viste en Los Pol\u00edticos\",\"@id\":\"https:\\\/\\\/lospoliticosveracruz.com\\\/#\\\/schema\\\/person\\\/b8702bb0e538456e6efd07080bf2a4a2\"},\"headline\":\"El compa de Berm\u00fadez\",\"datePublished\":\"2016-08-05T02:57:48+00:00\",\"mainEntityOfPage\":{\"@id\":\"https:\\\/\\\/lospoliticosveracruz.com\\\/?p=24514\"},\"wordCount\":694,\"commentCount\":0,\"publisher\":{\"@id\":\"https:\\\/\\\/lospoliticosveracruz.com\\\/#organization\"},\"keywords\":[\"Arturo Berm\u00fadez Zurita\",\"Chava Manzur\",\"gobernador\",\"Harry Grappa\",\"Javier Duarte de Ochoa\",\"Mansur Beltr\u00e1n\",\"Seguridad P\u00fablica\",\"Veracruz\"],\"articleSection\":[\"De Opini\u00f3n\"],\"inLanguage\":\"es\",\"potentialAction\":[{\"@type\":\"CommentAction\",\"name\":\"Comment\",\"target\":[\"https:\\\/\\\/lospoliticosveracruz.com\\\/?p=24514#respond\"]}]},{\"@type\":\"WebPage\",\"@id\":\"https:\\\/\\\/lospoliticosveracruz.com\\\/?p=24514\",\"url\":\"https:\\\/\\\/lospoliticosveracruz.com\\\/?p=24514\",\"name\":\"El compa de Berm\u00fadez - Los pol\u00edticos Veracruz\",\"isPartOf\":{\"@id\":\"https:\\\/\\\/lospoliticosveracruz.com\\\/#website\"},\"datePublished\":\"2016-08-05T02:57:48+00:00\",\"breadcrumb\":{\"@id\":\"https:\\\/\\\/lospoliticosveracruz.com\\\/?p=24514#breadcrumb\"},\"inLanguage\":\"es\",\"potentialAction\":[{\"@type\":\"ReadAction\",\"target\":[\"https:\\\/\\\/lospoliticosveracruz.com\\\/?p=24514\"]}]},{\"@type\":\"BreadcrumbList\",\"@id\":\"https:\\\/\\\/lospoliticosveracruz.com\\\/?p=24514#breadcrumb\",\"itemListElement\":[{\"@type\":\"ListItem\",\"position\":1,\"name\":\"Portada\",\"item\":\"https:\\\/\\\/lospoliticosveracruz.com\\\/\"},{\"@type\":\"ListItem\",\"position\":2,\"name\":\"El compa de Berm\u00fadez\"}]},{\"@type\":\"WebSite\",\"@id\":\"https:\\\/\\\/lospoliticosveracruz.com\\\/#website\",\"url\":\"https:\\\/\\\/lospoliticosveracruz.com\\\/\",\"name\":\"Los pol\u00edticos Veracruz\",\"description\":\"\",\"publisher\":{\"@id\":\"https:\\\/\\\/lospoliticosveracruz.com\\\/#organization\"},\"potentialAction\":[{\"@type\":\"SearchAction\",\"target\":{\"@type\":\"EntryPoint\",\"urlTemplate\":\"https:\\\/\\\/lospoliticosveracruz.com\\\/?s={search_term_string}\"},\"query-input\":{\"@type\":\"PropertyValueSpecification\",\"valueRequired\":true,\"valueName\":\"search_term_string\"}}],\"inLanguage\":\"es\"},{\"@type\":\"Organization\",\"@id\":\"https:\\\/\\\/lospoliticosveracruz.com\\\/#organization\",\"name\":\"Los pol\u00edticos Veracruz\",\"url\":\"https:\\\/\\\/lospoliticosveracruz.com\\\/\",\"logo\":{\"@type\":\"ImageObject\",\"inLanguage\":\"es\",\"@id\":\"https:\\\/\\\/lospoliticosveracruz.com\\\/#\\\/schema\\\/logo\\\/image\\\/\",\"url\":\"https:\\\/\\\/lospoliticosveracruz.com\\\/wp-content\\\/uploads\\\/2025\\\/12\\\/Logo-Nuevo-LOS-POLITICOS-1.jpg\",\"contentUrl\":\"https:\\\/\\\/lospoliticosveracruz.com\\\/wp-content\\\/uploads\\\/2025\\\/12\\\/Logo-Nuevo-LOS-POLITICOS-1.jpg\",\"width\":260,\"height\":70,\"caption\":\"Los pol\u00edticos Veracruz\"},\"image\":{\"@id\":\"https:\\\/\\\/lospoliticosveracruz.com\\\/#\\\/schema\\\/logo\\\/image\\\/\"},\"sameAs\":[\"https:\\\/\\\/www.facebook.com\\\/people\\\/Notimemes-de-los-Polticos\\\/61565672886568\\\/\",\"https:\\\/\\\/x.com\\\/LosPoliticosVer\"]},{\"@type\":\"Person\",\"@id\":\"https:\\\/\\\/lospoliticosveracruz.com\\\/#\\\/schema\\\/person\\\/b8702bb0e538456e6efd07080bf2a4a2\",\"name\":\"Lo viste en Los Pol\u00edticos\",\"image\":{\"@type\":\"ImageObject\",\"inLanguage\":\"es\",\"@id\":\"https:\\\/\\\/secure.gravatar.com\\\/avatar\\\/3a8de04a2656d44082be478bd6c086daa447c4651605818287b9532d3d0bd435?s=96&d=mm&r=g\",\"url\":\"https:\\\/\\\/secure.gravatar.com\\\/avatar\\\/3a8de04a2656d44082be478bd6c086daa447c4651605818287b9532d3d0bd435?s=96&d=mm&r=g\",\"contentUrl\":\"https:\\\/\\\/secure.gravatar.com\\\/avatar\\\/3a8de04a2656d44082be478bd6c086daa447c4651605818287b9532d3d0bd435?s=96&d=mm&r=g\",\"caption\":\"Lo viste en Los Pol\u00edticos\"},\"url\":\"https:\\\/\\\/lospoliticosveracruz.com\\\/?author=2\"}]}<\/script>\n<!-- \/ Yoast SEO plugin. -->","yoast_head_json":{"title":"El compa de Berm\u00fadez - Los pol\u00edticos Veracruz","robots":{"index":"index","follow":"follow","max-snippet":"max-snippet:-1","max-image-preview":"max-image-preview:large","max-video-preview":"max-video-preview:-1"},"canonical":"https:\/\/lospoliticosveracruz.com\/?p=24514","og_locale":"es_ES","og_type":"article","og_title":"El compa de Berm\u00fadez - Los pol\u00edticos Veracruz","og_description":"Salvador Mu\u00f1oz Los Pol\u00edticos Quien vea la renuncia de Arturo Berm\u00fadez Zurita como un triunfo, est\u00e1 en lo cierto\u2026 \u00a1pero un triunfo para el mismo Berm\u00fadez! En este momento, el ex secretario de Seguridad P\u00fablica bien puede irse con su familia a Estados Unidos, \u00a1claro!, siempre y cuando tenga visa, o a cualquier parte del [&hellip;]","og_url":"https:\/\/lospoliticosveracruz.com\/?p=24514","og_site_name":"Los pol\u00edticos Veracruz","article_publisher":"https:\/\/www.facebook.com\/people\/Notimemes-de-los-Polticos\/61565672886568\/","article_published_time":"2016-08-05T02:57:48+00:00","og_image":[{"width":200,"height":200,"url":"https:\/\/lospoliticosveracruz.com\/wp-content\/uploads\/2016\/07\/Logo-Dor.jpg","type":"image\/jpeg"}],"author":"Lo viste en Los Pol\u00edticos","twitter_card":"summary_large_image","twitter_creator":"@LosPoliticosVer","twitter_site":"@LosPoliticosVer","twitter_misc":{"Escrito por":"Lo viste en Los Pol\u00edticos","Tiempo de lectura":"3 minutos"},"schema":{"@context":"https:\/\/schema.org","@graph":[{"@type":"Article","@id":"https:\/\/lospoliticosveracruz.com\/?p=24514#article","isPartOf":{"@id":"https:\/\/lospoliticosveracruz.com\/?p=24514"},"author":{"name":"Lo viste en Los Pol\u00edticos","@id":"https:\/\/lospoliticosveracruz.com\/#\/schema\/person\/b8702bb0e538456e6efd07080bf2a4a2"},"headline":"El compa de Berm\u00fadez","datePublished":"2016-08-05T02:57:48+00:00","mainEntityOfPage":{"@id":"https:\/\/lospoliticosveracruz.com\/?p=24514"},"wordCount":694,"commentCount":0,"publisher":{"@id":"https:\/\/lospoliticosveracruz.com\/#organization"},"keywords":["Arturo Berm\u00fadez Zurita","Chava Manzur","gobernador","Harry Grappa","Javier Duarte de Ochoa","Mansur Beltr\u00e1n","Seguridad P\u00fablica","Veracruz"],"articleSection":["De Opini\u00f3n"],"inLanguage":"es","potentialAction":[{"@type":"CommentAction","name":"Comment","target":["https:\/\/lospoliticosveracruz.com\/?p=24514#respond"]}]},{"@type":"WebPage","@id":"https:\/\/lospoliticosveracruz.com\/?p=24514","url":"https:\/\/lospoliticosveracruz.com\/?p=24514","name":"El compa de Berm\u00fadez - Los pol\u00edticos Veracruz","isPartOf":{"@id":"https:\/\/lospoliticosveracruz.com\/#website"},"datePublished":"2016-08-05T02:57:48+00:00","breadcrumb":{"@id":"https:\/\/lospoliticosveracruz.com\/?p=24514#breadcrumb"},"inLanguage":"es","potentialAction":[{"@type":"ReadAction","target":["https:\/\/lospoliticosveracruz.com\/?p=24514"]}]},{"@type":"BreadcrumbList","@id":"https:\/\/lospoliticosveracruz.com\/?p=24514#breadcrumb","itemListElement":[{"@type":"ListItem","position":1,"name":"Portada","item":"https:\/\/lospoliticosveracruz.com\/"},{"@type":"ListItem","position":2,"name":"El compa de Berm\u00fadez"}]},{"@type":"WebSite","@id":"https:\/\/lospoliticosveracruz.com\/#website","url":"https:\/\/lospoliticosveracruz.com\/","name":"Los pol\u00edticos Veracruz","description":"","publisher":{"@id":"https:\/\/lospoliticosveracruz.com\/#organization"},"potentialAction":[{"@type":"SearchAction","target":{"@type":"EntryPoint","urlTemplate":"https:\/\/lospoliticosveracruz.com\/?s={search_term_string}"},"query-input":{"@type":"PropertyValueSpecification","valueRequired":true,"valueName":"search_term_string"}}],"inLanguage":"es"},{"@type":"Organization","@id":"https:\/\/lospoliticosveracruz.com\/#organization","name":"Los pol\u00edticos Veracruz","url":"https:\/\/lospoliticosveracruz.com\/","logo":{"@type":"ImageObject","inLanguage":"es","@id":"https:\/\/lospoliticosveracruz.com\/#\/schema\/logo\/image\/","url":"https:\/\/lospoliticosveracruz.com\/wp-content\/uploads\/2025\/12\/Logo-Nuevo-LOS-POLITICOS-1.jpg","contentUrl":"https:\/\/lospoliticosveracruz.com\/wp-content\/uploads\/2025\/12\/Logo-Nuevo-LOS-POLITICOS-1.jpg","width":260,"height":70,"caption":"Los pol\u00edticos Veracruz"},"image":{"@id":"https:\/\/lospoliticosveracruz.com\/#\/schema\/logo\/image\/"},"sameAs":["https:\/\/www.facebook.com\/people\/Notimemes-de-los-Polticos\/61565672886568\/","https:\/\/x.com\/LosPoliticosVer"]},{"@type":"Person","@id":"https:\/\/lospoliticosveracruz.com\/#\/schema\/person\/b8702bb0e538456e6efd07080bf2a4a2","name":"Lo viste en Los Pol\u00edticos","image":{"@type":"ImageObject","inLanguage":"es","@id":"https:\/\/secure.gravatar.com\/avatar\/3a8de04a2656d44082be478bd6c086daa447c4651605818287b9532d3d0bd435?s=96&d=mm&r=g","url":"https:\/\/secure.gravatar.com\/avatar\/3a8de04a2656d44082be478bd6c086daa447c4651605818287b9532d3d0bd435?s=96&d=mm&r=g","contentUrl":"https:\/\/secure.gravatar.com\/avatar\/3a8de04a2656d44082be478bd6c086daa447c4651605818287b9532d3d0bd435?s=96&d=mm&r=g","caption":"Lo viste en Los Pol\u00edticos"},"url":"https:\/\/lospoliticosveracruz.com\/?author=2"}]}},"_links":{"self":[{"href":"https:\/\/lospoliticosveracruz.com\/index.php?rest_route=\/wp\/v2\/posts\/24514","targetHints":{"allow":["GET"]}}],"collection":[{"href":"https:\/\/lospoliticosveracruz.com\/index.php?rest_route=\/wp\/v2\/posts"}],"about":[{"href":"https:\/\/lospoliticosveracruz.com\/index.php?rest_route=\/wp\/v2\/types\/post"}],"author":[{"embeddable":true,"href":"https:\/\/lospoliticosveracruz.com\/index.php?rest_route=\/wp\/v2\/users\/2"}],"replies":[{"embeddable":true,"href":"https:\/\/lospoliticosveracruz.com\/index.php?rest_route=%2Fwp%2Fv2%2Fcomments&post=24514"}],"version-history":[{"count":1,"href":"https:\/\/lospoliticosveracruz.com\/index.php?rest_route=\/wp\/v2\/posts\/24514\/revisions"}],"predecessor-version":[{"id":24518,"href":"https:\/\/lospoliticosveracruz.com\/index.php?rest_route=\/wp\/v2\/posts\/24514\/revisions\/24518"}],"wp:attachment":[{"href":"https:\/\/lospoliticosveracruz.com\/index.php?rest_route=%2Fwp%2Fv2%2Fmedia&parent=24514"}],"wp:term":[{"taxonomy":"category","embeddable":true,"href":"https:\/\/lospoliticosveracruz.com\/index.php?rest_route=%2Fwp%2Fv2%2Fcategories&post=24514"},{"taxonomy":"post_tag","embeddable":true,"href":"https:\/\/lospoliticosveracruz.com\/index.php?rest_route=%2Fwp%2Fv2%2Ftags&post=24514"}],"curies":[{"name":"wp","href":"https:\/\/api.w.org\/{rel}","templated":true}]}}