{"id":2463,"date":"2014-06-25T02:38:00","date_gmt":"2014-06-25T02:38:00","guid":{"rendered":"http:\/\/www.lospoliticosveracruz.com.mx\/?p=2463"},"modified":"2014-10-10T03:00:18","modified_gmt":"2014-10-10T03:00:18","slug":"yunes-julen-donde-el-debate","status":"publish","type":"post","link":"https:\/\/lospoliticosveracruz.com\/?p=2463","title":{"rendered":"Yunes-Julen: \u00bfD\u00f3nde el debate?"},"content":{"rendered":"<p><b>Salvador Mu\u00f1oz<\/b><br \/><i>Los Pol\u00edticos<\/i><\/p>\n<p>Y el Congreso de Veracruz cerr\u00f3 las puertas al debate entre Julen Rementer\u00eda del Puerto y Miguel \u00c1ngel Yunes Linares.<br \/>El motivo, lo entrecomillo: \u201ceventos como el propuesto no son inherentes al desempe\u00f1o de los diputados locales\u201d.<br \/>\u00bfY cu\u00e1l es el \u201cevento\u201d? El debate sobre una iniciativa de reformas y adiciones a la Constituci\u00f3n Pol\u00edtica del Estado de Veracruz por parte de la Fracci\u00f3n Legislativa del PAN, donde \u2014entre otras ideas\u2014 se plantea elegir en 2016 Gobernador del Estado de Veracruz para un periodo de dos a\u00f1os, diputados locales para un ejercicio de dos a\u00f1os y en 2017, ayuntamientos para un periodo de un a\u00f1o, para \u201chomologar\u201d las elecciones locales con las federales y \u201cahorrar recursos al Estado\u201d.<br \/>No entiendo cuando citan que \u201cno es inherente\u201d pero tampoco voy o pretendo polemizar un hecho que ya est\u00e1 dado: No habr\u00e1 debate en el Congreso entre Julen y Yunes.<a name='more'><\/a><\/p>\n<p>II<br \/>El asunto es conocer de qu\u00e9 tama\u00f1o es Julen Rementer\u00eda, porque si recordamos, quien lanz\u00f3 el reto a debatir a Miguel \u00c1ngel Yunes Linares, fue el diputado panista. Y ahora que no hay d\u00f3nde, el chole\u00f1o propone la Plaza Lerdo, misma fecha y misma hora\u2026 viernes 27 de junio, a las 10 horas\u2026 y como no hay partidos de fut para esa fecha, el morbo est\u00e1 sembrado.<br \/>Hasta el momento de redactar esto, Julen Rementer\u00eda no hab\u00eda respondido a la propuesta de Yunes Linares, aunque por all\u00ed hubo otras voces que propon\u00edan que el \u201ctirito\u201d entre ambos panistas fuera en la sede azul del partido\u2026<\/p>\n<p>III<br \/>De aqu\u00ed al viernes, Julen tiene para responder, pero en caso de que se raje, lo que me dar\u00eda una pena, porque la imagen que se tiene de este panista, hasta el momento, es respetable, aqu\u00ed le van algunas propuestas para que \u00a1se rompa la madre (democr\u00e1ticamente hablando) con Yunes Linares!\u2026 digo, si muchos de nuestros diputados son incapaces de generar sus propios discursos as\u00ed como sus propias iniciativas, justo es que los ciudadanos tengamos el gusto de disfrutar un debate de altura\u2026 ah\u00ed les van:<\/p>\n<p>* La Arena Xalapa, recinto del arte de fistiana y del pancracio\u2026<\/p>\n<p>* Cualquiera de los escenarios donde se vayan a realizar las actividades de los Juegos Centroamericanos y del Caribe\u2026 \u00a1chin! \u00a1Olv\u00eddelo! Siguen inconclusos\u2026<\/p>\n<p>* En cualquier Congreso donde no le saquen a los madrazos\u2026 puede ser en Venezuela\u2026<\/p>\n<p>* En el \u00e1rea de sol del Pirata Fuente, no s\u00f3lo para que se sienta como en casa Julen, sino para que al calor de las chelas, le ponga m\u00e1s sabor\u2026<\/p>\n<p>* En medio de una manifestaci\u00f3n de los 400 Pueblos: Debate y show, \u00a1al dos por uno!<\/p>\n<p>* \u00a1Por twitter! Total que Yunes Linares est\u00e1 acostumbrado a darse de pajarazos con Alberto Silva\u2026 mejor por Facebook, que es el \u00e1rea que m\u00e1s domina la fracci\u00f3n legislativa\u2026<\/p>\n<p>* Por supuesto, nom\u00e1s no lo transmitan por youtube porque el \u00faltimo debate de panistas estuvo del nabo\u2026 \u00a1remember Madero vs Cordero!<\/p>\n<p>* Tampoco lo hagan en el SAS \u00a1porque ser\u00eda en lo oscurito!<\/p>\n<p>* Mejor en el IPE, \u00a1quiz\u00e1s as\u00ed se podr\u00eda revivir a ese elefante blanco!<\/p>\n<p>* \u00bfO qu\u00e9 tal en el World Trade Center, con una m\u00f3dica cantidad que incluya almuerzo?<\/p>\n<p>* Aunque si de joder se trata, yo hubiera retado a Julen a hacer el debate fuera del Congreso, llamo al corresponsal de Proceso y que me haga una cr\u00f3nica\u2026 \u00a1es cuanto!<\/p>\n","protected":false},"excerpt":{"rendered":"<p>Salvador Mu\u00f1ozLos Pol\u00edticos Y el Congreso de Veracruz cerr\u00f3 las puertas al debate entre Julen Rementer\u00eda del Puerto y Miguel \u00c1ngel Yunes Linares.El motivo, lo entrecomillo: \u201ceventos como el propuesto no son inherentes al desempe\u00f1o de los diputados locales\u201d.\u00bfY cu\u00e1l es el \u201cevento\u201d? El debate sobre una iniciativa de reformas y adiciones a la Constituci\u00f3n [&hellip;]<\/p>\n","protected":false},"author":1,"featured_media":0,"comment_status":"open","ping_status":"open","sticky":false,"template":"","format":"standard","meta":{"tdm_status":"","tdm_grid_status":"","footnotes":""},"categories":[1],"tags":[],"class_list":{"0":"post-2463","1":"post","2":"type-post","3":"status-publish","4":"format-standard","6":"category-sin-categoria"},"yoast_head":"<!-- This site is optimized with the Yoast SEO plugin v27.4 - https:\/\/yoast.com\/product\/yoast-seo-wordpress\/ -->\n<title>Yunes-Julen: \u00bfD\u00f3nde el debate? - Los pol\u00edticos Veracruz<\/title>\n<meta name=\"robots\" content=\"index, follow, max-snippet:-1, max-image-preview:large, max-video-preview:-1\" \/>\n<link rel=\"canonical\" href=\"https:\/\/lospoliticosveracruz.com\/?p=2463\" \/>\n<meta property=\"og:locale\" content=\"es_ES\" \/>\n<meta property=\"og:type\" content=\"article\" \/>\n<meta property=\"og:title\" content=\"Yunes-Julen: \u00bfD\u00f3nde el debate? - Los pol\u00edticos Veracruz\" \/>\n<meta property=\"og:description\" content=\"Salvador Mu\u00f1ozLos Pol\u00edticos Y el Congreso de Veracruz cerr\u00f3 las puertas al debate entre Julen Rementer\u00eda del Puerto y Miguel \u00c1ngel Yunes Linares.El motivo, lo entrecomillo: \u201ceventos como el propuesto no son inherentes al desempe\u00f1o de los diputados locales\u201d.\u00bfY cu\u00e1l es el \u201cevento\u201d? El debate sobre una iniciativa de reformas y adiciones a la Constituci\u00f3n [&hellip;]\" \/>\n<meta property=\"og:url\" content=\"https:\/\/lospoliticosveracruz.com\/?p=2463\" \/>\n<meta property=\"og:site_name\" content=\"Los pol\u00edticos Veracruz\" \/>\n<meta property=\"article:publisher\" content=\"https:\/\/www.facebook.com\/people\/Notimemes-de-los-Polticos\/61565672886568\/\" \/>\n<meta property=\"article:published_time\" content=\"2014-06-25T02:38:00+00:00\" \/>\n<meta property=\"article:modified_time\" content=\"2014-10-10T03:00:18+00:00\" \/>\n<meta property=\"og:image\" content=\"https:\/\/lospoliticosveracruz.com\/wp-content\/uploads\/2016\/07\/Logo-Dor.jpg\" \/>\n\t<meta property=\"og:image:width\" content=\"200\" \/>\n\t<meta property=\"og:image:height\" content=\"200\" \/>\n\t<meta property=\"og:image:type\" content=\"image\/jpeg\" \/>\n<meta name=\"author\" content=\"lospoladmin\" \/>\n<meta name=\"twitter:card\" content=\"summary_large_image\" \/>\n<meta name=\"twitter:creator\" content=\"@LosPoliticosVer\" \/>\n<meta name=\"twitter:site\" content=\"@LosPoliticosVer\" \/>\n<meta name=\"twitter:label1\" content=\"Escrito por\" \/>\n\t<meta name=\"twitter:data1\" content=\"lospoladmin\" \/>\n\t<meta name=\"twitter:label2\" content=\"Tiempo de lectura\" \/>\n\t<meta name=\"twitter:data2\" content=\"3 minutos\" \/>\n<script type=\"application\/ld+json\" class=\"yoast-schema-graph\">{\"@context\":\"https:\\\/\\\/schema.org\",\"@graph\":[{\"@type\":\"Article\",\"@id\":\"https:\\\/\\\/lospoliticosveracruz.com\\\/?p=2463#article\",\"isPartOf\":{\"@id\":\"https:\\\/\\\/lospoliticosveracruz.com\\\/?p=2463\"},\"author\":{\"name\":\"lospoladmin\",\"@id\":\"https:\\\/\\\/lospoliticosveracruz.com\\\/#\\\/schema\\\/person\\\/c5fee8df75ee4700bd7f8e92859bd696\"},\"headline\":\"Yunes-Julen: \u00bfD\u00f3nde el debate?\",\"datePublished\":\"2014-06-25T02:38:00+00:00\",\"dateModified\":\"2014-10-10T03:00:18+00:00\",\"mainEntityOfPage\":{\"@id\":\"https:\\\/\\\/lospoliticosveracruz.com\\\/?p=2463\"},\"wordCount\":587,\"commentCount\":0,\"publisher\":{\"@id\":\"https:\\\/\\\/lospoliticosveracruz.com\\\/#organization\"},\"inLanguage\":\"es\",\"potentialAction\":[{\"@type\":\"CommentAction\",\"name\":\"Comment\",\"target\":[\"https:\\\/\\\/lospoliticosveracruz.com\\\/?p=2463#respond\"]}]},{\"@type\":\"WebPage\",\"@id\":\"https:\\\/\\\/lospoliticosveracruz.com\\\/?p=2463\",\"url\":\"https:\\\/\\\/lospoliticosveracruz.com\\\/?p=2463\",\"name\":\"Yunes-Julen: \u00bfD\u00f3nde el debate? - Los pol\u00edticos Veracruz\",\"isPartOf\":{\"@id\":\"https:\\\/\\\/lospoliticosveracruz.com\\\/#website\"},\"datePublished\":\"2014-06-25T02:38:00+00:00\",\"dateModified\":\"2014-10-10T03:00:18+00:00\",\"breadcrumb\":{\"@id\":\"https:\\\/\\\/lospoliticosveracruz.com\\\/?p=2463#breadcrumb\"},\"inLanguage\":\"es\",\"potentialAction\":[{\"@type\":\"ReadAction\",\"target\":[\"https:\\\/\\\/lospoliticosveracruz.com\\\/?p=2463\"]}]},{\"@type\":\"BreadcrumbList\",\"@id\":\"https:\\\/\\\/lospoliticosveracruz.com\\\/?p=2463#breadcrumb\",\"itemListElement\":[{\"@type\":\"ListItem\",\"position\":1,\"name\":\"Portada\",\"item\":\"https:\\\/\\\/lospoliticosveracruz.com\\\/\"},{\"@type\":\"ListItem\",\"position\":2,\"name\":\"Yunes-Julen: \u00bfD\u00f3nde el debate?\"}]},{\"@type\":\"WebSite\",\"@id\":\"https:\\\/\\\/lospoliticosveracruz.com\\\/#website\",\"url\":\"https:\\\/\\\/lospoliticosveracruz.com\\\/\",\"name\":\"Los pol\u00edticos Veracruz\",\"description\":\"\",\"publisher\":{\"@id\":\"https:\\\/\\\/lospoliticosveracruz.com\\\/#organization\"},\"potentialAction\":[{\"@type\":\"SearchAction\",\"target\":{\"@type\":\"EntryPoint\",\"urlTemplate\":\"https:\\\/\\\/lospoliticosveracruz.com\\\/?s={search_term_string}\"},\"query-input\":{\"@type\":\"PropertyValueSpecification\",\"valueRequired\":true,\"valueName\":\"search_term_string\"}}],\"inLanguage\":\"es\"},{\"@type\":\"Organization\",\"@id\":\"https:\\\/\\\/lospoliticosveracruz.com\\\/#organization\",\"name\":\"Los pol\u00edticos Veracruz\",\"url\":\"https:\\\/\\\/lospoliticosveracruz.com\\\/\",\"logo\":{\"@type\":\"ImageObject\",\"inLanguage\":\"es\",\"@id\":\"https:\\\/\\\/lospoliticosveracruz.com\\\/#\\\/schema\\\/logo\\\/image\\\/\",\"url\":\"https:\\\/\\\/lospoliticosveracruz.com\\\/wp-content\\\/uploads\\\/2025\\\/12\\\/Logo-Nuevo-LOS-POLITICOS-1.jpg\",\"contentUrl\":\"https:\\\/\\\/lospoliticosveracruz.com\\\/wp-content\\\/uploads\\\/2025\\\/12\\\/Logo-Nuevo-LOS-POLITICOS-1.jpg\",\"width\":260,\"height\":70,\"caption\":\"Los pol\u00edticos Veracruz\"},\"image\":{\"@id\":\"https:\\\/\\\/lospoliticosveracruz.com\\\/#\\\/schema\\\/logo\\\/image\\\/\"},\"sameAs\":[\"https:\\\/\\\/www.facebook.com\\\/people\\\/Notimemes-de-los-Polticos\\\/61565672886568\\\/\",\"https:\\\/\\\/x.com\\\/LosPoliticosVer\"]},{\"@type\":\"Person\",\"@id\":\"https:\\\/\\\/lospoliticosveracruz.com\\\/#\\\/schema\\\/person\\\/c5fee8df75ee4700bd7f8e92859bd696\",\"name\":\"lospoladmin\",\"image\":{\"@type\":\"ImageObject\",\"inLanguage\":\"es\",\"@id\":\"https:\\\/\\\/secure.gravatar.com\\\/avatar\\\/f4a468785695515895c4d618820f242e33d3d72a0284244a0fad6d19795cb724?s=96&d=mm&r=g\",\"url\":\"https:\\\/\\\/secure.gravatar.com\\\/avatar\\\/f4a468785695515895c4d618820f242e33d3d72a0284244a0fad6d19795cb724?s=96&d=mm&r=g\",\"contentUrl\":\"https:\\\/\\\/secure.gravatar.com\\\/avatar\\\/f4a468785695515895c4d618820f242e33d3d72a0284244a0fad6d19795cb724?s=96&d=mm&r=g\",\"caption\":\"lospoladmin\"},\"url\":\"https:\\\/\\\/lospoliticosveracruz.com\\\/?author=1\"}]}<\/script>\n<!-- \/ Yoast SEO plugin. -->","yoast_head_json":{"title":"Yunes-Julen: \u00bfD\u00f3nde el debate? - Los pol\u00edticos Veracruz","robots":{"index":"index","follow":"follow","max-snippet":"max-snippet:-1","max-image-preview":"max-image-preview:large","max-video-preview":"max-video-preview:-1"},"canonical":"https:\/\/lospoliticosveracruz.com\/?p=2463","og_locale":"es_ES","og_type":"article","og_title":"Yunes-Julen: \u00bfD\u00f3nde el debate? - Los pol\u00edticos Veracruz","og_description":"Salvador Mu\u00f1ozLos Pol\u00edticos Y el Congreso de Veracruz cerr\u00f3 las puertas al debate entre Julen Rementer\u00eda del Puerto y Miguel \u00c1ngel Yunes Linares.El motivo, lo entrecomillo: \u201ceventos como el propuesto no son inherentes al desempe\u00f1o de los diputados locales\u201d.\u00bfY cu\u00e1l es el \u201cevento\u201d? El debate sobre una iniciativa de reformas y adiciones a la Constituci\u00f3n [&hellip;]","og_url":"https:\/\/lospoliticosveracruz.com\/?p=2463","og_site_name":"Los pol\u00edticos Veracruz","article_publisher":"https:\/\/www.facebook.com\/people\/Notimemes-de-los-Polticos\/61565672886568\/","article_published_time":"2014-06-25T02:38:00+00:00","article_modified_time":"2014-10-10T03:00:18+00:00","og_image":[{"width":200,"height":200,"url":"https:\/\/lospoliticosveracruz.com\/wp-content\/uploads\/2016\/07\/Logo-Dor.jpg","type":"image\/jpeg"}],"author":"lospoladmin","twitter_card":"summary_large_image","twitter_creator":"@LosPoliticosVer","twitter_site":"@LosPoliticosVer","twitter_misc":{"Escrito por":"lospoladmin","Tiempo de lectura":"3 minutos"},"schema":{"@context":"https:\/\/schema.org","@graph":[{"@type":"Article","@id":"https:\/\/lospoliticosveracruz.com\/?p=2463#article","isPartOf":{"@id":"https:\/\/lospoliticosveracruz.com\/?p=2463"},"author":{"name":"lospoladmin","@id":"https:\/\/lospoliticosveracruz.com\/#\/schema\/person\/c5fee8df75ee4700bd7f8e92859bd696"},"headline":"Yunes-Julen: \u00bfD\u00f3nde el debate?","datePublished":"2014-06-25T02:38:00+00:00","dateModified":"2014-10-10T03:00:18+00:00","mainEntityOfPage":{"@id":"https:\/\/lospoliticosveracruz.com\/?p=2463"},"wordCount":587,"commentCount":0,"publisher":{"@id":"https:\/\/lospoliticosveracruz.com\/#organization"},"inLanguage":"es","potentialAction":[{"@type":"CommentAction","name":"Comment","target":["https:\/\/lospoliticosveracruz.com\/?p=2463#respond"]}]},{"@type":"WebPage","@id":"https:\/\/lospoliticosveracruz.com\/?p=2463","url":"https:\/\/lospoliticosveracruz.com\/?p=2463","name":"Yunes-Julen: \u00bfD\u00f3nde el debate? - Los pol\u00edticos Veracruz","isPartOf":{"@id":"https:\/\/lospoliticosveracruz.com\/#website"},"datePublished":"2014-06-25T02:38:00+00:00","dateModified":"2014-10-10T03:00:18+00:00","breadcrumb":{"@id":"https:\/\/lospoliticosveracruz.com\/?p=2463#breadcrumb"},"inLanguage":"es","potentialAction":[{"@type":"ReadAction","target":["https:\/\/lospoliticosveracruz.com\/?p=2463"]}]},{"@type":"BreadcrumbList","@id":"https:\/\/lospoliticosveracruz.com\/?p=2463#breadcrumb","itemListElement":[{"@type":"ListItem","position":1,"name":"Portada","item":"https:\/\/lospoliticosveracruz.com\/"},{"@type":"ListItem","position":2,"name":"Yunes-Julen: \u00bfD\u00f3nde el debate?"}]},{"@type":"WebSite","@id":"https:\/\/lospoliticosveracruz.com\/#website","url":"https:\/\/lospoliticosveracruz.com\/","name":"Los pol\u00edticos Veracruz","description":"","publisher":{"@id":"https:\/\/lospoliticosveracruz.com\/#organization"},"potentialAction":[{"@type":"SearchAction","target":{"@type":"EntryPoint","urlTemplate":"https:\/\/lospoliticosveracruz.com\/?s={search_term_string}"},"query-input":{"@type":"PropertyValueSpecification","valueRequired":true,"valueName":"search_term_string"}}],"inLanguage":"es"},{"@type":"Organization","@id":"https:\/\/lospoliticosveracruz.com\/#organization","name":"Los pol\u00edticos Veracruz","url":"https:\/\/lospoliticosveracruz.com\/","logo":{"@type":"ImageObject","inLanguage":"es","@id":"https:\/\/lospoliticosveracruz.com\/#\/schema\/logo\/image\/","url":"https:\/\/lospoliticosveracruz.com\/wp-content\/uploads\/2025\/12\/Logo-Nuevo-LOS-POLITICOS-1.jpg","contentUrl":"https:\/\/lospoliticosveracruz.com\/wp-content\/uploads\/2025\/12\/Logo-Nuevo-LOS-POLITICOS-1.jpg","width":260,"height":70,"caption":"Los pol\u00edticos Veracruz"},"image":{"@id":"https:\/\/lospoliticosveracruz.com\/#\/schema\/logo\/image\/"},"sameAs":["https:\/\/www.facebook.com\/people\/Notimemes-de-los-Polticos\/61565672886568\/","https:\/\/x.com\/LosPoliticosVer"]},{"@type":"Person","@id":"https:\/\/lospoliticosveracruz.com\/#\/schema\/person\/c5fee8df75ee4700bd7f8e92859bd696","name":"lospoladmin","image":{"@type":"ImageObject","inLanguage":"es","@id":"https:\/\/secure.gravatar.com\/avatar\/f4a468785695515895c4d618820f242e33d3d72a0284244a0fad6d19795cb724?s=96&d=mm&r=g","url":"https:\/\/secure.gravatar.com\/avatar\/f4a468785695515895c4d618820f242e33d3d72a0284244a0fad6d19795cb724?s=96&d=mm&r=g","contentUrl":"https:\/\/secure.gravatar.com\/avatar\/f4a468785695515895c4d618820f242e33d3d72a0284244a0fad6d19795cb724?s=96&d=mm&r=g","caption":"lospoladmin"},"url":"https:\/\/lospoliticosveracruz.com\/?author=1"}]}},"_links":{"self":[{"href":"https:\/\/lospoliticosveracruz.com\/index.php?rest_route=\/wp\/v2\/posts\/2463","targetHints":{"allow":["GET"]}}],"collection":[{"href":"https:\/\/lospoliticosveracruz.com\/index.php?rest_route=\/wp\/v2\/posts"}],"about":[{"href":"https:\/\/lospoliticosveracruz.com\/index.php?rest_route=\/wp\/v2\/types\/post"}],"author":[{"embeddable":true,"href":"https:\/\/lospoliticosveracruz.com\/index.php?rest_route=\/wp\/v2\/users\/1"}],"replies":[{"embeddable":true,"href":"https:\/\/lospoliticosveracruz.com\/index.php?rest_route=%2Fwp%2Fv2%2Fcomments&post=2463"}],"version-history":[{"count":0,"href":"https:\/\/lospoliticosveracruz.com\/index.php?rest_route=\/wp\/v2\/posts\/2463\/revisions"}],"wp:attachment":[{"href":"https:\/\/lospoliticosveracruz.com\/index.php?rest_route=%2Fwp%2Fv2%2Fmedia&parent=2463"}],"wp:term":[{"taxonomy":"category","embeddable":true,"href":"https:\/\/lospoliticosveracruz.com\/index.php?rest_route=%2Fwp%2Fv2%2Fcategories&post=2463"},{"taxonomy":"post_tag","embeddable":true,"href":"https:\/\/lospoliticosveracruz.com\/index.php?rest_route=%2Fwp%2Fv2%2Ftags&post=2463"}],"curies":[{"name":"wp","href":"https:\/\/api.w.org\/{rel}","templated":true}]}}