{"id":24638,"date":"2016-08-08T18:26:35","date_gmt":"2016-08-08T23:26:35","guid":{"rendered":"http:\/\/www.lospoliticosveracruz.com.mx\/?p=24638"},"modified":"2016-08-08T20:10:51","modified_gmt":"2016-08-09T01:10:51","slug":"acusen-a-los-coyotes-cnc","status":"publish","type":"post","link":"https:\/\/lospoliticosveracruz.com\/?p=24638","title":{"rendered":"\u00a1Acusen a los coyotes!: CNC"},"content":{"rendered":"<p>Al encabezar la entrega de incentivos a 500 productores de ma\u00edz y frijol de la regi\u00f3n, el presidente de la CNC en Veracruz, Juan Carlos Molina Palacios asever\u00f3 que, con la unidad de los campesinos veracruzanos, este importante sector continuar\u00e1 recibiendo los beneficios que el gobierno federal, a trav\u00e9s de la SAGARPA, destina para mejorar su calidad de vida.<\/p>\n<p>\u201cTenemos aproximadamente nueve meses de estar al frente de esta organizaci\u00f3n y seguimos trabajando, tratando de hacer las cosas bien, porque el campo es lo que hace valer a Veracruz y\u202f M\u00e9xico, porque la gente del campo es la que tiene la educaci\u00f3n, la honestidad, la transparencia, la lealtad y el trabajo y para ellos es que estamos poniendo todo el esfuerzo\u201d, expres\u00f3 durante su discurso.<\/p>\n<p>El dirigente de la Liga de Comunidades Agrarias y Sindicatos Campesinos exhort\u00f3 a los productores para que tramiten sus proyectos y denuncien a aquellos que intenten \u2018cobrarles\u2019 por bajarles los apoyos, \u201ces muy importante que ustedes no permitan que se les cobre un solo peso por ayudarlos a gestionar, aqu\u00ed en esta CNC en donde nuestro l\u00edder nacional el senador Manuel Cota ha dado instrucciones precisas de hacerles saber que por los apoyos que reciben no le tienen que dar dinero a nadie, porque ya la gente del campo estamos hartos de que nos roben nuestro dinero\u201d.<\/p>\n<p>De esta forma, reiter\u00f3 el compromiso de erradicar completamente los actos de corrupci\u00f3n que prevalec\u00edan en esta organizaci\u00f3n y que la manten\u00edan rezagada, \u201cpero para ello necesitamos tambi\u00e9n el compromiso de ustedes, para poner el ejemplo y que se involucren de manera que la siguiente ocasi\u00f3n que estemos aqu\u00ed sean mil los beneficiados porque hicieron sus tr\u00e1mites en sus comit\u00e9s o con su autoridad municipal, en donde tienen a un gran alcalde y ante quien hoy me comprometo a regresar en 20 d\u00edas para entregarles un tractor para el uso de los productores del municipio\u201d.<\/p>\n<p>Asimismo, record\u00f3 que existen proyectos dirigidos a todos los miembros del sector campesino, como es el caso de las mujeres, \u201cson ellas quienes administran el hogar, quienes nos ven crecer, nos hacen hombres de bien, es necesario que ellas tengan tambi\u00e9n el control de las cosas del campo y de tener ingresos, se puede lograr si se hace un padr\u00f3n y se inscriben a los programas de granjas familiares, de borregos o gallinas ponedoras\u201d.<\/p>\n<p>Por su parte, el presidente municipal de Hidalgotitl\u00e1n, Octavio Omar L\u00f3pez Castillejos, reconoci\u00f3 el esfuerzo conjunto que realiza la CNC en la entidad -que preside Juan Carlos Molina Palacios- con el gobierno federal, \u201cles agradezco el apoyo para toda nuestra gente, pues no hay cosa que hayamos pedido y no hayan hecho lo imposible por ayudarnos, a nuestro l\u00edder especialmente porque con su humildad, dedicaci\u00f3n y temple ha transformado una organizaci\u00f3n que estaba en total pasividad\u201d.<\/p>\n<p>Atestiguaron esta entrega el diputado federal, Germ\u00e1n Escobar Manjarrez; el representante de la subsecretar\u00eda de Desarrollo Rural de la SAGARPA, No\u00e9 Mej\u00eda S\u00e1nchez; el presidente de la Uni\u00f3n Nacional de Productores de Ma\u00edz, Marco Antonio V\u00e1zquez Rangel; el jefe del Comit\u00e9 Regional de la CNC de Acayucan, Celestino G\u00f3mez Carmona; el jefe de distrito de la SAGARPA, Rom\u00e1n de la Cruz Medrano; el jefe de distrito de Las Choapas, Mart\u00edn S\u00e1nchez Libreros; funcionarios municipales y estatales.<\/p>\n","protected":false},"excerpt":{"rendered":"<p>Al encabezar la entrega de incentivos a 500 productores de ma\u00edz y frijol de la regi\u00f3n, el presidente de la CNC en Veracruz, Juan Carlos Molina Palacios asever\u00f3 que, con la unidad de los campesinos veracruzanos, este importante sector continuar\u00e1 recibiendo los beneficios que el gobierno federal, a trav\u00e9s de la SAGARPA, destina para mejorar [&hellip;]<\/p>\n","protected":false},"author":2,"featured_media":0,"comment_status":"open","ping_status":"open","sticky":false,"template":"","format":"standard","meta":{"tdm_status":"","tdm_grid_status":"","footnotes":""},"categories":[73],"tags":[5895,3118,5896,3256,5897],"class_list":{"0":"post-24638","1":"post","2":"type-post","3":"status-publish","4":"format-standard","6":"category-de-boleto","7":"tag-campesinos","8":"tag-cnc","9":"tag-hidalgotitlan","10":"tag-juan-carlos-molina-palacios","11":"tag-octavio-omar-lopez-castillejos"},"yoast_head":"<!-- This site is optimized with the Yoast SEO plugin v27.4 - https:\/\/yoast.com\/product\/yoast-seo-wordpress\/ -->\n<title>\u00a1Acusen a los coyotes!: CNC - Los pol\u00edticos Veracruz<\/title>\n<meta name=\"robots\" content=\"index, follow, max-snippet:-1, max-image-preview:large, max-video-preview:-1\" \/>\n<link rel=\"canonical\" href=\"https:\/\/lospoliticosveracruz.com\/?p=24638\" \/>\n<meta property=\"og:locale\" content=\"es_ES\" \/>\n<meta property=\"og:type\" content=\"article\" \/>\n<meta property=\"og:title\" content=\"\u00a1Acusen a los coyotes!: CNC - Los pol\u00edticos Veracruz\" \/>\n<meta property=\"og:description\" content=\"Al encabezar la entrega de incentivos a 500 productores de ma\u00edz y frijol de la regi\u00f3n, el presidente de la CNC en Veracruz, Juan Carlos Molina Palacios asever\u00f3 que, con la unidad de los campesinos veracruzanos, este importante sector continuar\u00e1 recibiendo los beneficios que el gobierno federal, a trav\u00e9s de la SAGARPA, destina para mejorar [&hellip;]\" \/>\n<meta property=\"og:url\" content=\"https:\/\/lospoliticosveracruz.com\/?p=24638\" \/>\n<meta property=\"og:site_name\" content=\"Los pol\u00edticos Veracruz\" \/>\n<meta property=\"article:publisher\" content=\"https:\/\/www.facebook.com\/people\/Notimemes-de-los-Polticos\/61565672886568\/\" \/>\n<meta property=\"article:published_time\" content=\"2016-08-08T23:26:35+00:00\" \/>\n<meta property=\"article:modified_time\" content=\"2016-08-09T01:10:51+00:00\" \/>\n<meta property=\"og:image\" content=\"https:\/\/lospoliticosveracruz.com\/wp-content\/uploads\/2016\/07\/Logo-Dor.jpg\" \/>\n\t<meta property=\"og:image:width\" content=\"200\" \/>\n\t<meta property=\"og:image:height\" content=\"200\" \/>\n\t<meta property=\"og:image:type\" content=\"image\/jpeg\" \/>\n<meta name=\"author\" content=\"Lo viste en Los Pol\u00edticos\" \/>\n<meta name=\"twitter:card\" content=\"summary_large_image\" \/>\n<meta name=\"twitter:creator\" content=\"@LosPoliticosVer\" \/>\n<meta name=\"twitter:site\" content=\"@LosPoliticosVer\" \/>\n<meta name=\"twitter:label1\" content=\"Escrito por\" \/>\n\t<meta name=\"twitter:data1\" content=\"Lo viste en Los Pol\u00edticos\" \/>\n\t<meta name=\"twitter:label2\" content=\"Tiempo de lectura\" \/>\n\t<meta name=\"twitter:data2\" content=\"3 minutos\" \/>\n<script type=\"application\/ld+json\" class=\"yoast-schema-graph\">{\"@context\":\"https:\\\/\\\/schema.org\",\"@graph\":[{\"@type\":\"Article\",\"@id\":\"https:\\\/\\\/lospoliticosveracruz.com\\\/?p=24638#article\",\"isPartOf\":{\"@id\":\"https:\\\/\\\/lospoliticosveracruz.com\\\/?p=24638\"},\"author\":{\"name\":\"Lo viste en Los Pol\u00edticos\",\"@id\":\"https:\\\/\\\/lospoliticosveracruz.com\\\/#\\\/schema\\\/person\\\/b8702bb0e538456e6efd07080bf2a4a2\"},\"headline\":\"\u00a1Acusen a los coyotes!: CNC\",\"datePublished\":\"2016-08-08T23:26:35+00:00\",\"dateModified\":\"2016-08-09T01:10:51+00:00\",\"mainEntityOfPage\":{\"@id\":\"https:\\\/\\\/lospoliticosveracruz.com\\\/?p=24638\"},\"wordCount\":580,\"commentCount\":0,\"publisher\":{\"@id\":\"https:\\\/\\\/lospoliticosveracruz.com\\\/#organization\"},\"keywords\":[\"Campesinos\",\"CNC\",\"Hidalgotitl\u00e1n\",\"Juan Carlos Molina Palacios\",\"Octavio Omar L\u00f3pez Castillejos\"],\"articleSection\":[\"De Boleto\"],\"inLanguage\":\"es\",\"potentialAction\":[{\"@type\":\"CommentAction\",\"name\":\"Comment\",\"target\":[\"https:\\\/\\\/lospoliticosveracruz.com\\\/?p=24638#respond\"]}]},{\"@type\":\"WebPage\",\"@id\":\"https:\\\/\\\/lospoliticosveracruz.com\\\/?p=24638\",\"url\":\"https:\\\/\\\/lospoliticosveracruz.com\\\/?p=24638\",\"name\":\"\u00a1Acusen a los coyotes!: CNC - Los pol\u00edticos Veracruz\",\"isPartOf\":{\"@id\":\"https:\\\/\\\/lospoliticosveracruz.com\\\/#website\"},\"datePublished\":\"2016-08-08T23:26:35+00:00\",\"dateModified\":\"2016-08-09T01:10:51+00:00\",\"breadcrumb\":{\"@id\":\"https:\\\/\\\/lospoliticosveracruz.com\\\/?p=24638#breadcrumb\"},\"inLanguage\":\"es\",\"potentialAction\":[{\"@type\":\"ReadAction\",\"target\":[\"https:\\\/\\\/lospoliticosveracruz.com\\\/?p=24638\"]}]},{\"@type\":\"BreadcrumbList\",\"@id\":\"https:\\\/\\\/lospoliticosveracruz.com\\\/?p=24638#breadcrumb\",\"itemListElement\":[{\"@type\":\"ListItem\",\"position\":1,\"name\":\"Portada\",\"item\":\"https:\\\/\\\/lospoliticosveracruz.com\\\/\"},{\"@type\":\"ListItem\",\"position\":2,\"name\":\"\u00a1Acusen a los coyotes!: CNC\"}]},{\"@type\":\"WebSite\",\"@id\":\"https:\\\/\\\/lospoliticosveracruz.com\\\/#website\",\"url\":\"https:\\\/\\\/lospoliticosveracruz.com\\\/\",\"name\":\"Los pol\u00edticos Veracruz\",\"description\":\"\",\"publisher\":{\"@id\":\"https:\\\/\\\/lospoliticosveracruz.com\\\/#organization\"},\"potentialAction\":[{\"@type\":\"SearchAction\",\"target\":{\"@type\":\"EntryPoint\",\"urlTemplate\":\"https:\\\/\\\/lospoliticosveracruz.com\\\/?s={search_term_string}\"},\"query-input\":{\"@type\":\"PropertyValueSpecification\",\"valueRequired\":true,\"valueName\":\"search_term_string\"}}],\"inLanguage\":\"es\"},{\"@type\":\"Organization\",\"@id\":\"https:\\\/\\\/lospoliticosveracruz.com\\\/#organization\",\"name\":\"Los pol\u00edticos Veracruz\",\"url\":\"https:\\\/\\\/lospoliticosveracruz.com\\\/\",\"logo\":{\"@type\":\"ImageObject\",\"inLanguage\":\"es\",\"@id\":\"https:\\\/\\\/lospoliticosveracruz.com\\\/#\\\/schema\\\/logo\\\/image\\\/\",\"url\":\"https:\\\/\\\/lospoliticosveracruz.com\\\/wp-content\\\/uploads\\\/2025\\\/12\\\/Logo-Nuevo-LOS-POLITICOS-1.jpg\",\"contentUrl\":\"https:\\\/\\\/lospoliticosveracruz.com\\\/wp-content\\\/uploads\\\/2025\\\/12\\\/Logo-Nuevo-LOS-POLITICOS-1.jpg\",\"width\":260,\"height\":70,\"caption\":\"Los pol\u00edticos Veracruz\"},\"image\":{\"@id\":\"https:\\\/\\\/lospoliticosveracruz.com\\\/#\\\/schema\\\/logo\\\/image\\\/\"},\"sameAs\":[\"https:\\\/\\\/www.facebook.com\\\/people\\\/Notimemes-de-los-Polticos\\\/61565672886568\\\/\",\"https:\\\/\\\/x.com\\\/LosPoliticosVer\"]},{\"@type\":\"Person\",\"@id\":\"https:\\\/\\\/lospoliticosveracruz.com\\\/#\\\/schema\\\/person\\\/b8702bb0e538456e6efd07080bf2a4a2\",\"name\":\"Lo viste en Los Pol\u00edticos\",\"image\":{\"@type\":\"ImageObject\",\"inLanguage\":\"es\",\"@id\":\"https:\\\/\\\/secure.gravatar.com\\\/avatar\\\/3a8de04a2656d44082be478bd6c086daa447c4651605818287b9532d3d0bd435?s=96&d=mm&r=g\",\"url\":\"https:\\\/\\\/secure.gravatar.com\\\/avatar\\\/3a8de04a2656d44082be478bd6c086daa447c4651605818287b9532d3d0bd435?s=96&d=mm&r=g\",\"contentUrl\":\"https:\\\/\\\/secure.gravatar.com\\\/avatar\\\/3a8de04a2656d44082be478bd6c086daa447c4651605818287b9532d3d0bd435?s=96&d=mm&r=g\",\"caption\":\"Lo viste en Los Pol\u00edticos\"},\"url\":\"https:\\\/\\\/lospoliticosveracruz.com\\\/?author=2\"}]}<\/script>\n<!-- \/ Yoast SEO plugin. -->","yoast_head_json":{"title":"\u00a1Acusen a los coyotes!: CNC - Los pol\u00edticos Veracruz","robots":{"index":"index","follow":"follow","max-snippet":"max-snippet:-1","max-image-preview":"max-image-preview:large","max-video-preview":"max-video-preview:-1"},"canonical":"https:\/\/lospoliticosveracruz.com\/?p=24638","og_locale":"es_ES","og_type":"article","og_title":"\u00a1Acusen a los coyotes!: CNC - Los pol\u00edticos Veracruz","og_description":"Al encabezar la entrega de incentivos a 500 productores de ma\u00edz y frijol de la regi\u00f3n, el presidente de la CNC en Veracruz, Juan Carlos Molina Palacios asever\u00f3 que, con la unidad de los campesinos veracruzanos, este importante sector continuar\u00e1 recibiendo los beneficios que el gobierno federal, a trav\u00e9s de la SAGARPA, destina para mejorar [&hellip;]","og_url":"https:\/\/lospoliticosveracruz.com\/?p=24638","og_site_name":"Los pol\u00edticos Veracruz","article_publisher":"https:\/\/www.facebook.com\/people\/Notimemes-de-los-Polticos\/61565672886568\/","article_published_time":"2016-08-08T23:26:35+00:00","article_modified_time":"2016-08-09T01:10:51+00:00","og_image":[{"width":200,"height":200,"url":"https:\/\/lospoliticosveracruz.com\/wp-content\/uploads\/2016\/07\/Logo-Dor.jpg","type":"image\/jpeg"}],"author":"Lo viste en Los Pol\u00edticos","twitter_card":"summary_large_image","twitter_creator":"@LosPoliticosVer","twitter_site":"@LosPoliticosVer","twitter_misc":{"Escrito por":"Lo viste en Los Pol\u00edticos","Tiempo de lectura":"3 minutos"},"schema":{"@context":"https:\/\/schema.org","@graph":[{"@type":"Article","@id":"https:\/\/lospoliticosveracruz.com\/?p=24638#article","isPartOf":{"@id":"https:\/\/lospoliticosveracruz.com\/?p=24638"},"author":{"name":"Lo viste en Los Pol\u00edticos","@id":"https:\/\/lospoliticosveracruz.com\/#\/schema\/person\/b8702bb0e538456e6efd07080bf2a4a2"},"headline":"\u00a1Acusen a los coyotes!: CNC","datePublished":"2016-08-08T23:26:35+00:00","dateModified":"2016-08-09T01:10:51+00:00","mainEntityOfPage":{"@id":"https:\/\/lospoliticosveracruz.com\/?p=24638"},"wordCount":580,"commentCount":0,"publisher":{"@id":"https:\/\/lospoliticosveracruz.com\/#organization"},"keywords":["Campesinos","CNC","Hidalgotitl\u00e1n","Juan Carlos Molina Palacios","Octavio Omar L\u00f3pez Castillejos"],"articleSection":["De Boleto"],"inLanguage":"es","potentialAction":[{"@type":"CommentAction","name":"Comment","target":["https:\/\/lospoliticosveracruz.com\/?p=24638#respond"]}]},{"@type":"WebPage","@id":"https:\/\/lospoliticosveracruz.com\/?p=24638","url":"https:\/\/lospoliticosveracruz.com\/?p=24638","name":"\u00a1Acusen a los coyotes!: CNC - Los pol\u00edticos Veracruz","isPartOf":{"@id":"https:\/\/lospoliticosveracruz.com\/#website"},"datePublished":"2016-08-08T23:26:35+00:00","dateModified":"2016-08-09T01:10:51+00:00","breadcrumb":{"@id":"https:\/\/lospoliticosveracruz.com\/?p=24638#breadcrumb"},"inLanguage":"es","potentialAction":[{"@type":"ReadAction","target":["https:\/\/lospoliticosveracruz.com\/?p=24638"]}]},{"@type":"BreadcrumbList","@id":"https:\/\/lospoliticosveracruz.com\/?p=24638#breadcrumb","itemListElement":[{"@type":"ListItem","position":1,"name":"Portada","item":"https:\/\/lospoliticosveracruz.com\/"},{"@type":"ListItem","position":2,"name":"\u00a1Acusen a los coyotes!: CNC"}]},{"@type":"WebSite","@id":"https:\/\/lospoliticosveracruz.com\/#website","url":"https:\/\/lospoliticosveracruz.com\/","name":"Los pol\u00edticos Veracruz","description":"","publisher":{"@id":"https:\/\/lospoliticosveracruz.com\/#organization"},"potentialAction":[{"@type":"SearchAction","target":{"@type":"EntryPoint","urlTemplate":"https:\/\/lospoliticosveracruz.com\/?s={search_term_string}"},"query-input":{"@type":"PropertyValueSpecification","valueRequired":true,"valueName":"search_term_string"}}],"inLanguage":"es"},{"@type":"Organization","@id":"https:\/\/lospoliticosveracruz.com\/#organization","name":"Los pol\u00edticos Veracruz","url":"https:\/\/lospoliticosveracruz.com\/","logo":{"@type":"ImageObject","inLanguage":"es","@id":"https:\/\/lospoliticosveracruz.com\/#\/schema\/logo\/image\/","url":"https:\/\/lospoliticosveracruz.com\/wp-content\/uploads\/2025\/12\/Logo-Nuevo-LOS-POLITICOS-1.jpg","contentUrl":"https:\/\/lospoliticosveracruz.com\/wp-content\/uploads\/2025\/12\/Logo-Nuevo-LOS-POLITICOS-1.jpg","width":260,"height":70,"caption":"Los pol\u00edticos Veracruz"},"image":{"@id":"https:\/\/lospoliticosveracruz.com\/#\/schema\/logo\/image\/"},"sameAs":["https:\/\/www.facebook.com\/people\/Notimemes-de-los-Polticos\/61565672886568\/","https:\/\/x.com\/LosPoliticosVer"]},{"@type":"Person","@id":"https:\/\/lospoliticosveracruz.com\/#\/schema\/person\/b8702bb0e538456e6efd07080bf2a4a2","name":"Lo viste en Los Pol\u00edticos","image":{"@type":"ImageObject","inLanguage":"es","@id":"https:\/\/secure.gravatar.com\/avatar\/3a8de04a2656d44082be478bd6c086daa447c4651605818287b9532d3d0bd435?s=96&d=mm&r=g","url":"https:\/\/secure.gravatar.com\/avatar\/3a8de04a2656d44082be478bd6c086daa447c4651605818287b9532d3d0bd435?s=96&d=mm&r=g","contentUrl":"https:\/\/secure.gravatar.com\/avatar\/3a8de04a2656d44082be478bd6c086daa447c4651605818287b9532d3d0bd435?s=96&d=mm&r=g","caption":"Lo viste en Los Pol\u00edticos"},"url":"https:\/\/lospoliticosveracruz.com\/?author=2"}]}},"_links":{"self":[{"href":"https:\/\/lospoliticosveracruz.com\/index.php?rest_route=\/wp\/v2\/posts\/24638","targetHints":{"allow":["GET"]}}],"collection":[{"href":"https:\/\/lospoliticosveracruz.com\/index.php?rest_route=\/wp\/v2\/posts"}],"about":[{"href":"https:\/\/lospoliticosveracruz.com\/index.php?rest_route=\/wp\/v2\/types\/post"}],"author":[{"embeddable":true,"href":"https:\/\/lospoliticosveracruz.com\/index.php?rest_route=\/wp\/v2\/users\/2"}],"replies":[{"embeddable":true,"href":"https:\/\/lospoliticosveracruz.com\/index.php?rest_route=%2Fwp%2Fv2%2Fcomments&post=24638"}],"version-history":[{"count":2,"href":"https:\/\/lospoliticosveracruz.com\/index.php?rest_route=\/wp\/v2\/posts\/24638\/revisions"}],"predecessor-version":[{"id":24642,"href":"https:\/\/lospoliticosveracruz.com\/index.php?rest_route=\/wp\/v2\/posts\/24638\/revisions\/24642"}],"wp:attachment":[{"href":"https:\/\/lospoliticosveracruz.com\/index.php?rest_route=%2Fwp%2Fv2%2Fmedia&parent=24638"}],"wp:term":[{"taxonomy":"category","embeddable":true,"href":"https:\/\/lospoliticosveracruz.com\/index.php?rest_route=%2Fwp%2Fv2%2Fcategories&post=24638"},{"taxonomy":"post_tag","embeddable":true,"href":"https:\/\/lospoliticosveracruz.com\/index.php?rest_route=%2Fwp%2Fv2%2Ftags&post=24638"}],"curies":[{"name":"wp","href":"https:\/\/api.w.org\/{rel}","templated":true}]}}