{"id":2465,"date":"2014-06-24T19:28:00","date_gmt":"2014-06-24T19:28:00","guid":{"rendered":"http:\/\/www.lospoliticosveracruz.com.mx\/?p=2465"},"modified":"2014-10-10T03:00:18","modified_gmt":"2014-10-10T03:00:18","slug":"conozcamos-a-un-guerrero-mateo","status":"publish","type":"post","link":"https:\/\/lospoliticosveracruz.com\/?p=2465","title":{"rendered":"Conozcamos a un Guerrero\u2026 Mateo"},"content":{"rendered":"<div style=\"clear: both; text-align: center;\"><\/div>\n<p><\/p>\n<div style=\"clear: both; text-align: center;\"><a href=\"http:\/\/www.lospoliticosveracruz.com.mx\/wp-content\/uploads\/2014\/06\/mateo2.jpg\" style=\"margin-left: 1em; margin-right: 1em;\"><img loading=\"lazy\" decoding=\"async\" border=\"0\" src=\"http:\/\/www.lospoliticosveracruz.com.mx\/wp-content\/uploads\/2014\/06\/mateo2.jpg\" height=\"320\" width=\"320\" \/><\/a><\/div>\n<div><\/div>\n<div><\/div>\n<p><b>Julier Bautista <\/b><\/p>\n<p>  Cuando ten\u00eda cinco meses de gestaci\u00f3n, ya ten\u00eda un nombre: Mateo. <br \/>A pesar de todos los diagn\u00f3sticos desfavorables que alrededor de \u00e9l los doctores explicaron, sus padres decidieron dejar todo en manos de Dios. La familia, abuelos, t\u00edos, t\u00edas, primos, su hermano, amigos, todos lo aceptaron con amor y desde ah\u00ed el milagro comenz\u00f3. <br \/>Mateo vive en Xalapa. Naci\u00f3 con una malformaci\u00f3n cong\u00e9nita llamada Hemolinfangioma. <br \/>A su corta edad, lo han operado tres ocasiones en la ciudad de M\u00e9xico; sin embargo, su meta es llegar al hospital de Cincinnati para un mejor tratamiento con la finalidad de tener una mejor calidad de vida. <br \/>Hoy, tres millones de amigos con un peso es lo que Mateo requiere para llegar a Cincinnati, motivo por lo que comienza una colecta a beneficio del beb\u00e9 xalape\u00f1o. <br \/>Actualmente existen botes para recaudar donativos en nuestra capital veracruzana ubicados en la avenida \u00c1vila Camacho, sal\u00f3n de belleza Dpeloz; Calle Jos\u00e9 Mar\u00eda Pino Su\u00e1rez #16, boutique Mal de Amores; avenida Xalapa, esquina Calle Toluca, Sucursal Herbalife; de igual manera se encuentra disponible la cuenta bancaria Bancomer 2982729024, a nombre de Mateo de Jes\u00fas M\u00e1rquez Ju\u00e1rez. <br \/>La gratitud e informaci\u00f3n del ni\u00f1o se hace notar en la p\u00e1gina de facebook \u201cAyudando a un Guerrero Mateo\u201d, <a href=\"https:\/\/www.facebook.com\/pages\/Ayudando-a-un-Guerrero-Mateo\/414607105348332?fref=ts\">https:\/\/www.facebook.com\/pages\/Ayudando-a-un-Guerrero-Mateo\/414607105348332?fref=ts<\/a>, la cual, a tres semanas de apertura tiene m\u00e1s de mil 300 Like. <br \/>\u00a1Ayuda a un Guerrero! <\/p>\n<p><a href=\"http:\/\/www.lospoliticosveracruz.com.mx\/wp-content\/uploads\/2014\/06\/mateo1.jpg\" style=\"margin-left: 1em; margin-right: 1em;\"><img loading=\"lazy\" decoding=\"async\" border=\"0\" src=\"http:\/\/www.lospoliticosveracruz.com.mx\/wp-content\/uploads\/2014\/06\/mateo1.jpg\" height=\"320\" style=\"cursor: move;\" width=\"320\" \/><\/a><\/p>\n","protected":false},"excerpt":{"rendered":"<p>Julier Bautista Cuando ten\u00eda cinco meses de gestaci\u00f3n, ya ten\u00eda un nombre: Mateo. A pesar de todos los diagn\u00f3sticos desfavorables que alrededor de \u00e9l los doctores explicaron, sus padres decidieron dejar todo en manos de Dios. La familia, abuelos, t\u00edos, t\u00edas, primos, su hermano, amigos, todos lo aceptaron con amor y desde ah\u00ed el milagro [&hellip;]<\/p>\n","protected":false},"author":1,"featured_media":0,"comment_status":"open","ping_status":"open","sticky":false,"template":"","format":"standard","meta":{"tdm_status":"","tdm_grid_status":"","footnotes":""},"categories":[1],"tags":[],"class_list":{"0":"post-2465","1":"post","2":"type-post","3":"status-publish","4":"format-standard","6":"category-sin-categoria"},"yoast_head":"<!-- This site is optimized with the Yoast SEO plugin v27.4 - https:\/\/yoast.com\/product\/yoast-seo-wordpress\/ -->\n<title>Conozcamos a un Guerrero\u2026 Mateo - Los pol\u00edticos Veracruz<\/title>\n<meta name=\"robots\" content=\"index, follow, max-snippet:-1, max-image-preview:large, max-video-preview:-1\" \/>\n<link rel=\"canonical\" href=\"https:\/\/lospoliticosveracruz.com\/?p=2465\" \/>\n<meta property=\"og:locale\" content=\"es_ES\" \/>\n<meta property=\"og:type\" content=\"article\" \/>\n<meta property=\"og:title\" content=\"Conozcamos a un Guerrero\u2026 Mateo - Los pol\u00edticos Veracruz\" \/>\n<meta property=\"og:description\" content=\"Julier Bautista Cuando ten\u00eda cinco meses de gestaci\u00f3n, ya ten\u00eda un nombre: Mateo. A pesar de todos los diagn\u00f3sticos desfavorables que alrededor de \u00e9l los doctores explicaron, sus padres decidieron dejar todo en manos de Dios. La familia, abuelos, t\u00edos, t\u00edas, primos, su hermano, amigos, todos lo aceptaron con amor y desde ah\u00ed el milagro [&hellip;]\" \/>\n<meta property=\"og:url\" content=\"https:\/\/lospoliticosveracruz.com\/?p=2465\" \/>\n<meta property=\"og:site_name\" content=\"Los pol\u00edticos Veracruz\" \/>\n<meta property=\"article:publisher\" content=\"https:\/\/www.facebook.com\/people\/Notimemes-de-los-Polticos\/61565672886568\/\" \/>\n<meta property=\"article:published_time\" content=\"2014-06-24T19:28:00+00:00\" \/>\n<meta property=\"article:modified_time\" content=\"2014-10-10T03:00:18+00:00\" \/>\n<meta property=\"og:image\" content=\"http:\/\/www.lospoliticosveracruz.com.mx\/wp-content\/uploads\/2014\/06\/mateo2.jpg\" \/>\n<meta name=\"author\" content=\"lospoladmin\" \/>\n<meta name=\"twitter:card\" content=\"summary_large_image\" \/>\n<meta name=\"twitter:creator\" content=\"@LosPoliticosVer\" \/>\n<meta name=\"twitter:site\" content=\"@LosPoliticosVer\" \/>\n<meta name=\"twitter:label1\" content=\"Escrito por\" \/>\n\t<meta name=\"twitter:data1\" content=\"lospoladmin\" \/>\n\t<meta name=\"twitter:label2\" content=\"Tiempo de lectura\" \/>\n\t<meta name=\"twitter:data2\" content=\"1 minuto\" \/>\n<script type=\"application\/ld+json\" class=\"yoast-schema-graph\">{\"@context\":\"https:\\\/\\\/schema.org\",\"@graph\":[{\"@type\":\"Article\",\"@id\":\"https:\\\/\\\/lospoliticosveracruz.com\\\/?p=2465#article\",\"isPartOf\":{\"@id\":\"https:\\\/\\\/lospoliticosveracruz.com\\\/?p=2465\"},\"author\":{\"name\":\"lospoladmin\",\"@id\":\"https:\\\/\\\/lospoliticosveracruz.com\\\/#\\\/schema\\\/person\\\/c5fee8df75ee4700bd7f8e92859bd696\"},\"headline\":\"Conozcamos a un Guerrero\u2026 Mateo\",\"datePublished\":\"2014-06-24T19:28:00+00:00\",\"dateModified\":\"2014-10-10T03:00:18+00:00\",\"mainEntityOfPage\":{\"@id\":\"https:\\\/\\\/lospoliticosveracruz.com\\\/?p=2465\"},\"wordCount\":256,\"commentCount\":0,\"publisher\":{\"@id\":\"https:\\\/\\\/lospoliticosveracruz.com\\\/#organization\"},\"image\":{\"@id\":\"https:\\\/\\\/lospoliticosveracruz.com\\\/?p=2465#primaryimage\"},\"thumbnailUrl\":\"http:\\\/\\\/www.lospoliticosveracruz.com.mx\\\/wp-content\\\/uploads\\\/2014\\\/06\\\/mateo2.jpg\",\"inLanguage\":\"es\",\"potentialAction\":[{\"@type\":\"CommentAction\",\"name\":\"Comment\",\"target\":[\"https:\\\/\\\/lospoliticosveracruz.com\\\/?p=2465#respond\"]}]},{\"@type\":\"WebPage\",\"@id\":\"https:\\\/\\\/lospoliticosveracruz.com\\\/?p=2465\",\"url\":\"https:\\\/\\\/lospoliticosveracruz.com\\\/?p=2465\",\"name\":\"Conozcamos a un Guerrero\u2026 Mateo - Los pol\u00edticos Veracruz\",\"isPartOf\":{\"@id\":\"https:\\\/\\\/lospoliticosveracruz.com\\\/#website\"},\"primaryImageOfPage\":{\"@id\":\"https:\\\/\\\/lospoliticosveracruz.com\\\/?p=2465#primaryimage\"},\"image\":{\"@id\":\"https:\\\/\\\/lospoliticosveracruz.com\\\/?p=2465#primaryimage\"},\"thumbnailUrl\":\"http:\\\/\\\/www.lospoliticosveracruz.com.mx\\\/wp-content\\\/uploads\\\/2014\\\/06\\\/mateo2.jpg\",\"datePublished\":\"2014-06-24T19:28:00+00:00\",\"dateModified\":\"2014-10-10T03:00:18+00:00\",\"breadcrumb\":{\"@id\":\"https:\\\/\\\/lospoliticosveracruz.com\\\/?p=2465#breadcrumb\"},\"inLanguage\":\"es\",\"potentialAction\":[{\"@type\":\"ReadAction\",\"target\":[\"https:\\\/\\\/lospoliticosveracruz.com\\\/?p=2465\"]}]},{\"@type\":\"ImageObject\",\"inLanguage\":\"es\",\"@id\":\"https:\\\/\\\/lospoliticosveracruz.com\\\/?p=2465#primaryimage\",\"url\":\"http:\\\/\\\/www.lospoliticosveracruz.com.mx\\\/wp-content\\\/uploads\\\/2014\\\/06\\\/mateo2.jpg\",\"contentUrl\":\"http:\\\/\\\/www.lospoliticosveracruz.com.mx\\\/wp-content\\\/uploads\\\/2014\\\/06\\\/mateo2.jpg\"},{\"@type\":\"BreadcrumbList\",\"@id\":\"https:\\\/\\\/lospoliticosveracruz.com\\\/?p=2465#breadcrumb\",\"itemListElement\":[{\"@type\":\"ListItem\",\"position\":1,\"name\":\"Portada\",\"item\":\"https:\\\/\\\/lospoliticosveracruz.com\\\/\"},{\"@type\":\"ListItem\",\"position\":2,\"name\":\"Conozcamos a un Guerrero\u2026 Mateo\"}]},{\"@type\":\"WebSite\",\"@id\":\"https:\\\/\\\/lospoliticosveracruz.com\\\/#website\",\"url\":\"https:\\\/\\\/lospoliticosveracruz.com\\\/\",\"name\":\"Los pol\u00edticos Veracruz\",\"description\":\"\",\"publisher\":{\"@id\":\"https:\\\/\\\/lospoliticosveracruz.com\\\/#organization\"},\"potentialAction\":[{\"@type\":\"SearchAction\",\"target\":{\"@type\":\"EntryPoint\",\"urlTemplate\":\"https:\\\/\\\/lospoliticosveracruz.com\\\/?s={search_term_string}\"},\"query-input\":{\"@type\":\"PropertyValueSpecification\",\"valueRequired\":true,\"valueName\":\"search_term_string\"}}],\"inLanguage\":\"es\"},{\"@type\":\"Organization\",\"@id\":\"https:\\\/\\\/lospoliticosveracruz.com\\\/#organization\",\"name\":\"Los pol\u00edticos Veracruz\",\"url\":\"https:\\\/\\\/lospoliticosveracruz.com\\\/\",\"logo\":{\"@type\":\"ImageObject\",\"inLanguage\":\"es\",\"@id\":\"https:\\\/\\\/lospoliticosveracruz.com\\\/#\\\/schema\\\/logo\\\/image\\\/\",\"url\":\"https:\\\/\\\/lospoliticosveracruz.com\\\/wp-content\\\/uploads\\\/2025\\\/12\\\/Logo-Nuevo-LOS-POLITICOS-1.jpg\",\"contentUrl\":\"https:\\\/\\\/lospoliticosveracruz.com\\\/wp-content\\\/uploads\\\/2025\\\/12\\\/Logo-Nuevo-LOS-POLITICOS-1.jpg\",\"width\":260,\"height\":70,\"caption\":\"Los pol\u00edticos Veracruz\"},\"image\":{\"@id\":\"https:\\\/\\\/lospoliticosveracruz.com\\\/#\\\/schema\\\/logo\\\/image\\\/\"},\"sameAs\":[\"https:\\\/\\\/www.facebook.com\\\/people\\\/Notimemes-de-los-Polticos\\\/61565672886568\\\/\",\"https:\\\/\\\/x.com\\\/LosPoliticosVer\"]},{\"@type\":\"Person\",\"@id\":\"https:\\\/\\\/lospoliticosveracruz.com\\\/#\\\/schema\\\/person\\\/c5fee8df75ee4700bd7f8e92859bd696\",\"name\":\"lospoladmin\",\"image\":{\"@type\":\"ImageObject\",\"inLanguage\":\"es\",\"@id\":\"https:\\\/\\\/secure.gravatar.com\\\/avatar\\\/f4a468785695515895c4d618820f242e33d3d72a0284244a0fad6d19795cb724?s=96&d=mm&r=g\",\"url\":\"https:\\\/\\\/secure.gravatar.com\\\/avatar\\\/f4a468785695515895c4d618820f242e33d3d72a0284244a0fad6d19795cb724?s=96&d=mm&r=g\",\"contentUrl\":\"https:\\\/\\\/secure.gravatar.com\\\/avatar\\\/f4a468785695515895c4d618820f242e33d3d72a0284244a0fad6d19795cb724?s=96&d=mm&r=g\",\"caption\":\"lospoladmin\"},\"url\":\"https:\\\/\\\/lospoliticosveracruz.com\\\/?author=1\"}]}<\/script>\n<!-- \/ Yoast SEO plugin. -->","yoast_head_json":{"title":"Conozcamos a un Guerrero\u2026 Mateo - Los pol\u00edticos Veracruz","robots":{"index":"index","follow":"follow","max-snippet":"max-snippet:-1","max-image-preview":"max-image-preview:large","max-video-preview":"max-video-preview:-1"},"canonical":"https:\/\/lospoliticosveracruz.com\/?p=2465","og_locale":"es_ES","og_type":"article","og_title":"Conozcamos a un Guerrero\u2026 Mateo - Los pol\u00edticos Veracruz","og_description":"Julier Bautista Cuando ten\u00eda cinco meses de gestaci\u00f3n, ya ten\u00eda un nombre: Mateo. A pesar de todos los diagn\u00f3sticos desfavorables que alrededor de \u00e9l los doctores explicaron, sus padres decidieron dejar todo en manos de Dios. La familia, abuelos, t\u00edos, t\u00edas, primos, su hermano, amigos, todos lo aceptaron con amor y desde ah\u00ed el milagro [&hellip;]","og_url":"https:\/\/lospoliticosveracruz.com\/?p=2465","og_site_name":"Los pol\u00edticos Veracruz","article_publisher":"https:\/\/www.facebook.com\/people\/Notimemes-de-los-Polticos\/61565672886568\/","article_published_time":"2014-06-24T19:28:00+00:00","article_modified_time":"2014-10-10T03:00:18+00:00","og_image":[{"url":"http:\/\/www.lospoliticosveracruz.com.mx\/wp-content\/uploads\/2014\/06\/mateo2.jpg","type":"","width":"","height":""}],"author":"lospoladmin","twitter_card":"summary_large_image","twitter_creator":"@LosPoliticosVer","twitter_site":"@LosPoliticosVer","twitter_misc":{"Escrito por":"lospoladmin","Tiempo de lectura":"1 minuto"},"schema":{"@context":"https:\/\/schema.org","@graph":[{"@type":"Article","@id":"https:\/\/lospoliticosveracruz.com\/?p=2465#article","isPartOf":{"@id":"https:\/\/lospoliticosveracruz.com\/?p=2465"},"author":{"name":"lospoladmin","@id":"https:\/\/lospoliticosveracruz.com\/#\/schema\/person\/c5fee8df75ee4700bd7f8e92859bd696"},"headline":"Conozcamos a un Guerrero\u2026 Mateo","datePublished":"2014-06-24T19:28:00+00:00","dateModified":"2014-10-10T03:00:18+00:00","mainEntityOfPage":{"@id":"https:\/\/lospoliticosveracruz.com\/?p=2465"},"wordCount":256,"commentCount":0,"publisher":{"@id":"https:\/\/lospoliticosveracruz.com\/#organization"},"image":{"@id":"https:\/\/lospoliticosveracruz.com\/?p=2465#primaryimage"},"thumbnailUrl":"http:\/\/www.lospoliticosveracruz.com.mx\/wp-content\/uploads\/2014\/06\/mateo2.jpg","inLanguage":"es","potentialAction":[{"@type":"CommentAction","name":"Comment","target":["https:\/\/lospoliticosveracruz.com\/?p=2465#respond"]}]},{"@type":"WebPage","@id":"https:\/\/lospoliticosveracruz.com\/?p=2465","url":"https:\/\/lospoliticosveracruz.com\/?p=2465","name":"Conozcamos a un Guerrero\u2026 Mateo - Los pol\u00edticos Veracruz","isPartOf":{"@id":"https:\/\/lospoliticosveracruz.com\/#website"},"primaryImageOfPage":{"@id":"https:\/\/lospoliticosveracruz.com\/?p=2465#primaryimage"},"image":{"@id":"https:\/\/lospoliticosveracruz.com\/?p=2465#primaryimage"},"thumbnailUrl":"http:\/\/www.lospoliticosveracruz.com.mx\/wp-content\/uploads\/2014\/06\/mateo2.jpg","datePublished":"2014-06-24T19:28:00+00:00","dateModified":"2014-10-10T03:00:18+00:00","breadcrumb":{"@id":"https:\/\/lospoliticosveracruz.com\/?p=2465#breadcrumb"},"inLanguage":"es","potentialAction":[{"@type":"ReadAction","target":["https:\/\/lospoliticosveracruz.com\/?p=2465"]}]},{"@type":"ImageObject","inLanguage":"es","@id":"https:\/\/lospoliticosveracruz.com\/?p=2465#primaryimage","url":"http:\/\/www.lospoliticosveracruz.com.mx\/wp-content\/uploads\/2014\/06\/mateo2.jpg","contentUrl":"http:\/\/www.lospoliticosveracruz.com.mx\/wp-content\/uploads\/2014\/06\/mateo2.jpg"},{"@type":"BreadcrumbList","@id":"https:\/\/lospoliticosveracruz.com\/?p=2465#breadcrumb","itemListElement":[{"@type":"ListItem","position":1,"name":"Portada","item":"https:\/\/lospoliticosveracruz.com\/"},{"@type":"ListItem","position":2,"name":"Conozcamos a un Guerrero\u2026 Mateo"}]},{"@type":"WebSite","@id":"https:\/\/lospoliticosveracruz.com\/#website","url":"https:\/\/lospoliticosveracruz.com\/","name":"Los pol\u00edticos Veracruz","description":"","publisher":{"@id":"https:\/\/lospoliticosveracruz.com\/#organization"},"potentialAction":[{"@type":"SearchAction","target":{"@type":"EntryPoint","urlTemplate":"https:\/\/lospoliticosveracruz.com\/?s={search_term_string}"},"query-input":{"@type":"PropertyValueSpecification","valueRequired":true,"valueName":"search_term_string"}}],"inLanguage":"es"},{"@type":"Organization","@id":"https:\/\/lospoliticosveracruz.com\/#organization","name":"Los pol\u00edticos Veracruz","url":"https:\/\/lospoliticosveracruz.com\/","logo":{"@type":"ImageObject","inLanguage":"es","@id":"https:\/\/lospoliticosveracruz.com\/#\/schema\/logo\/image\/","url":"https:\/\/lospoliticosveracruz.com\/wp-content\/uploads\/2025\/12\/Logo-Nuevo-LOS-POLITICOS-1.jpg","contentUrl":"https:\/\/lospoliticosveracruz.com\/wp-content\/uploads\/2025\/12\/Logo-Nuevo-LOS-POLITICOS-1.jpg","width":260,"height":70,"caption":"Los pol\u00edticos Veracruz"},"image":{"@id":"https:\/\/lospoliticosveracruz.com\/#\/schema\/logo\/image\/"},"sameAs":["https:\/\/www.facebook.com\/people\/Notimemes-de-los-Polticos\/61565672886568\/","https:\/\/x.com\/LosPoliticosVer"]},{"@type":"Person","@id":"https:\/\/lospoliticosveracruz.com\/#\/schema\/person\/c5fee8df75ee4700bd7f8e92859bd696","name":"lospoladmin","image":{"@type":"ImageObject","inLanguage":"es","@id":"https:\/\/secure.gravatar.com\/avatar\/f4a468785695515895c4d618820f242e33d3d72a0284244a0fad6d19795cb724?s=96&d=mm&r=g","url":"https:\/\/secure.gravatar.com\/avatar\/f4a468785695515895c4d618820f242e33d3d72a0284244a0fad6d19795cb724?s=96&d=mm&r=g","contentUrl":"https:\/\/secure.gravatar.com\/avatar\/f4a468785695515895c4d618820f242e33d3d72a0284244a0fad6d19795cb724?s=96&d=mm&r=g","caption":"lospoladmin"},"url":"https:\/\/lospoliticosveracruz.com\/?author=1"}]}},"_links":{"self":[{"href":"https:\/\/lospoliticosveracruz.com\/index.php?rest_route=\/wp\/v2\/posts\/2465","targetHints":{"allow":["GET"]}}],"collection":[{"href":"https:\/\/lospoliticosveracruz.com\/index.php?rest_route=\/wp\/v2\/posts"}],"about":[{"href":"https:\/\/lospoliticosveracruz.com\/index.php?rest_route=\/wp\/v2\/types\/post"}],"author":[{"embeddable":true,"href":"https:\/\/lospoliticosveracruz.com\/index.php?rest_route=\/wp\/v2\/users\/1"}],"replies":[{"embeddable":true,"href":"https:\/\/lospoliticosveracruz.com\/index.php?rest_route=%2Fwp%2Fv2%2Fcomments&post=2465"}],"version-history":[{"count":0,"href":"https:\/\/lospoliticosveracruz.com\/index.php?rest_route=\/wp\/v2\/posts\/2465\/revisions"}],"wp:attachment":[{"href":"https:\/\/lospoliticosveracruz.com\/index.php?rest_route=%2Fwp%2Fv2%2Fmedia&parent=2465"}],"wp:term":[{"taxonomy":"category","embeddable":true,"href":"https:\/\/lospoliticosveracruz.com\/index.php?rest_route=%2Fwp%2Fv2%2Fcategories&post=2465"},{"taxonomy":"post_tag","embeddable":true,"href":"https:\/\/lospoliticosveracruz.com\/index.php?rest_route=%2Fwp%2Fv2%2Ftags&post=2465"}],"curies":[{"name":"wp","href":"https:\/\/api.w.org\/{rel}","templated":true}]}}