{"id":24661,"date":"2016-08-09T13:39:22","date_gmt":"2016-08-09T18:39:22","guid":{"rendered":"http:\/\/www.lospoliticosveracruz.com.mx\/?p=24661"},"modified":"2016-08-09T13:39:22","modified_gmt":"2016-08-09T18:39:22","slug":"desarrollo-humano-y-masculinidades","status":"publish","type":"post","link":"https:\/\/lospoliticosveracruz.com\/?p=24661","title":{"rendered":"Desarrollo Humano y masculinidades"},"content":{"rendered":"<p><strong>Francisco Contreras<\/strong><\/p>\n<p><em>Mujeres que Saben Lat\u00edn.<\/em><\/p>\n<p>&nbsp;<\/p>\n<p>&nbsp;<\/p>\n<p>Para trabajar procesos de Desarrollo Humano con hombres, es necesario prestar especial atenci\u00f3n a los procesos socializadores que contribuyen a la construcci\u00f3n de las identidades masculinas, lo que nos pone directamente en relaci\u00f3n a las propuestas con perspectiva de g\u00e9nero, especialmente con el feminismo, dichos procesos buscan ampliar las opciones de las personas (para el caso de los hombres) tratando de fortalecer sus capacidades y habilidades.<\/p>\n<p>El desarrollo humano implica asumir que cada persona es \u00fanica, ubicando la atenci\u00f3n en un proyecto personal de tal manera que los avances son diferentes para cada quien. Al igual que otras disciplinas, la psicolog\u00eda, encuentra en la perspectiva de g\u00e9nero una herramienta poderosa para el desarrollo de las intervenciones que si bien se pueden dar en lo individual, tambi\u00e9n pueden ser atendidas desde la colectividad. Esta combinaci\u00f3n aporta informaci\u00f3n importante para analizar las trayectorias personales y construir procesos que generen un desarrollo pleno de la persona consultante, as\u00ed como de las personas que le rodean y las relaciones que establece (pareja, familia, hijas, hijos, hermanos, amigos, etc.).<\/p>\n<p>Analizar la construcci\u00f3n de las identidades comprendiendo las diferencias en la educaci\u00f3n y socializaci\u00f3n que se vive, permite fortalecer el proceso de desarrollo, lo que permite visualizar elementos y situaciones que en algunas ocasiones \u201cpasan inadvertidas\u201d. Los grupos de reflexi\u00f3n pretenden dar espacio a quienes comparten situaciones y\/o problemas similares, el resultado de participar permite que las personas asistentes vayan construyendo redes de apoyo y a la vez avanzar en el proyecto personal de cada participante.<\/p>\n<p>El caso de los grupos de hombres, es sumamente importante concentrar esfuerzos para que cada participante se visualice como protagonista de su proyecto personal, acompa\u00f1ado de otros hombres que buscan el equilibrio en las \u00e1reas que les conforman, teniendo diversos momentos de confrontaci\u00f3n con sus historias de vida, aprendizajes y conductas.<\/p>\n<p>En Xalapa, el trabajo con hombres inicia desarrollando un programa de atenci\u00f3n dirigido a hombres que al reconocer la violencia ejercida en sus relaciones de pareja, consideraron necesaria la atenci\u00f3n, la experiencia que se ha adquirido a lo largo de casi catorce a\u00f1os, nos ha permitido visualizar la necesidad de realizar ajustes en el modelo de trabajo que se tiene. Se ha incorporado un modelo que favorezca la inclusi\u00f3n de los hombres, creando un espacio de escucha y apoyo emocional con perspectiva de g\u00e9nero, respetuoso de las identidades, con una postura clara en contra de la violencia y con una simpat\u00eda por los planteamientos del feminismo y las causas de las mujeres.<\/p>\n<p>Actualmente Hombres Responsabiliz\u00e1ndose de su Vida (Hervida), representa el esfuerzo del colectivo para brindar un servicio con calidez a los varones que se integran en cada sesi\u00f3n de trabajo, se busca cuestionar el machismo y los aprendizajes que de este se adquieren, asumiendo la responsabilidad de las decisiones y conductas que afectan a otras personas, reconocer los estados emocionales y verbalizarlos, adquirir herramientas para el di\u00e1logo y fomentar el autocuidado, de tal manera que los participantes fortalezcamos la construcci\u00f3n de la identidades masculinas de una manera informada y acompa\u00f1ada por otros varones que buscan fortalecer tambi\u00e9n su desarrollo personal.<\/p>\n<p>Contamos con dos espacios, el primero sesiona los martes a partir de las 17:00 horas en las instalaciones de la Facultad de Psicolog\u00eda de la Universidad Veracruzana, que se encuentra ubicada en Manantial de San Crist\u00f3bal s\/n Xalapa 2000. En tanto, los mi\u00e9rcoles en el Centro de Integraci\u00f3n Juvenil en la esquina que forman las avenidas Acueducto y Ruiz Cortines, en la colonia Unidad Magisterial, en un horario de 18 a 20 horas todos los mi\u00e9rcoles.<\/p>\n","protected":false},"excerpt":{"rendered":"<p>Francisco Contreras Mujeres que Saben Lat\u00edn. &nbsp; &nbsp; Para trabajar procesos de Desarrollo Humano con hombres, es necesario prestar especial atenci\u00f3n a los procesos socializadores que contribuyen a la construcci\u00f3n de las identidades masculinas, lo que nos pone directamente en relaci\u00f3n a las propuestas con perspectiva de g\u00e9nero, especialmente con el feminismo, dichos procesos buscan [&hellip;]<\/p>\n","protected":false},"author":2,"featured_media":0,"comment_status":"open","ping_status":"open","sticky":false,"template":"","format":"standard","meta":{"tdm_status":"","tdm_grid_status":"","footnotes":""},"categories":[70],"tags":[5910,2747,5017,5909,2421],"class_list":{"0":"post-24661","1":"post","2":"type-post","3":"status-publish","4":"format-standard","6":"category-de-opinion","7":"tag-desarrollo-humano","8":"tag-feminismo","9":"tag-hombres-responsabilizandose-de-su-vida","10":"tag-identidades-masculinas","11":"tag-perspectiva-de-genero"},"yoast_head":"<!-- This site is optimized with the Yoast SEO plugin v27.4 - https:\/\/yoast.com\/product\/yoast-seo-wordpress\/ -->\n<title>Desarrollo Humano y masculinidades - Los pol\u00edticos Veracruz<\/title>\n<meta name=\"robots\" content=\"index, follow, max-snippet:-1, max-image-preview:large, max-video-preview:-1\" \/>\n<link rel=\"canonical\" href=\"https:\/\/lospoliticosveracruz.com\/?p=24661\" \/>\n<meta property=\"og:locale\" content=\"es_ES\" \/>\n<meta property=\"og:type\" content=\"article\" \/>\n<meta property=\"og:title\" content=\"Desarrollo Humano y masculinidades - Los pol\u00edticos Veracruz\" \/>\n<meta property=\"og:description\" content=\"Francisco Contreras Mujeres que Saben Lat\u00edn. &nbsp; &nbsp; Para trabajar procesos de Desarrollo Humano con hombres, es necesario prestar especial atenci\u00f3n a los procesos socializadores que contribuyen a la construcci\u00f3n de las identidades masculinas, lo que nos pone directamente en relaci\u00f3n a las propuestas con perspectiva de g\u00e9nero, especialmente con el feminismo, dichos procesos buscan [&hellip;]\" \/>\n<meta property=\"og:url\" content=\"https:\/\/lospoliticosveracruz.com\/?p=24661\" \/>\n<meta property=\"og:site_name\" content=\"Los pol\u00edticos Veracruz\" \/>\n<meta property=\"article:publisher\" content=\"https:\/\/www.facebook.com\/people\/Notimemes-de-los-Polticos\/61565672886568\/\" \/>\n<meta property=\"article:published_time\" content=\"2016-08-09T18:39:22+00:00\" \/>\n<meta property=\"og:image\" content=\"https:\/\/lospoliticosveracruz.com\/wp-content\/uploads\/2016\/07\/Logo-Dor.jpg\" \/>\n\t<meta property=\"og:image:width\" content=\"200\" \/>\n\t<meta property=\"og:image:height\" content=\"200\" \/>\n\t<meta property=\"og:image:type\" content=\"image\/jpeg\" \/>\n<meta name=\"author\" content=\"Lo viste en Los Pol\u00edticos\" \/>\n<meta name=\"twitter:card\" content=\"summary_large_image\" \/>\n<meta name=\"twitter:creator\" content=\"@LosPoliticosVer\" \/>\n<meta name=\"twitter:site\" content=\"@LosPoliticosVer\" \/>\n<meta name=\"twitter:label1\" content=\"Escrito por\" \/>\n\t<meta name=\"twitter:data1\" content=\"Lo viste en Los Pol\u00edticos\" \/>\n\t<meta name=\"twitter:label2\" content=\"Tiempo de lectura\" \/>\n\t<meta name=\"twitter:data2\" content=\"3 minutos\" \/>\n<script type=\"application\/ld+json\" class=\"yoast-schema-graph\">{\"@context\":\"https:\\\/\\\/schema.org\",\"@graph\":[{\"@type\":\"Article\",\"@id\":\"https:\\\/\\\/lospoliticosveracruz.com\\\/?p=24661#article\",\"isPartOf\":{\"@id\":\"https:\\\/\\\/lospoliticosveracruz.com\\\/?p=24661\"},\"author\":{\"name\":\"Lo viste en Los Pol\u00edticos\",\"@id\":\"https:\\\/\\\/lospoliticosveracruz.com\\\/#\\\/schema\\\/person\\\/b8702bb0e538456e6efd07080bf2a4a2\"},\"headline\":\"Desarrollo Humano y masculinidades\",\"datePublished\":\"2016-08-09T18:39:22+00:00\",\"mainEntityOfPage\":{\"@id\":\"https:\\\/\\\/lospoliticosveracruz.com\\\/?p=24661\"},\"wordCount\":632,\"commentCount\":0,\"publisher\":{\"@id\":\"https:\\\/\\\/lospoliticosveracruz.com\\\/#organization\"},\"keywords\":[\"Desarrollo humano\",\"Feminismo\",\"Hombres Responsabiliz\u00e1ndose de su Vida\",\"Identidades masculinas\",\"perspectiva de g\u00e9nero\"],\"articleSection\":[\"De Opini\u00f3n\"],\"inLanguage\":\"es\",\"potentialAction\":[{\"@type\":\"CommentAction\",\"name\":\"Comment\",\"target\":[\"https:\\\/\\\/lospoliticosveracruz.com\\\/?p=24661#respond\"]}]},{\"@type\":\"WebPage\",\"@id\":\"https:\\\/\\\/lospoliticosveracruz.com\\\/?p=24661\",\"url\":\"https:\\\/\\\/lospoliticosveracruz.com\\\/?p=24661\",\"name\":\"Desarrollo Humano y masculinidades - Los pol\u00edticos Veracruz\",\"isPartOf\":{\"@id\":\"https:\\\/\\\/lospoliticosveracruz.com\\\/#website\"},\"datePublished\":\"2016-08-09T18:39:22+00:00\",\"breadcrumb\":{\"@id\":\"https:\\\/\\\/lospoliticosveracruz.com\\\/?p=24661#breadcrumb\"},\"inLanguage\":\"es\",\"potentialAction\":[{\"@type\":\"ReadAction\",\"target\":[\"https:\\\/\\\/lospoliticosveracruz.com\\\/?p=24661\"]}]},{\"@type\":\"BreadcrumbList\",\"@id\":\"https:\\\/\\\/lospoliticosveracruz.com\\\/?p=24661#breadcrumb\",\"itemListElement\":[{\"@type\":\"ListItem\",\"position\":1,\"name\":\"Portada\",\"item\":\"https:\\\/\\\/lospoliticosveracruz.com\\\/\"},{\"@type\":\"ListItem\",\"position\":2,\"name\":\"Desarrollo Humano y masculinidades\"}]},{\"@type\":\"WebSite\",\"@id\":\"https:\\\/\\\/lospoliticosveracruz.com\\\/#website\",\"url\":\"https:\\\/\\\/lospoliticosveracruz.com\\\/\",\"name\":\"Los pol\u00edticos Veracruz\",\"description\":\"\",\"publisher\":{\"@id\":\"https:\\\/\\\/lospoliticosveracruz.com\\\/#organization\"},\"potentialAction\":[{\"@type\":\"SearchAction\",\"target\":{\"@type\":\"EntryPoint\",\"urlTemplate\":\"https:\\\/\\\/lospoliticosveracruz.com\\\/?s={search_term_string}\"},\"query-input\":{\"@type\":\"PropertyValueSpecification\",\"valueRequired\":true,\"valueName\":\"search_term_string\"}}],\"inLanguage\":\"es\"},{\"@type\":\"Organization\",\"@id\":\"https:\\\/\\\/lospoliticosveracruz.com\\\/#organization\",\"name\":\"Los pol\u00edticos Veracruz\",\"url\":\"https:\\\/\\\/lospoliticosveracruz.com\\\/\",\"logo\":{\"@type\":\"ImageObject\",\"inLanguage\":\"es\",\"@id\":\"https:\\\/\\\/lospoliticosveracruz.com\\\/#\\\/schema\\\/logo\\\/image\\\/\",\"url\":\"https:\\\/\\\/lospoliticosveracruz.com\\\/wp-content\\\/uploads\\\/2025\\\/12\\\/Logo-Nuevo-LOS-POLITICOS-1.jpg\",\"contentUrl\":\"https:\\\/\\\/lospoliticosveracruz.com\\\/wp-content\\\/uploads\\\/2025\\\/12\\\/Logo-Nuevo-LOS-POLITICOS-1.jpg\",\"width\":260,\"height\":70,\"caption\":\"Los pol\u00edticos Veracruz\"},\"image\":{\"@id\":\"https:\\\/\\\/lospoliticosveracruz.com\\\/#\\\/schema\\\/logo\\\/image\\\/\"},\"sameAs\":[\"https:\\\/\\\/www.facebook.com\\\/people\\\/Notimemes-de-los-Polticos\\\/61565672886568\\\/\",\"https:\\\/\\\/x.com\\\/LosPoliticosVer\"]},{\"@type\":\"Person\",\"@id\":\"https:\\\/\\\/lospoliticosveracruz.com\\\/#\\\/schema\\\/person\\\/b8702bb0e538456e6efd07080bf2a4a2\",\"name\":\"Lo viste en Los Pol\u00edticos\",\"image\":{\"@type\":\"ImageObject\",\"inLanguage\":\"es\",\"@id\":\"https:\\\/\\\/secure.gravatar.com\\\/avatar\\\/3a8de04a2656d44082be478bd6c086daa447c4651605818287b9532d3d0bd435?s=96&d=mm&r=g\",\"url\":\"https:\\\/\\\/secure.gravatar.com\\\/avatar\\\/3a8de04a2656d44082be478bd6c086daa447c4651605818287b9532d3d0bd435?s=96&d=mm&r=g\",\"contentUrl\":\"https:\\\/\\\/secure.gravatar.com\\\/avatar\\\/3a8de04a2656d44082be478bd6c086daa447c4651605818287b9532d3d0bd435?s=96&d=mm&r=g\",\"caption\":\"Lo viste en Los Pol\u00edticos\"},\"url\":\"https:\\\/\\\/lospoliticosveracruz.com\\\/?author=2\"}]}<\/script>\n<!-- \/ Yoast SEO plugin. -->","yoast_head_json":{"title":"Desarrollo Humano y masculinidades - Los pol\u00edticos Veracruz","robots":{"index":"index","follow":"follow","max-snippet":"max-snippet:-1","max-image-preview":"max-image-preview:large","max-video-preview":"max-video-preview:-1"},"canonical":"https:\/\/lospoliticosveracruz.com\/?p=24661","og_locale":"es_ES","og_type":"article","og_title":"Desarrollo Humano y masculinidades - Los pol\u00edticos Veracruz","og_description":"Francisco Contreras Mujeres que Saben Lat\u00edn. &nbsp; &nbsp; Para trabajar procesos de Desarrollo Humano con hombres, es necesario prestar especial atenci\u00f3n a los procesos socializadores que contribuyen a la construcci\u00f3n de las identidades masculinas, lo que nos pone directamente en relaci\u00f3n a las propuestas con perspectiva de g\u00e9nero, especialmente con el feminismo, dichos procesos buscan [&hellip;]","og_url":"https:\/\/lospoliticosveracruz.com\/?p=24661","og_site_name":"Los pol\u00edticos Veracruz","article_publisher":"https:\/\/www.facebook.com\/people\/Notimemes-de-los-Polticos\/61565672886568\/","article_published_time":"2016-08-09T18:39:22+00:00","og_image":[{"width":200,"height":200,"url":"https:\/\/lospoliticosveracruz.com\/wp-content\/uploads\/2016\/07\/Logo-Dor.jpg","type":"image\/jpeg"}],"author":"Lo viste en Los Pol\u00edticos","twitter_card":"summary_large_image","twitter_creator":"@LosPoliticosVer","twitter_site":"@LosPoliticosVer","twitter_misc":{"Escrito por":"Lo viste en Los Pol\u00edticos","Tiempo de lectura":"3 minutos"},"schema":{"@context":"https:\/\/schema.org","@graph":[{"@type":"Article","@id":"https:\/\/lospoliticosveracruz.com\/?p=24661#article","isPartOf":{"@id":"https:\/\/lospoliticosveracruz.com\/?p=24661"},"author":{"name":"Lo viste en Los Pol\u00edticos","@id":"https:\/\/lospoliticosveracruz.com\/#\/schema\/person\/b8702bb0e538456e6efd07080bf2a4a2"},"headline":"Desarrollo Humano y masculinidades","datePublished":"2016-08-09T18:39:22+00:00","mainEntityOfPage":{"@id":"https:\/\/lospoliticosveracruz.com\/?p=24661"},"wordCount":632,"commentCount":0,"publisher":{"@id":"https:\/\/lospoliticosveracruz.com\/#organization"},"keywords":["Desarrollo humano","Feminismo","Hombres Responsabiliz\u00e1ndose de su Vida","Identidades masculinas","perspectiva de g\u00e9nero"],"articleSection":["De Opini\u00f3n"],"inLanguage":"es","potentialAction":[{"@type":"CommentAction","name":"Comment","target":["https:\/\/lospoliticosveracruz.com\/?p=24661#respond"]}]},{"@type":"WebPage","@id":"https:\/\/lospoliticosveracruz.com\/?p=24661","url":"https:\/\/lospoliticosveracruz.com\/?p=24661","name":"Desarrollo Humano y masculinidades - Los pol\u00edticos Veracruz","isPartOf":{"@id":"https:\/\/lospoliticosveracruz.com\/#website"},"datePublished":"2016-08-09T18:39:22+00:00","breadcrumb":{"@id":"https:\/\/lospoliticosveracruz.com\/?p=24661#breadcrumb"},"inLanguage":"es","potentialAction":[{"@type":"ReadAction","target":["https:\/\/lospoliticosveracruz.com\/?p=24661"]}]},{"@type":"BreadcrumbList","@id":"https:\/\/lospoliticosveracruz.com\/?p=24661#breadcrumb","itemListElement":[{"@type":"ListItem","position":1,"name":"Portada","item":"https:\/\/lospoliticosveracruz.com\/"},{"@type":"ListItem","position":2,"name":"Desarrollo Humano y masculinidades"}]},{"@type":"WebSite","@id":"https:\/\/lospoliticosveracruz.com\/#website","url":"https:\/\/lospoliticosveracruz.com\/","name":"Los pol\u00edticos Veracruz","description":"","publisher":{"@id":"https:\/\/lospoliticosveracruz.com\/#organization"},"potentialAction":[{"@type":"SearchAction","target":{"@type":"EntryPoint","urlTemplate":"https:\/\/lospoliticosveracruz.com\/?s={search_term_string}"},"query-input":{"@type":"PropertyValueSpecification","valueRequired":true,"valueName":"search_term_string"}}],"inLanguage":"es"},{"@type":"Organization","@id":"https:\/\/lospoliticosveracruz.com\/#organization","name":"Los pol\u00edticos Veracruz","url":"https:\/\/lospoliticosveracruz.com\/","logo":{"@type":"ImageObject","inLanguage":"es","@id":"https:\/\/lospoliticosveracruz.com\/#\/schema\/logo\/image\/","url":"https:\/\/lospoliticosveracruz.com\/wp-content\/uploads\/2025\/12\/Logo-Nuevo-LOS-POLITICOS-1.jpg","contentUrl":"https:\/\/lospoliticosveracruz.com\/wp-content\/uploads\/2025\/12\/Logo-Nuevo-LOS-POLITICOS-1.jpg","width":260,"height":70,"caption":"Los pol\u00edticos Veracruz"},"image":{"@id":"https:\/\/lospoliticosveracruz.com\/#\/schema\/logo\/image\/"},"sameAs":["https:\/\/www.facebook.com\/people\/Notimemes-de-los-Polticos\/61565672886568\/","https:\/\/x.com\/LosPoliticosVer"]},{"@type":"Person","@id":"https:\/\/lospoliticosveracruz.com\/#\/schema\/person\/b8702bb0e538456e6efd07080bf2a4a2","name":"Lo viste en Los Pol\u00edticos","image":{"@type":"ImageObject","inLanguage":"es","@id":"https:\/\/secure.gravatar.com\/avatar\/3a8de04a2656d44082be478bd6c086daa447c4651605818287b9532d3d0bd435?s=96&d=mm&r=g","url":"https:\/\/secure.gravatar.com\/avatar\/3a8de04a2656d44082be478bd6c086daa447c4651605818287b9532d3d0bd435?s=96&d=mm&r=g","contentUrl":"https:\/\/secure.gravatar.com\/avatar\/3a8de04a2656d44082be478bd6c086daa447c4651605818287b9532d3d0bd435?s=96&d=mm&r=g","caption":"Lo viste en Los Pol\u00edticos"},"url":"https:\/\/lospoliticosveracruz.com\/?author=2"}]}},"_links":{"self":[{"href":"https:\/\/lospoliticosveracruz.com\/index.php?rest_route=\/wp\/v2\/posts\/24661","targetHints":{"allow":["GET"]}}],"collection":[{"href":"https:\/\/lospoliticosveracruz.com\/index.php?rest_route=\/wp\/v2\/posts"}],"about":[{"href":"https:\/\/lospoliticosveracruz.com\/index.php?rest_route=\/wp\/v2\/types\/post"}],"author":[{"embeddable":true,"href":"https:\/\/lospoliticosveracruz.com\/index.php?rest_route=\/wp\/v2\/users\/2"}],"replies":[{"embeddable":true,"href":"https:\/\/lospoliticosveracruz.com\/index.php?rest_route=%2Fwp%2Fv2%2Fcomments&post=24661"}],"version-history":[{"count":1,"href":"https:\/\/lospoliticosveracruz.com\/index.php?rest_route=\/wp\/v2\/posts\/24661\/revisions"}],"predecessor-version":[{"id":24663,"href":"https:\/\/lospoliticosveracruz.com\/index.php?rest_route=\/wp\/v2\/posts\/24661\/revisions\/24663"}],"wp:attachment":[{"href":"https:\/\/lospoliticosveracruz.com\/index.php?rest_route=%2Fwp%2Fv2%2Fmedia&parent=24661"}],"wp:term":[{"taxonomy":"category","embeddable":true,"href":"https:\/\/lospoliticosveracruz.com\/index.php?rest_route=%2Fwp%2Fv2%2Fcategories&post=24661"},{"taxonomy":"post_tag","embeddable":true,"href":"https:\/\/lospoliticosveracruz.com\/index.php?rest_route=%2Fwp%2Fv2%2Ftags&post=24661"}],"curies":[{"name":"wp","href":"https:\/\/api.w.org\/{rel}","templated":true}]}}