{"id":24664,"date":"2016-08-09T16:26:53","date_gmt":"2016-08-09T21:26:53","guid":{"rendered":"http:\/\/www.lospoliticosveracruz.com.mx\/?p=24664"},"modified":"2016-08-09T16:26:53","modified_gmt":"2016-08-09T21:26:53","slug":"harry-potter-y-el-legado-maldito","status":"publish","type":"post","link":"https:\/\/lospoliticosveracruz.com\/?p=24664","title":{"rendered":"Harry Potter y el Legado Maldito"},"content":{"rendered":"<p><em>Cecilia Mu\u00f1oz<\/em><\/p>\n<p>Nueve a\u00f1os despu\u00e9s, Harry vuelve a nuestras manos. El gui\u00f3n de la esperada obra de teatro, <em>Harry Potter y el Legado Maldito<\/em>, por fin sali\u00f3 a la venta el pasado 31 de julio, cumplea\u00f1os tanto de JK Rowling como del propio Harry.<\/p>\n<p>Y aunque en M\u00e9xico la preciosa edici\u00f3n en pasta dura todav\u00eda no es una realidad, gracias al cielo existen las versiones electr\u00f3nicas\u2026 y las personas que las suben gratis a la red, para las pobres almas de carteras vac\u00edas como yo. \u00a1No me mire mal! Desde <em>Harry Potter y la Orden del F\u00e9nix<\/em>, el quinto libro de la saga, acostumbr\u00e9 a pasar la noche de la publicaci\u00f3n de cada nueva entrega en vela y disfrutar de las generosas traducciones realizadas por fans, para despu\u00e9s leer tranquilamente mi edici\u00f3n debidamente comprada.<\/p>\n<p>Sin embargo, creo que esta vez no ser\u00e1 as\u00ed. No s\u00f3lo es que la vida sea muy corta para leer malos libros, es que tambi\u00e9n el improvisado librero ya no tiene espacio para los decepcionantes. \u00a1Pero no nos adelantemos! Antes de revelarle por qu\u00e9 <em>Harry Potter y el Legado Maldito<\/em> es un enorme \u201cgracias, pero no gracias\u201d, empecemos por el principio.<\/p>\n<p><strong>La trama<\/strong><\/p>\n<p>Esta nueva historia, escrita por JK Rowling en colaboraci\u00f3n con Jack Thorne, inicia con el amado y odiado a la vez ep\u00edlogo de Las Reliquias de la Muerte: Harry, su esposa Ginny, y sus amigos, acuden a la estaci\u00f3n de tren a despedir a sus hijos, quienes parten a iniciar su nuevo a\u00f1o escolar. El hijo menor de Harry, Albus Severus, le pregunta con ansiedad que pasar\u00e1 si el Sombrero Seleccionador lo elige para estar en Slytherin, la casa con la reputaci\u00f3n m\u00e1s odiada en todo Hogwarts. Pero Harry lo tranquiliza y le revela que puede pedirle al Sombrero que no lo ponga en Slytherin, tal como hizo \u00e9l a\u00f1os antes.<\/p>\n<p>Lamentablemente, a Harry se le olvida contarle a su hijo que se puso el Sombrero Seleccionador al mismo tiempo que rezaba \u201cEn Slytherin no, en Slytherin no\u201d, por lo que el Sombrero, aunque reticente, lo mand\u00f3 a Gryffindor, la casa de los valientes. Y como Albus Severus desconoce esta informaci\u00f3n, al momento en que se pone el Sombrero omite cualquier plegaria y \u00e9ste de forma inmediata lo manda a la temida Slytherin.<\/p>\n<p>Es as\u00ed como Albus inicia su vida escolar ya no rodeado por la gloriosa expectaci\u00f3n de su apellido, sino convertido en un marginado: \u00e9l, el hijo del gran Harry Potter, h\u00e9roe de la Segunda Guerra M\u00e1gica, \u00bfen la casa de las serpientes? Para colmo, su \u00fanico amigo es Scorpius Malfoy, blanco de rumores que lo se\u00f1alan como hijo de Voldemort, encubierto por la familia Malfoy.<\/p>\n<p><strong>Lo bueno<\/strong><\/p>\n<p>Hasta aqu\u00ed, todo bien. El lector desea saber c\u00f3mo se las arreglar\u00e1 Harry, quien no recibi\u00f3 ninguna clase de afecto durante su infancia, para manejar el cada vez m\u00e1s amargado car\u00e1cter de su hijo. Albus Severus empieza a aborrecer su apellido, sinti\u00e9ndolo una carga que no puede llenar. Su desempe\u00f1o escolar parece ser mediocre, su propia prima, Rose Granger-Weasley, lo evita y su padre no sabe c\u00f3mo manejar que lo que m\u00e1s am\u00f3 durante su adolescencia: la escuela y sus amigos, no signifiquen nada para su joven v\u00e1stago.<\/p>\n<p>La lealtad, la tolerancia y el amor son temas cruciales en la obra, como en su momento lo fueron en los libros anteriores. Se le a\u00f1ade, adem\u00e1s, la dificultad de criar a un hijo que parece diferente al padre\u2026 cuando en realidad es la copia exacta de lo que \u00e9ste fue. En cuanto al gui\u00f3n, las descripciones de las acciones parecen estar hechas para que en el teatro, \u00e9stas se vean realmente m\u00e1gicas. Las cr\u00edticas a la puesta en escena lo exponen as\u00ed\u2026 Y como no voy a ir a Londres pr\u00f3ximamente, tendr\u00e9 que conformarme con la imaginaci\u00f3n. En resumen: todo lo que en un principio plantea Harry Potter y el Legado Maldito parece perfecto para explorar m\u00e1s el desarrollo de Harry, ya no como el h\u00e9roe m\u00e1gico, sino como un padre que le ha heredado a su hijo un pasado que se siente como piedras.<\/p>\n<p><strong>Lo salvable<\/strong><\/p>\n<p>Entonces, todo se va a pique. Amos Diggory, padre de Cedric Diggory, la primera v\u00edctima de la Segunda Guerra M\u00e1gica y quien reencarn\u00f3 en los cines como un <em>vampiro brilloso<\/em>, le exige a Harry que utilice un giratiempo que el Ministerio de Magia confisc\u00f3 para cambiar el pasado y evitar que su hijo muera, pero Harry niega tener tal artefacto. Entre tanto, Albus Severus conoce a la sobrina de Amos, Delphi.<\/p>\n<p>Sabiendo que su padre miente, Albus Severus decide partir a la aventura <strong>\u2013<\/strong>demostrando que a pesar de todo, es digno hijo de su padre<strong>\u2013<\/strong> en compa\u00f1\u00eda de Scorpius Malfoy y Delphi Diggory. Y s\u00ed, viajan en el tiempo, lo que naturalmente provoca cambios cada vez m\u00e1s aterradores en el presente.<\/p>\n<p>Viaje en el tiempo. No es muy original y es un recurso ya utilizado en Harry Potter y el Prisionero de Azkaban, salvo que ahora es llevado hasta sus \u00faltimas consecuencias. Puede parecer muy choteado (o directamente, serlo), pero sigue la l\u00ednea de los libros de Harry Potter: un ni\u00f1o sin mucha confianza en s\u00ed mismo emprende una aventura porque cree que es lo correcto. Hasta este momento de la lectura, parece aguantable.<\/p>\n<p><strong>Lo malo: \u00bfestoy leyendo un fan fic?<\/strong><\/p>\n<p><em>Harry Potter y el Legado Maldito<\/em> termina pareciendo un fan fic. Quien haya escrito alguna vez uno, sabe que todo fan, mientras mayor sea su entusiasmo por la obra, suele pasar horas buscando vac\u00edos en la trama y olisqueando hilos sueltos. Los m\u00e1s enardecidos, hacen de \u00e9stos el inicio de historias que a menudo sirven como excelentes ejercicios literarios pero que no tienen valor alguno sobre la historia original.<\/p>\n<p>Advertencia: \u00a1Aqu\u00ed va un <strong>spoiler<\/strong>! Pero tranquilo, \u00e9ste no es crucial.<\/p>\n<p>La manta de Lily Evans: Harry le regala a Albus Severus una manta que supuestamente perteneci\u00f3 a su madre y que es el \u00fanico recuerdo tangible que le queda de ella (\u00a1falso! \u00bfY la carta que encontr\u00f3 con su firma durante <em>Las Reliquias de la Muerte<\/em>?). Por supuesto, es comprensible que siendo la capa invisible una herencia directa de su padre, cualquiera se pregunte si Lily Potter no le habr\u00eda legado algo a su hijo. Tambi\u00e9n es probable que el peque\u00f1o beb\u00e9 Harry haya llegado a casa de sus t\u00edos envuelto en una manta, propiedad de su madre, y que en un arranque de amor filial, la poco cari\u00f1osa t\u00eda Petunia la haya guardado.<\/p>\n<p>Pero el detalle es que la manta nunca aparece mencionada en los pasados siete libros, de tal forma que su existencia parece sacada de la manga, lo que provoc\u00f3 en m\u00ed la primera se\u00f1al de rechazo.<\/p>\n<p>Advertencia: \u00a1Aqu\u00ed va el segundo <strong>spoiler<\/strong>! Y \u00e9ste S\u00cd es crucial.<\/p>\n<p>Una de las inc\u00f3gnitas que la saga de Harry Potter despert\u00f3 fue lo concerniente a las relaciones personales de Voldemort. Por ello, muchos fans se aventuraron a crear historias donde una supuesta hija de \u00e9ste aparec\u00eda para extender el reinado de terror. Pero conforme fuimos conociendo m\u00e1s a este terrible personaje, muchos lectores terminamos entendiendo que era imposible que alguna vez se inclinara a tener alg\u00fan tipo de relaci\u00f3n amorosa. Por supuesto, pod\u00eda fingirla con los encantos de su juventud, pero finalmente termin\u00f3 pareciendo un disparate.<\/p>\n<p>Pero no fue as\u00ed para ni para Jack Thorne ni, esta vez, para JK Rowling. Delphi, la supuesta sobrina de Amos Digory, resulta ser en realidad la hija de Voldemort\u2026 y todo lo que uno puede decir es \u201c\u00bfen serio?\u201d. Delphi adem\u00e1s es fruto de la uni\u00f3n entre Voldemort y Bellatrix Lestrange, su m\u00e1s entusiasta lugarteniente y enferma enamorada\u2026 Pero si algo sabemos del mundo m\u00e1gico, es que un beb\u00e9 procreado sin amor no crece nada bien. Tal fue el caso de Voldemort y definitivamente tambi\u00e9n el de Delphi. Entonces, \u00bfpor qu\u00e9 parece sentir afecto por su padre?<\/p>\n<p><strong>Gracias, pero no gracias<\/strong><\/p>\n<p>Harry Potter y el legado maldito caus\u00f3 mucha expectaci\u00f3n desde que se anunci\u00f3, pero si me lo pregunta, no cumpli\u00f3 las expectativas. Al final la historia se siente como si hubi\u00e9ramos podido leerla en fanfiction.net, lo cual es lamentable pues desde la creaci\u00f3n de la p\u00e1gina web Pottermore, Rowling demostr\u00f3 tener a\u00fan mucho material que trabajar sobre Harry Potter. Resalto especialmente la historia sobre la profesora McGonagall, la de los padres de Harry y sus t\u00edos (\u00a1sin olvidar la precuela de 800 palabras que subast\u00f3 en 2008, sobre James Potter y Sirius Black!), y la m\u00e1s reciente: la historia del colegio de magia estadounidense Ilvermorny; un texto que a pesar de ser m\u00e1s largo de lo usual en la p\u00e1gina, fue altamente aplaudido.<\/p>\n<p>Por supuesto, para otros fans la historia podr\u00e1 parecer incre\u00edble, lo cual celebro. Yo mientras tanto, quisquillosa <em>potterhead<\/em> de vieja cepa, mejor ir\u00e9 a comprobar qu\u00e9 tal est\u00e1 la habitaci\u00f3n de Harry Potter en el caf\u00e9 Geeky House.<\/p>\n","protected":false},"excerpt":{"rendered":"<p>Cecilia Mu\u00f1oz Nueve a\u00f1os despu\u00e9s, Harry vuelve a nuestras manos. El gui\u00f3n de la esperada obra de teatro, Harry Potter y el Legado Maldito, por fin sali\u00f3 a la venta el pasado 31 de julio, cumplea\u00f1os tanto de JK Rowling como del propio Harry. Y aunque en M\u00e9xico la preciosa edici\u00f3n en pasta dura todav\u00eda [&hellip;]<\/p>\n","protected":false},"author":2,"featured_media":0,"comment_status":"open","ping_status":"open","sticky":false,"template":"","format":"standard","meta":{"tdm_status":"","tdm_grid_status":"","footnotes":""},"categories":[75],"tags":[5480,5911,5481,5912],"class_list":{"0":"post-24664","1":"post","2":"type-post","3":"status-publish","4":"format-standard","6":"category-cine-libros-y-mas","7":"tag-harry-potter","9":"tag-jk-rowling","10":"tag-the-cursed-child"},"yoast_head":"<!-- This site is optimized with the Yoast SEO plugin v27.4 - https:\/\/yoast.com\/product\/yoast-seo-wordpress\/ -->\n<title>Harry Potter y el Legado Maldito - Los pol\u00edticos Veracruz<\/title>\n<meta name=\"robots\" content=\"index, follow, max-snippet:-1, max-image-preview:large, max-video-preview:-1\" \/>\n<link rel=\"canonical\" href=\"https:\/\/lospoliticosveracruz.com\/?p=24664\" \/>\n<meta property=\"og:locale\" content=\"es_ES\" \/>\n<meta property=\"og:type\" content=\"article\" \/>\n<meta property=\"og:title\" content=\"Harry Potter y el Legado Maldito - Los pol\u00edticos Veracruz\" \/>\n<meta property=\"og:description\" content=\"Cecilia Mu\u00f1oz Nueve a\u00f1os despu\u00e9s, Harry vuelve a nuestras manos. El gui\u00f3n de la esperada obra de teatro, Harry Potter y el Legado Maldito, por fin sali\u00f3 a la venta el pasado 31 de julio, cumplea\u00f1os tanto de JK Rowling como del propio Harry. Y aunque en M\u00e9xico la preciosa edici\u00f3n en pasta dura todav\u00eda [&hellip;]\" \/>\n<meta property=\"og:url\" content=\"https:\/\/lospoliticosveracruz.com\/?p=24664\" \/>\n<meta property=\"og:site_name\" content=\"Los pol\u00edticos Veracruz\" \/>\n<meta property=\"article:publisher\" content=\"https:\/\/www.facebook.com\/people\/Notimemes-de-los-Polticos\/61565672886568\/\" \/>\n<meta property=\"article:published_time\" content=\"2016-08-09T21:26:53+00:00\" \/>\n<meta property=\"og:image\" content=\"https:\/\/lospoliticosveracruz.com\/wp-content\/uploads\/2016\/07\/Logo-Dor.jpg\" \/>\n\t<meta property=\"og:image:width\" content=\"200\" \/>\n\t<meta property=\"og:image:height\" content=\"200\" \/>\n\t<meta property=\"og:image:type\" content=\"image\/jpeg\" \/>\n<meta name=\"author\" content=\"Lo viste en Los Pol\u00edticos\" \/>\n<meta name=\"twitter:card\" content=\"summary_large_image\" \/>\n<meta name=\"twitter:creator\" content=\"@LosPoliticosVer\" \/>\n<meta name=\"twitter:site\" content=\"@LosPoliticosVer\" \/>\n<meta name=\"twitter:label1\" content=\"Escrito por\" \/>\n\t<meta name=\"twitter:data1\" content=\"Lo viste en Los Pol\u00edticos\" \/>\n\t<meta name=\"twitter:label2\" content=\"Tiempo de lectura\" \/>\n\t<meta name=\"twitter:data2\" content=\"8 minutos\" \/>\n<script type=\"application\/ld+json\" class=\"yoast-schema-graph\">{\"@context\":\"https:\\\/\\\/schema.org\",\"@graph\":[{\"@type\":\"Article\",\"@id\":\"https:\\\/\\\/lospoliticosveracruz.com\\\/?p=24664#article\",\"isPartOf\":{\"@id\":\"https:\\\/\\\/lospoliticosveracruz.com\\\/?p=24664\"},\"author\":{\"name\":\"Lo viste en Los Pol\u00edticos\",\"@id\":\"https:\\\/\\\/lospoliticosveracruz.com\\\/#\\\/schema\\\/person\\\/b8702bb0e538456e6efd07080bf2a4a2\"},\"headline\":\"Harry Potter y el Legado Maldito\",\"datePublished\":\"2016-08-09T21:26:53+00:00\",\"mainEntityOfPage\":{\"@id\":\"https:\\\/\\\/lospoliticosveracruz.com\\\/?p=24664\"},\"wordCount\":1561,\"commentCount\":0,\"publisher\":{\"@id\":\"https:\\\/\\\/lospoliticosveracruz.com\\\/#organization\"},\"keywords\":[\"Harry Potter\",\"Harry Potter y el legado maldito\",\"JK Rowling\",\"The cursed child\"],\"articleSection\":[\"Cine, Libros y m\u00e1s\"],\"inLanguage\":\"es\",\"potentialAction\":[{\"@type\":\"CommentAction\",\"name\":\"Comment\",\"target\":[\"https:\\\/\\\/lospoliticosveracruz.com\\\/?p=24664#respond\"]}]},{\"@type\":\"WebPage\",\"@id\":\"https:\\\/\\\/lospoliticosveracruz.com\\\/?p=24664\",\"url\":\"https:\\\/\\\/lospoliticosveracruz.com\\\/?p=24664\",\"name\":\"Harry Potter y el Legado Maldito - Los pol\u00edticos Veracruz\",\"isPartOf\":{\"@id\":\"https:\\\/\\\/lospoliticosveracruz.com\\\/#website\"},\"datePublished\":\"2016-08-09T21:26:53+00:00\",\"breadcrumb\":{\"@id\":\"https:\\\/\\\/lospoliticosveracruz.com\\\/?p=24664#breadcrumb\"},\"inLanguage\":\"es\",\"potentialAction\":[{\"@type\":\"ReadAction\",\"target\":[\"https:\\\/\\\/lospoliticosveracruz.com\\\/?p=24664\"]}]},{\"@type\":\"BreadcrumbList\",\"@id\":\"https:\\\/\\\/lospoliticosveracruz.com\\\/?p=24664#breadcrumb\",\"itemListElement\":[{\"@type\":\"ListItem\",\"position\":1,\"name\":\"Portada\",\"item\":\"https:\\\/\\\/lospoliticosveracruz.com\\\/\"},{\"@type\":\"ListItem\",\"position\":2,\"name\":\"Harry Potter y el Legado Maldito\"}]},{\"@type\":\"WebSite\",\"@id\":\"https:\\\/\\\/lospoliticosveracruz.com\\\/#website\",\"url\":\"https:\\\/\\\/lospoliticosveracruz.com\\\/\",\"name\":\"Los pol\u00edticos Veracruz\",\"description\":\"\",\"publisher\":{\"@id\":\"https:\\\/\\\/lospoliticosveracruz.com\\\/#organization\"},\"potentialAction\":[{\"@type\":\"SearchAction\",\"target\":{\"@type\":\"EntryPoint\",\"urlTemplate\":\"https:\\\/\\\/lospoliticosveracruz.com\\\/?s={search_term_string}\"},\"query-input\":{\"@type\":\"PropertyValueSpecification\",\"valueRequired\":true,\"valueName\":\"search_term_string\"}}],\"inLanguage\":\"es\"},{\"@type\":\"Organization\",\"@id\":\"https:\\\/\\\/lospoliticosveracruz.com\\\/#organization\",\"name\":\"Los pol\u00edticos Veracruz\",\"url\":\"https:\\\/\\\/lospoliticosveracruz.com\\\/\",\"logo\":{\"@type\":\"ImageObject\",\"inLanguage\":\"es\",\"@id\":\"https:\\\/\\\/lospoliticosveracruz.com\\\/#\\\/schema\\\/logo\\\/image\\\/\",\"url\":\"https:\\\/\\\/lospoliticosveracruz.com\\\/wp-content\\\/uploads\\\/2025\\\/12\\\/Logo-Nuevo-LOS-POLITICOS-1.jpg\",\"contentUrl\":\"https:\\\/\\\/lospoliticosveracruz.com\\\/wp-content\\\/uploads\\\/2025\\\/12\\\/Logo-Nuevo-LOS-POLITICOS-1.jpg\",\"width\":260,\"height\":70,\"caption\":\"Los pol\u00edticos Veracruz\"},\"image\":{\"@id\":\"https:\\\/\\\/lospoliticosveracruz.com\\\/#\\\/schema\\\/logo\\\/image\\\/\"},\"sameAs\":[\"https:\\\/\\\/www.facebook.com\\\/people\\\/Notimemes-de-los-Polticos\\\/61565672886568\\\/\",\"https:\\\/\\\/x.com\\\/LosPoliticosVer\"]},{\"@type\":\"Person\",\"@id\":\"https:\\\/\\\/lospoliticosveracruz.com\\\/#\\\/schema\\\/person\\\/b8702bb0e538456e6efd07080bf2a4a2\",\"name\":\"Lo viste en Los Pol\u00edticos\",\"image\":{\"@type\":\"ImageObject\",\"inLanguage\":\"es\",\"@id\":\"https:\\\/\\\/secure.gravatar.com\\\/avatar\\\/3a8de04a2656d44082be478bd6c086daa447c4651605818287b9532d3d0bd435?s=96&d=mm&r=g\",\"url\":\"https:\\\/\\\/secure.gravatar.com\\\/avatar\\\/3a8de04a2656d44082be478bd6c086daa447c4651605818287b9532d3d0bd435?s=96&d=mm&r=g\",\"contentUrl\":\"https:\\\/\\\/secure.gravatar.com\\\/avatar\\\/3a8de04a2656d44082be478bd6c086daa447c4651605818287b9532d3d0bd435?s=96&d=mm&r=g\",\"caption\":\"Lo viste en Los Pol\u00edticos\"},\"url\":\"https:\\\/\\\/lospoliticosveracruz.com\\\/?author=2\"}]}<\/script>\n<!-- \/ Yoast SEO plugin. -->","yoast_head_json":{"title":"Harry Potter y el Legado Maldito - Los pol\u00edticos Veracruz","robots":{"index":"index","follow":"follow","max-snippet":"max-snippet:-1","max-image-preview":"max-image-preview:large","max-video-preview":"max-video-preview:-1"},"canonical":"https:\/\/lospoliticosveracruz.com\/?p=24664","og_locale":"es_ES","og_type":"article","og_title":"Harry Potter y el Legado Maldito - Los pol\u00edticos Veracruz","og_description":"Cecilia Mu\u00f1oz Nueve a\u00f1os despu\u00e9s, Harry vuelve a nuestras manos. El gui\u00f3n de la esperada obra de teatro, Harry Potter y el Legado Maldito, por fin sali\u00f3 a la venta el pasado 31 de julio, cumplea\u00f1os tanto de JK Rowling como del propio Harry. Y aunque en M\u00e9xico la preciosa edici\u00f3n en pasta dura todav\u00eda [&hellip;]","og_url":"https:\/\/lospoliticosveracruz.com\/?p=24664","og_site_name":"Los pol\u00edticos Veracruz","article_publisher":"https:\/\/www.facebook.com\/people\/Notimemes-de-los-Polticos\/61565672886568\/","article_published_time":"2016-08-09T21:26:53+00:00","og_image":[{"width":200,"height":200,"url":"https:\/\/lospoliticosveracruz.com\/wp-content\/uploads\/2016\/07\/Logo-Dor.jpg","type":"image\/jpeg"}],"author":"Lo viste en Los Pol\u00edticos","twitter_card":"summary_large_image","twitter_creator":"@LosPoliticosVer","twitter_site":"@LosPoliticosVer","twitter_misc":{"Escrito por":"Lo viste en Los Pol\u00edticos","Tiempo de lectura":"8 minutos"},"schema":{"@context":"https:\/\/schema.org","@graph":[{"@type":"Article","@id":"https:\/\/lospoliticosveracruz.com\/?p=24664#article","isPartOf":{"@id":"https:\/\/lospoliticosveracruz.com\/?p=24664"},"author":{"name":"Lo viste en Los Pol\u00edticos","@id":"https:\/\/lospoliticosveracruz.com\/#\/schema\/person\/b8702bb0e538456e6efd07080bf2a4a2"},"headline":"Harry Potter y el Legado Maldito","datePublished":"2016-08-09T21:26:53+00:00","mainEntityOfPage":{"@id":"https:\/\/lospoliticosveracruz.com\/?p=24664"},"wordCount":1561,"commentCount":0,"publisher":{"@id":"https:\/\/lospoliticosveracruz.com\/#organization"},"keywords":["Harry Potter","Harry Potter y el legado maldito","JK Rowling","The cursed child"],"articleSection":["Cine, Libros y m\u00e1s"],"inLanguage":"es","potentialAction":[{"@type":"CommentAction","name":"Comment","target":["https:\/\/lospoliticosveracruz.com\/?p=24664#respond"]}]},{"@type":"WebPage","@id":"https:\/\/lospoliticosveracruz.com\/?p=24664","url":"https:\/\/lospoliticosveracruz.com\/?p=24664","name":"Harry Potter y el Legado Maldito - Los pol\u00edticos Veracruz","isPartOf":{"@id":"https:\/\/lospoliticosveracruz.com\/#website"},"datePublished":"2016-08-09T21:26:53+00:00","breadcrumb":{"@id":"https:\/\/lospoliticosveracruz.com\/?p=24664#breadcrumb"},"inLanguage":"es","potentialAction":[{"@type":"ReadAction","target":["https:\/\/lospoliticosveracruz.com\/?p=24664"]}]},{"@type":"BreadcrumbList","@id":"https:\/\/lospoliticosveracruz.com\/?p=24664#breadcrumb","itemListElement":[{"@type":"ListItem","position":1,"name":"Portada","item":"https:\/\/lospoliticosveracruz.com\/"},{"@type":"ListItem","position":2,"name":"Harry Potter y el Legado Maldito"}]},{"@type":"WebSite","@id":"https:\/\/lospoliticosveracruz.com\/#website","url":"https:\/\/lospoliticosveracruz.com\/","name":"Los pol\u00edticos Veracruz","description":"","publisher":{"@id":"https:\/\/lospoliticosveracruz.com\/#organization"},"potentialAction":[{"@type":"SearchAction","target":{"@type":"EntryPoint","urlTemplate":"https:\/\/lospoliticosveracruz.com\/?s={search_term_string}"},"query-input":{"@type":"PropertyValueSpecification","valueRequired":true,"valueName":"search_term_string"}}],"inLanguage":"es"},{"@type":"Organization","@id":"https:\/\/lospoliticosveracruz.com\/#organization","name":"Los pol\u00edticos Veracruz","url":"https:\/\/lospoliticosveracruz.com\/","logo":{"@type":"ImageObject","inLanguage":"es","@id":"https:\/\/lospoliticosveracruz.com\/#\/schema\/logo\/image\/","url":"https:\/\/lospoliticosveracruz.com\/wp-content\/uploads\/2025\/12\/Logo-Nuevo-LOS-POLITICOS-1.jpg","contentUrl":"https:\/\/lospoliticosveracruz.com\/wp-content\/uploads\/2025\/12\/Logo-Nuevo-LOS-POLITICOS-1.jpg","width":260,"height":70,"caption":"Los pol\u00edticos Veracruz"},"image":{"@id":"https:\/\/lospoliticosveracruz.com\/#\/schema\/logo\/image\/"},"sameAs":["https:\/\/www.facebook.com\/people\/Notimemes-de-los-Polticos\/61565672886568\/","https:\/\/x.com\/LosPoliticosVer"]},{"@type":"Person","@id":"https:\/\/lospoliticosveracruz.com\/#\/schema\/person\/b8702bb0e538456e6efd07080bf2a4a2","name":"Lo viste en Los Pol\u00edticos","image":{"@type":"ImageObject","inLanguage":"es","@id":"https:\/\/secure.gravatar.com\/avatar\/3a8de04a2656d44082be478bd6c086daa447c4651605818287b9532d3d0bd435?s=96&d=mm&r=g","url":"https:\/\/secure.gravatar.com\/avatar\/3a8de04a2656d44082be478bd6c086daa447c4651605818287b9532d3d0bd435?s=96&d=mm&r=g","contentUrl":"https:\/\/secure.gravatar.com\/avatar\/3a8de04a2656d44082be478bd6c086daa447c4651605818287b9532d3d0bd435?s=96&d=mm&r=g","caption":"Lo viste en Los Pol\u00edticos"},"url":"https:\/\/lospoliticosveracruz.com\/?author=2"}]}},"_links":{"self":[{"href":"https:\/\/lospoliticosveracruz.com\/index.php?rest_route=\/wp\/v2\/posts\/24664","targetHints":{"allow":["GET"]}}],"collection":[{"href":"https:\/\/lospoliticosveracruz.com\/index.php?rest_route=\/wp\/v2\/posts"}],"about":[{"href":"https:\/\/lospoliticosveracruz.com\/index.php?rest_route=\/wp\/v2\/types\/post"}],"author":[{"embeddable":true,"href":"https:\/\/lospoliticosveracruz.com\/index.php?rest_route=\/wp\/v2\/users\/2"}],"replies":[{"embeddable":true,"href":"https:\/\/lospoliticosveracruz.com\/index.php?rest_route=%2Fwp%2Fv2%2Fcomments&post=24664"}],"version-history":[{"count":1,"href":"https:\/\/lospoliticosveracruz.com\/index.php?rest_route=\/wp\/v2\/posts\/24664\/revisions"}],"predecessor-version":[{"id":24666,"href":"https:\/\/lospoliticosveracruz.com\/index.php?rest_route=\/wp\/v2\/posts\/24664\/revisions\/24666"}],"wp:attachment":[{"href":"https:\/\/lospoliticosveracruz.com\/index.php?rest_route=%2Fwp%2Fv2%2Fmedia&parent=24664"}],"wp:term":[{"taxonomy":"category","embeddable":true,"href":"https:\/\/lospoliticosveracruz.com\/index.php?rest_route=%2Fwp%2Fv2%2Fcategories&post=24664"},{"taxonomy":"post_tag","embeddable":true,"href":"https:\/\/lospoliticosveracruz.com\/index.php?rest_route=%2Fwp%2Fv2%2Ftags&post=24664"}],"curies":[{"name":"wp","href":"https:\/\/api.w.org\/{rel}","templated":true}]}}