{"id":24667,"date":"2016-08-09T17:44:25","date_gmt":"2016-08-09T22:44:25","guid":{"rendered":"http:\/\/www.lospoliticosveracruz.com.mx\/?p=24667"},"modified":"2016-08-09T17:44:25","modified_gmt":"2016-08-09T22:44:25","slug":"molina-palacios-pasadito-de-tamales","status":"publish","type":"post","link":"https:\/\/lospoliticosveracruz.com\/?p=24667","title":{"rendered":"Molina Palacios \u00a1pasadito de tamales!"},"content":{"rendered":"<p>Al reiterar que uno de sus compromisos al frente de la CNC estatal es promover acciones que beneficien la salud de las y los campesinos veracruzanos, Juan Carlos Molina Palacios inaugur\u00f3 la Feria de la Salud en el ingenio La Gloria,\u00a0municipio de \u00darsulo Galv\u00e1n,\u00a0que se desarrolla en coordinaci\u00f3n con el Instituto Mexicano del Seguro Social (IMSS).<\/p>\n<div dir=\"ltr\">\n<p>El presidente de la Liga de Comunidades Agrarias y Sindicatos Campesinos puso el ejemplo durante su recorrido en los stands de la feria, haciendo ejercicio y pes\u00e1ndose para determinar su actual estado f\u00edsico, \u201cse trata de promover un cambio en la mentalidad de todas las personas, porque es necesario ir a revisi\u00f3n peri\u00f3dica para poder saber si tienen alg\u00fan padecimiento y estemos a tiempo para curarlo\u201d, expres\u00f3.<\/p>\n<p>Molina Palacios record\u00f3 que desde el inicio de su gesti\u00f3n como l\u00edder de la CNC en Veracruz y con el respaldo de su esposa, Rosy Gu\u00edzar de Molina, en s\u00f3lo un mes y medio lograron atender a 27 mil personas en jornadas m\u00e9dicas, \u201cese\u00a0es uno de nuestros m\u00e1s sentidos compromisos, el seguir trabajando en beneficio de la salud de nuestra gente\u201d.<\/p>\n<p>En esta ocasi\u00f3n, agradeci\u00f3 al IMSS \u201csu disposici\u00f3n para apoyarnos para acercarles a nuestros hombres y nuestras mujeres los servicios de salud de primera calidad, sabemos que su trabajo no es f\u00e1cil, que a veces olvidamos que deben atender 40 o 50 personas y aun as\u00ed lo hacen con paciencia y vocaci\u00f3n\u201d.<\/p>\n<p>Asimismo, exhort\u00f3 a todos los vecinos de la regi\u00f3n para que acudan a la Feria de la Salud y sobre todo darle seguimiento a cualquier diagn\u00f3stico, \u201ceso es algo primordial, ahorita traemos m\u00e1s de 70 cirug\u00edas con la gente que fue a las jornadas y tenemos la opci\u00f3n de hacer cirug\u00edas inmediatas si as\u00ed lo requiere el estado de salud de un paciente, vamos a nuestros ejidos y vamos a traer a todos para que se revisen, de esta manera seguiremos poniendo el ejemplo al cuidarnos, para seguir sacando adelante a Veracruz y a M\u00e9xico.<\/p>\n<p>Por su parte, el representante del delegado estatal del IMSS, Vicente Espinoza Rico, reconoci\u00f3 el esfuerzo de la CNC que encabeza Juan Carlos Molina Palacios por impulsar que este tipo de jornadas m\u00e9dicas lleguen a quienes m\u00e1s lo requieren, \u201cquienes por alguna situaci\u00f3n econ\u00f3mica o de transporte no pueden llegar hasta las cl\u00ednicas y s\u00f3lo lo hacen cuando llevan alguna enfermedad, adem\u00e1s quiero decirles que el IMSS no s\u00f3lo es eso, tambi\u00e9n es prevenci\u00f3n, pensiones, somos la instituci\u00f3n de salud m\u00e1s importante de Latinoam\u00e9rica\u201d.<\/p>\n<p>Estuvieron presentes en esta inauguraci\u00f3n el presidente municipal de \u00darsulo Galv\u00e1n, C\u00e9sar Dom\u00ednguez Castillo; la presidenta municipal de Paso de Ovejas, Ana Rosa Valdez Salazar; el presidente municipal de Puente Nacional, Segundo Grajales Lagunes; el presidente de la CNPR de la Gloria, Ra\u00fal Barradas Hern\u00e1ndez; el gerente general del ingenio La Gloria, Juan Manuel Llamas Rivera; el director corporativo de relaciones institucionales, Felipe de Jes\u00fas Gonz\u00e1lez Wing; los m\u00e9dicos del IMSS; Judith Prudinat Ochoa, Israel Hern\u00e1ndez y Julio Alberto Rodr\u00edguez.<\/p>\n<\/div>\n","protected":false},"excerpt":{"rendered":"<p>Al reiterar que uno de sus compromisos al frente de la CNC estatal es promover acciones que beneficien la salud de las y los campesinos veracruzanos, Juan Carlos Molina Palacios inaugur\u00f3 la Feria de la Salud en el ingenio La Gloria,\u00a0municipio de \u00darsulo Galv\u00e1n,\u00a0que se desarrolla en coordinaci\u00f3n con el Instituto Mexicano del Seguro Social [&hellip;]<\/p>\n","protected":false},"author":2,"featured_media":0,"comment_status":"open","ping_status":"open","sticky":false,"template":"","format":"standard","meta":{"tdm_status":"","tdm_grid_status":"","footnotes":""},"categories":[73],"tags":[5915,5913,1208,3256,5914,3469],"class_list":{"0":"post-24667","1":"post","2":"type-post","3":"status-publish","4":"format-standard","6":"category-de-boleto","7":"tag-cesar-dominguez-castillo","8":"tag-feria-de-la-salud","9":"tag-imss","10":"tag-juan-carlos-molina-palacios","11":"tag-liga-de-comunidades-agrarias-y-sindicatos-campesinos","12":"tag-ursulo-galvan"},"yoast_head":"<!-- This site is optimized with the Yoast SEO plugin v27.4 - https:\/\/yoast.com\/product\/yoast-seo-wordpress\/ -->\n<title>Molina Palacios \u00a1pasadito de tamales! - Los pol\u00edticos Veracruz<\/title>\n<meta name=\"robots\" content=\"index, follow, max-snippet:-1, max-image-preview:large, max-video-preview:-1\" \/>\n<link rel=\"canonical\" href=\"https:\/\/lospoliticosveracruz.com\/?p=24667\" \/>\n<meta property=\"og:locale\" content=\"es_ES\" \/>\n<meta property=\"og:type\" content=\"article\" \/>\n<meta property=\"og:title\" content=\"Molina Palacios \u00a1pasadito de tamales! - Los pol\u00edticos Veracruz\" \/>\n<meta property=\"og:description\" content=\"Al reiterar que uno de sus compromisos al frente de la CNC estatal es promover acciones que beneficien la salud de las y los campesinos veracruzanos, Juan Carlos Molina Palacios inaugur\u00f3 la Feria de la Salud en el ingenio La Gloria,\u00a0municipio de \u00darsulo Galv\u00e1n,\u00a0que se desarrolla en coordinaci\u00f3n con el Instituto Mexicano del Seguro Social [&hellip;]\" \/>\n<meta property=\"og:url\" content=\"https:\/\/lospoliticosveracruz.com\/?p=24667\" \/>\n<meta property=\"og:site_name\" content=\"Los pol\u00edticos Veracruz\" \/>\n<meta property=\"article:publisher\" content=\"https:\/\/www.facebook.com\/people\/Notimemes-de-los-Polticos\/61565672886568\/\" \/>\n<meta property=\"article:published_time\" content=\"2016-08-09T22:44:25+00:00\" \/>\n<meta property=\"og:image\" content=\"https:\/\/lospoliticosveracruz.com\/wp-content\/uploads\/2016\/07\/Logo-Dor.jpg\" \/>\n\t<meta property=\"og:image:width\" content=\"200\" \/>\n\t<meta property=\"og:image:height\" content=\"200\" \/>\n\t<meta property=\"og:image:type\" content=\"image\/jpeg\" \/>\n<meta name=\"author\" content=\"Lo viste en Los Pol\u00edticos\" \/>\n<meta name=\"twitter:card\" content=\"summary_large_image\" \/>\n<meta name=\"twitter:creator\" content=\"@LosPoliticosVer\" \/>\n<meta name=\"twitter:site\" content=\"@LosPoliticosVer\" \/>\n<meta name=\"twitter:label1\" content=\"Escrito por\" \/>\n\t<meta name=\"twitter:data1\" content=\"Lo viste en Los Pol\u00edticos\" \/>\n\t<meta name=\"twitter:label2\" content=\"Tiempo de lectura\" \/>\n\t<meta name=\"twitter:data2\" content=\"3 minutos\" \/>\n<script type=\"application\/ld+json\" class=\"yoast-schema-graph\">{\"@context\":\"https:\\\/\\\/schema.org\",\"@graph\":[{\"@type\":\"Article\",\"@id\":\"https:\\\/\\\/lospoliticosveracruz.com\\\/?p=24667#article\",\"isPartOf\":{\"@id\":\"https:\\\/\\\/lospoliticosveracruz.com\\\/?p=24667\"},\"author\":{\"name\":\"Lo viste en Los Pol\u00edticos\",\"@id\":\"https:\\\/\\\/lospoliticosveracruz.com\\\/#\\\/schema\\\/person\\\/b8702bb0e538456e6efd07080bf2a4a2\"},\"headline\":\"Molina Palacios \u00a1pasadito de tamales!\",\"datePublished\":\"2016-08-09T22:44:25+00:00\",\"mainEntityOfPage\":{\"@id\":\"https:\\\/\\\/lospoliticosveracruz.com\\\/?p=24667\"},\"wordCount\":547,\"commentCount\":0,\"publisher\":{\"@id\":\"https:\\\/\\\/lospoliticosveracruz.com\\\/#organization\"},\"keywords\":[\"C\u00e9sar Dom\u00ednguez Castillo\",\"Feria de la Salud\",\"IMSS\",\"Juan Carlos Molina Palacios\",\"Liga de Comunidades Agrarias y Sindicatos Campesinos\",\"\u00darsulo Galv\u00e1n\"],\"articleSection\":[\"De Boleto\"],\"inLanguage\":\"es\",\"potentialAction\":[{\"@type\":\"CommentAction\",\"name\":\"Comment\",\"target\":[\"https:\\\/\\\/lospoliticosveracruz.com\\\/?p=24667#respond\"]}]},{\"@type\":\"WebPage\",\"@id\":\"https:\\\/\\\/lospoliticosveracruz.com\\\/?p=24667\",\"url\":\"https:\\\/\\\/lospoliticosveracruz.com\\\/?p=24667\",\"name\":\"Molina Palacios \u00a1pasadito de tamales! - Los pol\u00edticos Veracruz\",\"isPartOf\":{\"@id\":\"https:\\\/\\\/lospoliticosveracruz.com\\\/#website\"},\"datePublished\":\"2016-08-09T22:44:25+00:00\",\"breadcrumb\":{\"@id\":\"https:\\\/\\\/lospoliticosveracruz.com\\\/?p=24667#breadcrumb\"},\"inLanguage\":\"es\",\"potentialAction\":[{\"@type\":\"ReadAction\",\"target\":[\"https:\\\/\\\/lospoliticosveracruz.com\\\/?p=24667\"]}]},{\"@type\":\"BreadcrumbList\",\"@id\":\"https:\\\/\\\/lospoliticosveracruz.com\\\/?p=24667#breadcrumb\",\"itemListElement\":[{\"@type\":\"ListItem\",\"position\":1,\"name\":\"Portada\",\"item\":\"https:\\\/\\\/lospoliticosveracruz.com\\\/\"},{\"@type\":\"ListItem\",\"position\":2,\"name\":\"Molina Palacios \u00a1pasadito de tamales!\"}]},{\"@type\":\"WebSite\",\"@id\":\"https:\\\/\\\/lospoliticosveracruz.com\\\/#website\",\"url\":\"https:\\\/\\\/lospoliticosveracruz.com\\\/\",\"name\":\"Los pol\u00edticos Veracruz\",\"description\":\"\",\"publisher\":{\"@id\":\"https:\\\/\\\/lospoliticosveracruz.com\\\/#organization\"},\"potentialAction\":[{\"@type\":\"SearchAction\",\"target\":{\"@type\":\"EntryPoint\",\"urlTemplate\":\"https:\\\/\\\/lospoliticosveracruz.com\\\/?s={search_term_string}\"},\"query-input\":{\"@type\":\"PropertyValueSpecification\",\"valueRequired\":true,\"valueName\":\"search_term_string\"}}],\"inLanguage\":\"es\"},{\"@type\":\"Organization\",\"@id\":\"https:\\\/\\\/lospoliticosveracruz.com\\\/#organization\",\"name\":\"Los pol\u00edticos Veracruz\",\"url\":\"https:\\\/\\\/lospoliticosveracruz.com\\\/\",\"logo\":{\"@type\":\"ImageObject\",\"inLanguage\":\"es\",\"@id\":\"https:\\\/\\\/lospoliticosveracruz.com\\\/#\\\/schema\\\/logo\\\/image\\\/\",\"url\":\"https:\\\/\\\/lospoliticosveracruz.com\\\/wp-content\\\/uploads\\\/2025\\\/12\\\/Logo-Nuevo-LOS-POLITICOS-1.jpg\",\"contentUrl\":\"https:\\\/\\\/lospoliticosveracruz.com\\\/wp-content\\\/uploads\\\/2025\\\/12\\\/Logo-Nuevo-LOS-POLITICOS-1.jpg\",\"width\":260,\"height\":70,\"caption\":\"Los pol\u00edticos Veracruz\"},\"image\":{\"@id\":\"https:\\\/\\\/lospoliticosveracruz.com\\\/#\\\/schema\\\/logo\\\/image\\\/\"},\"sameAs\":[\"https:\\\/\\\/www.facebook.com\\\/people\\\/Notimemes-de-los-Polticos\\\/61565672886568\\\/\",\"https:\\\/\\\/x.com\\\/LosPoliticosVer\"]},{\"@type\":\"Person\",\"@id\":\"https:\\\/\\\/lospoliticosveracruz.com\\\/#\\\/schema\\\/person\\\/b8702bb0e538456e6efd07080bf2a4a2\",\"name\":\"Lo viste en Los Pol\u00edticos\",\"image\":{\"@type\":\"ImageObject\",\"inLanguage\":\"es\",\"@id\":\"https:\\\/\\\/secure.gravatar.com\\\/avatar\\\/3a8de04a2656d44082be478bd6c086daa447c4651605818287b9532d3d0bd435?s=96&d=mm&r=g\",\"url\":\"https:\\\/\\\/secure.gravatar.com\\\/avatar\\\/3a8de04a2656d44082be478bd6c086daa447c4651605818287b9532d3d0bd435?s=96&d=mm&r=g\",\"contentUrl\":\"https:\\\/\\\/secure.gravatar.com\\\/avatar\\\/3a8de04a2656d44082be478bd6c086daa447c4651605818287b9532d3d0bd435?s=96&d=mm&r=g\",\"caption\":\"Lo viste en Los Pol\u00edticos\"},\"url\":\"https:\\\/\\\/lospoliticosveracruz.com\\\/?author=2\"}]}<\/script>\n<!-- \/ Yoast SEO plugin. -->","yoast_head_json":{"title":"Molina Palacios \u00a1pasadito de tamales! - Los pol\u00edticos Veracruz","robots":{"index":"index","follow":"follow","max-snippet":"max-snippet:-1","max-image-preview":"max-image-preview:large","max-video-preview":"max-video-preview:-1"},"canonical":"https:\/\/lospoliticosveracruz.com\/?p=24667","og_locale":"es_ES","og_type":"article","og_title":"Molina Palacios \u00a1pasadito de tamales! - Los pol\u00edticos Veracruz","og_description":"Al reiterar que uno de sus compromisos al frente de la CNC estatal es promover acciones que beneficien la salud de las y los campesinos veracruzanos, Juan Carlos Molina Palacios inaugur\u00f3 la Feria de la Salud en el ingenio La Gloria,\u00a0municipio de \u00darsulo Galv\u00e1n,\u00a0que se desarrolla en coordinaci\u00f3n con el Instituto Mexicano del Seguro Social [&hellip;]","og_url":"https:\/\/lospoliticosveracruz.com\/?p=24667","og_site_name":"Los pol\u00edticos Veracruz","article_publisher":"https:\/\/www.facebook.com\/people\/Notimemes-de-los-Polticos\/61565672886568\/","article_published_time":"2016-08-09T22:44:25+00:00","og_image":[{"width":200,"height":200,"url":"https:\/\/lospoliticosveracruz.com\/wp-content\/uploads\/2016\/07\/Logo-Dor.jpg","type":"image\/jpeg"}],"author":"Lo viste en Los Pol\u00edticos","twitter_card":"summary_large_image","twitter_creator":"@LosPoliticosVer","twitter_site":"@LosPoliticosVer","twitter_misc":{"Escrito por":"Lo viste en Los Pol\u00edticos","Tiempo de lectura":"3 minutos"},"schema":{"@context":"https:\/\/schema.org","@graph":[{"@type":"Article","@id":"https:\/\/lospoliticosveracruz.com\/?p=24667#article","isPartOf":{"@id":"https:\/\/lospoliticosveracruz.com\/?p=24667"},"author":{"name":"Lo viste en Los Pol\u00edticos","@id":"https:\/\/lospoliticosveracruz.com\/#\/schema\/person\/b8702bb0e538456e6efd07080bf2a4a2"},"headline":"Molina Palacios \u00a1pasadito de tamales!","datePublished":"2016-08-09T22:44:25+00:00","mainEntityOfPage":{"@id":"https:\/\/lospoliticosveracruz.com\/?p=24667"},"wordCount":547,"commentCount":0,"publisher":{"@id":"https:\/\/lospoliticosveracruz.com\/#organization"},"keywords":["C\u00e9sar Dom\u00ednguez Castillo","Feria de la Salud","IMSS","Juan Carlos Molina Palacios","Liga de Comunidades Agrarias y Sindicatos Campesinos","\u00darsulo Galv\u00e1n"],"articleSection":["De Boleto"],"inLanguage":"es","potentialAction":[{"@type":"CommentAction","name":"Comment","target":["https:\/\/lospoliticosveracruz.com\/?p=24667#respond"]}]},{"@type":"WebPage","@id":"https:\/\/lospoliticosveracruz.com\/?p=24667","url":"https:\/\/lospoliticosveracruz.com\/?p=24667","name":"Molina Palacios \u00a1pasadito de tamales! - Los pol\u00edticos Veracruz","isPartOf":{"@id":"https:\/\/lospoliticosveracruz.com\/#website"},"datePublished":"2016-08-09T22:44:25+00:00","breadcrumb":{"@id":"https:\/\/lospoliticosveracruz.com\/?p=24667#breadcrumb"},"inLanguage":"es","potentialAction":[{"@type":"ReadAction","target":["https:\/\/lospoliticosveracruz.com\/?p=24667"]}]},{"@type":"BreadcrumbList","@id":"https:\/\/lospoliticosveracruz.com\/?p=24667#breadcrumb","itemListElement":[{"@type":"ListItem","position":1,"name":"Portada","item":"https:\/\/lospoliticosveracruz.com\/"},{"@type":"ListItem","position":2,"name":"Molina Palacios \u00a1pasadito de tamales!"}]},{"@type":"WebSite","@id":"https:\/\/lospoliticosveracruz.com\/#website","url":"https:\/\/lospoliticosveracruz.com\/","name":"Los pol\u00edticos Veracruz","description":"","publisher":{"@id":"https:\/\/lospoliticosveracruz.com\/#organization"},"potentialAction":[{"@type":"SearchAction","target":{"@type":"EntryPoint","urlTemplate":"https:\/\/lospoliticosveracruz.com\/?s={search_term_string}"},"query-input":{"@type":"PropertyValueSpecification","valueRequired":true,"valueName":"search_term_string"}}],"inLanguage":"es"},{"@type":"Organization","@id":"https:\/\/lospoliticosveracruz.com\/#organization","name":"Los pol\u00edticos Veracruz","url":"https:\/\/lospoliticosveracruz.com\/","logo":{"@type":"ImageObject","inLanguage":"es","@id":"https:\/\/lospoliticosveracruz.com\/#\/schema\/logo\/image\/","url":"https:\/\/lospoliticosveracruz.com\/wp-content\/uploads\/2025\/12\/Logo-Nuevo-LOS-POLITICOS-1.jpg","contentUrl":"https:\/\/lospoliticosveracruz.com\/wp-content\/uploads\/2025\/12\/Logo-Nuevo-LOS-POLITICOS-1.jpg","width":260,"height":70,"caption":"Los pol\u00edticos Veracruz"},"image":{"@id":"https:\/\/lospoliticosveracruz.com\/#\/schema\/logo\/image\/"},"sameAs":["https:\/\/www.facebook.com\/people\/Notimemes-de-los-Polticos\/61565672886568\/","https:\/\/x.com\/LosPoliticosVer"]},{"@type":"Person","@id":"https:\/\/lospoliticosveracruz.com\/#\/schema\/person\/b8702bb0e538456e6efd07080bf2a4a2","name":"Lo viste en Los Pol\u00edticos","image":{"@type":"ImageObject","inLanguage":"es","@id":"https:\/\/secure.gravatar.com\/avatar\/3a8de04a2656d44082be478bd6c086daa447c4651605818287b9532d3d0bd435?s=96&d=mm&r=g","url":"https:\/\/secure.gravatar.com\/avatar\/3a8de04a2656d44082be478bd6c086daa447c4651605818287b9532d3d0bd435?s=96&d=mm&r=g","contentUrl":"https:\/\/secure.gravatar.com\/avatar\/3a8de04a2656d44082be478bd6c086daa447c4651605818287b9532d3d0bd435?s=96&d=mm&r=g","caption":"Lo viste en Los Pol\u00edticos"},"url":"https:\/\/lospoliticosveracruz.com\/?author=2"}]}},"_links":{"self":[{"href":"https:\/\/lospoliticosveracruz.com\/index.php?rest_route=\/wp\/v2\/posts\/24667","targetHints":{"allow":["GET"]}}],"collection":[{"href":"https:\/\/lospoliticosveracruz.com\/index.php?rest_route=\/wp\/v2\/posts"}],"about":[{"href":"https:\/\/lospoliticosveracruz.com\/index.php?rest_route=\/wp\/v2\/types\/post"}],"author":[{"embeddable":true,"href":"https:\/\/lospoliticosveracruz.com\/index.php?rest_route=\/wp\/v2\/users\/2"}],"replies":[{"embeddable":true,"href":"https:\/\/lospoliticosveracruz.com\/index.php?rest_route=%2Fwp%2Fv2%2Fcomments&post=24667"}],"version-history":[{"count":1,"href":"https:\/\/lospoliticosveracruz.com\/index.php?rest_route=\/wp\/v2\/posts\/24667\/revisions"}],"predecessor-version":[{"id":24669,"href":"https:\/\/lospoliticosveracruz.com\/index.php?rest_route=\/wp\/v2\/posts\/24667\/revisions\/24669"}],"wp:attachment":[{"href":"https:\/\/lospoliticosveracruz.com\/index.php?rest_route=%2Fwp%2Fv2%2Fmedia&parent=24667"}],"wp:term":[{"taxonomy":"category","embeddable":true,"href":"https:\/\/lospoliticosveracruz.com\/index.php?rest_route=%2Fwp%2Fv2%2Fcategories&post=24667"},{"taxonomy":"post_tag","embeddable":true,"href":"https:\/\/lospoliticosveracruz.com\/index.php?rest_route=%2Fwp%2Fv2%2Ftags&post=24667"}],"curies":[{"name":"wp","href":"https:\/\/api.w.org\/{rel}","templated":true}]}}