{"id":24670,"date":"2016-08-09T23:04:37","date_gmt":"2016-08-10T04:04:37","guid":{"rendered":"http:\/\/www.lospoliticosveracruz.com.mx\/?p=24670"},"modified":"2016-08-09T23:04:37","modified_gmt":"2016-08-10T04:04:37","slug":"xalapa-llena-de-luz","status":"publish","type":"post","link":"https:\/\/lospoliticosveracruz.com\/?p=24670","title":{"rendered":"Xalapa, llena de luz"},"content":{"rendered":"<p dir=\"ltr\"><strong>Salvador Mu\u00f1oz<\/strong><\/p>\n<p><em>Los Pol\u00edticos<\/em><\/p>\n<p dir=\"ltr\">El Ayuntamiento de esta capital, hace atenta invitaci\u00f3n a todos los vecinos para que teniendo en cuenta la importancia que revestir\u00e1n dichos festivales para la ciudad de Xalapa, ordenen el adorno de las ventanas y balcones de sus domicilios con macetas y flores naturales, a fin de hacerles patente a los visitantes una demostraci\u00f3n del tradicional y significativo nombre de la \u201cCiudad de las Flores\u201d que siempre se ha dado a Xalapa.<\/p>\n<p dir=\"ltr\">Estas palabras las pronunci\u00f3 ayer Pepe Zayd\u00e9n Dom\u00ednguez, durante la reuni\u00f3n que celebr\u00f3 Otero Ciudadano donde hubo tres buenas noticias, entre ellas, el anuncio que dio pie a las palabras del historiador de Xalapa: \u201cEste viernes inicia el Festival de las Flores, Xalapa llena de luz\u201d.<\/p>\n<p dir=\"ltr\">II<\/p>\n<p dir=\"ltr\">La reuni\u00f3n de Otero Ciudadano fue en casa de Leonor de la Miyar que dio hospitalidad a casi un centenar de xalape\u00f1os interesados por su ciudad capital. Hubo un desayuno, pero el platillo principal era la presencia del alcalde, Am\u00e9rico Z\u00fa\u00f1iga, quien se disculp\u00f3, porque quiz\u00e1s motivado por la justa ol\u00edmpica que se celebra en Brasil, fue llamado por la Conade este martes para participar en \u201cLevantamiento de Pesos\u201d&#8230; \u00a1son 20 millones de pesos para infraestructura deportiva en Xalapa! Ahora s\u00ed, \u00a1Am\u00e9rico fue por la de oro!<\/p>\n<p dir=\"ltr\">III<\/p>\n<p dir=\"ltr\">Llego y lo primero que veo es a un empresario que anda tronado&#8230; es Jes\u00fas Casta\u00f1eda Nev\u00e1rez, pero descarte la idea de que al estilo Lay\u00fan, la culpa sea de Javier Duarte&#8230; Realmente el responsable fue el calendario del mismo Jes\u00fas, pues resulta que se le hizo f\u00e1cil hacer gimnasio y al estirar unas ligas, por el esfuerzo, se le disloc\u00f3 el hombro derecho&#8230; Pero \u00bfqu\u00e9 tiene que ver el calendario? Muy simple&#8230; A estas alturas de su vida, a Chucho Casta\u00f1eda ya se le pas\u00f3 el tiempo de hacer gimnasio\u2026<\/p>\n<p dir=\"ltr\">En la misma mesa, mientras me echo un cafecito antes de que empiece la reuni\u00f3n, oigo a alguien que cuenta el chiste m\u00e1s reciente: \u201cen este momento en que Javier Duarte de Ochoa y Miguel \u00c1ngel Yunes Linares se denuncian, demandan y atacan en ministerios p\u00fablicos y fiscal\u00edas, el nuevo apodo del chole\u00f1o es Presunto Gobernador Electo\u00bb.<\/p>\n<p dir=\"ltr\">\u00a1Ya no hay pan! Uriel Flores Aguayo, muy servicial, nos dice a la casi decena de convidados en la mesa que va por m\u00e1s\u2026 no puedo evitarlo y decir que se tom\u00f3 muy en serio la alianza del PRD con el PAN. Regresa el perredista y nos dice que iba por unos panes y regres\u00f3 con una canasta llena\u2026 \u201ca qui\u00e9n le dan PAN que llore\u201d, enfatiza Uriel.<\/p>\n<p dir=\"ltr\">IV<\/p>\n<p dir=\"ltr\">Inicia el evento de Otero Ciudadano y a trav\u00e9s de Leonor de la Miyar, se hace un reconocimiento, v\u00eda un minuto de aplausos, a Pepe Mor\u00e1n Niembro, quien se adelant\u00f3 en el camino hace poco\u2026 un momento emotivo para recordar a este empresario.<\/p>\n<p dir=\"ltr\">S\u00ed, tan bonito recordar como reconocer, como fue el caso de la semblanza que se hizo del Hogar Infantil Gast\u00f3n Melo, que desde 1934 a la fecha, viene ayudando a esas madres que se van al trabajo con la seguridad de que sus hijos est\u00e1n bien atendidos en esa casa de la calle D\u00edaz Mir\u00f3n. Encabezadas por Lourdes Graillet de Figueiras, un grupo de hermosas mujeres recibieron un reconocimiento, por mantener viva la misi\u00f3n del \u201cHogar Infantil Gast\u00f3n Melo\u201d en estos \u00faltimos ocho a\u00f1os.<\/p>\n<p dir=\"ltr\">Otra bell\u00edsima mujer que fue objeto de un distinguido reconocimiento fue Irene Flores Mart\u00ednez por su enorme altruismo al donar \u00a1dos casas para los Bomberos de Xalapa!<\/p>\n<p dir=\"ltr\">V<\/p>\n<p dir=\"ltr\">Ernesto Aguilar Yarmuch y Mauricio Cuevas Gayosso dieron la otra buena nueva: \u201cEl Festival de las Flores, Xalapa llena de luz\u201d.<\/p>\n<p dir=\"ltr\">Es digno de reconocer el esfuerzo de estos dos empresarios al apostar a una vocaci\u00f3n natural en la ciudad capital como es la Cultura\u2026 s\u00ed, porque hace a\u00f1os se experiment\u00f3 con ferias, carnavales, pero lo de Xalapa, es la Cultura en cualquiera de sus manifestaciones, pero en esta ocasi\u00f3n, en especial ser\u00e1 la m\u00fasica y el baile.<\/p>\n<p dir=\"ltr\">Imaginen la participaci\u00f3n de 8 mil artistas, m\u00e1s de 300 sedes, precios accesibles en algunos eventos, como el de Jarocho, que dicen, la entrada estar\u00e1 al alcance de todos, en cuatro fines de semana\u2026 s\u00ed, porque el Festival habr\u00e1 de celebrarse a partir de los viernes a domingo para dar oportunidad de tener un buen pretexto, no s\u00f3lo para los capitalinos, sino para los que quieran pasarse un buen fin de semana en Xalapa, de fiesta en fiesta.<\/p>\n<p dir=\"ltr\">Las sedes ser\u00e1n recintos naturales como Xallitic, el Parque Ju\u00e1rez, los Lagos, el parque de los Berros, el Corredor Carlos Fuentes, \u00a1y hasta la Catedral! donde por cierto, por fin se oir\u00e1 el \u00f3rgano de este templo, pues ya fue restaurado.<\/p>\n<p dir=\"ltr\">\u00a1Ah! Hasta la Plaza Am\u00e9ricas ofrecer\u00e1 espect\u00e1culos en algunas de sus \u00e1reas para que el Festival alcance todos los puntos de Xalapa.<\/p>\n<p dir=\"ltr\">Aguilar Yarmuch y Cuevas Gayosso est\u00e1n seguros de que, al final de \u201cXalapa llena de luz\u201d, la capital estar\u00e1 en el top 5 de festivales en el pa\u00eds por arriba de Puebla, Zacatecas y San Luis Potos\u00ed\u2026 \u00bfes posible ello? \u00a1Claro! Y es f\u00e1cil: diga #SoyFestival e invite a un amigo a visitar Xalapa a partir de este viernes\u2026 hagamos m\u00e1s noticias buenas.<\/p>\n<p dir=\"ltr\">VI<\/p>\n<p dir=\"ltr\">\u00a1Se me olvidaba! el anuncio del Ayuntamiento, donde invita a los vecinos a adornar sus ventanas y balcones con flores que cita Pepe Zayd\u00e9n Dom\u00ednguez, era parte de esa participaci\u00f3n que hab\u00eda entre autoridades y pueblo, all\u00e1 por el a\u00f1o de 1943, cuando era un orgullo ser un xalape\u00f1o de la Ciudad de las Flores\u2026 \u00bfpor qu\u00e9 no sentir lo mismo por ser un xalape\u00f1o del Festival de las Flores y nos llenemos de luz?<\/p>\n<p>&nbsp;<\/p>\n<p dir=\"ltr\"><a href=\"mailto:smcainito@gmail.com\" target=\"_blank\">smcainito@gmail.com<\/a><\/p>\n","protected":false},"excerpt":{"rendered":"<p>Salvador Mu\u00f1oz Los Pol\u00edticos El Ayuntamiento de esta capital, hace atenta invitaci\u00f3n a todos los vecinos para que teniendo en cuenta la importancia que revestir\u00e1n dichos festivales para la ciudad de Xalapa, ordenen el adorno de las ventanas y balcones de sus domicilios con macetas y flores naturales, a fin de hacerles patente a los [&hellip;]<\/p>\n","protected":false},"author":2,"featured_media":0,"comment_status":"open","ping_status":"open","sticky":false,"template":"","format":"standard","meta":{"tdm_status":"","tdm_grid_status":"","footnotes":""},"categories":[70],"tags":[3387,5511,1464,5668,96],"class_list":{"0":"post-24670","1":"post","2":"type-post","3":"status-publish","4":"format-standard","6":"category-de-opinion","7":"tag-ernesto-aguilar-yarmuch","8":"tag-festival-de-las-flores","9":"tag-leonor-de-la-miyar","10":"tag-mauricio-cuevas-gayoso","11":"tag-xalapa"},"yoast_head":"<!-- This site is optimized with the Yoast SEO plugin v27.4 - https:\/\/yoast.com\/product\/yoast-seo-wordpress\/ -->\n<title>Xalapa, llena de luz - Los pol\u00edticos Veracruz<\/title>\n<meta name=\"robots\" content=\"index, follow, max-snippet:-1, max-image-preview:large, max-video-preview:-1\" \/>\n<link rel=\"canonical\" href=\"https:\/\/lospoliticosveracruz.com\/?p=24670\" \/>\n<meta property=\"og:locale\" content=\"es_ES\" \/>\n<meta property=\"og:type\" content=\"article\" \/>\n<meta property=\"og:title\" content=\"Xalapa, llena de luz - Los pol\u00edticos Veracruz\" \/>\n<meta property=\"og:description\" content=\"Salvador Mu\u00f1oz Los Pol\u00edticos El Ayuntamiento de esta capital, hace atenta invitaci\u00f3n a todos los vecinos para que teniendo en cuenta la importancia que revestir\u00e1n dichos festivales para la ciudad de Xalapa, ordenen el adorno de las ventanas y balcones de sus domicilios con macetas y flores naturales, a fin de hacerles patente a los [&hellip;]\" \/>\n<meta property=\"og:url\" content=\"https:\/\/lospoliticosveracruz.com\/?p=24670\" \/>\n<meta property=\"og:site_name\" content=\"Los pol\u00edticos Veracruz\" \/>\n<meta property=\"article:publisher\" content=\"https:\/\/www.facebook.com\/people\/Notimemes-de-los-Polticos\/61565672886568\/\" \/>\n<meta property=\"article:published_time\" content=\"2016-08-10T04:04:37+00:00\" \/>\n<meta property=\"og:image\" content=\"https:\/\/lospoliticosveracruz.com\/wp-content\/uploads\/2016\/07\/Logo-Dor.jpg\" \/>\n\t<meta property=\"og:image:width\" content=\"200\" \/>\n\t<meta property=\"og:image:height\" content=\"200\" \/>\n\t<meta property=\"og:image:type\" content=\"image\/jpeg\" \/>\n<meta name=\"author\" content=\"Lo viste en Los Pol\u00edticos\" \/>\n<meta name=\"twitter:card\" content=\"summary_large_image\" \/>\n<meta name=\"twitter:creator\" content=\"@LosPoliticosVer\" \/>\n<meta name=\"twitter:site\" content=\"@LosPoliticosVer\" \/>\n<meta name=\"twitter:label1\" content=\"Escrito por\" \/>\n\t<meta name=\"twitter:data1\" content=\"Lo viste en Los Pol\u00edticos\" \/>\n\t<meta name=\"twitter:label2\" content=\"Tiempo de lectura\" \/>\n\t<meta name=\"twitter:data2\" content=\"5 minutos\" \/>\n<script type=\"application\/ld+json\" class=\"yoast-schema-graph\">{\"@context\":\"https:\\\/\\\/schema.org\",\"@graph\":[{\"@type\":\"Article\",\"@id\":\"https:\\\/\\\/lospoliticosveracruz.com\\\/?p=24670#article\",\"isPartOf\":{\"@id\":\"https:\\\/\\\/lospoliticosveracruz.com\\\/?p=24670\"},\"author\":{\"name\":\"Lo viste en Los Pol\u00edticos\",\"@id\":\"https:\\\/\\\/lospoliticosveracruz.com\\\/#\\\/schema\\\/person\\\/b8702bb0e538456e6efd07080bf2a4a2\"},\"headline\":\"Xalapa, llena de luz\",\"datePublished\":\"2016-08-10T04:04:37+00:00\",\"mainEntityOfPage\":{\"@id\":\"https:\\\/\\\/lospoliticosveracruz.com\\\/?p=24670\"},\"wordCount\":1006,\"commentCount\":0,\"publisher\":{\"@id\":\"https:\\\/\\\/lospoliticosveracruz.com\\\/#organization\"},\"keywords\":[\"Ernesto Aguilar Yarmuch\",\"Festival de las Flores\",\"Leonor de la Miyar\",\"Mauricio Cuevas Gayoso\",\"Xalapa\"],\"articleSection\":[\"De Opini\u00f3n\"],\"inLanguage\":\"es\",\"potentialAction\":[{\"@type\":\"CommentAction\",\"name\":\"Comment\",\"target\":[\"https:\\\/\\\/lospoliticosveracruz.com\\\/?p=24670#respond\"]}]},{\"@type\":\"WebPage\",\"@id\":\"https:\\\/\\\/lospoliticosveracruz.com\\\/?p=24670\",\"url\":\"https:\\\/\\\/lospoliticosveracruz.com\\\/?p=24670\",\"name\":\"Xalapa, llena de luz - Los pol\u00edticos Veracruz\",\"isPartOf\":{\"@id\":\"https:\\\/\\\/lospoliticosveracruz.com\\\/#website\"},\"datePublished\":\"2016-08-10T04:04:37+00:00\",\"breadcrumb\":{\"@id\":\"https:\\\/\\\/lospoliticosveracruz.com\\\/?p=24670#breadcrumb\"},\"inLanguage\":\"es\",\"potentialAction\":[{\"@type\":\"ReadAction\",\"target\":[\"https:\\\/\\\/lospoliticosveracruz.com\\\/?p=24670\"]}]},{\"@type\":\"BreadcrumbList\",\"@id\":\"https:\\\/\\\/lospoliticosveracruz.com\\\/?p=24670#breadcrumb\",\"itemListElement\":[{\"@type\":\"ListItem\",\"position\":1,\"name\":\"Portada\",\"item\":\"https:\\\/\\\/lospoliticosveracruz.com\\\/\"},{\"@type\":\"ListItem\",\"position\":2,\"name\":\"Xalapa, llena de luz\"}]},{\"@type\":\"WebSite\",\"@id\":\"https:\\\/\\\/lospoliticosveracruz.com\\\/#website\",\"url\":\"https:\\\/\\\/lospoliticosveracruz.com\\\/\",\"name\":\"Los pol\u00edticos Veracruz\",\"description\":\"\",\"publisher\":{\"@id\":\"https:\\\/\\\/lospoliticosveracruz.com\\\/#organization\"},\"potentialAction\":[{\"@type\":\"SearchAction\",\"target\":{\"@type\":\"EntryPoint\",\"urlTemplate\":\"https:\\\/\\\/lospoliticosveracruz.com\\\/?s={search_term_string}\"},\"query-input\":{\"@type\":\"PropertyValueSpecification\",\"valueRequired\":true,\"valueName\":\"search_term_string\"}}],\"inLanguage\":\"es\"},{\"@type\":\"Organization\",\"@id\":\"https:\\\/\\\/lospoliticosveracruz.com\\\/#organization\",\"name\":\"Los pol\u00edticos Veracruz\",\"url\":\"https:\\\/\\\/lospoliticosveracruz.com\\\/\",\"logo\":{\"@type\":\"ImageObject\",\"inLanguage\":\"es\",\"@id\":\"https:\\\/\\\/lospoliticosveracruz.com\\\/#\\\/schema\\\/logo\\\/image\\\/\",\"url\":\"https:\\\/\\\/lospoliticosveracruz.com\\\/wp-content\\\/uploads\\\/2025\\\/12\\\/Logo-Nuevo-LOS-POLITICOS-1.jpg\",\"contentUrl\":\"https:\\\/\\\/lospoliticosveracruz.com\\\/wp-content\\\/uploads\\\/2025\\\/12\\\/Logo-Nuevo-LOS-POLITICOS-1.jpg\",\"width\":260,\"height\":70,\"caption\":\"Los pol\u00edticos Veracruz\"},\"image\":{\"@id\":\"https:\\\/\\\/lospoliticosveracruz.com\\\/#\\\/schema\\\/logo\\\/image\\\/\"},\"sameAs\":[\"https:\\\/\\\/www.facebook.com\\\/people\\\/Notimemes-de-los-Polticos\\\/61565672886568\\\/\",\"https:\\\/\\\/x.com\\\/LosPoliticosVer\"]},{\"@type\":\"Person\",\"@id\":\"https:\\\/\\\/lospoliticosveracruz.com\\\/#\\\/schema\\\/person\\\/b8702bb0e538456e6efd07080bf2a4a2\",\"name\":\"Lo viste en Los Pol\u00edticos\",\"image\":{\"@type\":\"ImageObject\",\"inLanguage\":\"es\",\"@id\":\"https:\\\/\\\/secure.gravatar.com\\\/avatar\\\/3a8de04a2656d44082be478bd6c086daa447c4651605818287b9532d3d0bd435?s=96&d=mm&r=g\",\"url\":\"https:\\\/\\\/secure.gravatar.com\\\/avatar\\\/3a8de04a2656d44082be478bd6c086daa447c4651605818287b9532d3d0bd435?s=96&d=mm&r=g\",\"contentUrl\":\"https:\\\/\\\/secure.gravatar.com\\\/avatar\\\/3a8de04a2656d44082be478bd6c086daa447c4651605818287b9532d3d0bd435?s=96&d=mm&r=g\",\"caption\":\"Lo viste en Los Pol\u00edticos\"},\"url\":\"https:\\\/\\\/lospoliticosveracruz.com\\\/?author=2\"}]}<\/script>\n<!-- \/ Yoast SEO plugin. -->","yoast_head_json":{"title":"Xalapa, llena de luz - Los pol\u00edticos Veracruz","robots":{"index":"index","follow":"follow","max-snippet":"max-snippet:-1","max-image-preview":"max-image-preview:large","max-video-preview":"max-video-preview:-1"},"canonical":"https:\/\/lospoliticosveracruz.com\/?p=24670","og_locale":"es_ES","og_type":"article","og_title":"Xalapa, llena de luz - Los pol\u00edticos Veracruz","og_description":"Salvador Mu\u00f1oz Los Pol\u00edticos El Ayuntamiento de esta capital, hace atenta invitaci\u00f3n a todos los vecinos para que teniendo en cuenta la importancia que revestir\u00e1n dichos festivales para la ciudad de Xalapa, ordenen el adorno de las ventanas y balcones de sus domicilios con macetas y flores naturales, a fin de hacerles patente a los [&hellip;]","og_url":"https:\/\/lospoliticosveracruz.com\/?p=24670","og_site_name":"Los pol\u00edticos Veracruz","article_publisher":"https:\/\/www.facebook.com\/people\/Notimemes-de-los-Polticos\/61565672886568\/","article_published_time":"2016-08-10T04:04:37+00:00","og_image":[{"width":200,"height":200,"url":"https:\/\/lospoliticosveracruz.com\/wp-content\/uploads\/2016\/07\/Logo-Dor.jpg","type":"image\/jpeg"}],"author":"Lo viste en Los Pol\u00edticos","twitter_card":"summary_large_image","twitter_creator":"@LosPoliticosVer","twitter_site":"@LosPoliticosVer","twitter_misc":{"Escrito por":"Lo viste en Los Pol\u00edticos","Tiempo de lectura":"5 minutos"},"schema":{"@context":"https:\/\/schema.org","@graph":[{"@type":"Article","@id":"https:\/\/lospoliticosveracruz.com\/?p=24670#article","isPartOf":{"@id":"https:\/\/lospoliticosveracruz.com\/?p=24670"},"author":{"name":"Lo viste en Los Pol\u00edticos","@id":"https:\/\/lospoliticosveracruz.com\/#\/schema\/person\/b8702bb0e538456e6efd07080bf2a4a2"},"headline":"Xalapa, llena de luz","datePublished":"2016-08-10T04:04:37+00:00","mainEntityOfPage":{"@id":"https:\/\/lospoliticosveracruz.com\/?p=24670"},"wordCount":1006,"commentCount":0,"publisher":{"@id":"https:\/\/lospoliticosveracruz.com\/#organization"},"keywords":["Ernesto Aguilar Yarmuch","Festival de las Flores","Leonor de la Miyar","Mauricio Cuevas Gayoso","Xalapa"],"articleSection":["De Opini\u00f3n"],"inLanguage":"es","potentialAction":[{"@type":"CommentAction","name":"Comment","target":["https:\/\/lospoliticosveracruz.com\/?p=24670#respond"]}]},{"@type":"WebPage","@id":"https:\/\/lospoliticosveracruz.com\/?p=24670","url":"https:\/\/lospoliticosveracruz.com\/?p=24670","name":"Xalapa, llena de luz - Los pol\u00edticos Veracruz","isPartOf":{"@id":"https:\/\/lospoliticosveracruz.com\/#website"},"datePublished":"2016-08-10T04:04:37+00:00","breadcrumb":{"@id":"https:\/\/lospoliticosveracruz.com\/?p=24670#breadcrumb"},"inLanguage":"es","potentialAction":[{"@type":"ReadAction","target":["https:\/\/lospoliticosveracruz.com\/?p=24670"]}]},{"@type":"BreadcrumbList","@id":"https:\/\/lospoliticosveracruz.com\/?p=24670#breadcrumb","itemListElement":[{"@type":"ListItem","position":1,"name":"Portada","item":"https:\/\/lospoliticosveracruz.com\/"},{"@type":"ListItem","position":2,"name":"Xalapa, llena de luz"}]},{"@type":"WebSite","@id":"https:\/\/lospoliticosveracruz.com\/#website","url":"https:\/\/lospoliticosveracruz.com\/","name":"Los pol\u00edticos Veracruz","description":"","publisher":{"@id":"https:\/\/lospoliticosveracruz.com\/#organization"},"potentialAction":[{"@type":"SearchAction","target":{"@type":"EntryPoint","urlTemplate":"https:\/\/lospoliticosveracruz.com\/?s={search_term_string}"},"query-input":{"@type":"PropertyValueSpecification","valueRequired":true,"valueName":"search_term_string"}}],"inLanguage":"es"},{"@type":"Organization","@id":"https:\/\/lospoliticosveracruz.com\/#organization","name":"Los pol\u00edticos Veracruz","url":"https:\/\/lospoliticosveracruz.com\/","logo":{"@type":"ImageObject","inLanguage":"es","@id":"https:\/\/lospoliticosveracruz.com\/#\/schema\/logo\/image\/","url":"https:\/\/lospoliticosveracruz.com\/wp-content\/uploads\/2025\/12\/Logo-Nuevo-LOS-POLITICOS-1.jpg","contentUrl":"https:\/\/lospoliticosveracruz.com\/wp-content\/uploads\/2025\/12\/Logo-Nuevo-LOS-POLITICOS-1.jpg","width":260,"height":70,"caption":"Los pol\u00edticos Veracruz"},"image":{"@id":"https:\/\/lospoliticosveracruz.com\/#\/schema\/logo\/image\/"},"sameAs":["https:\/\/www.facebook.com\/people\/Notimemes-de-los-Polticos\/61565672886568\/","https:\/\/x.com\/LosPoliticosVer"]},{"@type":"Person","@id":"https:\/\/lospoliticosveracruz.com\/#\/schema\/person\/b8702bb0e538456e6efd07080bf2a4a2","name":"Lo viste en Los Pol\u00edticos","image":{"@type":"ImageObject","inLanguage":"es","@id":"https:\/\/secure.gravatar.com\/avatar\/3a8de04a2656d44082be478bd6c086daa447c4651605818287b9532d3d0bd435?s=96&d=mm&r=g","url":"https:\/\/secure.gravatar.com\/avatar\/3a8de04a2656d44082be478bd6c086daa447c4651605818287b9532d3d0bd435?s=96&d=mm&r=g","contentUrl":"https:\/\/secure.gravatar.com\/avatar\/3a8de04a2656d44082be478bd6c086daa447c4651605818287b9532d3d0bd435?s=96&d=mm&r=g","caption":"Lo viste en Los Pol\u00edticos"},"url":"https:\/\/lospoliticosveracruz.com\/?author=2"}]}},"_links":{"self":[{"href":"https:\/\/lospoliticosveracruz.com\/index.php?rest_route=\/wp\/v2\/posts\/24670","targetHints":{"allow":["GET"]}}],"collection":[{"href":"https:\/\/lospoliticosveracruz.com\/index.php?rest_route=\/wp\/v2\/posts"}],"about":[{"href":"https:\/\/lospoliticosveracruz.com\/index.php?rest_route=\/wp\/v2\/types\/post"}],"author":[{"embeddable":true,"href":"https:\/\/lospoliticosveracruz.com\/index.php?rest_route=\/wp\/v2\/users\/2"}],"replies":[{"embeddable":true,"href":"https:\/\/lospoliticosveracruz.com\/index.php?rest_route=%2Fwp%2Fv2%2Fcomments&post=24670"}],"version-history":[{"count":1,"href":"https:\/\/lospoliticosveracruz.com\/index.php?rest_route=\/wp\/v2\/posts\/24670\/revisions"}],"predecessor-version":[{"id":24672,"href":"https:\/\/lospoliticosveracruz.com\/index.php?rest_route=\/wp\/v2\/posts\/24670\/revisions\/24672"}],"wp:attachment":[{"href":"https:\/\/lospoliticosveracruz.com\/index.php?rest_route=%2Fwp%2Fv2%2Fmedia&parent=24670"}],"wp:term":[{"taxonomy":"category","embeddable":true,"href":"https:\/\/lospoliticosveracruz.com\/index.php?rest_route=%2Fwp%2Fv2%2Fcategories&post=24670"},{"taxonomy":"post_tag","embeddable":true,"href":"https:\/\/lospoliticosveracruz.com\/index.php?rest_route=%2Fwp%2Fv2%2Ftags&post=24670"}],"curies":[{"name":"wp","href":"https:\/\/api.w.org\/{rel}","templated":true}]}}