{"id":24701,"date":"2016-08-11T09:56:33","date_gmt":"2016-08-11T14:56:33","guid":{"rendered":"http:\/\/www.lospoliticosveracruz.com.mx\/?p=24701"},"modified":"2016-08-11T09:56:33","modified_gmt":"2016-08-11T14:56:33","slug":"el-deslinde-de-jdo-del-resultado-electoral","status":"publish","type":"post","link":"https:\/\/lospoliticosveracruz.com\/?p=24701","title":{"rendered":"El deslinde de JDO del resultado electoral"},"content":{"rendered":"<p><strong>Luis Alberto Romero<\/strong><\/p>\n<p><em>Hora Cero<\/em><\/p>\n<p>&nbsp;<\/p>\n<p>Previo al arranque de las campa\u00f1as de los candidatos al gobierno del estado, cualquiera en Veracruz percib\u00eda el alt\u00edsimo riesgo del priista H\u00e9ctor Yunes Landa de perder la elecci\u00f3n y pasar a la historia como el primer abanderado del tricolor en ser derrotado en una contienda estatal.<\/p>\n<p>En favor del panista Miguel \u00c1ngel Yunes Linares no s\u00f3lo se encontraba el enorme desgaste del Partido Revolucionario Institucional, sino, sobre todo, la indignaci\u00f3n social por problemas como el desempleo, la inseguridad, la pobreza y la corrupci\u00f3n gubernamental.<\/p>\n<p>El factor que m\u00e1s influy\u00f3 en el resultado de los comicios veracruzanos fue la p\u00e9sima evaluaci\u00f3n de un gobierno que no ha sido capaz de resolver los problemas de la entidad y que, contrario a ello, es percibido como ineficiente y muy corrupto.<\/p>\n<p>Por eso llamaron la atenci\u00f3n las declaraciones del todav\u00eda gobernador Javier Duarte de Ochoa, quien al ser entrevistado para una cadena nacional de radio, se deslind\u00f3 del resultado del domingo 5 de junio.<\/p>\n<p>Dijo Duarte que la estrategia de campa\u00f1a del PRI en el pasado proceso para la gubernatura fue equivocada porque se centr\u00f3 en ataques a su gobierno.<\/p>\n<p>En pocas palabras, seg\u00fan Javier Duarte, si H\u00e9ctor Yunes hubiera adoptado otra estrategia, la derrota se podr\u00eda evitar.<\/p>\n<p>El ejecutivo estatal, que entregar\u00e1 el cargo el pr\u00f3ximo 30 de noviembre, parece pasar por alto que pr\u00e1cticamente en todas las mediciones de la opini\u00f3n p\u00fablica veracruzana, su gobierno sale muy mal evaluado y que ello, irremediablemente, signific\u00f3 un golpe, un lastre dijo Yunes Landa en campa\u00f1a, para el Revolucionario Institucional.<\/p>\n<p>Pues bien, un d\u00eda despu\u00e9s de la entrevista radiof\u00f3nica de Javier Duarte, ante el mismo noticiario habl\u00f3 el ex candidato del PRI al gobierno de la entidad. H\u00e9ctor Yunes, por supuesto, defendi\u00f3 su estrategia de campa\u00f1a y apunt\u00f3 que, acaso, su principal error durante esa etapa fue no haberse desmarcado y no haber criticado con m\u00e1s contundencia al actual gobierno. En resumen, que si el tricolor perdi\u00f3 la contienda no fue por cuestiones estrat\u00e9gicas, sino por el desempe\u00f1o del que pasar\u00e1 a la historia como el ejecutivo que entreg\u00f3 la plaza.<\/p>\n<p>Subray\u00f3 Yunes Landa que \u201cDuarte de Ochoa debe asumir su responsabilidad sobre el resultado obtenido en las urnas\u2026 debido a las malas acciones de su administraci\u00f3n\u201d.<\/p>\n<p>De igual manera, enfatiz\u00f3 el senador priista que su problema fue no haber sido m\u00e1s severo en el cuestionamiento a la catastr\u00f3fica administraci\u00f3n de Javier Duarte.<\/p>\n<p>Habl\u00f3 de la represi\u00f3n contra las personas de la tercera edad que reclamaban el pago de pensiones atrasadas y aguinaldos, en diciembre de 2015; del incremento al impuesto a la n\u00f3mina que fue mal recibido por el sector empresarial; y, en general, de las acusaciones por presuntos actos de corrupci\u00f3n, como el pago a empresas fantasma.<\/p>\n<p>&nbsp;<\/p>\n<p><strong>La desaprobaci\u00f3n al gobierno de Duarte<\/strong><\/p>\n<p>Yunes Landa fue m\u00e1s all\u00e1; record\u00f3 que, en campa\u00f1a, Javier Duarte ten\u00eda el 88 por ciento de desaprobaci\u00f3n y que esa evaluaci\u00f3n no se hab\u00eda registrado nunca en la historia de Veracruz.<\/p>\n<p>En efecto, desde antes del inicio de las campa\u00f1as, en la entidad se respiraba un ambiente de molestia, indignaci\u00f3n y rechazo a la actual administraci\u00f3n. Ese, y no la estrategia, la estructura o el manejo medi\u00e1tico, fue el factor que m\u00e1s influy\u00f3 en la derrota del PRI.<\/p>\n<p>Hoy, Duarte de Ochoa se ufana, alardea con el argumento de que \u00e9l derrot\u00f3 al mismo adversario que le gan\u00f3 la partida a H\u00e9ctor Yunes; lo que no dice el gobernador en funciones es que en 2010, cuando el PRI enfrent\u00f3 por primera vez a Yunes Linares, en el poder ejecutivo no despachaba un gobernador tan limitado, desaprobado, cuestionado y denunciado como ahora.<\/p>\n<p>Al final, H\u00e9ctor Yunes pasar\u00e1 a la historia como el primer candidato del PRI en ser derrotado en una elecci\u00f3n para gobernador de Veracruz; Javier Duarte, por su parte, ser\u00e1 recordado como el ejecutivo que dispar\u00f3 hasta niveles estratosf\u00e9ricos la deuda p\u00fablica de la entidad; el que mantuvo al estado sin inversi\u00f3n ni obra p\u00fablica; el que no logr\u00f3 contener la violencia ni la ola de secuestros; el que estaba en funciones durante el sexenio que ha registrado el peor nivel de agresi\u00f3n contra los periodistas; y el que ha enfrentado m\u00e1s acusaciones y denuncias por presunta corrupci\u00f3n; en s\u00edntesis, el gobernador que entreg\u00f3 la plaza al Partido Acci\u00f3n Nacional.<\/p>\n<p>&nbsp;<\/p>\n<p><strong>M\u00e1s fosas comunes en Veracruz<\/strong><\/p>\n<p>Un diario de circulaci\u00f3n nacional dio a conocer este mi\u00e9rcoles que en la entidad, de enero a la fecha, se han hallado 21 fosas clandestinas.<\/p>\n<p>Entre los puntos de localizaci\u00f3n, se habla del rancho El Lim\u00f3n y de lugares que pertenecen a los municipios de Coatzacoalcos, Ixtaczoquitl\u00e1n y Veracruz.<\/p>\n<p>Mientras tanto, en diferentes zonas de la entidad hay grupos de activistas que realizan la b\u00fasqueda de personas desaparecidas. Marcela Zurita, por ejemplo, del colectivo El Solecito, habl\u00f3 del hallazgo de otras 7 fosas; los restos encontrados ser\u00e1n analizados, dijo, por la Polic\u00eda Cient\u00edfica.<\/p>\n<p>El drama de los desaparecidos y sus familias llama a la indignaci\u00f3n en una entidad, Veracruz, con altos niveles de violencia asociada con el crimen organizado.<\/p>\n<p>&nbsp;<\/p>\n<p>@luisromero85<\/p>\n","protected":false},"excerpt":{"rendered":"<p>Luis Alberto Romero Hora Cero &nbsp; Previo al arranque de las campa\u00f1as de los candidatos al gobierno del estado, cualquiera en Veracruz percib\u00eda el alt\u00edsimo riesgo del priista H\u00e9ctor Yunes Landa de perder la elecci\u00f3n y pasar a la historia como el primer abanderado del tricolor en ser derrotado en una contienda estatal. En favor [&hellip;]<\/p>\n","protected":false},"author":2,"featured_media":0,"comment_status":"open","ping_status":"open","sticky":false,"template":"","format":"standard","meta":{"tdm_status":"","tdm_grid_status":"","footnotes":""},"categories":[70],"tags":[1699,348,260,5931],"class_list":{"0":"post-24701","1":"post","2":"type-post","3":"status-publish","4":"format-standard","6":"category-de-opinion","7":"tag-fosas-clandestinas","8":"tag-hector-yunes-landa","9":"tag-javier-duarte-de-ochoa","10":"tag-migues-angel-yunes-linares"},"yoast_head":"<!-- This site is optimized with the Yoast SEO plugin v27.4 - https:\/\/yoast.com\/product\/yoast-seo-wordpress\/ -->\n<title>El deslinde de JDO del resultado electoral - Los pol\u00edticos Veracruz<\/title>\n<meta name=\"robots\" content=\"index, follow, max-snippet:-1, max-image-preview:large, max-video-preview:-1\" \/>\n<link rel=\"canonical\" href=\"https:\/\/lospoliticosveracruz.com\/?p=24701\" \/>\n<meta property=\"og:locale\" content=\"es_ES\" \/>\n<meta property=\"og:type\" content=\"article\" \/>\n<meta property=\"og:title\" content=\"El deslinde de JDO del resultado electoral - Los pol\u00edticos Veracruz\" \/>\n<meta property=\"og:description\" content=\"Luis Alberto Romero Hora Cero &nbsp; Previo al arranque de las campa\u00f1as de los candidatos al gobierno del estado, cualquiera en Veracruz percib\u00eda el alt\u00edsimo riesgo del priista H\u00e9ctor Yunes Landa de perder la elecci\u00f3n y pasar a la historia como el primer abanderado del tricolor en ser derrotado en una contienda estatal. En favor [&hellip;]\" \/>\n<meta property=\"og:url\" content=\"https:\/\/lospoliticosveracruz.com\/?p=24701\" \/>\n<meta property=\"og:site_name\" content=\"Los pol\u00edticos Veracruz\" \/>\n<meta property=\"article:publisher\" content=\"https:\/\/www.facebook.com\/people\/Notimemes-de-los-Polticos\/61565672886568\/\" \/>\n<meta property=\"article:published_time\" content=\"2016-08-11T14:56:33+00:00\" \/>\n<meta property=\"og:image\" content=\"https:\/\/lospoliticosveracruz.com\/wp-content\/uploads\/2016\/07\/Logo-Dor.jpg\" \/>\n\t<meta property=\"og:image:width\" content=\"200\" \/>\n\t<meta property=\"og:image:height\" content=\"200\" \/>\n\t<meta property=\"og:image:type\" content=\"image\/jpeg\" \/>\n<meta name=\"author\" content=\"Lo viste en Los Pol\u00edticos\" \/>\n<meta name=\"twitter:card\" content=\"summary_large_image\" \/>\n<meta name=\"twitter:creator\" content=\"@LosPoliticosVer\" \/>\n<meta name=\"twitter:site\" content=\"@LosPoliticosVer\" \/>\n<meta name=\"twitter:label1\" content=\"Escrito por\" \/>\n\t<meta name=\"twitter:data1\" content=\"Lo viste en Los Pol\u00edticos\" \/>\n\t<meta name=\"twitter:label2\" content=\"Tiempo de lectura\" \/>\n\t<meta name=\"twitter:data2\" content=\"5 minutos\" \/>\n<script type=\"application\/ld+json\" class=\"yoast-schema-graph\">{\"@context\":\"https:\\\/\\\/schema.org\",\"@graph\":[{\"@type\":\"Article\",\"@id\":\"https:\\\/\\\/lospoliticosveracruz.com\\\/?p=24701#article\",\"isPartOf\":{\"@id\":\"https:\\\/\\\/lospoliticosveracruz.com\\\/?p=24701\"},\"author\":{\"name\":\"Lo viste en Los Pol\u00edticos\",\"@id\":\"https:\\\/\\\/lospoliticosveracruz.com\\\/#\\\/schema\\\/person\\\/b8702bb0e538456e6efd07080bf2a4a2\"},\"headline\":\"El deslinde de JDO del resultado electoral\",\"datePublished\":\"2016-08-11T14:56:33+00:00\",\"mainEntityOfPage\":{\"@id\":\"https:\\\/\\\/lospoliticosveracruz.com\\\/?p=24701\"},\"wordCount\":919,\"commentCount\":0,\"publisher\":{\"@id\":\"https:\\\/\\\/lospoliticosveracruz.com\\\/#organization\"},\"keywords\":[\"fosas clandestinas\",\"H\u00e9ctor Yunes Landa\",\"Javier Duarte de Ochoa\",\"Migues \u00c1ngel Yunes Linares\"],\"articleSection\":[\"De Opini\u00f3n\"],\"inLanguage\":\"es\",\"potentialAction\":[{\"@type\":\"CommentAction\",\"name\":\"Comment\",\"target\":[\"https:\\\/\\\/lospoliticosveracruz.com\\\/?p=24701#respond\"]}]},{\"@type\":\"WebPage\",\"@id\":\"https:\\\/\\\/lospoliticosveracruz.com\\\/?p=24701\",\"url\":\"https:\\\/\\\/lospoliticosveracruz.com\\\/?p=24701\",\"name\":\"El deslinde de JDO del resultado electoral - Los pol\u00edticos Veracruz\",\"isPartOf\":{\"@id\":\"https:\\\/\\\/lospoliticosveracruz.com\\\/#website\"},\"datePublished\":\"2016-08-11T14:56:33+00:00\",\"breadcrumb\":{\"@id\":\"https:\\\/\\\/lospoliticosveracruz.com\\\/?p=24701#breadcrumb\"},\"inLanguage\":\"es\",\"potentialAction\":[{\"@type\":\"ReadAction\",\"target\":[\"https:\\\/\\\/lospoliticosveracruz.com\\\/?p=24701\"]}]},{\"@type\":\"BreadcrumbList\",\"@id\":\"https:\\\/\\\/lospoliticosveracruz.com\\\/?p=24701#breadcrumb\",\"itemListElement\":[{\"@type\":\"ListItem\",\"position\":1,\"name\":\"Portada\",\"item\":\"https:\\\/\\\/lospoliticosveracruz.com\\\/\"},{\"@type\":\"ListItem\",\"position\":2,\"name\":\"El deslinde de JDO del resultado electoral\"}]},{\"@type\":\"WebSite\",\"@id\":\"https:\\\/\\\/lospoliticosveracruz.com\\\/#website\",\"url\":\"https:\\\/\\\/lospoliticosveracruz.com\\\/\",\"name\":\"Los pol\u00edticos Veracruz\",\"description\":\"\",\"publisher\":{\"@id\":\"https:\\\/\\\/lospoliticosveracruz.com\\\/#organization\"},\"potentialAction\":[{\"@type\":\"SearchAction\",\"target\":{\"@type\":\"EntryPoint\",\"urlTemplate\":\"https:\\\/\\\/lospoliticosveracruz.com\\\/?s={search_term_string}\"},\"query-input\":{\"@type\":\"PropertyValueSpecification\",\"valueRequired\":true,\"valueName\":\"search_term_string\"}}],\"inLanguage\":\"es\"},{\"@type\":\"Organization\",\"@id\":\"https:\\\/\\\/lospoliticosveracruz.com\\\/#organization\",\"name\":\"Los pol\u00edticos Veracruz\",\"url\":\"https:\\\/\\\/lospoliticosveracruz.com\\\/\",\"logo\":{\"@type\":\"ImageObject\",\"inLanguage\":\"es\",\"@id\":\"https:\\\/\\\/lospoliticosveracruz.com\\\/#\\\/schema\\\/logo\\\/image\\\/\",\"url\":\"https:\\\/\\\/lospoliticosveracruz.com\\\/wp-content\\\/uploads\\\/2025\\\/12\\\/Logo-Nuevo-LOS-POLITICOS-1.jpg\",\"contentUrl\":\"https:\\\/\\\/lospoliticosveracruz.com\\\/wp-content\\\/uploads\\\/2025\\\/12\\\/Logo-Nuevo-LOS-POLITICOS-1.jpg\",\"width\":260,\"height\":70,\"caption\":\"Los pol\u00edticos Veracruz\"},\"image\":{\"@id\":\"https:\\\/\\\/lospoliticosveracruz.com\\\/#\\\/schema\\\/logo\\\/image\\\/\"},\"sameAs\":[\"https:\\\/\\\/www.facebook.com\\\/people\\\/Notimemes-de-los-Polticos\\\/61565672886568\\\/\",\"https:\\\/\\\/x.com\\\/LosPoliticosVer\"]},{\"@type\":\"Person\",\"@id\":\"https:\\\/\\\/lospoliticosveracruz.com\\\/#\\\/schema\\\/person\\\/b8702bb0e538456e6efd07080bf2a4a2\",\"name\":\"Lo viste en Los Pol\u00edticos\",\"image\":{\"@type\":\"ImageObject\",\"inLanguage\":\"es\",\"@id\":\"https:\\\/\\\/secure.gravatar.com\\\/avatar\\\/3a8de04a2656d44082be478bd6c086daa447c4651605818287b9532d3d0bd435?s=96&d=mm&r=g\",\"url\":\"https:\\\/\\\/secure.gravatar.com\\\/avatar\\\/3a8de04a2656d44082be478bd6c086daa447c4651605818287b9532d3d0bd435?s=96&d=mm&r=g\",\"contentUrl\":\"https:\\\/\\\/secure.gravatar.com\\\/avatar\\\/3a8de04a2656d44082be478bd6c086daa447c4651605818287b9532d3d0bd435?s=96&d=mm&r=g\",\"caption\":\"Lo viste en Los Pol\u00edticos\"},\"url\":\"https:\\\/\\\/lospoliticosveracruz.com\\\/?author=2\"}]}<\/script>\n<!-- \/ Yoast SEO plugin. -->","yoast_head_json":{"title":"El deslinde de JDO del resultado electoral - Los pol\u00edticos Veracruz","robots":{"index":"index","follow":"follow","max-snippet":"max-snippet:-1","max-image-preview":"max-image-preview:large","max-video-preview":"max-video-preview:-1"},"canonical":"https:\/\/lospoliticosveracruz.com\/?p=24701","og_locale":"es_ES","og_type":"article","og_title":"El deslinde de JDO del resultado electoral - Los pol\u00edticos Veracruz","og_description":"Luis Alberto Romero Hora Cero &nbsp; Previo al arranque de las campa\u00f1as de los candidatos al gobierno del estado, cualquiera en Veracruz percib\u00eda el alt\u00edsimo riesgo del priista H\u00e9ctor Yunes Landa de perder la elecci\u00f3n y pasar a la historia como el primer abanderado del tricolor en ser derrotado en una contienda estatal. En favor [&hellip;]","og_url":"https:\/\/lospoliticosveracruz.com\/?p=24701","og_site_name":"Los pol\u00edticos Veracruz","article_publisher":"https:\/\/www.facebook.com\/people\/Notimemes-de-los-Polticos\/61565672886568\/","article_published_time":"2016-08-11T14:56:33+00:00","og_image":[{"width":200,"height":200,"url":"https:\/\/lospoliticosveracruz.com\/wp-content\/uploads\/2016\/07\/Logo-Dor.jpg","type":"image\/jpeg"}],"author":"Lo viste en Los Pol\u00edticos","twitter_card":"summary_large_image","twitter_creator":"@LosPoliticosVer","twitter_site":"@LosPoliticosVer","twitter_misc":{"Escrito por":"Lo viste en Los Pol\u00edticos","Tiempo de lectura":"5 minutos"},"schema":{"@context":"https:\/\/schema.org","@graph":[{"@type":"Article","@id":"https:\/\/lospoliticosveracruz.com\/?p=24701#article","isPartOf":{"@id":"https:\/\/lospoliticosveracruz.com\/?p=24701"},"author":{"name":"Lo viste en Los Pol\u00edticos","@id":"https:\/\/lospoliticosveracruz.com\/#\/schema\/person\/b8702bb0e538456e6efd07080bf2a4a2"},"headline":"El deslinde de JDO del resultado electoral","datePublished":"2016-08-11T14:56:33+00:00","mainEntityOfPage":{"@id":"https:\/\/lospoliticosveracruz.com\/?p=24701"},"wordCount":919,"commentCount":0,"publisher":{"@id":"https:\/\/lospoliticosveracruz.com\/#organization"},"keywords":["fosas clandestinas","H\u00e9ctor Yunes Landa","Javier Duarte de Ochoa","Migues \u00c1ngel Yunes Linares"],"articleSection":["De Opini\u00f3n"],"inLanguage":"es","potentialAction":[{"@type":"CommentAction","name":"Comment","target":["https:\/\/lospoliticosveracruz.com\/?p=24701#respond"]}]},{"@type":"WebPage","@id":"https:\/\/lospoliticosveracruz.com\/?p=24701","url":"https:\/\/lospoliticosveracruz.com\/?p=24701","name":"El deslinde de JDO del resultado electoral - Los pol\u00edticos Veracruz","isPartOf":{"@id":"https:\/\/lospoliticosveracruz.com\/#website"},"datePublished":"2016-08-11T14:56:33+00:00","breadcrumb":{"@id":"https:\/\/lospoliticosveracruz.com\/?p=24701#breadcrumb"},"inLanguage":"es","potentialAction":[{"@type":"ReadAction","target":["https:\/\/lospoliticosveracruz.com\/?p=24701"]}]},{"@type":"BreadcrumbList","@id":"https:\/\/lospoliticosveracruz.com\/?p=24701#breadcrumb","itemListElement":[{"@type":"ListItem","position":1,"name":"Portada","item":"https:\/\/lospoliticosveracruz.com\/"},{"@type":"ListItem","position":2,"name":"El deslinde de JDO del resultado electoral"}]},{"@type":"WebSite","@id":"https:\/\/lospoliticosveracruz.com\/#website","url":"https:\/\/lospoliticosveracruz.com\/","name":"Los pol\u00edticos Veracruz","description":"","publisher":{"@id":"https:\/\/lospoliticosveracruz.com\/#organization"},"potentialAction":[{"@type":"SearchAction","target":{"@type":"EntryPoint","urlTemplate":"https:\/\/lospoliticosveracruz.com\/?s={search_term_string}"},"query-input":{"@type":"PropertyValueSpecification","valueRequired":true,"valueName":"search_term_string"}}],"inLanguage":"es"},{"@type":"Organization","@id":"https:\/\/lospoliticosveracruz.com\/#organization","name":"Los pol\u00edticos Veracruz","url":"https:\/\/lospoliticosveracruz.com\/","logo":{"@type":"ImageObject","inLanguage":"es","@id":"https:\/\/lospoliticosveracruz.com\/#\/schema\/logo\/image\/","url":"https:\/\/lospoliticosveracruz.com\/wp-content\/uploads\/2025\/12\/Logo-Nuevo-LOS-POLITICOS-1.jpg","contentUrl":"https:\/\/lospoliticosveracruz.com\/wp-content\/uploads\/2025\/12\/Logo-Nuevo-LOS-POLITICOS-1.jpg","width":260,"height":70,"caption":"Los pol\u00edticos Veracruz"},"image":{"@id":"https:\/\/lospoliticosveracruz.com\/#\/schema\/logo\/image\/"},"sameAs":["https:\/\/www.facebook.com\/people\/Notimemes-de-los-Polticos\/61565672886568\/","https:\/\/x.com\/LosPoliticosVer"]},{"@type":"Person","@id":"https:\/\/lospoliticosveracruz.com\/#\/schema\/person\/b8702bb0e538456e6efd07080bf2a4a2","name":"Lo viste en Los Pol\u00edticos","image":{"@type":"ImageObject","inLanguage":"es","@id":"https:\/\/secure.gravatar.com\/avatar\/3a8de04a2656d44082be478bd6c086daa447c4651605818287b9532d3d0bd435?s=96&d=mm&r=g","url":"https:\/\/secure.gravatar.com\/avatar\/3a8de04a2656d44082be478bd6c086daa447c4651605818287b9532d3d0bd435?s=96&d=mm&r=g","contentUrl":"https:\/\/secure.gravatar.com\/avatar\/3a8de04a2656d44082be478bd6c086daa447c4651605818287b9532d3d0bd435?s=96&d=mm&r=g","caption":"Lo viste en Los Pol\u00edticos"},"url":"https:\/\/lospoliticosveracruz.com\/?author=2"}]}},"_links":{"self":[{"href":"https:\/\/lospoliticosveracruz.com\/index.php?rest_route=\/wp\/v2\/posts\/24701","targetHints":{"allow":["GET"]}}],"collection":[{"href":"https:\/\/lospoliticosveracruz.com\/index.php?rest_route=\/wp\/v2\/posts"}],"about":[{"href":"https:\/\/lospoliticosveracruz.com\/index.php?rest_route=\/wp\/v2\/types\/post"}],"author":[{"embeddable":true,"href":"https:\/\/lospoliticosveracruz.com\/index.php?rest_route=\/wp\/v2\/users\/2"}],"replies":[{"embeddable":true,"href":"https:\/\/lospoliticosveracruz.com\/index.php?rest_route=%2Fwp%2Fv2%2Fcomments&post=24701"}],"version-history":[{"count":1,"href":"https:\/\/lospoliticosveracruz.com\/index.php?rest_route=\/wp\/v2\/posts\/24701\/revisions"}],"predecessor-version":[{"id":24703,"href":"https:\/\/lospoliticosveracruz.com\/index.php?rest_route=\/wp\/v2\/posts\/24701\/revisions\/24703"}],"wp:attachment":[{"href":"https:\/\/lospoliticosveracruz.com\/index.php?rest_route=%2Fwp%2Fv2%2Fmedia&parent=24701"}],"wp:term":[{"taxonomy":"category","embeddable":true,"href":"https:\/\/lospoliticosveracruz.com\/index.php?rest_route=%2Fwp%2Fv2%2Fcategories&post=24701"},{"taxonomy":"post_tag","embeddable":true,"href":"https:\/\/lospoliticosveracruz.com\/index.php?rest_route=%2Fwp%2Fv2%2Ftags&post=24701"}],"curies":[{"name":"wp","href":"https:\/\/api.w.org\/{rel}","templated":true}]}}