{"id":24724,"date":"2016-08-11T21:26:07","date_gmt":"2016-08-12T02:26:07","guid":{"rendered":"http:\/\/www.lospoliticosveracruz.com.mx\/?p=24724"},"modified":"2016-08-11T21:26:07","modified_gmt":"2016-08-12T02:26:07","slug":"espectaculares-de-rocio-nahle-violacion-a-la-ley","status":"publish","type":"post","link":"https:\/\/lospoliticosveracruz.com\/?p=24724","title":{"rendered":"Espectaculares de Roc\u00edo Nahle, violaci\u00f3n a la ley\u00a0"},"content":{"rendered":"<p><strong>Luis Alberto Romero<\/strong><\/p>\n<p><em>Hora Cero<\/em><\/p>\n<p>El pasado 31 de julio, la diputada federal del Movimiento de Regeneraci\u00f3n Nacional, Morena, Roc\u00edo Nahle Garc\u00eda, rindi\u00f3 su primer informe de actividades legislativas; sin embargo, el margen del contenido de su mensaje, que incluy\u00f3 la presentaci\u00f3n de 27 iniciativas de ley, 81 propuestas de punto de acuerdo, as\u00ed como los exhortos para las investigaciones por el presunto desv\u00edo de recursos en Veracruz y por la falta de entrega de recursos a la Universidad Veracruzana, llama la atenci\u00f3n el tema del incumplimiento a la ley electoral, en materia de difusi\u00f3n de los informes, por parte de la legisladora por el distrito de Coatzacoalcos.<\/p>\n<p>Roc\u00edo Nahle, quien coordina a la fracci\u00f3n parlamentaria de Morena en San L\u00e1zaro, present\u00f3 su primer informe en Coatzacoalcos, Nanchital y Agua Dulce.<\/p>\n<p>El punto es que por desinter\u00e9s, desconocimiento, ignorancia o simplemente por un intento por promoverse pasando por alto el marco legal que rige ese tipo de comparecencias, Nahle Garc\u00eda instal\u00f3 espectaculares en diversos puntos de la geograf\u00eda veracruzana.<\/p>\n<p>Habr\u00eda que mencionar, como contexto, que p\u00e1rrafo 5 del Art\u00edculo 242 de la Ley General de Instituciones y Procedimientos Electorales establece que \u201c\u2026el informe anual de labores o gesti\u00f3n de los servidores p\u00fablicos, as\u00ed como los mensajes que para darlos a conocer se difundan en los medios de comunicaci\u00f3n social, no ser\u00e1n considerados como propaganda, siempre que la difusi\u00f3n se limite a una vez al a\u00f1o en estaciones y canales con cobertura regional correspondiente al \u00e1mbito geogr\u00e1fico de responsabilidad del servidor p\u00fablico y no exceda de los siete d\u00edas anteriores y cinco posteriores a la fecha en que se rinda el informe. En ning\u00fan caso la difusi\u00f3n de tales informes podr\u00e1 tener fines electorales, ni realizarse dentro del periodo de campa\u00f1a electoral\u201d.<\/p>\n<p>As\u00ed las cosas, a 12 d\u00edas del informe de actividades de la diputada de Morena, los espectaculares contin\u00faan exhibiendo el anuncio del evento, y se extienden de norte a sur de la entidad, muy lejos del distrito al que representa la legisladora, quien, nos comentan, es la principal carta del partido de L\u00f3pez Obrador para enfrentar el proceso federal electoral de 2018, en que se elegir\u00e1 a los pr\u00f3ximos senadores de la Rep\u00fablica.<\/p>\n<p>A ello se deber\u00eda la propaganda de Roc\u00edo Nahle en todo el territorio estatal, que fue instalada desde el 15 de julio, dos semanas antes del informe, ignorando los t\u00e9rminos que establece la ley en la materia.<\/p>\n<p>El punto es que con esa violaci\u00f3n a la ley en que incurre la diputada por Coatzacoalcos, \u00bfcon qu\u00e9 calidad podr\u00e1 se\u00f1alar ahora el Movimiento de Regeneraci\u00f3n Nacional a los representantes de otros partidos que incurran en los mismos actos?<\/p>\n<p>&nbsp;<\/p>\n<p><strong>Revocan triunfo de Morena<\/strong><\/p>\n<p>Hablando de Morena, este mi\u00e9rcoles, el Tribunal Electoral de Veracruz (TEV) determin\u00f3 revocar el triunfo de Mar\u00eda del Roc\u00edo P\u00e9rez P\u00e9rez, en la elecci\u00f3n para la diputaci\u00f3n local por el distrito de Cosoleacaque.<\/p>\n<p>En esa contienda, por cierto, Morena super\u00f3 a Carla Enr\u00edquez Merl\u00edn por unos 450 votos: 32 mil 785 contra 32 mil 318 del tricolor. Sin embargo, el consejo general del Organismo P\u00fablico Local Electoral no habr\u00eda realizado un manejo adecuado del traslado de las actas para el recuento en Xalapa.<\/p>\n<p>El punto es que por esas irregularidades, que al parecer son ajenas al partido e imputables \u00fanicamente al manejo de la paqueter\u00eda electoral por parte del OPLE, Morena podr\u00eda perder una curul en el Congreso Local.<\/p>\n<p>Incluso, el TEV sentenci\u00f3 que las irregularidades detectadas no permiten garantizar el principio de certeza, dado que no hubo probidad en el resguardo y traslado de los paquetes electorales, mismos que, se presume, fueron alterados.<\/p>\n<p>El tema, sin duda, ser\u00e1 trasladado a la Sala Regional Xalapa, del Tribunal Electoral del Poder Judicial de la Federaci\u00f3n, donde se decidir\u00e1 si habr\u00e1 elecci\u00f3n extraordinaria en ese distrito, como lo determin\u00f3 el mi\u00e9rcoles el tribunal estatal.<\/p>\n<p>De esa forma, una vez m\u00e1s queda bajo sospecha el trabajo que realiza el \u00f3rgano electoral veracruzano, que este jueves, mediante un comunicado de prensa, precis\u00f3 que \u201cen todo el proceso electoral, se garantizaron las medidas de seguridad en la totalidad de las sedes distritales para resguardar los votos\u2026\u201d; y que \u201cdesde la llegada al Consejo Distrital con cabecera en Cosoleacaque, la totalidad de los paquetes electorales siguieron una cadena de custodia y registro\u2026\u201d; en pocas palabras, el Ople veracruzano niega las irregularidades observadas por el Tribunal, cuyos integrantes consideraron que no existe certeza en el resultado dictado por el organismo.<\/p>\n<p>&nbsp;<\/p>\n<p><strong>Eugenio V\u00e1squez y el Colver<\/strong><\/p>\n<p>En 2002, bajo la direcci\u00f3n del doctor Francisco Berl\u00edn Valenzuela, fue fundado el Colegio de Veracruz, El Colver, como tambi\u00e9n se le conoce. Ello ocurri\u00f3 durante el sexenio del ex gobernador Miguel Alem\u00e1n Velasco.<\/p>\n<p>Inicialmente, El Colver arranc\u00f3 con 4 programas acad\u00e9micos, una licenciatura, dos maestr\u00edas y un doctorado. Hoy, gracias al fuerte impulso que registra, la instituci\u00f3n tiene cinco maestr\u00edas y tres doctorados.<\/p>\n<p>De su fundaci\u00f3n a la fecha han pasado 14 a\u00f1os y desfilado, adem\u00e1s de Berl\u00edn Valenzuela, otros tres directores, Ignacio Gonz\u00e1lez Rebolledo, Jes\u00fas L\u00f3pez Gonz\u00e1lez y Eugenio V\u00e1squez Mu\u00f1oz.<\/p>\n<p>Este jueves, a prop\u00f3sito, en El Colver fue nombrado V\u00e1squez Mu\u00f1oz como primer rector de la instituci\u00f3n, a la que el Congreso local otorg\u00f3 su autonom\u00eda de forma reciente. Se trata de un reconocimiento al trabajo que se realiza en el Colegio, instituci\u00f3n que ha ganado reconocimiento y prestigio nacional. @luisromero85<\/p>\n","protected":false},"excerpt":{"rendered":"<p>Luis Alberto Romero Hora Cero El pasado 31 de julio, la diputada federal del Movimiento de Regeneraci\u00f3n Nacional, Morena, Roc\u00edo Nahle Garc\u00eda, rindi\u00f3 su primer informe de actividades legislativas; sin embargo, el margen del contenido de su mensaje, que incluy\u00f3 la presentaci\u00f3n de 27 iniciativas de ley, 81 propuestas de punto de acuerdo, as\u00ed como [&hellip;]<\/p>\n","protected":false},"author":2,"featured_media":0,"comment_status":"open","ping_status":"open","sticky":false,"template":"","format":"standard","meta":{"tdm_status":"","tdm_grid_status":"","footnotes":""},"categories":[70],"tags":[5939,1026,4386],"class_list":{"0":"post-24724","1":"post","2":"type-post","3":"status-publish","4":"format-standard","6":"category-de-opinion","7":"tag-espectaculares","8":"tag-morena","9":"tag-rocio-nahle-garcia"},"yoast_head":"<!-- This site is optimized with the Yoast SEO plugin v27.4 - https:\/\/yoast.com\/product\/yoast-seo-wordpress\/ -->\n<title>Espectaculares de Roc\u00edo Nahle, violaci\u00f3n a la ley\u00a0 - Los pol\u00edticos Veracruz<\/title>\n<meta name=\"robots\" content=\"index, follow, max-snippet:-1, max-image-preview:large, max-video-preview:-1\" \/>\n<link rel=\"canonical\" href=\"https:\/\/lospoliticosveracruz.com\/?p=24724\" \/>\n<meta property=\"og:locale\" content=\"es_ES\" \/>\n<meta property=\"og:type\" content=\"article\" \/>\n<meta property=\"og:title\" content=\"Espectaculares de Roc\u00edo Nahle, violaci\u00f3n a la ley\u00a0 - Los pol\u00edticos Veracruz\" \/>\n<meta property=\"og:description\" content=\"Luis Alberto Romero Hora Cero El pasado 31 de julio, la diputada federal del Movimiento de Regeneraci\u00f3n Nacional, Morena, Roc\u00edo Nahle Garc\u00eda, rindi\u00f3 su primer informe de actividades legislativas; sin embargo, el margen del contenido de su mensaje, que incluy\u00f3 la presentaci\u00f3n de 27 iniciativas de ley, 81 propuestas de punto de acuerdo, as\u00ed como [&hellip;]\" \/>\n<meta property=\"og:url\" content=\"https:\/\/lospoliticosveracruz.com\/?p=24724\" \/>\n<meta property=\"og:site_name\" content=\"Los pol\u00edticos Veracruz\" \/>\n<meta property=\"article:publisher\" content=\"https:\/\/www.facebook.com\/people\/Notimemes-de-los-Polticos\/61565672886568\/\" \/>\n<meta property=\"article:published_time\" content=\"2016-08-12T02:26:07+00:00\" \/>\n<meta property=\"og:image\" content=\"https:\/\/lospoliticosveracruz.com\/wp-content\/uploads\/2016\/07\/Logo-Dor.jpg\" \/>\n\t<meta property=\"og:image:width\" content=\"200\" \/>\n\t<meta property=\"og:image:height\" content=\"200\" \/>\n\t<meta property=\"og:image:type\" content=\"image\/jpeg\" \/>\n<meta name=\"author\" content=\"Lo viste en Los Pol\u00edticos\" \/>\n<meta name=\"twitter:card\" content=\"summary_large_image\" \/>\n<meta name=\"twitter:creator\" content=\"@LosPoliticosVer\" \/>\n<meta name=\"twitter:site\" content=\"@LosPoliticosVer\" \/>\n<meta name=\"twitter:label1\" content=\"Escrito por\" \/>\n\t<meta name=\"twitter:data1\" content=\"Lo viste en Los Pol\u00edticos\" \/>\n\t<meta name=\"twitter:label2\" content=\"Tiempo de lectura\" \/>\n\t<meta name=\"twitter:data2\" content=\"5 minutos\" \/>\n<script type=\"application\/ld+json\" class=\"yoast-schema-graph\">{\"@context\":\"https:\\\/\\\/schema.org\",\"@graph\":[{\"@type\":\"Article\",\"@id\":\"https:\\\/\\\/lospoliticosveracruz.com\\\/?p=24724#article\",\"isPartOf\":{\"@id\":\"https:\\\/\\\/lospoliticosveracruz.com\\\/?p=24724\"},\"author\":{\"name\":\"Lo viste en Los Pol\u00edticos\",\"@id\":\"https:\\\/\\\/lospoliticosveracruz.com\\\/#\\\/schema\\\/person\\\/b8702bb0e538456e6efd07080bf2a4a2\"},\"headline\":\"Espectaculares de Roc\u00edo Nahle, violaci\u00f3n a la ley\u00a0\",\"datePublished\":\"2016-08-12T02:26:07+00:00\",\"mainEntityOfPage\":{\"@id\":\"https:\\\/\\\/lospoliticosveracruz.com\\\/?p=24724\"},\"wordCount\":964,\"commentCount\":0,\"publisher\":{\"@id\":\"https:\\\/\\\/lospoliticosveracruz.com\\\/#organization\"},\"keywords\":[\"espectaculares\",\"Morena\",\"Roc\u00edo Nahle Garc\u00eda\"],\"articleSection\":[\"De Opini\u00f3n\"],\"inLanguage\":\"es\",\"potentialAction\":[{\"@type\":\"CommentAction\",\"name\":\"Comment\",\"target\":[\"https:\\\/\\\/lospoliticosveracruz.com\\\/?p=24724#respond\"]}]},{\"@type\":\"WebPage\",\"@id\":\"https:\\\/\\\/lospoliticosveracruz.com\\\/?p=24724\",\"url\":\"https:\\\/\\\/lospoliticosveracruz.com\\\/?p=24724\",\"name\":\"Espectaculares de Roc\u00edo Nahle, violaci\u00f3n a la ley\u00a0 - Los pol\u00edticos Veracruz\",\"isPartOf\":{\"@id\":\"https:\\\/\\\/lospoliticosveracruz.com\\\/#website\"},\"datePublished\":\"2016-08-12T02:26:07+00:00\",\"breadcrumb\":{\"@id\":\"https:\\\/\\\/lospoliticosveracruz.com\\\/?p=24724#breadcrumb\"},\"inLanguage\":\"es\",\"potentialAction\":[{\"@type\":\"ReadAction\",\"target\":[\"https:\\\/\\\/lospoliticosveracruz.com\\\/?p=24724\"]}]},{\"@type\":\"BreadcrumbList\",\"@id\":\"https:\\\/\\\/lospoliticosveracruz.com\\\/?p=24724#breadcrumb\",\"itemListElement\":[{\"@type\":\"ListItem\",\"position\":1,\"name\":\"Portada\",\"item\":\"https:\\\/\\\/lospoliticosveracruz.com\\\/\"},{\"@type\":\"ListItem\",\"position\":2,\"name\":\"Espectaculares de Roc\u00edo Nahle, violaci\u00f3n a la ley\u00a0\"}]},{\"@type\":\"WebSite\",\"@id\":\"https:\\\/\\\/lospoliticosveracruz.com\\\/#website\",\"url\":\"https:\\\/\\\/lospoliticosveracruz.com\\\/\",\"name\":\"Los pol\u00edticos Veracruz\",\"description\":\"\",\"publisher\":{\"@id\":\"https:\\\/\\\/lospoliticosveracruz.com\\\/#organization\"},\"potentialAction\":[{\"@type\":\"SearchAction\",\"target\":{\"@type\":\"EntryPoint\",\"urlTemplate\":\"https:\\\/\\\/lospoliticosveracruz.com\\\/?s={search_term_string}\"},\"query-input\":{\"@type\":\"PropertyValueSpecification\",\"valueRequired\":true,\"valueName\":\"search_term_string\"}}],\"inLanguage\":\"es\"},{\"@type\":\"Organization\",\"@id\":\"https:\\\/\\\/lospoliticosveracruz.com\\\/#organization\",\"name\":\"Los pol\u00edticos Veracruz\",\"url\":\"https:\\\/\\\/lospoliticosveracruz.com\\\/\",\"logo\":{\"@type\":\"ImageObject\",\"inLanguage\":\"es\",\"@id\":\"https:\\\/\\\/lospoliticosveracruz.com\\\/#\\\/schema\\\/logo\\\/image\\\/\",\"url\":\"https:\\\/\\\/lospoliticosveracruz.com\\\/wp-content\\\/uploads\\\/2025\\\/12\\\/Logo-Nuevo-LOS-POLITICOS-1.jpg\",\"contentUrl\":\"https:\\\/\\\/lospoliticosveracruz.com\\\/wp-content\\\/uploads\\\/2025\\\/12\\\/Logo-Nuevo-LOS-POLITICOS-1.jpg\",\"width\":260,\"height\":70,\"caption\":\"Los pol\u00edticos Veracruz\"},\"image\":{\"@id\":\"https:\\\/\\\/lospoliticosveracruz.com\\\/#\\\/schema\\\/logo\\\/image\\\/\"},\"sameAs\":[\"https:\\\/\\\/www.facebook.com\\\/people\\\/Notimemes-de-los-Polticos\\\/61565672886568\\\/\",\"https:\\\/\\\/x.com\\\/LosPoliticosVer\"]},{\"@type\":\"Person\",\"@id\":\"https:\\\/\\\/lospoliticosveracruz.com\\\/#\\\/schema\\\/person\\\/b8702bb0e538456e6efd07080bf2a4a2\",\"name\":\"Lo viste en Los Pol\u00edticos\",\"image\":{\"@type\":\"ImageObject\",\"inLanguage\":\"es\",\"@id\":\"https:\\\/\\\/secure.gravatar.com\\\/avatar\\\/3a8de04a2656d44082be478bd6c086daa447c4651605818287b9532d3d0bd435?s=96&d=mm&r=g\",\"url\":\"https:\\\/\\\/secure.gravatar.com\\\/avatar\\\/3a8de04a2656d44082be478bd6c086daa447c4651605818287b9532d3d0bd435?s=96&d=mm&r=g\",\"contentUrl\":\"https:\\\/\\\/secure.gravatar.com\\\/avatar\\\/3a8de04a2656d44082be478bd6c086daa447c4651605818287b9532d3d0bd435?s=96&d=mm&r=g\",\"caption\":\"Lo viste en Los Pol\u00edticos\"},\"url\":\"https:\\\/\\\/lospoliticosveracruz.com\\\/?author=2\"}]}<\/script>\n<!-- \/ Yoast SEO plugin. -->","yoast_head_json":{"title":"Espectaculares de Roc\u00edo Nahle, violaci\u00f3n a la ley\u00a0 - Los pol\u00edticos Veracruz","robots":{"index":"index","follow":"follow","max-snippet":"max-snippet:-1","max-image-preview":"max-image-preview:large","max-video-preview":"max-video-preview:-1"},"canonical":"https:\/\/lospoliticosveracruz.com\/?p=24724","og_locale":"es_ES","og_type":"article","og_title":"Espectaculares de Roc\u00edo Nahle, violaci\u00f3n a la ley\u00a0 - Los pol\u00edticos Veracruz","og_description":"Luis Alberto Romero Hora Cero El pasado 31 de julio, la diputada federal del Movimiento de Regeneraci\u00f3n Nacional, Morena, Roc\u00edo Nahle Garc\u00eda, rindi\u00f3 su primer informe de actividades legislativas; sin embargo, el margen del contenido de su mensaje, que incluy\u00f3 la presentaci\u00f3n de 27 iniciativas de ley, 81 propuestas de punto de acuerdo, as\u00ed como [&hellip;]","og_url":"https:\/\/lospoliticosveracruz.com\/?p=24724","og_site_name":"Los pol\u00edticos Veracruz","article_publisher":"https:\/\/www.facebook.com\/people\/Notimemes-de-los-Polticos\/61565672886568\/","article_published_time":"2016-08-12T02:26:07+00:00","og_image":[{"width":200,"height":200,"url":"https:\/\/lospoliticosveracruz.com\/wp-content\/uploads\/2016\/07\/Logo-Dor.jpg","type":"image\/jpeg"}],"author":"Lo viste en Los Pol\u00edticos","twitter_card":"summary_large_image","twitter_creator":"@LosPoliticosVer","twitter_site":"@LosPoliticosVer","twitter_misc":{"Escrito por":"Lo viste en Los Pol\u00edticos","Tiempo de lectura":"5 minutos"},"schema":{"@context":"https:\/\/schema.org","@graph":[{"@type":"Article","@id":"https:\/\/lospoliticosveracruz.com\/?p=24724#article","isPartOf":{"@id":"https:\/\/lospoliticosveracruz.com\/?p=24724"},"author":{"name":"Lo viste en Los Pol\u00edticos","@id":"https:\/\/lospoliticosveracruz.com\/#\/schema\/person\/b8702bb0e538456e6efd07080bf2a4a2"},"headline":"Espectaculares de Roc\u00edo Nahle, violaci\u00f3n a la ley\u00a0","datePublished":"2016-08-12T02:26:07+00:00","mainEntityOfPage":{"@id":"https:\/\/lospoliticosveracruz.com\/?p=24724"},"wordCount":964,"commentCount":0,"publisher":{"@id":"https:\/\/lospoliticosveracruz.com\/#organization"},"keywords":["espectaculares","Morena","Roc\u00edo Nahle Garc\u00eda"],"articleSection":["De Opini\u00f3n"],"inLanguage":"es","potentialAction":[{"@type":"CommentAction","name":"Comment","target":["https:\/\/lospoliticosveracruz.com\/?p=24724#respond"]}]},{"@type":"WebPage","@id":"https:\/\/lospoliticosveracruz.com\/?p=24724","url":"https:\/\/lospoliticosveracruz.com\/?p=24724","name":"Espectaculares de Roc\u00edo Nahle, violaci\u00f3n a la ley\u00a0 - Los pol\u00edticos Veracruz","isPartOf":{"@id":"https:\/\/lospoliticosveracruz.com\/#website"},"datePublished":"2016-08-12T02:26:07+00:00","breadcrumb":{"@id":"https:\/\/lospoliticosveracruz.com\/?p=24724#breadcrumb"},"inLanguage":"es","potentialAction":[{"@type":"ReadAction","target":["https:\/\/lospoliticosveracruz.com\/?p=24724"]}]},{"@type":"BreadcrumbList","@id":"https:\/\/lospoliticosveracruz.com\/?p=24724#breadcrumb","itemListElement":[{"@type":"ListItem","position":1,"name":"Portada","item":"https:\/\/lospoliticosveracruz.com\/"},{"@type":"ListItem","position":2,"name":"Espectaculares de Roc\u00edo Nahle, violaci\u00f3n a la ley\u00a0"}]},{"@type":"WebSite","@id":"https:\/\/lospoliticosveracruz.com\/#website","url":"https:\/\/lospoliticosveracruz.com\/","name":"Los pol\u00edticos Veracruz","description":"","publisher":{"@id":"https:\/\/lospoliticosveracruz.com\/#organization"},"potentialAction":[{"@type":"SearchAction","target":{"@type":"EntryPoint","urlTemplate":"https:\/\/lospoliticosveracruz.com\/?s={search_term_string}"},"query-input":{"@type":"PropertyValueSpecification","valueRequired":true,"valueName":"search_term_string"}}],"inLanguage":"es"},{"@type":"Organization","@id":"https:\/\/lospoliticosveracruz.com\/#organization","name":"Los pol\u00edticos Veracruz","url":"https:\/\/lospoliticosveracruz.com\/","logo":{"@type":"ImageObject","inLanguage":"es","@id":"https:\/\/lospoliticosveracruz.com\/#\/schema\/logo\/image\/","url":"https:\/\/lospoliticosveracruz.com\/wp-content\/uploads\/2025\/12\/Logo-Nuevo-LOS-POLITICOS-1.jpg","contentUrl":"https:\/\/lospoliticosveracruz.com\/wp-content\/uploads\/2025\/12\/Logo-Nuevo-LOS-POLITICOS-1.jpg","width":260,"height":70,"caption":"Los pol\u00edticos Veracruz"},"image":{"@id":"https:\/\/lospoliticosveracruz.com\/#\/schema\/logo\/image\/"},"sameAs":["https:\/\/www.facebook.com\/people\/Notimemes-de-los-Polticos\/61565672886568\/","https:\/\/x.com\/LosPoliticosVer"]},{"@type":"Person","@id":"https:\/\/lospoliticosveracruz.com\/#\/schema\/person\/b8702bb0e538456e6efd07080bf2a4a2","name":"Lo viste en Los Pol\u00edticos","image":{"@type":"ImageObject","inLanguage":"es","@id":"https:\/\/secure.gravatar.com\/avatar\/3a8de04a2656d44082be478bd6c086daa447c4651605818287b9532d3d0bd435?s=96&d=mm&r=g","url":"https:\/\/secure.gravatar.com\/avatar\/3a8de04a2656d44082be478bd6c086daa447c4651605818287b9532d3d0bd435?s=96&d=mm&r=g","contentUrl":"https:\/\/secure.gravatar.com\/avatar\/3a8de04a2656d44082be478bd6c086daa447c4651605818287b9532d3d0bd435?s=96&d=mm&r=g","caption":"Lo viste en Los Pol\u00edticos"},"url":"https:\/\/lospoliticosveracruz.com\/?author=2"}]}},"_links":{"self":[{"href":"https:\/\/lospoliticosveracruz.com\/index.php?rest_route=\/wp\/v2\/posts\/24724","targetHints":{"allow":["GET"]}}],"collection":[{"href":"https:\/\/lospoliticosveracruz.com\/index.php?rest_route=\/wp\/v2\/posts"}],"about":[{"href":"https:\/\/lospoliticosveracruz.com\/index.php?rest_route=\/wp\/v2\/types\/post"}],"author":[{"embeddable":true,"href":"https:\/\/lospoliticosveracruz.com\/index.php?rest_route=\/wp\/v2\/users\/2"}],"replies":[{"embeddable":true,"href":"https:\/\/lospoliticosveracruz.com\/index.php?rest_route=%2Fwp%2Fv2%2Fcomments&post=24724"}],"version-history":[{"count":1,"href":"https:\/\/lospoliticosveracruz.com\/index.php?rest_route=\/wp\/v2\/posts\/24724\/revisions"}],"predecessor-version":[{"id":24726,"href":"https:\/\/lospoliticosveracruz.com\/index.php?rest_route=\/wp\/v2\/posts\/24724\/revisions\/24726"}],"wp:attachment":[{"href":"https:\/\/lospoliticosveracruz.com\/index.php?rest_route=%2Fwp%2Fv2%2Fmedia&parent=24724"}],"wp:term":[{"taxonomy":"category","embeddable":true,"href":"https:\/\/lospoliticosveracruz.com\/index.php?rest_route=%2Fwp%2Fv2%2Fcategories&post=24724"},{"taxonomy":"post_tag","embeddable":true,"href":"https:\/\/lospoliticosveracruz.com\/index.php?rest_route=%2Fwp%2Fv2%2Ftags&post=24724"}],"curies":[{"name":"wp","href":"https:\/\/api.w.org\/{rel}","templated":true}]}}