{"id":24727,"date":"2016-08-11T21:52:48","date_gmt":"2016-08-12T02:52:48","guid":{"rendered":"http:\/\/www.lospoliticosveracruz.com.mx\/?p=24727"},"modified":"2016-08-11T21:52:48","modified_gmt":"2016-08-12T02:52:48","slug":"duarte-tan-lejos-chavos-tan-cerca","status":"publish","type":"post","link":"https:\/\/lospoliticosveracruz.com\/?p=24727","title":{"rendered":"Duarte, tan lejos; chavos, tan cerca"},"content":{"rendered":"<p dir=\"ltr\"><strong>Salvador Mu\u00f1oz<\/strong><\/p>\n<p><em>Los Pol\u00edticos<\/em><\/p>\n<p dir=\"ltr\">Roberto Cantoral no lo pudo haber dicho mejor: Dicen que la distancia es el olvido, pero yo no concibo esa raz\u00f3n\u2026<\/p>\n<p dir=\"ltr\">Ser\u00eda m\u00e1s f\u00e1cil formarme en la fila del \u201cP\u00e9guenle al ex gordo\u201d y me obligar\u00eda a irme por lo sencillo: re\u00edrme del Gobernador porque estuvo a tres personas del Presidente y que de 90ytantas fotos, casi no sale.<\/p>\n<p dir=\"ltr\">Si realmente no se hubiera querido la presencia del mandatario, lo m\u00e1s f\u00e1cil ser\u00eda haberle pedido al Gobernador que se hubiera ido a hacerse pendejo a Coscomatepec, Jamapa o a cualquier otro punto donde \u201cEarl\u201d golpe\u00f3 y le hubieran mandado al secretario de Gobierno, Flavino R\u00edos Alvarado, como representante ante la excusa de que \u201cel Se\u00f1or Gobernador atiende personalmente la contingencia generada por el pasado meteoro\u201d.<\/p>\n<p dir=\"ltr\">Tambi\u00e9n es cierto que tener para la percepci\u00f3n social a las dos figuras m\u00e1s emblem\u00e1ticas de la corrupci\u00f3n, al menos desde la perspectiva aldea-altiplano, es \u201cponerse de pechito\u201d para que v\u00eda una fotograf\u00eda, la \u00a0expresi\u00f3n o mirada fuera plasmada en uno de tantos memes que le han dedicado a ambas figuras.<\/p>\n<p dir=\"ltr\">A lo mejor soy quisquilloso, pero despu\u00e9s de que \u201cReforma\u201d vapuleara al Presidente con encuestas que lo colocan en la rama de la \u201cimpopularidad\u201d por lo que se considera un p\u00e9simo desempe\u00f1o al frente de la Naci\u00f3n, cabr\u00f3n estar\u00eda ponerlo con su \u201cigual\u201d pero a ras estatal\u2026<\/p>\n<p dir=\"ltr\">\u00bfFuncion\u00f3 la sana distancia? \u00a1Por supuesto! \u00bfQui\u00e9n fue el objeto de las cr\u00edticas? \u00a1Javier Duarte de Ochoa! \u00a1Y ni quien se acuerde del Presidente! Es m\u00e1s, aseguran que en el ba\u00f1o de pueblo que se dio Pe\u00f1a Nieto, hasta hubo lugar para tomarse la cl\u00e1sica \u201cselfie\u201d&#8230; \u00bfporque es preferible una foto con el Presidente que con el Gobernador? En t\u00e9rminos jer\u00e1rquicos, s\u00ed; en t\u00e9rminos populares, mil veces una foto con el Presidente de la Rep\u00fablica que con un Gobernador; en t\u00e9rminos pol\u00edticos, un mill\u00f3n de veces la foto con Pe\u00f1a que con Duarte, pero en t\u00e9rminos aldeanos\u2026 \u00a1ya est\u00e1 devaluado el Gober! Tan as\u00ed, que hasta su mismo cuate, su carnal, su sangre, su hermanito, prefiere promocionar su imagen poniendo una foto con Pe\u00f1a Nieto, asegurando que el Presidente le dijo \u201cnos vemos la pr\u00f3xima semana\u201d&#8230; \u00a1Pinche Silva!<\/p>\n<p dir=\"ltr\">Pero esto es pol\u00edtica\u2026 una cosa es lo que nos dejan ver o lo que nos quieren hacer creer que vemos, y otra cosa es tras bambalinas, pero eso no lo digo yo, ni el Presidente ni el Gobernador\u2026 esto, en su sabidur\u00eda, lo expres\u00f3 Joan Sebastian: Delante de la gente no me mires \/ no suspires no me llames \/ aunque me ames\u2026<\/p>\n<p dir=\"ltr\">Y lo que son las cosas, ac\u00e1, tan lejos\u2026 y all\u00e1, \u00a1tan cerca!<\/p>\n<p dir=\"ltr\">En el marco de la Jornada Nacional de Actualizaci\u00f3n Sobre Administraci\u00f3n Municipal en el Altiplano, el alcalde de \u202a\u200eXalapa\u202c, Am\u00e9rico Z\u00fa\u00f1iga Mart\u00ednez, estuvo con el titular de Sedesol, Jos\u00e9 Antonio Meade Kuribre\u00f1a\u2026 pero no fue el \u00fanico. Siete j\u00f3venes veracruzanos tuvieron oportunidad de saludarlo, entre ellos Oscar Eduardo Araujo Cruz, Arturo Hern\u00e1ndez Durante, Mario S\u00e1nchez Dom\u00ednguez (tiene una moto envidiable), Kevin Jair Ju\u00e1rez Cruz, Carlos Rugerio Mart\u00ednez, Jos\u00e9 Luis Almanza Gordon y Rodrigo Montoya Rivera.<\/p>\n<p dir=\"ltr\">La an\u00e9cdota se da cuando al hacer un \u201cteam back\u201d con los veracruzanos, \u00e9stos le expresaron a Meade Kuribre\u00f1a: \u201csomos Pepistas, \u00a1vamos con los Pepes!\u201d<\/p>\n<p dir=\"ltr\">Meade sonri\u00f3 y respondi\u00f3 de inmediato: \u201cYo tambi\u00e9n voy con Pepe\u201d.<\/p>\n<p dir=\"ltr\">A m\u00ed no me enga\u00f1an\u2026 estoy seguro que a estos chavos le pasaron el tip de que el titular de Sedesol iba a llevar corbata morada porque la mayor\u00eda de los jarochos \u00e9sa tra\u00edan, si no lisa, combinada. Bueno, Am\u00e9rico llevaba corbata verde\u2026 a lo mejor porque ya no se cuece al primer hervor\u2026<\/p>\n<p dir=\"ltr\">Lo que son las cosas\u2026 mientras que en Veracruz, Javier Duarte, estando a tres personas de Pe\u00f1a Nieto, se ve tan lejos; los chavos veracruzanos con Meade, pudieran interpretar en voz de Jos\u00e9 Alfredo Jim\u00e9nez, su momento: Poco a poco me voy acercando a ti \/ Poco a poco \/ la distancia se va haciendo menos&#8230;<\/p>\n<p>&nbsp;<\/p>\n<p dir=\"ltr\"><a href=\"mailto:smcainito@gmail.com\" target=\"_blank\">smcainito@gmail.com<\/a><\/p>\n","protected":false},"excerpt":{"rendered":"<p>Salvador Mu\u00f1oz Los Pol\u00edticos Roberto Cantoral no lo pudo haber dicho mejor: Dicen que la distancia es el olvido, pero yo no concibo esa raz\u00f3n\u2026 Ser\u00eda m\u00e1s f\u00e1cil formarme en la fila del \u201cP\u00e9guenle al ex gordo\u201d y me obligar\u00eda a irme por lo sencillo: re\u00edrme del Gobernador porque estuvo a tres personas del Presidente [&hellip;]<\/p>\n","protected":false},"author":2,"featured_media":0,"comment_status":"open","ping_status":"open","sticky":false,"template":"","format":"standard","meta":{"tdm_status":"","tdm_grid_status":"","footnotes":""},"categories":[70],"tags":[539,281,260,4122,2738],"class_list":{"0":"post-24727","1":"post","2":"type-post","3":"status-publish","4":"format-standard","6":"category-de-opinion","7":"tag-americo-zuniga-martinez","8":"tag-enrique-pena-nieto","9":"tag-javier-duarte-de-ochoa","10":"tag-jose-antonio-meade-kuribrena","11":"tag-rodrigo-montoya-rivera"},"yoast_head":"<!-- This site is optimized with the Yoast SEO plugin v27.4 - https:\/\/yoast.com\/product\/yoast-seo-wordpress\/ -->\n<title>Duarte, tan lejos; chavos, tan cerca - Los pol\u00edticos Veracruz<\/title>\n<meta name=\"robots\" content=\"index, follow, max-snippet:-1, max-image-preview:large, max-video-preview:-1\" \/>\n<link rel=\"canonical\" href=\"https:\/\/lospoliticosveracruz.com\/?p=24727\" \/>\n<meta property=\"og:locale\" content=\"es_ES\" \/>\n<meta property=\"og:type\" content=\"article\" \/>\n<meta property=\"og:title\" content=\"Duarte, tan lejos; chavos, tan cerca - Los pol\u00edticos Veracruz\" \/>\n<meta property=\"og:description\" content=\"Salvador Mu\u00f1oz Los Pol\u00edticos Roberto Cantoral no lo pudo haber dicho mejor: Dicen que la distancia es el olvido, pero yo no concibo esa raz\u00f3n\u2026 Ser\u00eda m\u00e1s f\u00e1cil formarme en la fila del \u201cP\u00e9guenle al ex gordo\u201d y me obligar\u00eda a irme por lo sencillo: re\u00edrme del Gobernador porque estuvo a tres personas del Presidente [&hellip;]\" \/>\n<meta property=\"og:url\" content=\"https:\/\/lospoliticosveracruz.com\/?p=24727\" \/>\n<meta property=\"og:site_name\" content=\"Los pol\u00edticos Veracruz\" \/>\n<meta property=\"article:publisher\" content=\"https:\/\/www.facebook.com\/people\/Notimemes-de-los-Polticos\/61565672886568\/\" \/>\n<meta property=\"article:published_time\" content=\"2016-08-12T02:52:48+00:00\" \/>\n<meta property=\"og:image\" content=\"https:\/\/lospoliticosveracruz.com\/wp-content\/uploads\/2016\/07\/Logo-Dor.jpg\" \/>\n\t<meta property=\"og:image:width\" content=\"200\" \/>\n\t<meta property=\"og:image:height\" content=\"200\" \/>\n\t<meta property=\"og:image:type\" content=\"image\/jpeg\" \/>\n<meta name=\"author\" content=\"Lo viste en Los Pol\u00edticos\" \/>\n<meta name=\"twitter:card\" content=\"summary_large_image\" \/>\n<meta name=\"twitter:creator\" content=\"@LosPoliticosVer\" \/>\n<meta name=\"twitter:site\" content=\"@LosPoliticosVer\" \/>\n<meta name=\"twitter:label1\" content=\"Escrito por\" \/>\n\t<meta name=\"twitter:data1\" content=\"Lo viste en Los Pol\u00edticos\" \/>\n\t<meta name=\"twitter:label2\" content=\"Tiempo de lectura\" \/>\n\t<meta name=\"twitter:data2\" content=\"4 minutos\" \/>\n<script type=\"application\/ld+json\" class=\"yoast-schema-graph\">{\"@context\":\"https:\\\/\\\/schema.org\",\"@graph\":[{\"@type\":\"Article\",\"@id\":\"https:\\\/\\\/lospoliticosveracruz.com\\\/?p=24727#article\",\"isPartOf\":{\"@id\":\"https:\\\/\\\/lospoliticosveracruz.com\\\/?p=24727\"},\"author\":{\"name\":\"Lo viste en Los Pol\u00edticos\",\"@id\":\"https:\\\/\\\/lospoliticosveracruz.com\\\/#\\\/schema\\\/person\\\/b8702bb0e538456e6efd07080bf2a4a2\"},\"headline\":\"Duarte, tan lejos; chavos, tan cerca\",\"datePublished\":\"2016-08-12T02:52:48+00:00\",\"mainEntityOfPage\":{\"@id\":\"https:\\\/\\\/lospoliticosveracruz.com\\\/?p=24727\"},\"wordCount\":737,\"commentCount\":0,\"publisher\":{\"@id\":\"https:\\\/\\\/lospoliticosveracruz.com\\\/#organization\"},\"keywords\":[\"Am\u00e9rico Z\u00fa\u00f1iga Mart\u00ednez\",\"Enrique Pe\u00f1a Nieto\",\"Javier Duarte de Ochoa\",\"Jos\u00e9 Antonio Meade Kuribre\u00f1a\",\"Rodrigo Montoya Rivera\"],\"articleSection\":[\"De Opini\u00f3n\"],\"inLanguage\":\"es\",\"potentialAction\":[{\"@type\":\"CommentAction\",\"name\":\"Comment\",\"target\":[\"https:\\\/\\\/lospoliticosveracruz.com\\\/?p=24727#respond\"]}]},{\"@type\":\"WebPage\",\"@id\":\"https:\\\/\\\/lospoliticosveracruz.com\\\/?p=24727\",\"url\":\"https:\\\/\\\/lospoliticosveracruz.com\\\/?p=24727\",\"name\":\"Duarte, tan lejos; chavos, tan cerca - Los pol\u00edticos Veracruz\",\"isPartOf\":{\"@id\":\"https:\\\/\\\/lospoliticosveracruz.com\\\/#website\"},\"datePublished\":\"2016-08-12T02:52:48+00:00\",\"breadcrumb\":{\"@id\":\"https:\\\/\\\/lospoliticosveracruz.com\\\/?p=24727#breadcrumb\"},\"inLanguage\":\"es\",\"potentialAction\":[{\"@type\":\"ReadAction\",\"target\":[\"https:\\\/\\\/lospoliticosveracruz.com\\\/?p=24727\"]}]},{\"@type\":\"BreadcrumbList\",\"@id\":\"https:\\\/\\\/lospoliticosveracruz.com\\\/?p=24727#breadcrumb\",\"itemListElement\":[{\"@type\":\"ListItem\",\"position\":1,\"name\":\"Portada\",\"item\":\"https:\\\/\\\/lospoliticosveracruz.com\\\/\"},{\"@type\":\"ListItem\",\"position\":2,\"name\":\"Duarte, tan lejos; chavos, tan cerca\"}]},{\"@type\":\"WebSite\",\"@id\":\"https:\\\/\\\/lospoliticosveracruz.com\\\/#website\",\"url\":\"https:\\\/\\\/lospoliticosveracruz.com\\\/\",\"name\":\"Los pol\u00edticos Veracruz\",\"description\":\"\",\"publisher\":{\"@id\":\"https:\\\/\\\/lospoliticosveracruz.com\\\/#organization\"},\"potentialAction\":[{\"@type\":\"SearchAction\",\"target\":{\"@type\":\"EntryPoint\",\"urlTemplate\":\"https:\\\/\\\/lospoliticosveracruz.com\\\/?s={search_term_string}\"},\"query-input\":{\"@type\":\"PropertyValueSpecification\",\"valueRequired\":true,\"valueName\":\"search_term_string\"}}],\"inLanguage\":\"es\"},{\"@type\":\"Organization\",\"@id\":\"https:\\\/\\\/lospoliticosveracruz.com\\\/#organization\",\"name\":\"Los pol\u00edticos Veracruz\",\"url\":\"https:\\\/\\\/lospoliticosveracruz.com\\\/\",\"logo\":{\"@type\":\"ImageObject\",\"inLanguage\":\"es\",\"@id\":\"https:\\\/\\\/lospoliticosveracruz.com\\\/#\\\/schema\\\/logo\\\/image\\\/\",\"url\":\"https:\\\/\\\/lospoliticosveracruz.com\\\/wp-content\\\/uploads\\\/2025\\\/12\\\/Logo-Nuevo-LOS-POLITICOS-1.jpg\",\"contentUrl\":\"https:\\\/\\\/lospoliticosveracruz.com\\\/wp-content\\\/uploads\\\/2025\\\/12\\\/Logo-Nuevo-LOS-POLITICOS-1.jpg\",\"width\":260,\"height\":70,\"caption\":\"Los pol\u00edticos Veracruz\"},\"image\":{\"@id\":\"https:\\\/\\\/lospoliticosveracruz.com\\\/#\\\/schema\\\/logo\\\/image\\\/\"},\"sameAs\":[\"https:\\\/\\\/www.facebook.com\\\/people\\\/Notimemes-de-los-Polticos\\\/61565672886568\\\/\",\"https:\\\/\\\/x.com\\\/LosPoliticosVer\"]},{\"@type\":\"Person\",\"@id\":\"https:\\\/\\\/lospoliticosveracruz.com\\\/#\\\/schema\\\/person\\\/b8702bb0e538456e6efd07080bf2a4a2\",\"name\":\"Lo viste en Los Pol\u00edticos\",\"image\":{\"@type\":\"ImageObject\",\"inLanguage\":\"es\",\"@id\":\"https:\\\/\\\/secure.gravatar.com\\\/avatar\\\/3a8de04a2656d44082be478bd6c086daa447c4651605818287b9532d3d0bd435?s=96&d=mm&r=g\",\"url\":\"https:\\\/\\\/secure.gravatar.com\\\/avatar\\\/3a8de04a2656d44082be478bd6c086daa447c4651605818287b9532d3d0bd435?s=96&d=mm&r=g\",\"contentUrl\":\"https:\\\/\\\/secure.gravatar.com\\\/avatar\\\/3a8de04a2656d44082be478bd6c086daa447c4651605818287b9532d3d0bd435?s=96&d=mm&r=g\",\"caption\":\"Lo viste en Los Pol\u00edticos\"},\"url\":\"https:\\\/\\\/lospoliticosveracruz.com\\\/?author=2\"}]}<\/script>\n<!-- \/ Yoast SEO plugin. -->","yoast_head_json":{"title":"Duarte, tan lejos; chavos, tan cerca - Los pol\u00edticos Veracruz","robots":{"index":"index","follow":"follow","max-snippet":"max-snippet:-1","max-image-preview":"max-image-preview:large","max-video-preview":"max-video-preview:-1"},"canonical":"https:\/\/lospoliticosveracruz.com\/?p=24727","og_locale":"es_ES","og_type":"article","og_title":"Duarte, tan lejos; chavos, tan cerca - Los pol\u00edticos Veracruz","og_description":"Salvador Mu\u00f1oz Los Pol\u00edticos Roberto Cantoral no lo pudo haber dicho mejor: Dicen que la distancia es el olvido, pero yo no concibo esa raz\u00f3n\u2026 Ser\u00eda m\u00e1s f\u00e1cil formarme en la fila del \u201cP\u00e9guenle al ex gordo\u201d y me obligar\u00eda a irme por lo sencillo: re\u00edrme del Gobernador porque estuvo a tres personas del Presidente [&hellip;]","og_url":"https:\/\/lospoliticosveracruz.com\/?p=24727","og_site_name":"Los pol\u00edticos Veracruz","article_publisher":"https:\/\/www.facebook.com\/people\/Notimemes-de-los-Polticos\/61565672886568\/","article_published_time":"2016-08-12T02:52:48+00:00","og_image":[{"width":200,"height":200,"url":"https:\/\/lospoliticosveracruz.com\/wp-content\/uploads\/2016\/07\/Logo-Dor.jpg","type":"image\/jpeg"}],"author":"Lo viste en Los Pol\u00edticos","twitter_card":"summary_large_image","twitter_creator":"@LosPoliticosVer","twitter_site":"@LosPoliticosVer","twitter_misc":{"Escrito por":"Lo viste en Los Pol\u00edticos","Tiempo de lectura":"4 minutos"},"schema":{"@context":"https:\/\/schema.org","@graph":[{"@type":"Article","@id":"https:\/\/lospoliticosveracruz.com\/?p=24727#article","isPartOf":{"@id":"https:\/\/lospoliticosveracruz.com\/?p=24727"},"author":{"name":"Lo viste en Los Pol\u00edticos","@id":"https:\/\/lospoliticosveracruz.com\/#\/schema\/person\/b8702bb0e538456e6efd07080bf2a4a2"},"headline":"Duarte, tan lejos; chavos, tan cerca","datePublished":"2016-08-12T02:52:48+00:00","mainEntityOfPage":{"@id":"https:\/\/lospoliticosveracruz.com\/?p=24727"},"wordCount":737,"commentCount":0,"publisher":{"@id":"https:\/\/lospoliticosveracruz.com\/#organization"},"keywords":["Am\u00e9rico Z\u00fa\u00f1iga Mart\u00ednez","Enrique Pe\u00f1a Nieto","Javier Duarte de Ochoa","Jos\u00e9 Antonio Meade Kuribre\u00f1a","Rodrigo Montoya Rivera"],"articleSection":["De Opini\u00f3n"],"inLanguage":"es","potentialAction":[{"@type":"CommentAction","name":"Comment","target":["https:\/\/lospoliticosveracruz.com\/?p=24727#respond"]}]},{"@type":"WebPage","@id":"https:\/\/lospoliticosveracruz.com\/?p=24727","url":"https:\/\/lospoliticosveracruz.com\/?p=24727","name":"Duarte, tan lejos; chavos, tan cerca - Los pol\u00edticos Veracruz","isPartOf":{"@id":"https:\/\/lospoliticosveracruz.com\/#website"},"datePublished":"2016-08-12T02:52:48+00:00","breadcrumb":{"@id":"https:\/\/lospoliticosveracruz.com\/?p=24727#breadcrumb"},"inLanguage":"es","potentialAction":[{"@type":"ReadAction","target":["https:\/\/lospoliticosveracruz.com\/?p=24727"]}]},{"@type":"BreadcrumbList","@id":"https:\/\/lospoliticosveracruz.com\/?p=24727#breadcrumb","itemListElement":[{"@type":"ListItem","position":1,"name":"Portada","item":"https:\/\/lospoliticosveracruz.com\/"},{"@type":"ListItem","position":2,"name":"Duarte, tan lejos; chavos, tan cerca"}]},{"@type":"WebSite","@id":"https:\/\/lospoliticosveracruz.com\/#website","url":"https:\/\/lospoliticosveracruz.com\/","name":"Los pol\u00edticos Veracruz","description":"","publisher":{"@id":"https:\/\/lospoliticosveracruz.com\/#organization"},"potentialAction":[{"@type":"SearchAction","target":{"@type":"EntryPoint","urlTemplate":"https:\/\/lospoliticosveracruz.com\/?s={search_term_string}"},"query-input":{"@type":"PropertyValueSpecification","valueRequired":true,"valueName":"search_term_string"}}],"inLanguage":"es"},{"@type":"Organization","@id":"https:\/\/lospoliticosveracruz.com\/#organization","name":"Los pol\u00edticos Veracruz","url":"https:\/\/lospoliticosveracruz.com\/","logo":{"@type":"ImageObject","inLanguage":"es","@id":"https:\/\/lospoliticosveracruz.com\/#\/schema\/logo\/image\/","url":"https:\/\/lospoliticosveracruz.com\/wp-content\/uploads\/2025\/12\/Logo-Nuevo-LOS-POLITICOS-1.jpg","contentUrl":"https:\/\/lospoliticosveracruz.com\/wp-content\/uploads\/2025\/12\/Logo-Nuevo-LOS-POLITICOS-1.jpg","width":260,"height":70,"caption":"Los pol\u00edticos Veracruz"},"image":{"@id":"https:\/\/lospoliticosveracruz.com\/#\/schema\/logo\/image\/"},"sameAs":["https:\/\/www.facebook.com\/people\/Notimemes-de-los-Polticos\/61565672886568\/","https:\/\/x.com\/LosPoliticosVer"]},{"@type":"Person","@id":"https:\/\/lospoliticosveracruz.com\/#\/schema\/person\/b8702bb0e538456e6efd07080bf2a4a2","name":"Lo viste en Los Pol\u00edticos","image":{"@type":"ImageObject","inLanguage":"es","@id":"https:\/\/secure.gravatar.com\/avatar\/3a8de04a2656d44082be478bd6c086daa447c4651605818287b9532d3d0bd435?s=96&d=mm&r=g","url":"https:\/\/secure.gravatar.com\/avatar\/3a8de04a2656d44082be478bd6c086daa447c4651605818287b9532d3d0bd435?s=96&d=mm&r=g","contentUrl":"https:\/\/secure.gravatar.com\/avatar\/3a8de04a2656d44082be478bd6c086daa447c4651605818287b9532d3d0bd435?s=96&d=mm&r=g","caption":"Lo viste en Los Pol\u00edticos"},"url":"https:\/\/lospoliticosveracruz.com\/?author=2"}]}},"_links":{"self":[{"href":"https:\/\/lospoliticosveracruz.com\/index.php?rest_route=\/wp\/v2\/posts\/24727","targetHints":{"allow":["GET"]}}],"collection":[{"href":"https:\/\/lospoliticosveracruz.com\/index.php?rest_route=\/wp\/v2\/posts"}],"about":[{"href":"https:\/\/lospoliticosveracruz.com\/index.php?rest_route=\/wp\/v2\/types\/post"}],"author":[{"embeddable":true,"href":"https:\/\/lospoliticosveracruz.com\/index.php?rest_route=\/wp\/v2\/users\/2"}],"replies":[{"embeddable":true,"href":"https:\/\/lospoliticosveracruz.com\/index.php?rest_route=%2Fwp%2Fv2%2Fcomments&post=24727"}],"version-history":[{"count":1,"href":"https:\/\/lospoliticosveracruz.com\/index.php?rest_route=\/wp\/v2\/posts\/24727\/revisions"}],"predecessor-version":[{"id":24729,"href":"https:\/\/lospoliticosveracruz.com\/index.php?rest_route=\/wp\/v2\/posts\/24727\/revisions\/24729"}],"wp:attachment":[{"href":"https:\/\/lospoliticosveracruz.com\/index.php?rest_route=%2Fwp%2Fv2%2Fmedia&parent=24727"}],"wp:term":[{"taxonomy":"category","embeddable":true,"href":"https:\/\/lospoliticosveracruz.com\/index.php?rest_route=%2Fwp%2Fv2%2Fcategories&post=24727"},{"taxonomy":"post_tag","embeddable":true,"href":"https:\/\/lospoliticosveracruz.com\/index.php?rest_route=%2Fwp%2Fv2%2Ftags&post=24727"}],"curies":[{"name":"wp","href":"https:\/\/api.w.org\/{rel}","templated":true}]}}