{"id":24778,"date":"2016-08-14T22:33:08","date_gmt":"2016-08-15T03:33:08","guid":{"rendered":"http:\/\/www.lospoliticosveracruz.com.mx\/?p=24778"},"modified":"2016-08-14T22:33:08","modified_gmt":"2016-08-15T03:33:08","slug":"encuentros-productivos","status":"publish","type":"post","link":"https:\/\/lospoliticosveracruz.com\/?p=24778","title":{"rendered":"Encuentros productivos"},"content":{"rendered":"<p><strong>Rodrigo Montoya Rivera<\/strong><br \/>\n<em>Ideas\u00a0<\/em><br \/>\nUn grupo de amigos y un servidor fuimos invitados a un curso con duraci\u00f3n de dos d\u00edas, denominado \u201cSeminario Nacional de Actualizaci\u00f3n de Autoridades Electas\u201d en la Ciudad de M\u00e9xico, organizado por la Fenamm, el pasado jueves y viernes, en el cual se cont\u00f3 con la participaci\u00f3n de Am\u00e9rico Z\u00fa\u00f1iga Mart\u00ednez, presidente municipal de Xalapa y de dicha organizaci\u00f3n, y quien en su mensaje inaugural, resalt\u00f3 la importancia de algunos temas en el desarrollo municipal, como la seguridad p\u00fablica, la transparencia y rendici\u00f3n de cuentas, finanzas p\u00fablicas y la profesionalizaci\u00f3n de los servidores p\u00fablicos, pues hasta la d\u00e9cada de los 90\u2019s, s\u00f3lo el 60 % de los presidentes municipales ten\u00edan estudios superiores.<\/p>\n<p>Am\u00e9rico Z\u00fa\u00f1iga coment\u00f3 al auditorio que actualmente son 800 mil trabajadores en el pa\u00eds que se desempe\u00f1an en tareas municipales, as\u00ed como la existencia de 50 asociaciones municipalistas en el pa\u00eds, las m\u00e1s importantes la ANAC, la Aalmac y la Fenamm, Am\u00e9rico Z\u00fa\u00f1iga, Presidente de esta \u00faltima. Aqu\u00ed pudo destacar que el desempe\u00f1o y la constancia de quienes trabajan en el nivel municipal fortalece a los municipios.<\/p>\n<p>Por otra parte, el\u00a0 Secretario de Desarrollo Social de la Rep\u00fablica Mexicana, Jos\u00e9 Antonio Meade Kuribre\u00f1a,\u00a0 imparti\u00f3 una conferencia donde dejaba muy claro la situaci\u00f3n actual de nuestro pa\u00eds ante los retos importantes, uno de ellos es el combate a la pobreza. Fue claro que la Secretar\u00eda que encabeza, tiene la geograf\u00eda de M\u00e9xico muy bien detectada, desde el 20 por ciento de la poblaci\u00f3n de M\u00e9xico con carencia alimentaria, as\u00ed como los sectores de la poblaci\u00f3n que no han te\u00f1ido inclusi\u00f3n a la educaci\u00f3n en alguna de sus modalidades. La vivienda y la seguridad social, son tomadas muy enserio por Meade Kuribre\u00f1a, pues tambi\u00e9n expuso los n\u00fameros de cada uno de los institutos de salud, as\u00ed como sus afiliados y sobre todo, las acciones pr\u00f3ximas que emprender\u00e1n para acercar m\u00e1s poblaci\u00f3n a los servicios p\u00fablicos.<\/p>\n<p>Dicho seminario, ten\u00eda como objetivo general dotar a quienes ser\u00e1n los siguientes alcaldes y funcionarios por elecci\u00f3n popular, as\u00ed como a quienes se han desempe\u00f1ado o se desempe\u00f1an como servidores p\u00fablicos, de herramientas y conocimientos generales acerca de los compromisos y retos que se presentan d\u00eda con d\u00eda en la tarea de hacer pol\u00edtica y gobierno en los municipios, es por ello que asistieron diversos mun\u00edcipes as\u00ed como gran cantidad de servidores p\u00fablicos de todo el pa\u00eds.<\/p>\n<p>Hab\u00eda finalizado la primera etapa del curso, cuando me top\u00e9 de frente con quien reconoc\u00ed de inmediato como Jos\u00e9 Manuel Romero Coello, Director del Instituto Mexicano de Juventud, dependencia de la Sedesol, la cual estaba llevando a cabo diversas actividades en el mismo lugar donde se desarrollaba el curso\u00a0 y quien estaba haciendo una llamada a trav\u00e9s de su tel\u00e9fono celular. A pesar de su actividad constante de trabajo, al finalizar su llamada me atrev\u00ed a saludarlo, as\u00ed como ponernos a sus ordenes. \u201cSomos de Xalapa, en el estado de Veracruz, vinimos al curso de la Fenamm y nos gustar\u00eda a mis amigos y a m\u00ed en alg\u00fan momento coincidir con usted para que realizar algunas actividades\u201d fue lo que le dije al saludarlo.<\/p>\n<p>\u201cAmigos h\u00e1blenme de t\u00fa, \u00bfcu\u00e1ndo se regresan?\u201d-nos dijo- \u201cma\u00f1ana viernes que termina el curso\u201d Apenas iba a pronunciar la siguiente oraci\u00f3n\u00a0 cuando nos dijo \u201c\u00bfPor qu\u00e9 no me acompa\u00f1an a Los Pinos ma\u00f1ana temprano?, se entrega el Premio Nacional de la Juventud de este a\u00f1o de manos del Presidente Pe\u00f1a Nieto, y estar\u00eda muy bien que fueran\u201d. Por supuesto no parpadeamos ninguna vez para aceptar dicho ofrecimiento.<\/p>\n<p>As\u00ed fue que al siguiente d\u00eda, nos apersonamos en el lugar donde los j\u00f3venes galardonados estaban hospedados, para asistir como invitados del Director del Imjuve\u00a0a la premiaci\u00f3n. Enseguida su \u00a0equipo nos instruy\u00f3 que fu\u00e9ramos con ellos hacia la Residencia Oficial de Los Pinos. Desde el momento en que llegamos a donde se realizar\u00eda el evento, lo \u00fanico que recibimos por parte de esa dependencia y de Romero Coello fueron atenciones y buenos tratos.<\/p>\n<p>Durante el evento, cada uno de los del presidium expres\u00f3 su reconocimiento hacia aquellos que recibir\u00edan la presea, e invitaron a seguir trabajando por M\u00e9xico. Romero Coello fue muy coherente en su discurso; destac\u00f3 la importancia de reconocer a quienes se han destacado en alguna de las caracter\u00edsticas de la convocatoria al premio, pues sin duda alguna, tienen mucho que aportar al pa\u00eds, as\u00ed como reconoci\u00f3 la gran y fuerte labor que lleva a cabo Jos\u00e9 Antonio Meade Kuribre\u00f1a al frente de la Sedesol.<\/p>\n<p>Asimismo, Romero Coello invit\u00f3 a los servidores p\u00fablicos de M\u00e9xico a seguir colaborando con los j\u00f3venes del pa\u00eds, a fortalecer las pol\u00edticas p\u00fablicas para generar empleos y blindar\u00a0la econom\u00eda de los j\u00f3venes en M\u00e9xico. Dio cifras detalladas de los grandes resultados que han tenido los programas que se emplean con j\u00f3venes como las becas para estudiantes, as\u00ed como el que permite a los j\u00f3venes acceder a un cr\u00e9dito y poder hacerse de una\u00a0 vivienda digna.<\/p>\n<p>Tuve la oportunidad de escuchar con atenci\u00f3n las palabras de Tania Mart\u00ednez Cruz, joven galardonada e integrante de la comunidad ind\u00edgena de Oaxaca, y egresada de la Universidad de Arizona y pasante universitaria en Pa\u00edses Bajos, y quien dio a cada uno de los presentes una verdadera lecci\u00f3n de superaci\u00f3n y de patriotismo, pues comparti\u00f3 con cada uno de nosotros su experiencia para lograr las metas y objetivos que se ha propuesto.<\/p>\n<p>La entrega de esta presea, sin duda fortalece el trabajo que d\u00eda con d\u00eda realiza el Imjuve, y que llega a cada vez m\u00e1s j\u00f3venes en todo el pa\u00eds. Sumamos a esto la gran constancia que inyecta a cada uno de los proyectos el joven director Romero Coello, y quien por supuesto es\u00a0 uno de los servidores p\u00fablicos que ha demostrado que s\u00ed se trabaja bien y se desempe\u00f1a con honestidad, la juventud nunca ser\u00e1 un pretexto para no sobresalir.<\/p>\n","protected":false},"excerpt":{"rendered":"<p>Rodrigo Montoya Rivera Ideas\u00a0 Un grupo de amigos y un servidor fuimos invitados a un curso con duraci\u00f3n de dos d\u00edas, denominado \u201cSeminario Nacional de Actualizaci\u00f3n de Autoridades Electas\u201d en la Ciudad de M\u00e9xico, organizado por la Fenamm, el pasado jueves y viernes, en el cual se cont\u00f3 con la participaci\u00f3n de Am\u00e9rico Z\u00fa\u00f1iga Mart\u00ednez, [&hellip;]<\/p>\n","protected":false},"author":2,"featured_media":0,"comment_status":"open","ping_status":"open","sticky":false,"template":"","format":"standard","meta":{"tdm_status":"","tdm_grid_status":"","footnotes":""},"categories":[70],"tags":[539,4122,5969,715],"class_list":{"0":"post-24778","1":"post","2":"type-post","3":"status-publish","4":"format-standard","6":"category-de-opinion","7":"tag-americo-zuniga-martinez","8":"tag-jose-antonio-meade-kuribrena","9":"tag-jose-manuel-romero-coello","10":"tag-sedesol"},"yoast_head":"<!-- This site is optimized with the Yoast SEO plugin v27.4 - https:\/\/yoast.com\/product\/yoast-seo-wordpress\/ -->\n<title>Encuentros productivos - Los pol\u00edticos Veracruz<\/title>\n<meta name=\"robots\" content=\"index, follow, max-snippet:-1, max-image-preview:large, max-video-preview:-1\" \/>\n<link rel=\"canonical\" href=\"https:\/\/lospoliticosveracruz.com\/?p=24778\" \/>\n<meta property=\"og:locale\" content=\"es_ES\" \/>\n<meta property=\"og:type\" content=\"article\" \/>\n<meta property=\"og:title\" content=\"Encuentros productivos - Los pol\u00edticos Veracruz\" \/>\n<meta property=\"og:description\" content=\"Rodrigo Montoya Rivera Ideas\u00a0 Un grupo de amigos y un servidor fuimos invitados a un curso con duraci\u00f3n de dos d\u00edas, denominado \u201cSeminario Nacional de Actualizaci\u00f3n de Autoridades Electas\u201d en la Ciudad de M\u00e9xico, organizado por la Fenamm, el pasado jueves y viernes, en el cual se cont\u00f3 con la participaci\u00f3n de Am\u00e9rico Z\u00fa\u00f1iga Mart\u00ednez, [&hellip;]\" \/>\n<meta property=\"og:url\" content=\"https:\/\/lospoliticosveracruz.com\/?p=24778\" \/>\n<meta property=\"og:site_name\" content=\"Los pol\u00edticos Veracruz\" \/>\n<meta property=\"article:publisher\" content=\"https:\/\/www.facebook.com\/people\/Notimemes-de-los-Polticos\/61565672886568\/\" \/>\n<meta property=\"article:published_time\" content=\"2016-08-15T03:33:08+00:00\" \/>\n<meta property=\"og:image\" content=\"https:\/\/lospoliticosveracruz.com\/wp-content\/uploads\/2016\/07\/Logo-Dor.jpg\" \/>\n\t<meta property=\"og:image:width\" content=\"200\" \/>\n\t<meta property=\"og:image:height\" content=\"200\" \/>\n\t<meta property=\"og:image:type\" content=\"image\/jpeg\" \/>\n<meta name=\"author\" content=\"Lo viste en Los Pol\u00edticos\" \/>\n<meta name=\"twitter:card\" content=\"summary_large_image\" \/>\n<meta name=\"twitter:creator\" content=\"@LosPoliticosVer\" \/>\n<meta name=\"twitter:site\" content=\"@LosPoliticosVer\" \/>\n<meta name=\"twitter:label1\" content=\"Escrito por\" \/>\n\t<meta name=\"twitter:data1\" content=\"Lo viste en Los Pol\u00edticos\" \/>\n\t<meta name=\"twitter:label2\" content=\"Tiempo de lectura\" \/>\n\t<meta name=\"twitter:data2\" content=\"5 minutos\" \/>\n<script type=\"application\/ld+json\" class=\"yoast-schema-graph\">{\"@context\":\"https:\\\/\\\/schema.org\",\"@graph\":[{\"@type\":\"Article\",\"@id\":\"https:\\\/\\\/lospoliticosveracruz.com\\\/?p=24778#article\",\"isPartOf\":{\"@id\":\"https:\\\/\\\/lospoliticosveracruz.com\\\/?p=24778\"},\"author\":{\"name\":\"Lo viste en Los Pol\u00edticos\",\"@id\":\"https:\\\/\\\/lospoliticosveracruz.com\\\/#\\\/schema\\\/person\\\/b8702bb0e538456e6efd07080bf2a4a2\"},\"headline\":\"Encuentros productivos\",\"datePublished\":\"2016-08-15T03:33:08+00:00\",\"mainEntityOfPage\":{\"@id\":\"https:\\\/\\\/lospoliticosveracruz.com\\\/?p=24778\"},\"wordCount\":1079,\"commentCount\":0,\"publisher\":{\"@id\":\"https:\\\/\\\/lospoliticosveracruz.com\\\/#organization\"},\"keywords\":[\"Am\u00e9rico Z\u00fa\u00f1iga Mart\u00ednez\",\"Jos\u00e9 Antonio Meade Kuribre\u00f1a\",\"Jos\u00e9 Manuel Romero Coello\",\"Sedesol\"],\"articleSection\":[\"De Opini\u00f3n\"],\"inLanguage\":\"es\",\"potentialAction\":[{\"@type\":\"CommentAction\",\"name\":\"Comment\",\"target\":[\"https:\\\/\\\/lospoliticosveracruz.com\\\/?p=24778#respond\"]}]},{\"@type\":\"WebPage\",\"@id\":\"https:\\\/\\\/lospoliticosveracruz.com\\\/?p=24778\",\"url\":\"https:\\\/\\\/lospoliticosveracruz.com\\\/?p=24778\",\"name\":\"Encuentros productivos - Los pol\u00edticos Veracruz\",\"isPartOf\":{\"@id\":\"https:\\\/\\\/lospoliticosveracruz.com\\\/#website\"},\"datePublished\":\"2016-08-15T03:33:08+00:00\",\"breadcrumb\":{\"@id\":\"https:\\\/\\\/lospoliticosveracruz.com\\\/?p=24778#breadcrumb\"},\"inLanguage\":\"es\",\"potentialAction\":[{\"@type\":\"ReadAction\",\"target\":[\"https:\\\/\\\/lospoliticosveracruz.com\\\/?p=24778\"]}]},{\"@type\":\"BreadcrumbList\",\"@id\":\"https:\\\/\\\/lospoliticosveracruz.com\\\/?p=24778#breadcrumb\",\"itemListElement\":[{\"@type\":\"ListItem\",\"position\":1,\"name\":\"Portada\",\"item\":\"https:\\\/\\\/lospoliticosveracruz.com\\\/\"},{\"@type\":\"ListItem\",\"position\":2,\"name\":\"Encuentros productivos\"}]},{\"@type\":\"WebSite\",\"@id\":\"https:\\\/\\\/lospoliticosveracruz.com\\\/#website\",\"url\":\"https:\\\/\\\/lospoliticosveracruz.com\\\/\",\"name\":\"Los pol\u00edticos Veracruz\",\"description\":\"\",\"publisher\":{\"@id\":\"https:\\\/\\\/lospoliticosveracruz.com\\\/#organization\"},\"potentialAction\":[{\"@type\":\"SearchAction\",\"target\":{\"@type\":\"EntryPoint\",\"urlTemplate\":\"https:\\\/\\\/lospoliticosveracruz.com\\\/?s={search_term_string}\"},\"query-input\":{\"@type\":\"PropertyValueSpecification\",\"valueRequired\":true,\"valueName\":\"search_term_string\"}}],\"inLanguage\":\"es\"},{\"@type\":\"Organization\",\"@id\":\"https:\\\/\\\/lospoliticosveracruz.com\\\/#organization\",\"name\":\"Los pol\u00edticos Veracruz\",\"url\":\"https:\\\/\\\/lospoliticosveracruz.com\\\/\",\"logo\":{\"@type\":\"ImageObject\",\"inLanguage\":\"es\",\"@id\":\"https:\\\/\\\/lospoliticosveracruz.com\\\/#\\\/schema\\\/logo\\\/image\\\/\",\"url\":\"https:\\\/\\\/lospoliticosveracruz.com\\\/wp-content\\\/uploads\\\/2025\\\/12\\\/Logo-Nuevo-LOS-POLITICOS-1.jpg\",\"contentUrl\":\"https:\\\/\\\/lospoliticosveracruz.com\\\/wp-content\\\/uploads\\\/2025\\\/12\\\/Logo-Nuevo-LOS-POLITICOS-1.jpg\",\"width\":260,\"height\":70,\"caption\":\"Los pol\u00edticos Veracruz\"},\"image\":{\"@id\":\"https:\\\/\\\/lospoliticosveracruz.com\\\/#\\\/schema\\\/logo\\\/image\\\/\"},\"sameAs\":[\"https:\\\/\\\/www.facebook.com\\\/people\\\/Notimemes-de-los-Polticos\\\/61565672886568\\\/\",\"https:\\\/\\\/x.com\\\/LosPoliticosVer\"]},{\"@type\":\"Person\",\"@id\":\"https:\\\/\\\/lospoliticosveracruz.com\\\/#\\\/schema\\\/person\\\/b8702bb0e538456e6efd07080bf2a4a2\",\"name\":\"Lo viste en Los Pol\u00edticos\",\"image\":{\"@type\":\"ImageObject\",\"inLanguage\":\"es\",\"@id\":\"https:\\\/\\\/secure.gravatar.com\\\/avatar\\\/3a8de04a2656d44082be478bd6c086daa447c4651605818287b9532d3d0bd435?s=96&d=mm&r=g\",\"url\":\"https:\\\/\\\/secure.gravatar.com\\\/avatar\\\/3a8de04a2656d44082be478bd6c086daa447c4651605818287b9532d3d0bd435?s=96&d=mm&r=g\",\"contentUrl\":\"https:\\\/\\\/secure.gravatar.com\\\/avatar\\\/3a8de04a2656d44082be478bd6c086daa447c4651605818287b9532d3d0bd435?s=96&d=mm&r=g\",\"caption\":\"Lo viste en Los Pol\u00edticos\"},\"url\":\"https:\\\/\\\/lospoliticosveracruz.com\\\/?author=2\"}]}<\/script>\n<!-- \/ Yoast SEO plugin. -->","yoast_head_json":{"title":"Encuentros productivos - Los pol\u00edticos Veracruz","robots":{"index":"index","follow":"follow","max-snippet":"max-snippet:-1","max-image-preview":"max-image-preview:large","max-video-preview":"max-video-preview:-1"},"canonical":"https:\/\/lospoliticosveracruz.com\/?p=24778","og_locale":"es_ES","og_type":"article","og_title":"Encuentros productivos - Los pol\u00edticos Veracruz","og_description":"Rodrigo Montoya Rivera Ideas\u00a0 Un grupo de amigos y un servidor fuimos invitados a un curso con duraci\u00f3n de dos d\u00edas, denominado \u201cSeminario Nacional de Actualizaci\u00f3n de Autoridades Electas\u201d en la Ciudad de M\u00e9xico, organizado por la Fenamm, el pasado jueves y viernes, en el cual se cont\u00f3 con la participaci\u00f3n de Am\u00e9rico Z\u00fa\u00f1iga Mart\u00ednez, [&hellip;]","og_url":"https:\/\/lospoliticosveracruz.com\/?p=24778","og_site_name":"Los pol\u00edticos Veracruz","article_publisher":"https:\/\/www.facebook.com\/people\/Notimemes-de-los-Polticos\/61565672886568\/","article_published_time":"2016-08-15T03:33:08+00:00","og_image":[{"width":200,"height":200,"url":"https:\/\/lospoliticosveracruz.com\/wp-content\/uploads\/2016\/07\/Logo-Dor.jpg","type":"image\/jpeg"}],"author":"Lo viste en Los Pol\u00edticos","twitter_card":"summary_large_image","twitter_creator":"@LosPoliticosVer","twitter_site":"@LosPoliticosVer","twitter_misc":{"Escrito por":"Lo viste en Los Pol\u00edticos","Tiempo de lectura":"5 minutos"},"schema":{"@context":"https:\/\/schema.org","@graph":[{"@type":"Article","@id":"https:\/\/lospoliticosveracruz.com\/?p=24778#article","isPartOf":{"@id":"https:\/\/lospoliticosveracruz.com\/?p=24778"},"author":{"name":"Lo viste en Los Pol\u00edticos","@id":"https:\/\/lospoliticosveracruz.com\/#\/schema\/person\/b8702bb0e538456e6efd07080bf2a4a2"},"headline":"Encuentros productivos","datePublished":"2016-08-15T03:33:08+00:00","mainEntityOfPage":{"@id":"https:\/\/lospoliticosveracruz.com\/?p=24778"},"wordCount":1079,"commentCount":0,"publisher":{"@id":"https:\/\/lospoliticosveracruz.com\/#organization"},"keywords":["Am\u00e9rico Z\u00fa\u00f1iga Mart\u00ednez","Jos\u00e9 Antonio Meade Kuribre\u00f1a","Jos\u00e9 Manuel Romero Coello","Sedesol"],"articleSection":["De Opini\u00f3n"],"inLanguage":"es","potentialAction":[{"@type":"CommentAction","name":"Comment","target":["https:\/\/lospoliticosveracruz.com\/?p=24778#respond"]}]},{"@type":"WebPage","@id":"https:\/\/lospoliticosveracruz.com\/?p=24778","url":"https:\/\/lospoliticosveracruz.com\/?p=24778","name":"Encuentros productivos - Los pol\u00edticos Veracruz","isPartOf":{"@id":"https:\/\/lospoliticosveracruz.com\/#website"},"datePublished":"2016-08-15T03:33:08+00:00","breadcrumb":{"@id":"https:\/\/lospoliticosveracruz.com\/?p=24778#breadcrumb"},"inLanguage":"es","potentialAction":[{"@type":"ReadAction","target":["https:\/\/lospoliticosveracruz.com\/?p=24778"]}]},{"@type":"BreadcrumbList","@id":"https:\/\/lospoliticosveracruz.com\/?p=24778#breadcrumb","itemListElement":[{"@type":"ListItem","position":1,"name":"Portada","item":"https:\/\/lospoliticosveracruz.com\/"},{"@type":"ListItem","position":2,"name":"Encuentros productivos"}]},{"@type":"WebSite","@id":"https:\/\/lospoliticosveracruz.com\/#website","url":"https:\/\/lospoliticosveracruz.com\/","name":"Los pol\u00edticos Veracruz","description":"","publisher":{"@id":"https:\/\/lospoliticosveracruz.com\/#organization"},"potentialAction":[{"@type":"SearchAction","target":{"@type":"EntryPoint","urlTemplate":"https:\/\/lospoliticosveracruz.com\/?s={search_term_string}"},"query-input":{"@type":"PropertyValueSpecification","valueRequired":true,"valueName":"search_term_string"}}],"inLanguage":"es"},{"@type":"Organization","@id":"https:\/\/lospoliticosveracruz.com\/#organization","name":"Los pol\u00edticos Veracruz","url":"https:\/\/lospoliticosveracruz.com\/","logo":{"@type":"ImageObject","inLanguage":"es","@id":"https:\/\/lospoliticosveracruz.com\/#\/schema\/logo\/image\/","url":"https:\/\/lospoliticosveracruz.com\/wp-content\/uploads\/2025\/12\/Logo-Nuevo-LOS-POLITICOS-1.jpg","contentUrl":"https:\/\/lospoliticosveracruz.com\/wp-content\/uploads\/2025\/12\/Logo-Nuevo-LOS-POLITICOS-1.jpg","width":260,"height":70,"caption":"Los pol\u00edticos Veracruz"},"image":{"@id":"https:\/\/lospoliticosveracruz.com\/#\/schema\/logo\/image\/"},"sameAs":["https:\/\/www.facebook.com\/people\/Notimemes-de-los-Polticos\/61565672886568\/","https:\/\/x.com\/LosPoliticosVer"]},{"@type":"Person","@id":"https:\/\/lospoliticosveracruz.com\/#\/schema\/person\/b8702bb0e538456e6efd07080bf2a4a2","name":"Lo viste en Los Pol\u00edticos","image":{"@type":"ImageObject","inLanguage":"es","@id":"https:\/\/secure.gravatar.com\/avatar\/3a8de04a2656d44082be478bd6c086daa447c4651605818287b9532d3d0bd435?s=96&d=mm&r=g","url":"https:\/\/secure.gravatar.com\/avatar\/3a8de04a2656d44082be478bd6c086daa447c4651605818287b9532d3d0bd435?s=96&d=mm&r=g","contentUrl":"https:\/\/secure.gravatar.com\/avatar\/3a8de04a2656d44082be478bd6c086daa447c4651605818287b9532d3d0bd435?s=96&d=mm&r=g","caption":"Lo viste en Los Pol\u00edticos"},"url":"https:\/\/lospoliticosveracruz.com\/?author=2"}]}},"_links":{"self":[{"href":"https:\/\/lospoliticosveracruz.com\/index.php?rest_route=\/wp\/v2\/posts\/24778","targetHints":{"allow":["GET"]}}],"collection":[{"href":"https:\/\/lospoliticosveracruz.com\/index.php?rest_route=\/wp\/v2\/posts"}],"about":[{"href":"https:\/\/lospoliticosveracruz.com\/index.php?rest_route=\/wp\/v2\/types\/post"}],"author":[{"embeddable":true,"href":"https:\/\/lospoliticosveracruz.com\/index.php?rest_route=\/wp\/v2\/users\/2"}],"replies":[{"embeddable":true,"href":"https:\/\/lospoliticosveracruz.com\/index.php?rest_route=%2Fwp%2Fv2%2Fcomments&post=24778"}],"version-history":[{"count":1,"href":"https:\/\/lospoliticosveracruz.com\/index.php?rest_route=\/wp\/v2\/posts\/24778\/revisions"}],"predecessor-version":[{"id":24781,"href":"https:\/\/lospoliticosveracruz.com\/index.php?rest_route=\/wp\/v2\/posts\/24778\/revisions\/24781"}],"wp:attachment":[{"href":"https:\/\/lospoliticosveracruz.com\/index.php?rest_route=%2Fwp%2Fv2%2Fmedia&parent=24778"}],"wp:term":[{"taxonomy":"category","embeddable":true,"href":"https:\/\/lospoliticosveracruz.com\/index.php?rest_route=%2Fwp%2Fv2%2Fcategories&post=24778"},{"taxonomy":"post_tag","embeddable":true,"href":"https:\/\/lospoliticosveracruz.com\/index.php?rest_route=%2Fwp%2Fv2%2Ftags&post=24778"}],"curies":[{"name":"wp","href":"https:\/\/api.w.org\/{rel}","templated":true}]}}