{"id":24784,"date":"2016-08-15T10:27:42","date_gmt":"2016-08-15T15:27:42","guid":{"rendered":"http:\/\/www.lospoliticosveracruz.com.mx\/?p=24784"},"modified":"2016-08-15T10:27:57","modified_gmt":"2016-08-15T15:27:57","slug":"puro-teatro-con-americo","status":"publish","type":"post","link":"https:\/\/lospoliticosveracruz.com\/?p=24784","title":{"rendered":"\u00a1Puro teatro con Am\u00e9rico!"},"content":{"rendered":"<p align=\"JUSTIFY\">El alcalde Am\u00e9rico Z\u00fa\u00f1iga Mart\u00ednez reconoci\u00f3 el talento de ni\u00f1as y ni\u00f1os que participan en la compa\u00f1\u00eda esc\u00e9nica \u201cLiteraTeatro\u201d, al acudir, en compa\u00f1\u00eda de su esposa, Mariana Yorio y de sus hijos Tamara, Ana Sof\u00eda y Jos\u00e9 Antonio, a disfrutar la puesta en escena de la comedia Sue\u00f1o de una noche de verano, de William Shakespeare.<\/p>\n<p align=\"JUSTIFY\">El mun\u00edcipe capitalino dijo que estas ni\u00f1as y ni\u00f1os son ejemplo de los valores que se cultivan en una ciudad en donde se mantiene el inter\u00e9s por el arte, la cultura y el desarrollo de la creatividad.<\/p>\n<p align=\"JUSTIFY\">\u201cPara m\u00ed es un honor estar presente y ver como la ni\u00f1ez y la juventud de nuestra capital se desempe\u00f1a en las artes, en esta ocasi\u00f3n a trav\u00e9s del teatro, con naturalidad, entrega y pasi\u00f3n, desbordando energ\u00eda\u201d, expres\u00f3.<\/p>\n<p align=\"JUSTIFY\">Al felicitar a los 16 actores infantiles, quienes con gran talento interpretaron cada uno de los personajes de la obra cl\u00e1sica de la literatura, bajo la direcci\u00f3n de Mercedes Huerta, Z\u00fa\u00f1iga Mart\u00ednez record\u00f3 que en su administraci\u00f3n se han rescatado espacios p\u00fablicos, convirti\u00e9ndolos en importantes foros para diversas expresiones del arte.<\/p>\n<p align=\"JUSTIFY\">Puso como ejemplo el IMAC, Iniciativa Municipal de Arte y Cultura, que con un aforo para 500 personas, es ya un espacio que puede ser utilizado lo mismo para el teatro que la m\u00fasica o actividades acad\u00e9micas. Tambi\u00e9n coment\u00f3 que el Teatro J. J. Herrera, en el coraz\u00f3n de la ciudad, ser\u00e1 abierto en breve, para beneficio de todos los grupos art\u00edsticos y de todos los xalape\u00f1os.<\/p>\n<p align=\"JUSTIFY\">Mercedes Huerta, Directora general de \u201cLiteraTeatro\u201d, manifest\u00f3 que dicha compa\u00f1\u00eda teatral es la \u00fanica que trabaja con ni\u00f1os en todo el estado de Veracruz, por lo que agradeci\u00f3 que como presidente municipal de Xalapa tenga inter\u00e9s en impulsarla.<\/p>\n<p align=\"JUSTIFY\">\u201cUsted es el primer alcalde que nos visita con su familia, lo que nos demuestra que tiene inter\u00e9s en las expresiones art\u00edsticas, principalmente en las que los ni\u00f1os y los j\u00f3venes participan\u201d, expres\u00f3.<\/p>\n<p align=\"JUSTIFY\">Finalmente, dijo que los integrantes de \u201cLiteraTeatro\u201d tienen disciplina, esfuerzo y dedicaci\u00f3n, caracter\u00edsticas que se han constituido en el soporte esencial de todo el trabajo que se observa en cada puesta en escena.<\/p>\n<p align=\"JUSTIFY\"><a href=\"http:\/\/www.lospoliticosveracruz.com.mx\/wp-content\/uploads\/2016\/08\/Am\u00e9rico-obra-de-teatro.jpg\"><img loading=\"lazy\" decoding=\"async\" class=\"aligncenter size-full wp-image-24785\" src=\"http:\/\/www.lospoliticosveracruz.com.mx\/wp-content\/uploads\/2016\/08\/Am\u00e9rico-obra-de-teatro.jpg\" alt=\"Am\u00e9rico obra de teatro\" width=\"600\" height=\"333\" \/><\/a><\/p>\n","protected":false},"excerpt":{"rendered":"<p>El alcalde Am\u00e9rico Z\u00fa\u00f1iga Mart\u00ednez reconoci\u00f3 el talento de ni\u00f1as y ni\u00f1os que participan en la compa\u00f1\u00eda esc\u00e9nica \u201cLiteraTeatro\u201d, al acudir, en compa\u00f1\u00eda de su esposa, Mariana Yorio y de sus hijos Tamara, Ana Sof\u00eda y Jos\u00e9 Antonio, a disfrutar la puesta en escena de la comedia Sue\u00f1o de una noche de verano, de William [&hellip;]<\/p>\n","protected":false},"author":2,"featured_media":0,"comment_status":"open","ping_status":"open","sticky":false,"template":"","format":"standard","meta":{"tdm_status":"","tdm_grid_status":"","footnotes":""},"categories":[73],"tags":[539,5101,5745,5970,5971,5974,5972,5743],"class_list":{"0":"post-24784","1":"post","2":"type-post","3":"status-publish","4":"format-standard","6":"category-de-boleto","7":"tag-americo-zuniga-martinez","8":"tag-imac","9":"tag-jose-antonio","10":"tag-literateatro","11":"tag-mariana-yorio","12":"tag-mercedes-huerta","13":"tag-sueno-de-una-noche-de-verano","14":"tag-tamara"},"yoast_head":"<!-- This site is optimized with the Yoast SEO plugin v27.4 - https:\/\/yoast.com\/product\/yoast-seo-wordpress\/ -->\n<title>\u00a1Puro teatro con Am\u00e9rico! - Los pol\u00edticos Veracruz<\/title>\n<meta name=\"robots\" content=\"index, follow, max-snippet:-1, max-image-preview:large, max-video-preview:-1\" \/>\n<link rel=\"canonical\" href=\"https:\/\/lospoliticosveracruz.com\/?p=24784\" \/>\n<meta property=\"og:locale\" content=\"es_ES\" \/>\n<meta property=\"og:type\" content=\"article\" \/>\n<meta property=\"og:title\" content=\"\u00a1Puro teatro con Am\u00e9rico! - Los pol\u00edticos Veracruz\" \/>\n<meta property=\"og:description\" content=\"El alcalde Am\u00e9rico Z\u00fa\u00f1iga Mart\u00ednez reconoci\u00f3 el talento de ni\u00f1as y ni\u00f1os que participan en la compa\u00f1\u00eda esc\u00e9nica \u201cLiteraTeatro\u201d, al acudir, en compa\u00f1\u00eda de su esposa, Mariana Yorio y de sus hijos Tamara, Ana Sof\u00eda y Jos\u00e9 Antonio, a disfrutar la puesta en escena de la comedia Sue\u00f1o de una noche de verano, de William [&hellip;]\" \/>\n<meta property=\"og:url\" content=\"https:\/\/lospoliticosveracruz.com\/?p=24784\" \/>\n<meta property=\"og:site_name\" content=\"Los pol\u00edticos Veracruz\" \/>\n<meta property=\"article:publisher\" content=\"https:\/\/www.facebook.com\/people\/Notimemes-de-los-Polticos\/61565672886568\/\" \/>\n<meta property=\"article:published_time\" content=\"2016-08-15T15:27:42+00:00\" \/>\n<meta property=\"article:modified_time\" content=\"2016-08-15T15:27:57+00:00\" \/>\n<meta property=\"og:image\" content=\"https:\/\/lospoliticosveracruz.com\/wp-content\/uploads\/2016\/07\/Logo-Dor.jpg\" \/>\n\t<meta property=\"og:image:width\" content=\"200\" \/>\n\t<meta property=\"og:image:height\" content=\"200\" \/>\n\t<meta property=\"og:image:type\" content=\"image\/jpeg\" \/>\n<meta name=\"author\" content=\"Lo viste en Los Pol\u00edticos\" \/>\n<meta name=\"twitter:card\" content=\"summary_large_image\" \/>\n<meta name=\"twitter:creator\" content=\"@LosPoliticosVer\" \/>\n<meta name=\"twitter:site\" content=\"@LosPoliticosVer\" \/>\n<meta name=\"twitter:label1\" content=\"Escrito por\" \/>\n\t<meta name=\"twitter:data1\" content=\"Lo viste en Los Pol\u00edticos\" \/>\n\t<meta name=\"twitter:label2\" content=\"Tiempo de lectura\" \/>\n\t<meta name=\"twitter:data2\" content=\"2 minutos\" \/>\n<script type=\"application\/ld+json\" class=\"yoast-schema-graph\">{\"@context\":\"https:\\\/\\\/schema.org\",\"@graph\":[{\"@type\":\"Article\",\"@id\":\"https:\\\/\\\/lospoliticosveracruz.com\\\/?p=24784#article\",\"isPartOf\":{\"@id\":\"https:\\\/\\\/lospoliticosveracruz.com\\\/?p=24784\"},\"author\":{\"name\":\"Lo viste en Los Pol\u00edticos\",\"@id\":\"https:\\\/\\\/lospoliticosveracruz.com\\\/#\\\/schema\\\/person\\\/b8702bb0e538456e6efd07080bf2a4a2\"},\"headline\":\"\u00a1Puro teatro con Am\u00e9rico!\",\"datePublished\":\"2016-08-15T15:27:42+00:00\",\"dateModified\":\"2016-08-15T15:27:57+00:00\",\"mainEntityOfPage\":{\"@id\":\"https:\\\/\\\/lospoliticosveracruz.com\\\/?p=24784\"},\"wordCount\":398,\"commentCount\":0,\"publisher\":{\"@id\":\"https:\\\/\\\/lospoliticosveracruz.com\\\/#organization\"},\"keywords\":[\"Am\u00e9rico Z\u00fa\u00f1iga Mart\u00ednez\",\"IMAC\",\"Jos\u00e9 Antonio\",\"LiteraTeatro\",\"Mariana Yorio\",\"Mercedes Huerta\",\"Sue\u00f1o de una noche de verano\",\"Tamara\"],\"articleSection\":[\"De Boleto\"],\"inLanguage\":\"es\",\"potentialAction\":[{\"@type\":\"CommentAction\",\"name\":\"Comment\",\"target\":[\"https:\\\/\\\/lospoliticosveracruz.com\\\/?p=24784#respond\"]}]},{\"@type\":\"WebPage\",\"@id\":\"https:\\\/\\\/lospoliticosveracruz.com\\\/?p=24784\",\"url\":\"https:\\\/\\\/lospoliticosveracruz.com\\\/?p=24784\",\"name\":\"\u00a1Puro teatro con Am\u00e9rico! - Los pol\u00edticos Veracruz\",\"isPartOf\":{\"@id\":\"https:\\\/\\\/lospoliticosveracruz.com\\\/#website\"},\"datePublished\":\"2016-08-15T15:27:42+00:00\",\"dateModified\":\"2016-08-15T15:27:57+00:00\",\"breadcrumb\":{\"@id\":\"https:\\\/\\\/lospoliticosveracruz.com\\\/?p=24784#breadcrumb\"},\"inLanguage\":\"es\",\"potentialAction\":[{\"@type\":\"ReadAction\",\"target\":[\"https:\\\/\\\/lospoliticosveracruz.com\\\/?p=24784\"]}]},{\"@type\":\"BreadcrumbList\",\"@id\":\"https:\\\/\\\/lospoliticosveracruz.com\\\/?p=24784#breadcrumb\",\"itemListElement\":[{\"@type\":\"ListItem\",\"position\":1,\"name\":\"Portada\",\"item\":\"https:\\\/\\\/lospoliticosveracruz.com\\\/\"},{\"@type\":\"ListItem\",\"position\":2,\"name\":\"\u00a1Puro teatro con Am\u00e9rico!\"}]},{\"@type\":\"WebSite\",\"@id\":\"https:\\\/\\\/lospoliticosveracruz.com\\\/#website\",\"url\":\"https:\\\/\\\/lospoliticosveracruz.com\\\/\",\"name\":\"Los pol\u00edticos Veracruz\",\"description\":\"\",\"publisher\":{\"@id\":\"https:\\\/\\\/lospoliticosveracruz.com\\\/#organization\"},\"potentialAction\":[{\"@type\":\"SearchAction\",\"target\":{\"@type\":\"EntryPoint\",\"urlTemplate\":\"https:\\\/\\\/lospoliticosveracruz.com\\\/?s={search_term_string}\"},\"query-input\":{\"@type\":\"PropertyValueSpecification\",\"valueRequired\":true,\"valueName\":\"search_term_string\"}}],\"inLanguage\":\"es\"},{\"@type\":\"Organization\",\"@id\":\"https:\\\/\\\/lospoliticosveracruz.com\\\/#organization\",\"name\":\"Los pol\u00edticos Veracruz\",\"url\":\"https:\\\/\\\/lospoliticosveracruz.com\\\/\",\"logo\":{\"@type\":\"ImageObject\",\"inLanguage\":\"es\",\"@id\":\"https:\\\/\\\/lospoliticosveracruz.com\\\/#\\\/schema\\\/logo\\\/image\\\/\",\"url\":\"https:\\\/\\\/lospoliticosveracruz.com\\\/wp-content\\\/uploads\\\/2025\\\/12\\\/Logo-Nuevo-LOS-POLITICOS-1.jpg\",\"contentUrl\":\"https:\\\/\\\/lospoliticosveracruz.com\\\/wp-content\\\/uploads\\\/2025\\\/12\\\/Logo-Nuevo-LOS-POLITICOS-1.jpg\",\"width\":260,\"height\":70,\"caption\":\"Los pol\u00edticos Veracruz\"},\"image\":{\"@id\":\"https:\\\/\\\/lospoliticosveracruz.com\\\/#\\\/schema\\\/logo\\\/image\\\/\"},\"sameAs\":[\"https:\\\/\\\/www.facebook.com\\\/people\\\/Notimemes-de-los-Polticos\\\/61565672886568\\\/\",\"https:\\\/\\\/x.com\\\/LosPoliticosVer\"]},{\"@type\":\"Person\",\"@id\":\"https:\\\/\\\/lospoliticosveracruz.com\\\/#\\\/schema\\\/person\\\/b8702bb0e538456e6efd07080bf2a4a2\",\"name\":\"Lo viste en Los Pol\u00edticos\",\"image\":{\"@type\":\"ImageObject\",\"inLanguage\":\"es\",\"@id\":\"https:\\\/\\\/secure.gravatar.com\\\/avatar\\\/3a8de04a2656d44082be478bd6c086daa447c4651605818287b9532d3d0bd435?s=96&d=mm&r=g\",\"url\":\"https:\\\/\\\/secure.gravatar.com\\\/avatar\\\/3a8de04a2656d44082be478bd6c086daa447c4651605818287b9532d3d0bd435?s=96&d=mm&r=g\",\"contentUrl\":\"https:\\\/\\\/secure.gravatar.com\\\/avatar\\\/3a8de04a2656d44082be478bd6c086daa447c4651605818287b9532d3d0bd435?s=96&d=mm&r=g\",\"caption\":\"Lo viste en Los Pol\u00edticos\"},\"url\":\"https:\\\/\\\/lospoliticosveracruz.com\\\/?author=2\"}]}<\/script>\n<!-- \/ Yoast SEO plugin. -->","yoast_head_json":{"title":"\u00a1Puro teatro con Am\u00e9rico! - Los pol\u00edticos Veracruz","robots":{"index":"index","follow":"follow","max-snippet":"max-snippet:-1","max-image-preview":"max-image-preview:large","max-video-preview":"max-video-preview:-1"},"canonical":"https:\/\/lospoliticosveracruz.com\/?p=24784","og_locale":"es_ES","og_type":"article","og_title":"\u00a1Puro teatro con Am\u00e9rico! - Los pol\u00edticos Veracruz","og_description":"El alcalde Am\u00e9rico Z\u00fa\u00f1iga Mart\u00ednez reconoci\u00f3 el talento de ni\u00f1as y ni\u00f1os que participan en la compa\u00f1\u00eda esc\u00e9nica \u201cLiteraTeatro\u201d, al acudir, en compa\u00f1\u00eda de su esposa, Mariana Yorio y de sus hijos Tamara, Ana Sof\u00eda y Jos\u00e9 Antonio, a disfrutar la puesta en escena de la comedia Sue\u00f1o de una noche de verano, de William [&hellip;]","og_url":"https:\/\/lospoliticosveracruz.com\/?p=24784","og_site_name":"Los pol\u00edticos Veracruz","article_publisher":"https:\/\/www.facebook.com\/people\/Notimemes-de-los-Polticos\/61565672886568\/","article_published_time":"2016-08-15T15:27:42+00:00","article_modified_time":"2016-08-15T15:27:57+00:00","og_image":[{"width":200,"height":200,"url":"https:\/\/lospoliticosveracruz.com\/wp-content\/uploads\/2016\/07\/Logo-Dor.jpg","type":"image\/jpeg"}],"author":"Lo viste en Los Pol\u00edticos","twitter_card":"summary_large_image","twitter_creator":"@LosPoliticosVer","twitter_site":"@LosPoliticosVer","twitter_misc":{"Escrito por":"Lo viste en Los Pol\u00edticos","Tiempo de lectura":"2 minutos"},"schema":{"@context":"https:\/\/schema.org","@graph":[{"@type":"Article","@id":"https:\/\/lospoliticosveracruz.com\/?p=24784#article","isPartOf":{"@id":"https:\/\/lospoliticosveracruz.com\/?p=24784"},"author":{"name":"Lo viste en Los Pol\u00edticos","@id":"https:\/\/lospoliticosveracruz.com\/#\/schema\/person\/b8702bb0e538456e6efd07080bf2a4a2"},"headline":"\u00a1Puro teatro con Am\u00e9rico!","datePublished":"2016-08-15T15:27:42+00:00","dateModified":"2016-08-15T15:27:57+00:00","mainEntityOfPage":{"@id":"https:\/\/lospoliticosveracruz.com\/?p=24784"},"wordCount":398,"commentCount":0,"publisher":{"@id":"https:\/\/lospoliticosveracruz.com\/#organization"},"keywords":["Am\u00e9rico Z\u00fa\u00f1iga Mart\u00ednez","IMAC","Jos\u00e9 Antonio","LiteraTeatro","Mariana Yorio","Mercedes Huerta","Sue\u00f1o de una noche de verano","Tamara"],"articleSection":["De Boleto"],"inLanguage":"es","potentialAction":[{"@type":"CommentAction","name":"Comment","target":["https:\/\/lospoliticosveracruz.com\/?p=24784#respond"]}]},{"@type":"WebPage","@id":"https:\/\/lospoliticosveracruz.com\/?p=24784","url":"https:\/\/lospoliticosveracruz.com\/?p=24784","name":"\u00a1Puro teatro con Am\u00e9rico! - Los pol\u00edticos Veracruz","isPartOf":{"@id":"https:\/\/lospoliticosveracruz.com\/#website"},"datePublished":"2016-08-15T15:27:42+00:00","dateModified":"2016-08-15T15:27:57+00:00","breadcrumb":{"@id":"https:\/\/lospoliticosveracruz.com\/?p=24784#breadcrumb"},"inLanguage":"es","potentialAction":[{"@type":"ReadAction","target":["https:\/\/lospoliticosveracruz.com\/?p=24784"]}]},{"@type":"BreadcrumbList","@id":"https:\/\/lospoliticosveracruz.com\/?p=24784#breadcrumb","itemListElement":[{"@type":"ListItem","position":1,"name":"Portada","item":"https:\/\/lospoliticosveracruz.com\/"},{"@type":"ListItem","position":2,"name":"\u00a1Puro teatro con Am\u00e9rico!"}]},{"@type":"WebSite","@id":"https:\/\/lospoliticosveracruz.com\/#website","url":"https:\/\/lospoliticosveracruz.com\/","name":"Los pol\u00edticos Veracruz","description":"","publisher":{"@id":"https:\/\/lospoliticosveracruz.com\/#organization"},"potentialAction":[{"@type":"SearchAction","target":{"@type":"EntryPoint","urlTemplate":"https:\/\/lospoliticosveracruz.com\/?s={search_term_string}"},"query-input":{"@type":"PropertyValueSpecification","valueRequired":true,"valueName":"search_term_string"}}],"inLanguage":"es"},{"@type":"Organization","@id":"https:\/\/lospoliticosveracruz.com\/#organization","name":"Los pol\u00edticos Veracruz","url":"https:\/\/lospoliticosveracruz.com\/","logo":{"@type":"ImageObject","inLanguage":"es","@id":"https:\/\/lospoliticosveracruz.com\/#\/schema\/logo\/image\/","url":"https:\/\/lospoliticosveracruz.com\/wp-content\/uploads\/2025\/12\/Logo-Nuevo-LOS-POLITICOS-1.jpg","contentUrl":"https:\/\/lospoliticosveracruz.com\/wp-content\/uploads\/2025\/12\/Logo-Nuevo-LOS-POLITICOS-1.jpg","width":260,"height":70,"caption":"Los pol\u00edticos Veracruz"},"image":{"@id":"https:\/\/lospoliticosveracruz.com\/#\/schema\/logo\/image\/"},"sameAs":["https:\/\/www.facebook.com\/people\/Notimemes-de-los-Polticos\/61565672886568\/","https:\/\/x.com\/LosPoliticosVer"]},{"@type":"Person","@id":"https:\/\/lospoliticosveracruz.com\/#\/schema\/person\/b8702bb0e538456e6efd07080bf2a4a2","name":"Lo viste en Los Pol\u00edticos","image":{"@type":"ImageObject","inLanguage":"es","@id":"https:\/\/secure.gravatar.com\/avatar\/3a8de04a2656d44082be478bd6c086daa447c4651605818287b9532d3d0bd435?s=96&d=mm&r=g","url":"https:\/\/secure.gravatar.com\/avatar\/3a8de04a2656d44082be478bd6c086daa447c4651605818287b9532d3d0bd435?s=96&d=mm&r=g","contentUrl":"https:\/\/secure.gravatar.com\/avatar\/3a8de04a2656d44082be478bd6c086daa447c4651605818287b9532d3d0bd435?s=96&d=mm&r=g","caption":"Lo viste en Los Pol\u00edticos"},"url":"https:\/\/lospoliticosveracruz.com\/?author=2"}]}},"_links":{"self":[{"href":"https:\/\/lospoliticosveracruz.com\/index.php?rest_route=\/wp\/v2\/posts\/24784","targetHints":{"allow":["GET"]}}],"collection":[{"href":"https:\/\/lospoliticosveracruz.com\/index.php?rest_route=\/wp\/v2\/posts"}],"about":[{"href":"https:\/\/lospoliticosveracruz.com\/index.php?rest_route=\/wp\/v2\/types\/post"}],"author":[{"embeddable":true,"href":"https:\/\/lospoliticosveracruz.com\/index.php?rest_route=\/wp\/v2\/users\/2"}],"replies":[{"embeddable":true,"href":"https:\/\/lospoliticosveracruz.com\/index.php?rest_route=%2Fwp%2Fv2%2Fcomments&post=24784"}],"version-history":[{"count":2,"href":"https:\/\/lospoliticosveracruz.com\/index.php?rest_route=\/wp\/v2\/posts\/24784\/revisions"}],"predecessor-version":[{"id":24788,"href":"https:\/\/lospoliticosveracruz.com\/index.php?rest_route=\/wp\/v2\/posts\/24784\/revisions\/24788"}],"wp:attachment":[{"href":"https:\/\/lospoliticosveracruz.com\/index.php?rest_route=%2Fwp%2Fv2%2Fmedia&parent=24784"}],"wp:term":[{"taxonomy":"category","embeddable":true,"href":"https:\/\/lospoliticosveracruz.com\/index.php?rest_route=%2Fwp%2Fv2%2Fcategories&post=24784"},{"taxonomy":"post_tag","embeddable":true,"href":"https:\/\/lospoliticosveracruz.com\/index.php?rest_route=%2Fwp%2Fv2%2Ftags&post=24784"}],"curies":[{"name":"wp","href":"https:\/\/api.w.org\/{rel}","templated":true}]}}