{"id":24820,"date":"2016-08-16T19:02:25","date_gmt":"2016-08-17T00:02:25","guid":{"rendered":"http:\/\/www.lospoliticosveracruz.com.mx\/?p=24820"},"modified":"2016-08-16T19:02:25","modified_gmt":"2016-08-17T00:02:25","slug":"en-la-construccion-del-discurso-del-odio","status":"publish","type":"post","link":"https:\/\/lospoliticosveracruz.com\/?p=24820","title":{"rendered":"En la construcci\u00f3n del discurso del odio"},"content":{"rendered":"<p><strong>Estela Casados Gonz\u00e1lez<\/strong><\/p>\n<p><em>Mujeres Que Saben Lat\u00edn\u2026<\/em><\/p>\n<p>&nbsp;<\/p>\n<p>&nbsp;<\/p>\n<p>\u201cSi no sabes, pregunta. No te quedes con la duda. La ignorancia es un monstruo que provoca miedo y problemas\u201d, dec\u00eda en clase mi profesora de educaci\u00f3n preescolar. 40 a\u00f1os despu\u00e9s ese consejo es la columna vertebral de mi vida privada y profesional. Recuerdo a mi profesora, una mujer alta, la \u00fanica persona a la que hab\u00eda visto portar lentes. Me gusta pensar que observo y comprendo la vida con los lentes que ella me prest\u00f3.<\/p>\n<p>Hoy como nunca me hace mucho sentido eso de que la falta de apertura ante lo desconocido o ante aquello que luce diferente en nuestra cotidianidad, solo servir\u00e1 de combustible a nuestros miedos, prejuicios e intolerancia. En verdad, es m\u00e1s c\u00f3modo vivir as\u00ed, regode\u00e1ndonos en nuestras certezas. Dicen que la ignorancia es atrevida, agregar\u00eda que es celosa de otras realidades, de nuevos horizontes.<\/p>\n<p>Preguntar, conocer y descubrir constituyen una aventura que reta continuamente los conceptos de normalidad y anormalidad, de lo bueno y lo malo, de lo correcto e incorrecto. No hay mayor desconsuelo que descubrir que se ha vivido en la equivocaci\u00f3n o en la apreciaci\u00f3n err\u00f3nea sobre un tema, un sentimiento, sobre \u201ccierto tipo\u201d de personas o un sector de la poblaci\u00f3n.<\/p>\n<p>Es m\u00e1s f\u00e1cil y c\u00f3modo no cuestionar nuestros prejuicios, vivir en la comodidad y la grandeza que provoca la descalificaci\u00f3n hacia la diferencia. Negar el don de humanidad a quien calificamos con desd\u00e9n medieval, con misoginia y fobia.<\/p>\n<p>A lo largo de la historia de la humanidad, el repudio a lo diferente ha sido capitalizado por l\u00edderes pol\u00edticos y religiosos. No vayamos muy lejos. En el primer semestre de 2016, en el estado de Veracruz se han registrado 26 cr\u00edmenes de odio, es decir, asesinatos de personas pertenecientes a la comunidad de la diversidad sexual. El m\u00f3vil siempre es el mismo: la aversi\u00f3n a su identidad y preferencia sexual.<\/p>\n<p>Estos datos, recabados por la asociaci\u00f3n civil Soy Humano, y compartidos por su presidenta Jazziel Bustamante, tambi\u00e9n ponen en evidencia que desde 2012 han perdido la vida 115 personas, debido a la homofobia y transfobia imperantes en la entidad.<\/p>\n<p>Nuevamente, Veracruz destaca por un motivo por dem\u00e1s lamentable: primer lugar nacional en cr\u00edmenes de odio, seg\u00fan datos de esa asociaci\u00f3n.<\/p>\n<p>Para quienes aqu\u00ed vivimos y trabajamos de manera honesta, no es un secreto que Veracruz padece la peor de sus \u00e9pocas en materia de seguridad y derechos humanos. Cuando pensamos que ya no puede ir peor, el horror, la delincuencia y, en los \u00faltimos tiempos, el conservadurismo de derecha, nos ense\u00f1an un nuevo matiz. La poblaci\u00f3n ha padecido en carne propia las innovaciones del miedo y el dolor.<\/p>\n<p>En los \u00faltimos d\u00edas hemos presenciado dos fen\u00f3menos que llaman poderosamente la atenci\u00f3n y que no hay que dejar pasar inadvertidos:<\/p>\n<p>El debilitamiento del Estado laico a trav\u00e9s de la reforma al art\u00edculo cuarto de la Constituci\u00f3n local. Su impulso y promoci\u00f3n los tuvo a trav\u00e9s de la iglesia cat\u00f3lica, fue avalado por el Ejecutivo estatal y puesto en marcha por la LXIII Legislatura del Congreso estatal, la cual pasar\u00e1 a la historia como la m\u00e1s servil y dependiente de la voluntad y los estados de \u00e1nimo del poder Ejecutivo.<\/p>\n<p>Vemos a jerarcas religiosos de primer orden departiendo con el Secretario de Gobierno y el Presidente Municipal del Puerto de Veracruz, en medio de votaciones de cabildo que a puerta cerrada y bajo la presi\u00f3n de la Arquidi\u00f3cesis de Xalapa, abren un panorama que posibilita la persecuci\u00f3n de veracruzanas, as\u00ed sea por un aborto espont\u00e1neo. La perspectiva de la iglesia ahora es ley.<\/p>\n<p>En recientes concentraciones religiosas con j\u00f3venes y misioneros, escuchamos con horror c\u00f3mo se opina sobre los derechos de las mujeres y se cuestiona la humanidad de quienes tienen una preferencia sexual y amorosa por personas de su mismo sexo, que sataniza a quienes construyen su identidad gen\u00e9rica a partir de su parecer y deseo.<\/p>\n<p>En un claro combate a los derechos humanos de las personas, se fomenta un clima por dem\u00e1s hostil hacia la comunidad de la diversidad sexual. Ah\u00ed est\u00e1n las cifras de cr\u00edmenes de odio. \u00bfC\u00f3mo leer de manera diferente lo que sucede a la luz de este contexto?<\/p>\n<p>M\u00e1s que irresponsable, es c\u00ednico pensar que el fundamentalismo religioso disfrazado de un llamado a rechazar todo aquello que no sea \u201cnatural\u201d, no enrarece el ambiente de por s\u00ed violento que se vive hoy en d\u00eda.<\/p>\n<p>Como ciudadanas y ciudadanos no debemos permitir que la perspectiva de un sector, se convierta en ley para el perjuicio de los dem\u00e1s; sobre todo cuando parte de un fundamentalismo religioso que no reconoce los avances jur\u00eddicos bajo el carism\u00e1tico pero falso disfraz del respeto a la vida y la familia.<\/p>\n<p>De acuerdo a cifras oficiales y de la sociedad civil, del a\u00f1o 2000 a 2016, 1209 veracruzanas han sido asesinadas y no hay iglesia que se pronuncie para cambiar este panorama, como tampoco lo han hecho por los cr\u00edmenes de odio.<\/p>\n<p>\u00bfVolveremos a los tiempos medievales en que se cuestionaba si las mujeres ten\u00edamos alma? Tal vez, en pleno siglo XXI se quiera establecer como ley que quien ama a alguien de su mismo sexo es criminal o quien se construye como una persona diferente a su genitalidad vivir\u00e1 en la ilegalidad.<\/p>\n<p>No se trata de criminalizar a nadie. No se trata de dar trato preferente a nadie. Se trata de vivir en una democracia y no en un Estado fundamentalista.<\/p>\n","protected":false},"excerpt":{"rendered":"<p>Estela Casados Gonz\u00e1lez Mujeres Que Saben Lat\u00edn\u2026 &nbsp; &nbsp; \u201cSi no sabes, pregunta. No te quedes con la duda. La ignorancia es un monstruo que provoca miedo y problemas\u201d, dec\u00eda en clase mi profesora de educaci\u00f3n preescolar. 40 a\u00f1os despu\u00e9s ese consejo es la columna vertebral de mi vida privada y profesional. Recuerdo a mi [&hellip;]<\/p>\n","protected":false},"author":2,"featured_media":0,"comment_status":"open","ping_status":"open","sticky":false,"template":"","format":"standard","meta":{"tdm_status":"","tdm_grid_status":"","footnotes":""},"categories":[70],"tags":[5986,5984,5985,195],"class_list":{"0":"post-24820","1":"post","2":"type-post","3":"status-publish","4":"format-standard","6":"category-de-opinion","7":"tag-crimenes-de-odio","8":"tag-discursos-de-odio","9":"tag-prejuicios","10":"tag-veracruz"},"yoast_head":"<!-- This site is optimized with the Yoast SEO plugin v27.4 - https:\/\/yoast.com\/product\/yoast-seo-wordpress\/ -->\n<title>En la construcci\u00f3n del discurso del odio - Los pol\u00edticos Veracruz<\/title>\n<meta name=\"robots\" content=\"index, follow, max-snippet:-1, max-image-preview:large, max-video-preview:-1\" \/>\n<link rel=\"canonical\" href=\"https:\/\/lospoliticosveracruz.com\/?p=24820\" \/>\n<meta property=\"og:locale\" content=\"es_ES\" \/>\n<meta property=\"og:type\" content=\"article\" \/>\n<meta property=\"og:title\" content=\"En la construcci\u00f3n del discurso del odio - Los pol\u00edticos Veracruz\" \/>\n<meta property=\"og:description\" content=\"Estela Casados Gonz\u00e1lez Mujeres Que Saben Lat\u00edn\u2026 &nbsp; &nbsp; \u201cSi no sabes, pregunta. No te quedes con la duda. La ignorancia es un monstruo que provoca miedo y problemas\u201d, dec\u00eda en clase mi profesora de educaci\u00f3n preescolar. 40 a\u00f1os despu\u00e9s ese consejo es la columna vertebral de mi vida privada y profesional. Recuerdo a mi [&hellip;]\" \/>\n<meta property=\"og:url\" content=\"https:\/\/lospoliticosveracruz.com\/?p=24820\" \/>\n<meta property=\"og:site_name\" content=\"Los pol\u00edticos Veracruz\" \/>\n<meta property=\"article:publisher\" content=\"https:\/\/www.facebook.com\/people\/Notimemes-de-los-Polticos\/61565672886568\/\" \/>\n<meta property=\"article:published_time\" content=\"2016-08-17T00:02:25+00:00\" \/>\n<meta property=\"og:image\" content=\"https:\/\/lospoliticosveracruz.com\/wp-content\/uploads\/2016\/07\/Logo-Dor.jpg\" \/>\n\t<meta property=\"og:image:width\" content=\"200\" \/>\n\t<meta property=\"og:image:height\" content=\"200\" \/>\n\t<meta property=\"og:image:type\" content=\"image\/jpeg\" \/>\n<meta name=\"author\" content=\"Lo viste en Los Pol\u00edticos\" \/>\n<meta name=\"twitter:card\" content=\"summary_large_image\" \/>\n<meta name=\"twitter:creator\" content=\"@LosPoliticosVer\" \/>\n<meta name=\"twitter:site\" content=\"@LosPoliticosVer\" \/>\n<meta name=\"twitter:label1\" content=\"Escrito por\" \/>\n\t<meta name=\"twitter:data1\" content=\"Lo viste en Los Pol\u00edticos\" \/>\n\t<meta name=\"twitter:label2\" content=\"Tiempo de lectura\" \/>\n\t<meta name=\"twitter:data2\" content=\"5 minutos\" \/>\n<script type=\"application\/ld+json\" class=\"yoast-schema-graph\">{\"@context\":\"https:\\\/\\\/schema.org\",\"@graph\":[{\"@type\":\"Article\",\"@id\":\"https:\\\/\\\/lospoliticosveracruz.com\\\/?p=24820#article\",\"isPartOf\":{\"@id\":\"https:\\\/\\\/lospoliticosveracruz.com\\\/?p=24820\"},\"author\":{\"name\":\"Lo viste en Los Pol\u00edticos\",\"@id\":\"https:\\\/\\\/lospoliticosveracruz.com\\\/#\\\/schema\\\/person\\\/b8702bb0e538456e6efd07080bf2a4a2\"},\"headline\":\"En la construcci\u00f3n del discurso del odio\",\"datePublished\":\"2016-08-17T00:02:25+00:00\",\"mainEntityOfPage\":{\"@id\":\"https:\\\/\\\/lospoliticosveracruz.com\\\/?p=24820\"},\"wordCount\":971,\"commentCount\":0,\"publisher\":{\"@id\":\"https:\\\/\\\/lospoliticosveracruz.com\\\/#organization\"},\"keywords\":[\"Cr\u00edmenes de odio\",\"Discursos de odio\",\"Prejuicios\",\"Veracruz\"],\"articleSection\":[\"De Opini\u00f3n\"],\"inLanguage\":\"es\",\"potentialAction\":[{\"@type\":\"CommentAction\",\"name\":\"Comment\",\"target\":[\"https:\\\/\\\/lospoliticosveracruz.com\\\/?p=24820#respond\"]}]},{\"@type\":\"WebPage\",\"@id\":\"https:\\\/\\\/lospoliticosveracruz.com\\\/?p=24820\",\"url\":\"https:\\\/\\\/lospoliticosveracruz.com\\\/?p=24820\",\"name\":\"En la construcci\u00f3n del discurso del odio - Los pol\u00edticos Veracruz\",\"isPartOf\":{\"@id\":\"https:\\\/\\\/lospoliticosveracruz.com\\\/#website\"},\"datePublished\":\"2016-08-17T00:02:25+00:00\",\"breadcrumb\":{\"@id\":\"https:\\\/\\\/lospoliticosveracruz.com\\\/?p=24820#breadcrumb\"},\"inLanguage\":\"es\",\"potentialAction\":[{\"@type\":\"ReadAction\",\"target\":[\"https:\\\/\\\/lospoliticosveracruz.com\\\/?p=24820\"]}]},{\"@type\":\"BreadcrumbList\",\"@id\":\"https:\\\/\\\/lospoliticosveracruz.com\\\/?p=24820#breadcrumb\",\"itemListElement\":[{\"@type\":\"ListItem\",\"position\":1,\"name\":\"Portada\",\"item\":\"https:\\\/\\\/lospoliticosveracruz.com\\\/\"},{\"@type\":\"ListItem\",\"position\":2,\"name\":\"En la construcci\u00f3n del discurso del odio\"}]},{\"@type\":\"WebSite\",\"@id\":\"https:\\\/\\\/lospoliticosveracruz.com\\\/#website\",\"url\":\"https:\\\/\\\/lospoliticosveracruz.com\\\/\",\"name\":\"Los pol\u00edticos Veracruz\",\"description\":\"\",\"publisher\":{\"@id\":\"https:\\\/\\\/lospoliticosveracruz.com\\\/#organization\"},\"potentialAction\":[{\"@type\":\"SearchAction\",\"target\":{\"@type\":\"EntryPoint\",\"urlTemplate\":\"https:\\\/\\\/lospoliticosveracruz.com\\\/?s={search_term_string}\"},\"query-input\":{\"@type\":\"PropertyValueSpecification\",\"valueRequired\":true,\"valueName\":\"search_term_string\"}}],\"inLanguage\":\"es\"},{\"@type\":\"Organization\",\"@id\":\"https:\\\/\\\/lospoliticosveracruz.com\\\/#organization\",\"name\":\"Los pol\u00edticos Veracruz\",\"url\":\"https:\\\/\\\/lospoliticosveracruz.com\\\/\",\"logo\":{\"@type\":\"ImageObject\",\"inLanguage\":\"es\",\"@id\":\"https:\\\/\\\/lospoliticosveracruz.com\\\/#\\\/schema\\\/logo\\\/image\\\/\",\"url\":\"https:\\\/\\\/lospoliticosveracruz.com\\\/wp-content\\\/uploads\\\/2025\\\/12\\\/Logo-Nuevo-LOS-POLITICOS-1.jpg\",\"contentUrl\":\"https:\\\/\\\/lospoliticosveracruz.com\\\/wp-content\\\/uploads\\\/2025\\\/12\\\/Logo-Nuevo-LOS-POLITICOS-1.jpg\",\"width\":260,\"height\":70,\"caption\":\"Los pol\u00edticos Veracruz\"},\"image\":{\"@id\":\"https:\\\/\\\/lospoliticosveracruz.com\\\/#\\\/schema\\\/logo\\\/image\\\/\"},\"sameAs\":[\"https:\\\/\\\/www.facebook.com\\\/people\\\/Notimemes-de-los-Polticos\\\/61565672886568\\\/\",\"https:\\\/\\\/x.com\\\/LosPoliticosVer\"]},{\"@type\":\"Person\",\"@id\":\"https:\\\/\\\/lospoliticosveracruz.com\\\/#\\\/schema\\\/person\\\/b8702bb0e538456e6efd07080bf2a4a2\",\"name\":\"Lo viste en Los Pol\u00edticos\",\"image\":{\"@type\":\"ImageObject\",\"inLanguage\":\"es\",\"@id\":\"https:\\\/\\\/secure.gravatar.com\\\/avatar\\\/3a8de04a2656d44082be478bd6c086daa447c4651605818287b9532d3d0bd435?s=96&d=mm&r=g\",\"url\":\"https:\\\/\\\/secure.gravatar.com\\\/avatar\\\/3a8de04a2656d44082be478bd6c086daa447c4651605818287b9532d3d0bd435?s=96&d=mm&r=g\",\"contentUrl\":\"https:\\\/\\\/secure.gravatar.com\\\/avatar\\\/3a8de04a2656d44082be478bd6c086daa447c4651605818287b9532d3d0bd435?s=96&d=mm&r=g\",\"caption\":\"Lo viste en Los Pol\u00edticos\"},\"url\":\"https:\\\/\\\/lospoliticosveracruz.com\\\/?author=2\"}]}<\/script>\n<!-- \/ Yoast SEO plugin. -->","yoast_head_json":{"title":"En la construcci\u00f3n del discurso del odio - Los pol\u00edticos Veracruz","robots":{"index":"index","follow":"follow","max-snippet":"max-snippet:-1","max-image-preview":"max-image-preview:large","max-video-preview":"max-video-preview:-1"},"canonical":"https:\/\/lospoliticosveracruz.com\/?p=24820","og_locale":"es_ES","og_type":"article","og_title":"En la construcci\u00f3n del discurso del odio - Los pol\u00edticos Veracruz","og_description":"Estela Casados Gonz\u00e1lez Mujeres Que Saben Lat\u00edn\u2026 &nbsp; &nbsp; \u201cSi no sabes, pregunta. No te quedes con la duda. La ignorancia es un monstruo que provoca miedo y problemas\u201d, dec\u00eda en clase mi profesora de educaci\u00f3n preescolar. 40 a\u00f1os despu\u00e9s ese consejo es la columna vertebral de mi vida privada y profesional. Recuerdo a mi [&hellip;]","og_url":"https:\/\/lospoliticosveracruz.com\/?p=24820","og_site_name":"Los pol\u00edticos Veracruz","article_publisher":"https:\/\/www.facebook.com\/people\/Notimemes-de-los-Polticos\/61565672886568\/","article_published_time":"2016-08-17T00:02:25+00:00","og_image":[{"width":200,"height":200,"url":"https:\/\/lospoliticosveracruz.com\/wp-content\/uploads\/2016\/07\/Logo-Dor.jpg","type":"image\/jpeg"}],"author":"Lo viste en Los Pol\u00edticos","twitter_card":"summary_large_image","twitter_creator":"@LosPoliticosVer","twitter_site":"@LosPoliticosVer","twitter_misc":{"Escrito por":"Lo viste en Los Pol\u00edticos","Tiempo de lectura":"5 minutos"},"schema":{"@context":"https:\/\/schema.org","@graph":[{"@type":"Article","@id":"https:\/\/lospoliticosveracruz.com\/?p=24820#article","isPartOf":{"@id":"https:\/\/lospoliticosveracruz.com\/?p=24820"},"author":{"name":"Lo viste en Los Pol\u00edticos","@id":"https:\/\/lospoliticosveracruz.com\/#\/schema\/person\/b8702bb0e538456e6efd07080bf2a4a2"},"headline":"En la construcci\u00f3n del discurso del odio","datePublished":"2016-08-17T00:02:25+00:00","mainEntityOfPage":{"@id":"https:\/\/lospoliticosveracruz.com\/?p=24820"},"wordCount":971,"commentCount":0,"publisher":{"@id":"https:\/\/lospoliticosveracruz.com\/#organization"},"keywords":["Cr\u00edmenes de odio","Discursos de odio","Prejuicios","Veracruz"],"articleSection":["De Opini\u00f3n"],"inLanguage":"es","potentialAction":[{"@type":"CommentAction","name":"Comment","target":["https:\/\/lospoliticosveracruz.com\/?p=24820#respond"]}]},{"@type":"WebPage","@id":"https:\/\/lospoliticosveracruz.com\/?p=24820","url":"https:\/\/lospoliticosveracruz.com\/?p=24820","name":"En la construcci\u00f3n del discurso del odio - Los pol\u00edticos Veracruz","isPartOf":{"@id":"https:\/\/lospoliticosveracruz.com\/#website"},"datePublished":"2016-08-17T00:02:25+00:00","breadcrumb":{"@id":"https:\/\/lospoliticosveracruz.com\/?p=24820#breadcrumb"},"inLanguage":"es","potentialAction":[{"@type":"ReadAction","target":["https:\/\/lospoliticosveracruz.com\/?p=24820"]}]},{"@type":"BreadcrumbList","@id":"https:\/\/lospoliticosveracruz.com\/?p=24820#breadcrumb","itemListElement":[{"@type":"ListItem","position":1,"name":"Portada","item":"https:\/\/lospoliticosveracruz.com\/"},{"@type":"ListItem","position":2,"name":"En la construcci\u00f3n del discurso del odio"}]},{"@type":"WebSite","@id":"https:\/\/lospoliticosveracruz.com\/#website","url":"https:\/\/lospoliticosveracruz.com\/","name":"Los pol\u00edticos Veracruz","description":"","publisher":{"@id":"https:\/\/lospoliticosveracruz.com\/#organization"},"potentialAction":[{"@type":"SearchAction","target":{"@type":"EntryPoint","urlTemplate":"https:\/\/lospoliticosveracruz.com\/?s={search_term_string}"},"query-input":{"@type":"PropertyValueSpecification","valueRequired":true,"valueName":"search_term_string"}}],"inLanguage":"es"},{"@type":"Organization","@id":"https:\/\/lospoliticosveracruz.com\/#organization","name":"Los pol\u00edticos Veracruz","url":"https:\/\/lospoliticosveracruz.com\/","logo":{"@type":"ImageObject","inLanguage":"es","@id":"https:\/\/lospoliticosveracruz.com\/#\/schema\/logo\/image\/","url":"https:\/\/lospoliticosveracruz.com\/wp-content\/uploads\/2025\/12\/Logo-Nuevo-LOS-POLITICOS-1.jpg","contentUrl":"https:\/\/lospoliticosveracruz.com\/wp-content\/uploads\/2025\/12\/Logo-Nuevo-LOS-POLITICOS-1.jpg","width":260,"height":70,"caption":"Los pol\u00edticos Veracruz"},"image":{"@id":"https:\/\/lospoliticosveracruz.com\/#\/schema\/logo\/image\/"},"sameAs":["https:\/\/www.facebook.com\/people\/Notimemes-de-los-Polticos\/61565672886568\/","https:\/\/x.com\/LosPoliticosVer"]},{"@type":"Person","@id":"https:\/\/lospoliticosveracruz.com\/#\/schema\/person\/b8702bb0e538456e6efd07080bf2a4a2","name":"Lo viste en Los Pol\u00edticos","image":{"@type":"ImageObject","inLanguage":"es","@id":"https:\/\/secure.gravatar.com\/avatar\/3a8de04a2656d44082be478bd6c086daa447c4651605818287b9532d3d0bd435?s=96&d=mm&r=g","url":"https:\/\/secure.gravatar.com\/avatar\/3a8de04a2656d44082be478bd6c086daa447c4651605818287b9532d3d0bd435?s=96&d=mm&r=g","contentUrl":"https:\/\/secure.gravatar.com\/avatar\/3a8de04a2656d44082be478bd6c086daa447c4651605818287b9532d3d0bd435?s=96&d=mm&r=g","caption":"Lo viste en Los Pol\u00edticos"},"url":"https:\/\/lospoliticosveracruz.com\/?author=2"}]}},"_links":{"self":[{"href":"https:\/\/lospoliticosveracruz.com\/index.php?rest_route=\/wp\/v2\/posts\/24820","targetHints":{"allow":["GET"]}}],"collection":[{"href":"https:\/\/lospoliticosveracruz.com\/index.php?rest_route=\/wp\/v2\/posts"}],"about":[{"href":"https:\/\/lospoliticosveracruz.com\/index.php?rest_route=\/wp\/v2\/types\/post"}],"author":[{"embeddable":true,"href":"https:\/\/lospoliticosveracruz.com\/index.php?rest_route=\/wp\/v2\/users\/2"}],"replies":[{"embeddable":true,"href":"https:\/\/lospoliticosveracruz.com\/index.php?rest_route=%2Fwp%2Fv2%2Fcomments&post=24820"}],"version-history":[{"count":2,"href":"https:\/\/lospoliticosveracruz.com\/index.php?rest_route=\/wp\/v2\/posts\/24820\/revisions"}],"predecessor-version":[{"id":24823,"href":"https:\/\/lospoliticosveracruz.com\/index.php?rest_route=\/wp\/v2\/posts\/24820\/revisions\/24823"}],"wp:attachment":[{"href":"https:\/\/lospoliticosveracruz.com\/index.php?rest_route=%2Fwp%2Fv2%2Fmedia&parent=24820"}],"wp:term":[{"taxonomy":"category","embeddable":true,"href":"https:\/\/lospoliticosveracruz.com\/index.php?rest_route=%2Fwp%2Fv2%2Fcategories&post=24820"},{"taxonomy":"post_tag","embeddable":true,"href":"https:\/\/lospoliticosveracruz.com\/index.php?rest_route=%2Fwp%2Fv2%2Ftags&post=24820"}],"curies":[{"name":"wp","href":"https:\/\/api.w.org\/{rel}","templated":true}]}}