{"id":24887,"date":"2016-08-18T13:26:56","date_gmt":"2016-08-18T18:26:56","guid":{"rendered":"http:\/\/www.lospoliticosveracruz.com.mx\/?p=24887"},"modified":"2016-08-18T13:44:15","modified_gmt":"2016-08-18T18:44:15","slug":"vistete-de-colores","status":"publish","type":"post","link":"https:\/\/lospoliticosveracruz.com\/?p=24887","title":{"rendered":"\u00a1V\u00edstete de colores!"},"content":{"rendered":"<p>&nbsp;<\/p>\n<p>El s\u00e1bado 3 y el domingo 4 de septiembre, Xalapa ser\u00e1 sede del Bodypaint Fest 2016, un festival que celebra la identidad y la condici\u00f3n humana a trav\u00e9s de pinturas vivientes, as\u00ed lo inform\u00f3 Darcy Santos Gir\u00f3n, Directora de Studios Edici\u00f3n Limitada.<\/p>\n<p>Con el apoyo del Ayuntamiento de Xalapa, dosmiluno films, Tejedor publicidad, Mehoron Makeup, Sephira advertising, Fantastic Comic Fest y el Holiday Inn Express, este evento tendr\u00e1 como sedes el Holiday Inn de Zaragoza 8 y el Centro Recreativo Xalape\u00f1o de Insurgentes esquina Xalape\u00f1os Ilustres.<\/p>\n<p>Los asistentes podr\u00e1n disfrutar workshop, masterclass, concursos, pasarelas, performances y presentaciones visuals. Las actividades que se realizar\u00e1n, est\u00e1n encaminadas a la preservaci\u00f3n, promoci\u00f3n e intercambio entre las sub-culturas coexistentes en Xalapa, a partir de la expresi\u00f3n de las artes y tomando como detonante creativo el\u00a0body paint,\u00a0explica Darcy.<\/p>\n<p>Entre los participantes estar\u00e1n Natalie Fletcher, de Estados Unidos; Rafael Beltr\u00e1n, de Sinaloa y Marisol Galv\u00e1n, de Guadalajara.<\/p>\n<p>Natalie es originaria de Texas y es especialista en\u00a0Bodypaint\u00a0de camuflaje con frescos y novedosos dise\u00f1os que enga\u00f1an el ojo. Estudi\u00f3\u00a0Classic Realism en The Ashland Academy of Art\u00a0y tiene un proyecto llamado \u201c100 Bodies Across America\u201d\u00a0que comenz\u00f3 en marzo del 2015, el cual consiste en pintar dos cuerpos de cada estado de los Estados Unidos de Am\u00e9rica.<\/p>\n<p>Por primera vez en M\u00e9xico nos engalanamos con la visita de la ganadora de la primera temporada del programa de Tv americano Skin Wars\u00a0 que se realiza en Las Vegas, de la cadena de televisi\u00f3n GSN Game Show Networks.<\/p>\n<p>Rafael Beltr\u00e1n es profesor en IdecSinaloa en el \u00e1rea de maquillaje de Fantas\u00eda,\u00a0BodyPaint, Face Paint,\u00a0Caracterizaci\u00f3n y FX, educador de la l\u00ednea\u00a0Mehron Makeup\u00a0por 4 a\u00f1os, se ha presentado en EBIO 2013, 2014 y 2015, ha participado en teatro maquillando a los personajes de pastorelas y obras como H\u00e9rcules el musical, El Mago de Oz, entre otras.<\/p>\n<p>Marisol Galv\u00e1n es maquillista profesional, estudiante de Artes Visuales para la Expresi\u00f3n Pl\u00e1stica, con una amplia experiencia en: Face paint, Caracterizaci\u00f3n, moldeado, escultura y pr\u00f3tesis dental, Aerograf\u00eda, Body Paint, FX para televisi\u00f3n y prost\u00e9ticos, entre otros; ha participado en diversos cursos, seminarios, talleres y congresos como espectadora, tallerista y ponente.<\/p>\n<p>&nbsp;<\/p>\n<p>M\u00e1s informaci\u00f3n en\u00a0<a href=\"mailto:studiosedicionlimitada@gmail.com\">studiosedicionlimitada@gmail.com<\/a>\u00a0o al tel\u00e9fono 8120523<\/p>\n","protected":false},"excerpt":{"rendered":"<p>&nbsp; El s\u00e1bado 3 y el domingo 4 de septiembre, Xalapa ser\u00e1 sede del Bodypaint Fest 2016, un festival que celebra la identidad y la condici\u00f3n humana a trav\u00e9s de pinturas vivientes, as\u00ed lo inform\u00f3 Darcy Santos Gir\u00f3n, Directora de Studios Edici\u00f3n Limitada. Con el apoyo del Ayuntamiento de Xalapa, dosmiluno films, Tejedor publicidad, Mehoron [&hellip;]<\/p>\n","protected":false},"author":2,"featured_media":0,"comment_status":"open","ping_status":"open","sticky":false,"template":"","format":"standard","meta":{"tdm_status":"","tdm_grid_status":"","footnotes":""},"categories":[73],"tags":[6013,3622,96],"class_list":{"0":"post-24887","1":"post","2":"type-post","3":"status-publish","4":"format-standard","6":"category-de-boleto","7":"tag-darcy-santos-giron","8":"tag-studios-edicion-limitada","9":"tag-xalapa"},"yoast_head":"<!-- This site is optimized with the Yoast SEO plugin v27.4 - https:\/\/yoast.com\/product\/yoast-seo-wordpress\/ -->\n<title>\u00a1V\u00edstete de colores! - Los pol\u00edticos Veracruz<\/title>\n<meta name=\"robots\" content=\"index, follow, max-snippet:-1, max-image-preview:large, max-video-preview:-1\" \/>\n<link rel=\"canonical\" href=\"https:\/\/lospoliticosveracruz.com\/?p=24887\" \/>\n<meta property=\"og:locale\" content=\"es_ES\" \/>\n<meta property=\"og:type\" content=\"article\" \/>\n<meta property=\"og:title\" content=\"\u00a1V\u00edstete de colores! - Los pol\u00edticos Veracruz\" \/>\n<meta property=\"og:description\" content=\"&nbsp; El s\u00e1bado 3 y el domingo 4 de septiembre, Xalapa ser\u00e1 sede del Bodypaint Fest 2016, un festival que celebra la identidad y la condici\u00f3n humana a trav\u00e9s de pinturas vivientes, as\u00ed lo inform\u00f3 Darcy Santos Gir\u00f3n, Directora de Studios Edici\u00f3n Limitada. Con el apoyo del Ayuntamiento de Xalapa, dosmiluno films, Tejedor publicidad, Mehoron [&hellip;]\" \/>\n<meta property=\"og:url\" content=\"https:\/\/lospoliticosveracruz.com\/?p=24887\" \/>\n<meta property=\"og:site_name\" content=\"Los pol\u00edticos Veracruz\" \/>\n<meta property=\"article:publisher\" content=\"https:\/\/www.facebook.com\/people\/Notimemes-de-los-Polticos\/61565672886568\/\" \/>\n<meta property=\"article:published_time\" content=\"2016-08-18T18:26:56+00:00\" \/>\n<meta property=\"article:modified_time\" content=\"2016-08-18T18:44:15+00:00\" \/>\n<meta property=\"og:image\" content=\"https:\/\/lospoliticosveracruz.com\/wp-content\/uploads\/2016\/07\/Logo-Dor.jpg\" \/>\n\t<meta property=\"og:image:width\" content=\"200\" \/>\n\t<meta property=\"og:image:height\" content=\"200\" \/>\n\t<meta property=\"og:image:type\" content=\"image\/jpeg\" \/>\n<meta name=\"author\" content=\"Lo viste en Los Pol\u00edticos\" \/>\n<meta name=\"twitter:card\" content=\"summary_large_image\" \/>\n<meta name=\"twitter:creator\" content=\"@LosPoliticosVer\" \/>\n<meta name=\"twitter:site\" content=\"@LosPoliticosVer\" \/>\n<meta name=\"twitter:label1\" content=\"Escrito por\" \/>\n\t<meta name=\"twitter:data1\" content=\"Lo viste en Los Pol\u00edticos\" \/>\n\t<meta name=\"twitter:label2\" content=\"Tiempo de lectura\" \/>\n\t<meta name=\"twitter:data2\" content=\"2 minutos\" \/>\n<script type=\"application\/ld+json\" class=\"yoast-schema-graph\">{\"@context\":\"https:\\\/\\\/schema.org\",\"@graph\":[{\"@type\":\"Article\",\"@id\":\"https:\\\/\\\/lospoliticosveracruz.com\\\/?p=24887#article\",\"isPartOf\":{\"@id\":\"https:\\\/\\\/lospoliticosveracruz.com\\\/?p=24887\"},\"author\":{\"name\":\"Lo viste en Los Pol\u00edticos\",\"@id\":\"https:\\\/\\\/lospoliticosveracruz.com\\\/#\\\/schema\\\/person\\\/b8702bb0e538456e6efd07080bf2a4a2\"},\"headline\":\"\u00a1V\u00edstete de colores!\",\"datePublished\":\"2016-08-18T18:26:56+00:00\",\"dateModified\":\"2016-08-18T18:44:15+00:00\",\"mainEntityOfPage\":{\"@id\":\"https:\\\/\\\/lospoliticosveracruz.com\\\/?p=24887\"},\"wordCount\":405,\"commentCount\":0,\"publisher\":{\"@id\":\"https:\\\/\\\/lospoliticosveracruz.com\\\/#organization\"},\"keywords\":[\"Darcy Santos Gir\u00f3n\",\"Studios Edici\u00f3n Limitada\",\"Xalapa\"],\"articleSection\":[\"De Boleto\"],\"inLanguage\":\"es\",\"potentialAction\":[{\"@type\":\"CommentAction\",\"name\":\"Comment\",\"target\":[\"https:\\\/\\\/lospoliticosveracruz.com\\\/?p=24887#respond\"]}]},{\"@type\":\"WebPage\",\"@id\":\"https:\\\/\\\/lospoliticosveracruz.com\\\/?p=24887\",\"url\":\"https:\\\/\\\/lospoliticosveracruz.com\\\/?p=24887\",\"name\":\"\u00a1V\u00edstete de colores! - Los pol\u00edticos Veracruz\",\"isPartOf\":{\"@id\":\"https:\\\/\\\/lospoliticosveracruz.com\\\/#website\"},\"datePublished\":\"2016-08-18T18:26:56+00:00\",\"dateModified\":\"2016-08-18T18:44:15+00:00\",\"breadcrumb\":{\"@id\":\"https:\\\/\\\/lospoliticosveracruz.com\\\/?p=24887#breadcrumb\"},\"inLanguage\":\"es\",\"potentialAction\":[{\"@type\":\"ReadAction\",\"target\":[\"https:\\\/\\\/lospoliticosveracruz.com\\\/?p=24887\"]}]},{\"@type\":\"BreadcrumbList\",\"@id\":\"https:\\\/\\\/lospoliticosveracruz.com\\\/?p=24887#breadcrumb\",\"itemListElement\":[{\"@type\":\"ListItem\",\"position\":1,\"name\":\"Portada\",\"item\":\"https:\\\/\\\/lospoliticosveracruz.com\\\/\"},{\"@type\":\"ListItem\",\"position\":2,\"name\":\"\u00a1V\u00edstete de colores!\"}]},{\"@type\":\"WebSite\",\"@id\":\"https:\\\/\\\/lospoliticosveracruz.com\\\/#website\",\"url\":\"https:\\\/\\\/lospoliticosveracruz.com\\\/\",\"name\":\"Los pol\u00edticos Veracruz\",\"description\":\"\",\"publisher\":{\"@id\":\"https:\\\/\\\/lospoliticosveracruz.com\\\/#organization\"},\"potentialAction\":[{\"@type\":\"SearchAction\",\"target\":{\"@type\":\"EntryPoint\",\"urlTemplate\":\"https:\\\/\\\/lospoliticosveracruz.com\\\/?s={search_term_string}\"},\"query-input\":{\"@type\":\"PropertyValueSpecification\",\"valueRequired\":true,\"valueName\":\"search_term_string\"}}],\"inLanguage\":\"es\"},{\"@type\":\"Organization\",\"@id\":\"https:\\\/\\\/lospoliticosveracruz.com\\\/#organization\",\"name\":\"Los pol\u00edticos Veracruz\",\"url\":\"https:\\\/\\\/lospoliticosveracruz.com\\\/\",\"logo\":{\"@type\":\"ImageObject\",\"inLanguage\":\"es\",\"@id\":\"https:\\\/\\\/lospoliticosveracruz.com\\\/#\\\/schema\\\/logo\\\/image\\\/\",\"url\":\"https:\\\/\\\/lospoliticosveracruz.com\\\/wp-content\\\/uploads\\\/2025\\\/12\\\/Logo-Nuevo-LOS-POLITICOS-1.jpg\",\"contentUrl\":\"https:\\\/\\\/lospoliticosveracruz.com\\\/wp-content\\\/uploads\\\/2025\\\/12\\\/Logo-Nuevo-LOS-POLITICOS-1.jpg\",\"width\":260,\"height\":70,\"caption\":\"Los pol\u00edticos Veracruz\"},\"image\":{\"@id\":\"https:\\\/\\\/lospoliticosveracruz.com\\\/#\\\/schema\\\/logo\\\/image\\\/\"},\"sameAs\":[\"https:\\\/\\\/www.facebook.com\\\/people\\\/Notimemes-de-los-Polticos\\\/61565672886568\\\/\",\"https:\\\/\\\/x.com\\\/LosPoliticosVer\"]},{\"@type\":\"Person\",\"@id\":\"https:\\\/\\\/lospoliticosveracruz.com\\\/#\\\/schema\\\/person\\\/b8702bb0e538456e6efd07080bf2a4a2\",\"name\":\"Lo viste en Los Pol\u00edticos\",\"image\":{\"@type\":\"ImageObject\",\"inLanguage\":\"es\",\"@id\":\"https:\\\/\\\/secure.gravatar.com\\\/avatar\\\/3a8de04a2656d44082be478bd6c086daa447c4651605818287b9532d3d0bd435?s=96&d=mm&r=g\",\"url\":\"https:\\\/\\\/secure.gravatar.com\\\/avatar\\\/3a8de04a2656d44082be478bd6c086daa447c4651605818287b9532d3d0bd435?s=96&d=mm&r=g\",\"contentUrl\":\"https:\\\/\\\/secure.gravatar.com\\\/avatar\\\/3a8de04a2656d44082be478bd6c086daa447c4651605818287b9532d3d0bd435?s=96&d=mm&r=g\",\"caption\":\"Lo viste en Los Pol\u00edticos\"},\"url\":\"https:\\\/\\\/lospoliticosveracruz.com\\\/?author=2\"}]}<\/script>\n<!-- \/ Yoast SEO plugin. -->","yoast_head_json":{"title":"\u00a1V\u00edstete de colores! - Los pol\u00edticos Veracruz","robots":{"index":"index","follow":"follow","max-snippet":"max-snippet:-1","max-image-preview":"max-image-preview:large","max-video-preview":"max-video-preview:-1"},"canonical":"https:\/\/lospoliticosveracruz.com\/?p=24887","og_locale":"es_ES","og_type":"article","og_title":"\u00a1V\u00edstete de colores! - Los pol\u00edticos Veracruz","og_description":"&nbsp; El s\u00e1bado 3 y el domingo 4 de septiembre, Xalapa ser\u00e1 sede del Bodypaint Fest 2016, un festival que celebra la identidad y la condici\u00f3n humana a trav\u00e9s de pinturas vivientes, as\u00ed lo inform\u00f3 Darcy Santos Gir\u00f3n, Directora de Studios Edici\u00f3n Limitada. Con el apoyo del Ayuntamiento de Xalapa, dosmiluno films, Tejedor publicidad, Mehoron [&hellip;]","og_url":"https:\/\/lospoliticosveracruz.com\/?p=24887","og_site_name":"Los pol\u00edticos Veracruz","article_publisher":"https:\/\/www.facebook.com\/people\/Notimemes-de-los-Polticos\/61565672886568\/","article_published_time":"2016-08-18T18:26:56+00:00","article_modified_time":"2016-08-18T18:44:15+00:00","og_image":[{"width":200,"height":200,"url":"https:\/\/lospoliticosveracruz.com\/wp-content\/uploads\/2016\/07\/Logo-Dor.jpg","type":"image\/jpeg"}],"author":"Lo viste en Los Pol\u00edticos","twitter_card":"summary_large_image","twitter_creator":"@LosPoliticosVer","twitter_site":"@LosPoliticosVer","twitter_misc":{"Escrito por":"Lo viste en Los Pol\u00edticos","Tiempo de lectura":"2 minutos"},"schema":{"@context":"https:\/\/schema.org","@graph":[{"@type":"Article","@id":"https:\/\/lospoliticosveracruz.com\/?p=24887#article","isPartOf":{"@id":"https:\/\/lospoliticosveracruz.com\/?p=24887"},"author":{"name":"Lo viste en Los Pol\u00edticos","@id":"https:\/\/lospoliticosveracruz.com\/#\/schema\/person\/b8702bb0e538456e6efd07080bf2a4a2"},"headline":"\u00a1V\u00edstete de colores!","datePublished":"2016-08-18T18:26:56+00:00","dateModified":"2016-08-18T18:44:15+00:00","mainEntityOfPage":{"@id":"https:\/\/lospoliticosveracruz.com\/?p=24887"},"wordCount":405,"commentCount":0,"publisher":{"@id":"https:\/\/lospoliticosveracruz.com\/#organization"},"keywords":["Darcy Santos Gir\u00f3n","Studios Edici\u00f3n Limitada","Xalapa"],"articleSection":["De Boleto"],"inLanguage":"es","potentialAction":[{"@type":"CommentAction","name":"Comment","target":["https:\/\/lospoliticosveracruz.com\/?p=24887#respond"]}]},{"@type":"WebPage","@id":"https:\/\/lospoliticosveracruz.com\/?p=24887","url":"https:\/\/lospoliticosveracruz.com\/?p=24887","name":"\u00a1V\u00edstete de colores! - Los pol\u00edticos Veracruz","isPartOf":{"@id":"https:\/\/lospoliticosveracruz.com\/#website"},"datePublished":"2016-08-18T18:26:56+00:00","dateModified":"2016-08-18T18:44:15+00:00","breadcrumb":{"@id":"https:\/\/lospoliticosveracruz.com\/?p=24887#breadcrumb"},"inLanguage":"es","potentialAction":[{"@type":"ReadAction","target":["https:\/\/lospoliticosveracruz.com\/?p=24887"]}]},{"@type":"BreadcrumbList","@id":"https:\/\/lospoliticosveracruz.com\/?p=24887#breadcrumb","itemListElement":[{"@type":"ListItem","position":1,"name":"Portada","item":"https:\/\/lospoliticosveracruz.com\/"},{"@type":"ListItem","position":2,"name":"\u00a1V\u00edstete de colores!"}]},{"@type":"WebSite","@id":"https:\/\/lospoliticosveracruz.com\/#website","url":"https:\/\/lospoliticosveracruz.com\/","name":"Los pol\u00edticos Veracruz","description":"","publisher":{"@id":"https:\/\/lospoliticosveracruz.com\/#organization"},"potentialAction":[{"@type":"SearchAction","target":{"@type":"EntryPoint","urlTemplate":"https:\/\/lospoliticosveracruz.com\/?s={search_term_string}"},"query-input":{"@type":"PropertyValueSpecification","valueRequired":true,"valueName":"search_term_string"}}],"inLanguage":"es"},{"@type":"Organization","@id":"https:\/\/lospoliticosveracruz.com\/#organization","name":"Los pol\u00edticos Veracruz","url":"https:\/\/lospoliticosveracruz.com\/","logo":{"@type":"ImageObject","inLanguage":"es","@id":"https:\/\/lospoliticosveracruz.com\/#\/schema\/logo\/image\/","url":"https:\/\/lospoliticosveracruz.com\/wp-content\/uploads\/2025\/12\/Logo-Nuevo-LOS-POLITICOS-1.jpg","contentUrl":"https:\/\/lospoliticosveracruz.com\/wp-content\/uploads\/2025\/12\/Logo-Nuevo-LOS-POLITICOS-1.jpg","width":260,"height":70,"caption":"Los pol\u00edticos Veracruz"},"image":{"@id":"https:\/\/lospoliticosveracruz.com\/#\/schema\/logo\/image\/"},"sameAs":["https:\/\/www.facebook.com\/people\/Notimemes-de-los-Polticos\/61565672886568\/","https:\/\/x.com\/LosPoliticosVer"]},{"@type":"Person","@id":"https:\/\/lospoliticosveracruz.com\/#\/schema\/person\/b8702bb0e538456e6efd07080bf2a4a2","name":"Lo viste en Los Pol\u00edticos","image":{"@type":"ImageObject","inLanguage":"es","@id":"https:\/\/secure.gravatar.com\/avatar\/3a8de04a2656d44082be478bd6c086daa447c4651605818287b9532d3d0bd435?s=96&d=mm&r=g","url":"https:\/\/secure.gravatar.com\/avatar\/3a8de04a2656d44082be478bd6c086daa447c4651605818287b9532d3d0bd435?s=96&d=mm&r=g","contentUrl":"https:\/\/secure.gravatar.com\/avatar\/3a8de04a2656d44082be478bd6c086daa447c4651605818287b9532d3d0bd435?s=96&d=mm&r=g","caption":"Lo viste en Los Pol\u00edticos"},"url":"https:\/\/lospoliticosveracruz.com\/?author=2"}]}},"_links":{"self":[{"href":"https:\/\/lospoliticosveracruz.com\/index.php?rest_route=\/wp\/v2\/posts\/24887","targetHints":{"allow":["GET"]}}],"collection":[{"href":"https:\/\/lospoliticosveracruz.com\/index.php?rest_route=\/wp\/v2\/posts"}],"about":[{"href":"https:\/\/lospoliticosveracruz.com\/index.php?rest_route=\/wp\/v2\/types\/post"}],"author":[{"embeddable":true,"href":"https:\/\/lospoliticosveracruz.com\/index.php?rest_route=\/wp\/v2\/users\/2"}],"replies":[{"embeddable":true,"href":"https:\/\/lospoliticosveracruz.com\/index.php?rest_route=%2Fwp%2Fv2%2Fcomments&post=24887"}],"version-history":[{"count":1,"href":"https:\/\/lospoliticosveracruz.com\/index.php?rest_route=\/wp\/v2\/posts\/24887\/revisions"}],"predecessor-version":[{"id":24889,"href":"https:\/\/lospoliticosveracruz.com\/index.php?rest_route=\/wp\/v2\/posts\/24887\/revisions\/24889"}],"wp:attachment":[{"href":"https:\/\/lospoliticosveracruz.com\/index.php?rest_route=%2Fwp%2Fv2%2Fmedia&parent=24887"}],"wp:term":[{"taxonomy":"category","embeddable":true,"href":"https:\/\/lospoliticosveracruz.com\/index.php?rest_route=%2Fwp%2Fv2%2Fcategories&post=24887"},{"taxonomy":"post_tag","embeddable":true,"href":"https:\/\/lospoliticosveracruz.com\/index.php?rest_route=%2Fwp%2Fv2%2Ftags&post=24887"}],"curies":[{"name":"wp","href":"https:\/\/api.w.org\/{rel}","templated":true}]}}