{"id":24894,"date":"2016-08-18T21:14:42","date_gmt":"2016-08-19T02:14:42","guid":{"rendered":"http:\/\/www.lospoliticosveracruz.com.mx\/?p=24894"},"modified":"2016-08-18T21:14:42","modified_gmt":"2016-08-19T02:14:42","slug":"duarte-las-horas-contadas","status":"publish","type":"post","link":"https:\/\/lospoliticosveracruz.com\/?p=24894","title":{"rendered":"Duarte, las horas contadas"},"content":{"rendered":"<p><strong>Luis Alberto Romero<\/strong><\/p>\n<p><em>Hora Cero<\/em><\/p>\n<p>Faltan poco m\u00e1s de 14 semanas, casi 100 d\u00edas para que concluya la presente administraci\u00f3n veracruzana y el escenario para el gobernador Javier Duarte y su m\u00e1s cercano equipo de colaboradores no podr\u00eda ser m\u00e1s oscuro.<\/p>\n<p>A los problemas derivados de las revisiones a las cuentas p\u00fablicas que realiza la Auditor\u00eda Superior de la Federaci\u00f3n; a las denuncias presentadas ante la Procuradur\u00eda General de la Rep\u00fablica; y al claro y exacerbado enfrentamiento con quien ser\u00e1 el sucesor en el cargo, el panista Miguel \u00c1ngel Yunes Linares, se suma el rechazo evidente del Partido Revolucionario Institucional y, sobre todo, del jefe del Poder Ejecutivo Federal.<\/p>\n<p>Duarte ya no est\u00e1 en el \u00e1nimo de Pe\u00f1a Nieto; eso es tan claro como el hecho de que las declaraciones que salieron del titular de la ASF, Juan Manuel Portal Mart\u00ednez, y del presidente del Comit\u00e9 Ejecutivo Nacional del PRI, Enrique Ochoa Reza, no son hechos aislados ni gratuitos. Parece que se prepara la cama para Javier Duarte.<\/p>\n<p>Es rudo pero muy apegado a la realidad, decir que el gobierno veracruzano y su titular se han convertido en ejemplo nacional de corrupci\u00f3n, al menos ante la opini\u00f3n p\u00fablica.<\/p>\n<p>Las se\u00f1ales que indican que la ca\u00edda del ejecutivo de la entidad podr\u00eda registrarse antes del 30 de noviembre son cada vez m\u00e1s claras. No es descabellado, en ese contexto, decir que Duarte de Ochoa podr\u00eda no concluir su periodo como gobernador de Veracruz.<\/p>\n<p>A la declaraci\u00f3n de Enrique Pe\u00f1a Nieto, quien dej\u00f3 claro que no meter\u00e1 las manos por los gobernadores se\u00f1alados, se sum\u00f3 este martes la postura del auditor Superior de la Federaci\u00f3n, quien expuso que ante las observaciones, no exist\u00eda solventaci\u00f3n alguna por parte de la administraci\u00f3n estatal; por si fuera poco, este mi\u00e9rcoles, el PRI inici\u00f3 un proceso que podr\u00eda concluir con la expulsi\u00f3n del partido del gobernador veracruzano.<\/p>\n<p>Este mi\u00e9rcoles, Fernando El\u00edas Calles, presidente de la Comisi\u00f3n de Justicia Partidaria del PRI, habl\u00f3 de dicho proceso, que incluye la notificaci\u00f3n a los inculpados, el an\u00e1lisis de las pruebas, as\u00ed como la determinaci\u00f3n de la procedencia de la sanci\u00f3n.<\/p>\n<p>Si Duarte es expulsado del tricolor, entonces las dudas, que cada vez son menos, sobre su futuro en cuanto a los se\u00f1alamientos y denuncias que enfrenta su administraci\u00f3n, quedar\u00e1n despejadas.<\/p>\n<p>&nbsp;<\/p>\n<p><b>La confusi\u00f3n de Garrido <\/b><\/p>\n<p>A prop\u00f3sito, el diputado Francisco Garrido se avent\u00f3 la puntada de salir en defensa del gobierno estatal y se\u00f1alar que el auditor federal, Juan Manuel Portal, realizaba una especie de campa\u00f1a medi\u00e1tica contra Veracruz.<\/p>\n<p>Francisco Garrido preside la Comisi\u00f3n de Vigilancia en la Legislatura del Estado. Dijo que el titular de la ASF carece de facultades para difundir en el pa\u00eds los problemas que tienen los estados; y expuso que Portal Mart\u00ednez debe acudir a la PGR para realizar las denuncias correspondientes.<\/p>\n<p>Alguien deber\u00eda decirle al diputado Garrido, primero, que los resultados de las revisiones a las cuentas de Veracruz, como los de todos los estados, son p\u00fablicas y se pueden consultar en la p\u00e1gina de internet de la ASF; segundo, que nada impide al titular del organismo llevar el asunto a los medios; tercero, que las denuncias ante la Procuradur\u00eda ya fueron presentadas y siguen su curso; y cuarto, que hablar de la presunta corrupci\u00f3n de la administraci\u00f3n estatal no equivale a realizar campa\u00f1a alguna contra el estado; en pocas palabras, Javier Duarte es el titular del ejecutivo, pero Veracruz es mucho m\u00e1s que su clase gobernante.<\/p>\n<p>&nbsp;<\/p>\n<p><b>Veracruz, con los peores n\u00fameros en empleo<\/b><\/p>\n<p>Un diario de circulaci\u00f3n nacional consign\u00f3 recientemente los datos del Instituto Mexicano del Seguro Social en cuanto al comportamiento del empleo. Destaca que julio fue el peor mes del a\u00f1o, ya que la mitad de las entidades del pa\u00eds reportaron la p\u00e9rdida de plazas laborales.<\/p>\n<p>Lamentablemente para Veracruz, esta es la entidad que registra los peores n\u00fameros. Cada d\u00eda, el IMSS report\u00f3 la p\u00e9rdida de 147 plazas; en pocas palabras, durante dicho mes se perdieron 4 mil 560 empleos.<\/p>\n<p>En cifras acumuladas, el estado de Veracruz ha tenido n\u00fameros desastrosos durante los primeros seis meses del a\u00f1o: 30 mil 454 puestos de trabajo se perdieron s\u00f3lo durante dicho periodo.<\/p>\n<p>Parecer\u00edan \u00fanicamente cifras; sin embargo, son m\u00e1s de 30 mil familias que hoy carecen de recursos para enfrentar sus necesidades.<\/p>\n<p>Entre esas familias, por ejemplo, se encuentran miles que depend\u00edan de la industria petrolera, sector que ha reducido significativamente su actividad en Veracruz.<\/p>\n<p>De acuerdo con el reporte del IMSS, no hay entidad peor ubicada que la veracruzana en cuanto al comportamiento del empleo.<\/p>\n<p>Lo malo es que dada la casi inexistente obra p\u00fablica en el estado; la escasa inversi\u00f3n productiva; la baja actividad que registra la industria de la construcci\u00f3n; y las malas expectativas en el sector petrolero, resulta predecible que el segundo semestre del a\u00f1o ser\u00e1 todav\u00eda peor para la entidad.<\/p>\n<p>@luisromero85<\/p>\n","protected":false},"excerpt":{"rendered":"<p>Luis Alberto Romero Hora Cero Faltan poco m\u00e1s de 14 semanas, casi 100 d\u00edas para que concluya la presente administraci\u00f3n veracruzana y el escenario para el gobernador Javier Duarte y su m\u00e1s cercano equipo de colaboradores no podr\u00eda ser m\u00e1s oscuro. A los problemas derivados de las revisiones a las cuentas p\u00fablicas que realiza la [&hellip;]<\/p>\n","protected":false},"author":2,"featured_media":0,"comment_status":"open","ping_status":"open","sticky":false,"template":"","format":"standard","meta":{"tdm_status":"","tdm_grid_status":"","footnotes":""},"categories":[70],"tags":[281,3610,260],"class_list":{"0":"post-24894","1":"post","2":"type-post","3":"status-publish","4":"format-standard","6":"category-de-opinion","7":"tag-enrique-pena-nieto","8":"tag-francisco-garrido","9":"tag-javier-duarte-de-ochoa"},"yoast_head":"<!-- This site is optimized with the Yoast SEO plugin v27.4 - https:\/\/yoast.com\/product\/yoast-seo-wordpress\/ -->\n<title>Duarte, las horas contadas - Los pol\u00edticos Veracruz<\/title>\n<meta name=\"robots\" content=\"index, follow, max-snippet:-1, max-image-preview:large, max-video-preview:-1\" \/>\n<link rel=\"canonical\" href=\"https:\/\/lospoliticosveracruz.com\/?p=24894\" \/>\n<meta property=\"og:locale\" content=\"es_ES\" \/>\n<meta property=\"og:type\" content=\"article\" \/>\n<meta property=\"og:title\" content=\"Duarte, las horas contadas - Los pol\u00edticos Veracruz\" \/>\n<meta property=\"og:description\" content=\"Luis Alberto Romero Hora Cero Faltan poco m\u00e1s de 14 semanas, casi 100 d\u00edas para que concluya la presente administraci\u00f3n veracruzana y el escenario para el gobernador Javier Duarte y su m\u00e1s cercano equipo de colaboradores no podr\u00eda ser m\u00e1s oscuro. A los problemas derivados de las revisiones a las cuentas p\u00fablicas que realiza la [&hellip;]\" \/>\n<meta property=\"og:url\" content=\"https:\/\/lospoliticosveracruz.com\/?p=24894\" \/>\n<meta property=\"og:site_name\" content=\"Los pol\u00edticos Veracruz\" \/>\n<meta property=\"article:publisher\" content=\"https:\/\/www.facebook.com\/people\/Notimemes-de-los-Polticos\/61565672886568\/\" \/>\n<meta property=\"article:published_time\" content=\"2016-08-19T02:14:42+00:00\" \/>\n<meta property=\"og:image\" content=\"https:\/\/lospoliticosveracruz.com\/wp-content\/uploads\/2016\/07\/Logo-Dor.jpg\" \/>\n\t<meta property=\"og:image:width\" content=\"200\" \/>\n\t<meta property=\"og:image:height\" content=\"200\" \/>\n\t<meta property=\"og:image:type\" content=\"image\/jpeg\" \/>\n<meta name=\"author\" content=\"Lo viste en Los Pol\u00edticos\" \/>\n<meta name=\"twitter:card\" content=\"summary_large_image\" \/>\n<meta name=\"twitter:creator\" content=\"@LosPoliticosVer\" \/>\n<meta name=\"twitter:site\" content=\"@LosPoliticosVer\" \/>\n<meta name=\"twitter:label1\" content=\"Escrito por\" \/>\n\t<meta name=\"twitter:data1\" content=\"Lo viste en Los Pol\u00edticos\" \/>\n\t<meta name=\"twitter:label2\" content=\"Tiempo de lectura\" \/>\n\t<meta name=\"twitter:data2\" content=\"4 minutos\" \/>\n<script type=\"application\/ld+json\" class=\"yoast-schema-graph\">{\"@context\":\"https:\\\/\\\/schema.org\",\"@graph\":[{\"@type\":\"Article\",\"@id\":\"https:\\\/\\\/lospoliticosveracruz.com\\\/?p=24894#article\",\"isPartOf\":{\"@id\":\"https:\\\/\\\/lospoliticosveracruz.com\\\/?p=24894\"},\"author\":{\"name\":\"Lo viste en Los Pol\u00edticos\",\"@id\":\"https:\\\/\\\/lospoliticosveracruz.com\\\/#\\\/schema\\\/person\\\/b8702bb0e538456e6efd07080bf2a4a2\"},\"headline\":\"Duarte, las horas contadas\",\"datePublished\":\"2016-08-19T02:14:42+00:00\",\"mainEntityOfPage\":{\"@id\":\"https:\\\/\\\/lospoliticosveracruz.com\\\/?p=24894\"},\"wordCount\":876,\"commentCount\":0,\"publisher\":{\"@id\":\"https:\\\/\\\/lospoliticosveracruz.com\\\/#organization\"},\"keywords\":[\"Enrique Pe\u00f1a Nieto\",\"Francisco Garrido\",\"Javier Duarte de Ochoa\"],\"articleSection\":[\"De Opini\u00f3n\"],\"inLanguage\":\"es\",\"potentialAction\":[{\"@type\":\"CommentAction\",\"name\":\"Comment\",\"target\":[\"https:\\\/\\\/lospoliticosveracruz.com\\\/?p=24894#respond\"]}]},{\"@type\":\"WebPage\",\"@id\":\"https:\\\/\\\/lospoliticosveracruz.com\\\/?p=24894\",\"url\":\"https:\\\/\\\/lospoliticosveracruz.com\\\/?p=24894\",\"name\":\"Duarte, las horas contadas - Los pol\u00edticos Veracruz\",\"isPartOf\":{\"@id\":\"https:\\\/\\\/lospoliticosveracruz.com\\\/#website\"},\"datePublished\":\"2016-08-19T02:14:42+00:00\",\"breadcrumb\":{\"@id\":\"https:\\\/\\\/lospoliticosveracruz.com\\\/?p=24894#breadcrumb\"},\"inLanguage\":\"es\",\"potentialAction\":[{\"@type\":\"ReadAction\",\"target\":[\"https:\\\/\\\/lospoliticosveracruz.com\\\/?p=24894\"]}]},{\"@type\":\"BreadcrumbList\",\"@id\":\"https:\\\/\\\/lospoliticosveracruz.com\\\/?p=24894#breadcrumb\",\"itemListElement\":[{\"@type\":\"ListItem\",\"position\":1,\"name\":\"Portada\",\"item\":\"https:\\\/\\\/lospoliticosveracruz.com\\\/\"},{\"@type\":\"ListItem\",\"position\":2,\"name\":\"Duarte, las horas contadas\"}]},{\"@type\":\"WebSite\",\"@id\":\"https:\\\/\\\/lospoliticosveracruz.com\\\/#website\",\"url\":\"https:\\\/\\\/lospoliticosveracruz.com\\\/\",\"name\":\"Los pol\u00edticos Veracruz\",\"description\":\"\",\"publisher\":{\"@id\":\"https:\\\/\\\/lospoliticosveracruz.com\\\/#organization\"},\"potentialAction\":[{\"@type\":\"SearchAction\",\"target\":{\"@type\":\"EntryPoint\",\"urlTemplate\":\"https:\\\/\\\/lospoliticosveracruz.com\\\/?s={search_term_string}\"},\"query-input\":{\"@type\":\"PropertyValueSpecification\",\"valueRequired\":true,\"valueName\":\"search_term_string\"}}],\"inLanguage\":\"es\"},{\"@type\":\"Organization\",\"@id\":\"https:\\\/\\\/lospoliticosveracruz.com\\\/#organization\",\"name\":\"Los pol\u00edticos Veracruz\",\"url\":\"https:\\\/\\\/lospoliticosveracruz.com\\\/\",\"logo\":{\"@type\":\"ImageObject\",\"inLanguage\":\"es\",\"@id\":\"https:\\\/\\\/lospoliticosveracruz.com\\\/#\\\/schema\\\/logo\\\/image\\\/\",\"url\":\"https:\\\/\\\/lospoliticosveracruz.com\\\/wp-content\\\/uploads\\\/2025\\\/12\\\/Logo-Nuevo-LOS-POLITICOS-1.jpg\",\"contentUrl\":\"https:\\\/\\\/lospoliticosveracruz.com\\\/wp-content\\\/uploads\\\/2025\\\/12\\\/Logo-Nuevo-LOS-POLITICOS-1.jpg\",\"width\":260,\"height\":70,\"caption\":\"Los pol\u00edticos Veracruz\"},\"image\":{\"@id\":\"https:\\\/\\\/lospoliticosveracruz.com\\\/#\\\/schema\\\/logo\\\/image\\\/\"},\"sameAs\":[\"https:\\\/\\\/www.facebook.com\\\/people\\\/Notimemes-de-los-Polticos\\\/61565672886568\\\/\",\"https:\\\/\\\/x.com\\\/LosPoliticosVer\"]},{\"@type\":\"Person\",\"@id\":\"https:\\\/\\\/lospoliticosveracruz.com\\\/#\\\/schema\\\/person\\\/b8702bb0e538456e6efd07080bf2a4a2\",\"name\":\"Lo viste en Los Pol\u00edticos\",\"image\":{\"@type\":\"ImageObject\",\"inLanguage\":\"es\",\"@id\":\"https:\\\/\\\/secure.gravatar.com\\\/avatar\\\/3a8de04a2656d44082be478bd6c086daa447c4651605818287b9532d3d0bd435?s=96&d=mm&r=g\",\"url\":\"https:\\\/\\\/secure.gravatar.com\\\/avatar\\\/3a8de04a2656d44082be478bd6c086daa447c4651605818287b9532d3d0bd435?s=96&d=mm&r=g\",\"contentUrl\":\"https:\\\/\\\/secure.gravatar.com\\\/avatar\\\/3a8de04a2656d44082be478bd6c086daa447c4651605818287b9532d3d0bd435?s=96&d=mm&r=g\",\"caption\":\"Lo viste en Los Pol\u00edticos\"},\"url\":\"https:\\\/\\\/lospoliticosveracruz.com\\\/?author=2\"}]}<\/script>\n<!-- \/ Yoast SEO plugin. -->","yoast_head_json":{"title":"Duarte, las horas contadas - Los pol\u00edticos Veracruz","robots":{"index":"index","follow":"follow","max-snippet":"max-snippet:-1","max-image-preview":"max-image-preview:large","max-video-preview":"max-video-preview:-1"},"canonical":"https:\/\/lospoliticosveracruz.com\/?p=24894","og_locale":"es_ES","og_type":"article","og_title":"Duarte, las horas contadas - Los pol\u00edticos Veracruz","og_description":"Luis Alberto Romero Hora Cero Faltan poco m\u00e1s de 14 semanas, casi 100 d\u00edas para que concluya la presente administraci\u00f3n veracruzana y el escenario para el gobernador Javier Duarte y su m\u00e1s cercano equipo de colaboradores no podr\u00eda ser m\u00e1s oscuro. A los problemas derivados de las revisiones a las cuentas p\u00fablicas que realiza la [&hellip;]","og_url":"https:\/\/lospoliticosveracruz.com\/?p=24894","og_site_name":"Los pol\u00edticos Veracruz","article_publisher":"https:\/\/www.facebook.com\/people\/Notimemes-de-los-Polticos\/61565672886568\/","article_published_time":"2016-08-19T02:14:42+00:00","og_image":[{"width":200,"height":200,"url":"https:\/\/lospoliticosveracruz.com\/wp-content\/uploads\/2016\/07\/Logo-Dor.jpg","type":"image\/jpeg"}],"author":"Lo viste en Los Pol\u00edticos","twitter_card":"summary_large_image","twitter_creator":"@LosPoliticosVer","twitter_site":"@LosPoliticosVer","twitter_misc":{"Escrito por":"Lo viste en Los Pol\u00edticos","Tiempo de lectura":"4 minutos"},"schema":{"@context":"https:\/\/schema.org","@graph":[{"@type":"Article","@id":"https:\/\/lospoliticosveracruz.com\/?p=24894#article","isPartOf":{"@id":"https:\/\/lospoliticosveracruz.com\/?p=24894"},"author":{"name":"Lo viste en Los Pol\u00edticos","@id":"https:\/\/lospoliticosveracruz.com\/#\/schema\/person\/b8702bb0e538456e6efd07080bf2a4a2"},"headline":"Duarte, las horas contadas","datePublished":"2016-08-19T02:14:42+00:00","mainEntityOfPage":{"@id":"https:\/\/lospoliticosveracruz.com\/?p=24894"},"wordCount":876,"commentCount":0,"publisher":{"@id":"https:\/\/lospoliticosveracruz.com\/#organization"},"keywords":["Enrique Pe\u00f1a Nieto","Francisco Garrido","Javier Duarte de Ochoa"],"articleSection":["De Opini\u00f3n"],"inLanguage":"es","potentialAction":[{"@type":"CommentAction","name":"Comment","target":["https:\/\/lospoliticosveracruz.com\/?p=24894#respond"]}]},{"@type":"WebPage","@id":"https:\/\/lospoliticosveracruz.com\/?p=24894","url":"https:\/\/lospoliticosveracruz.com\/?p=24894","name":"Duarte, las horas contadas - Los pol\u00edticos Veracruz","isPartOf":{"@id":"https:\/\/lospoliticosveracruz.com\/#website"},"datePublished":"2016-08-19T02:14:42+00:00","breadcrumb":{"@id":"https:\/\/lospoliticosveracruz.com\/?p=24894#breadcrumb"},"inLanguage":"es","potentialAction":[{"@type":"ReadAction","target":["https:\/\/lospoliticosveracruz.com\/?p=24894"]}]},{"@type":"BreadcrumbList","@id":"https:\/\/lospoliticosveracruz.com\/?p=24894#breadcrumb","itemListElement":[{"@type":"ListItem","position":1,"name":"Portada","item":"https:\/\/lospoliticosveracruz.com\/"},{"@type":"ListItem","position":2,"name":"Duarte, las horas contadas"}]},{"@type":"WebSite","@id":"https:\/\/lospoliticosveracruz.com\/#website","url":"https:\/\/lospoliticosveracruz.com\/","name":"Los pol\u00edticos Veracruz","description":"","publisher":{"@id":"https:\/\/lospoliticosveracruz.com\/#organization"},"potentialAction":[{"@type":"SearchAction","target":{"@type":"EntryPoint","urlTemplate":"https:\/\/lospoliticosveracruz.com\/?s={search_term_string}"},"query-input":{"@type":"PropertyValueSpecification","valueRequired":true,"valueName":"search_term_string"}}],"inLanguage":"es"},{"@type":"Organization","@id":"https:\/\/lospoliticosveracruz.com\/#organization","name":"Los pol\u00edticos Veracruz","url":"https:\/\/lospoliticosveracruz.com\/","logo":{"@type":"ImageObject","inLanguage":"es","@id":"https:\/\/lospoliticosveracruz.com\/#\/schema\/logo\/image\/","url":"https:\/\/lospoliticosveracruz.com\/wp-content\/uploads\/2025\/12\/Logo-Nuevo-LOS-POLITICOS-1.jpg","contentUrl":"https:\/\/lospoliticosveracruz.com\/wp-content\/uploads\/2025\/12\/Logo-Nuevo-LOS-POLITICOS-1.jpg","width":260,"height":70,"caption":"Los pol\u00edticos Veracruz"},"image":{"@id":"https:\/\/lospoliticosveracruz.com\/#\/schema\/logo\/image\/"},"sameAs":["https:\/\/www.facebook.com\/people\/Notimemes-de-los-Polticos\/61565672886568\/","https:\/\/x.com\/LosPoliticosVer"]},{"@type":"Person","@id":"https:\/\/lospoliticosveracruz.com\/#\/schema\/person\/b8702bb0e538456e6efd07080bf2a4a2","name":"Lo viste en Los Pol\u00edticos","image":{"@type":"ImageObject","inLanguage":"es","@id":"https:\/\/secure.gravatar.com\/avatar\/3a8de04a2656d44082be478bd6c086daa447c4651605818287b9532d3d0bd435?s=96&d=mm&r=g","url":"https:\/\/secure.gravatar.com\/avatar\/3a8de04a2656d44082be478bd6c086daa447c4651605818287b9532d3d0bd435?s=96&d=mm&r=g","contentUrl":"https:\/\/secure.gravatar.com\/avatar\/3a8de04a2656d44082be478bd6c086daa447c4651605818287b9532d3d0bd435?s=96&d=mm&r=g","caption":"Lo viste en Los Pol\u00edticos"},"url":"https:\/\/lospoliticosveracruz.com\/?author=2"}]}},"_links":{"self":[{"href":"https:\/\/lospoliticosveracruz.com\/index.php?rest_route=\/wp\/v2\/posts\/24894","targetHints":{"allow":["GET"]}}],"collection":[{"href":"https:\/\/lospoliticosveracruz.com\/index.php?rest_route=\/wp\/v2\/posts"}],"about":[{"href":"https:\/\/lospoliticosveracruz.com\/index.php?rest_route=\/wp\/v2\/types\/post"}],"author":[{"embeddable":true,"href":"https:\/\/lospoliticosveracruz.com\/index.php?rest_route=\/wp\/v2\/users\/2"}],"replies":[{"embeddable":true,"href":"https:\/\/lospoliticosveracruz.com\/index.php?rest_route=%2Fwp%2Fv2%2Fcomments&post=24894"}],"version-history":[{"count":1,"href":"https:\/\/lospoliticosveracruz.com\/index.php?rest_route=\/wp\/v2\/posts\/24894\/revisions"}],"predecessor-version":[{"id":24895,"href":"https:\/\/lospoliticosveracruz.com\/index.php?rest_route=\/wp\/v2\/posts\/24894\/revisions\/24895"}],"wp:attachment":[{"href":"https:\/\/lospoliticosveracruz.com\/index.php?rest_route=%2Fwp%2Fv2%2Fmedia&parent=24894"}],"wp:term":[{"taxonomy":"category","embeddable":true,"href":"https:\/\/lospoliticosveracruz.com\/index.php?rest_route=%2Fwp%2Fv2%2Fcategories&post=24894"},{"taxonomy":"post_tag","embeddable":true,"href":"https:\/\/lospoliticosveracruz.com\/index.php?rest_route=%2Fwp%2Fv2%2Ftags&post=24894"}],"curies":[{"name":"wp","href":"https:\/\/api.w.org\/{rel}","templated":true}]}}