{"id":24941,"date":"2016-08-21T16:50:38","date_gmt":"2016-08-21T21:50:38","guid":{"rendered":"http:\/\/www.lospoliticosveracruz.com.mx\/?p=24941"},"modified":"2016-08-21T16:52:34","modified_gmt":"2016-08-21T21:52:34","slug":"digitalee-volviendo-a-la-biblioteca","status":"publish","type":"post","link":"https:\/\/lospoliticosveracruz.com\/?p=24941","title":{"rendered":"DigitaLee: Volviendo a la biblioteca"},"content":{"rendered":"<p>Cecilia Mu\u00f1oz<\/p>\n<p>Polisemia<\/p>\n<p>&nbsp;<\/p>\n<p>De ni\u00f1a, nunca fui usuaria de la biblioteca. Nunca tuve una credencial que me permitiera acudir a alguna y sacar libros por montones. Y como rata de biblioteca infantil, aquello me produc\u00eda un inmenso pesar. Era como si no tuviera una acreditaci\u00f3n que me permitiera validarme como parte del \u201cclub de los lectores empedernidos\u201d.<\/p>\n<p>La verdad es que tampoco necesitaba ir a la biblioteca para leer. En mi hogar ten\u00eda suficientes libros: los regalados y los olvidados por mis padres. Y de paso, tambi\u00e9n ten\u00eda acceso a una colecci\u00f3n enorme de literatura en la casa de mis abuelos\u2026 Ciertamente ten\u00eda que entrar a esa peque\u00f1a gran biblioteca a hurtadillas y hacer como \u201cLa ladrona de libros\u201d, pero al menos eso le a\u00f1ad\u00eda emoci\u00f3n a la experiencia. Aun as\u00ed, persist\u00eda mi pesar.<\/p>\n<p>Esta semana he recordado y aliviado mis penas infantiles cuando, por fin, me he registrado como usuaria de una biblioteca por puro placer. \u00bfLa Carlos Fuentes? \u00bfLa Biblioteca de la Ciudad? \u00a1No! Hoy hablo de DigitaLee, la biblioteca virtual de la Secretar\u00eda de Cultura.<\/p>\n<p>DigitaLee funciona como cualquier otro acervo de libros electr\u00f3nicos que hay en Internet: textos digitalizados para el consumo del usuario, sin precio alguno. La diferencia es que este proyecto realmente parece querer recuperar la experiencia de ir a la biblioteca, pero ahora desde la comodidad del hogar. Esto significa que es necesario pasar por un registro para volverse usuario y que los libros, a diferencia de otros servicios, s\u00f3lo son prestados. Si a usted le causa escozor descargar libros de forma ilegal, pero tampoco tiene las posibilidades para comprarlos, DigitaLee es su mejor opci\u00f3n.<\/p>\n<p>Como en cualquier biblioteca, a veces los libros no est\u00e1n disponibles, por lo que es necesario reservarlos. Una vez hecha la reservaci\u00f3n, s\u00f3lo queda esperar al correo que nos indique que nuestro libro est\u00e1 disponible para ser le\u00eddo. A partir de ah\u00ed, contamos con 21 d\u00edas para acabarlo y \u201cdevolverlo\u201d. Pero tambi\u00e9n es posible renovar el pr\u00e9stamo.<\/p>\n<p>A los libros prestados se puede acceder desde la p\u00e1gina web <a href=\"http:\/\/www.digitalee.mx\">http:\/\/www.digitalee.mx<\/a>\/ o bien, desde una app disponible tanto para IOS o Android. Personalmente, puedo recomendar sin dudas la app de IOS, que permite la lectura como si de un epub se tratara, con opciones para aumentar o disminuir el tama\u00f1o de la letra, as\u00ed como para elegir el modo de visualizaci\u00f3n: d\u00eda, noche y sepia.<\/p>\n<p>Lamentablemente, DigitaLee no se salva de tener algunos peque\u00f1os fallos. El primero de ellos es que los lectores m\u00e1s exigentes seguir\u00e1n sin poder encontrar ciertas obras, quiz\u00e1s m\u00e1s especializadas o menos famosas (los best sellers del momento, eso s\u00ed, est\u00e1n ah\u00ed). El segundo es que, aunque se puede reservar un libro que ya est\u00e1 en pr\u00e9stamo, no se indica cu\u00e1ndo, aproximadamente, ya estar\u00e1 disponible; esto, sin embargo, no tiene por qu\u00e9 ser directamente una molestia, dependiendo del optimismo de cada lector. El tercero es meramente una consideraci\u00f3n personal: si bien se puede subrayar en la app de IOS, el subrayado s\u00f3lo puede realizarse en verde fosforito, pasable de d\u00eda, pero insoportable de noche.<\/p>\n<p>Y a\u00f1adir\u00eda uno m\u00e1s: como en los viejos tiempos, los libros de DigitaLee son susceptibles a la copia ilegal, siempre y cuando el lector tenga la suficiente paciencia para tomar screenshot de cada p\u00e1gina y despu\u00e9s exportar cada una a PDF. Si la idea de abrir una biblioteca virtual en los t\u00e9rminos de DigitaLee era reducir la pirater\u00eda de libros, el riesgo a\u00fan est\u00e1 ah\u00ed\u2026<\/p>\n<p>Pero por el momento, no puedo quejarme. DigitaLee es una excelente opci\u00f3n para explorar novedades y otros textos que podr\u00edan resultar interesantes, sin tener que andar dando vueltas por la ciudad para recoger y devolver el libro. Adem\u00e1s, \u00a1hasta encontr\u00e9 un libro que quer\u00eda y que mi cartera no me ha dejado comprar!<\/p>\n<p>polisemia@outlook.es<\/p>\n","protected":false},"excerpt":{"rendered":"<p>Cecilia Mu\u00f1oz Polisemia &nbsp; De ni\u00f1a, nunca fui usuaria de la biblioteca. Nunca tuve una credencial que me permitiera acudir a alguna y sacar libros por montones. Y como rata de biblioteca infantil, aquello me produc\u00eda un inmenso pesar. Era como si no tuviera una acreditaci\u00f3n que me permitiera validarme como parte del \u201cclub de [&hellip;]<\/p>\n","protected":false},"author":2,"featured_media":0,"comment_status":"open","ping_status":"open","sticky":false,"template":"","format":"standard","meta":{"tdm_status":"","tdm_grid_status":"","footnotes":""},"categories":[75],"tags":[6041,3377],"class_list":{"0":"post-24941","1":"post","2":"type-post","3":"status-publish","4":"format-standard","6":"category-cine-libros-y-mas","7":"tag-digitalee","8":"tag-secretaria-de-cultura"},"yoast_head":"<!-- This site is optimized with the Yoast SEO plugin v27.4 - https:\/\/yoast.com\/product\/yoast-seo-wordpress\/ -->\n<title>DigitaLee: Volviendo a la biblioteca - Los pol\u00edticos Veracruz<\/title>\n<meta name=\"robots\" content=\"index, follow, max-snippet:-1, max-image-preview:large, max-video-preview:-1\" \/>\n<link rel=\"canonical\" href=\"https:\/\/lospoliticosveracruz.com\/?p=24941\" \/>\n<meta property=\"og:locale\" content=\"es_ES\" \/>\n<meta property=\"og:type\" content=\"article\" \/>\n<meta property=\"og:title\" content=\"DigitaLee: Volviendo a la biblioteca - Los pol\u00edticos Veracruz\" \/>\n<meta property=\"og:description\" content=\"Cecilia Mu\u00f1oz Polisemia &nbsp; De ni\u00f1a, nunca fui usuaria de la biblioteca. Nunca tuve una credencial que me permitiera acudir a alguna y sacar libros por montones. Y como rata de biblioteca infantil, aquello me produc\u00eda un inmenso pesar. Era como si no tuviera una acreditaci\u00f3n que me permitiera validarme como parte del \u201cclub de [&hellip;]\" \/>\n<meta property=\"og:url\" content=\"https:\/\/lospoliticosveracruz.com\/?p=24941\" \/>\n<meta property=\"og:site_name\" content=\"Los pol\u00edticos Veracruz\" \/>\n<meta property=\"article:publisher\" content=\"https:\/\/www.facebook.com\/people\/Notimemes-de-los-Polticos\/61565672886568\/\" \/>\n<meta property=\"article:published_time\" content=\"2016-08-21T21:50:38+00:00\" \/>\n<meta property=\"article:modified_time\" content=\"2016-08-21T21:52:34+00:00\" \/>\n<meta property=\"og:image\" content=\"https:\/\/lospoliticosveracruz.com\/wp-content\/uploads\/2016\/07\/Logo-Dor.jpg\" \/>\n\t<meta property=\"og:image:width\" content=\"200\" \/>\n\t<meta property=\"og:image:height\" content=\"200\" \/>\n\t<meta property=\"og:image:type\" content=\"image\/jpeg\" \/>\n<meta name=\"author\" content=\"Lo viste en Los Pol\u00edticos\" \/>\n<meta name=\"twitter:card\" content=\"summary_large_image\" \/>\n<meta name=\"twitter:creator\" content=\"@LosPoliticosVer\" \/>\n<meta name=\"twitter:site\" content=\"@LosPoliticosVer\" \/>\n<meta name=\"twitter:label1\" content=\"Escrito por\" \/>\n\t<meta name=\"twitter:data1\" content=\"Lo viste en Los Pol\u00edticos\" \/>\n\t<meta name=\"twitter:label2\" content=\"Tiempo de lectura\" \/>\n\t<meta name=\"twitter:data2\" content=\"3 minutos\" \/>\n<script type=\"application\/ld+json\" class=\"yoast-schema-graph\">{\"@context\":\"https:\\\/\\\/schema.org\",\"@graph\":[{\"@type\":\"Article\",\"@id\":\"https:\\\/\\\/lospoliticosveracruz.com\\\/?p=24941#article\",\"isPartOf\":{\"@id\":\"https:\\\/\\\/lospoliticosveracruz.com\\\/?p=24941\"},\"author\":{\"name\":\"Lo viste en Los Pol\u00edticos\",\"@id\":\"https:\\\/\\\/lospoliticosveracruz.com\\\/#\\\/schema\\\/person\\\/b8702bb0e538456e6efd07080bf2a4a2\"},\"headline\":\"DigitaLee: Volviendo a la biblioteca\",\"datePublished\":\"2016-08-21T21:50:38+00:00\",\"dateModified\":\"2016-08-21T21:52:34+00:00\",\"mainEntityOfPage\":{\"@id\":\"https:\\\/\\\/lospoliticosveracruz.com\\\/?p=24941\"},\"wordCount\":689,\"commentCount\":0,\"publisher\":{\"@id\":\"https:\\\/\\\/lospoliticosveracruz.com\\\/#organization\"},\"keywords\":[\"Digitalee\",\"Secretar\u00eda de Cultura\"],\"articleSection\":[\"Cine, Libros y m\u00e1s\"],\"inLanguage\":\"es\",\"potentialAction\":[{\"@type\":\"CommentAction\",\"name\":\"Comment\",\"target\":[\"https:\\\/\\\/lospoliticosveracruz.com\\\/?p=24941#respond\"]}]},{\"@type\":\"WebPage\",\"@id\":\"https:\\\/\\\/lospoliticosveracruz.com\\\/?p=24941\",\"url\":\"https:\\\/\\\/lospoliticosveracruz.com\\\/?p=24941\",\"name\":\"DigitaLee: Volviendo a la biblioteca - Los pol\u00edticos Veracruz\",\"isPartOf\":{\"@id\":\"https:\\\/\\\/lospoliticosveracruz.com\\\/#website\"},\"datePublished\":\"2016-08-21T21:50:38+00:00\",\"dateModified\":\"2016-08-21T21:52:34+00:00\",\"breadcrumb\":{\"@id\":\"https:\\\/\\\/lospoliticosveracruz.com\\\/?p=24941#breadcrumb\"},\"inLanguage\":\"es\",\"potentialAction\":[{\"@type\":\"ReadAction\",\"target\":[\"https:\\\/\\\/lospoliticosveracruz.com\\\/?p=24941\"]}]},{\"@type\":\"BreadcrumbList\",\"@id\":\"https:\\\/\\\/lospoliticosveracruz.com\\\/?p=24941#breadcrumb\",\"itemListElement\":[{\"@type\":\"ListItem\",\"position\":1,\"name\":\"Portada\",\"item\":\"https:\\\/\\\/lospoliticosveracruz.com\\\/\"},{\"@type\":\"ListItem\",\"position\":2,\"name\":\"DigitaLee: Volviendo a la biblioteca\"}]},{\"@type\":\"WebSite\",\"@id\":\"https:\\\/\\\/lospoliticosveracruz.com\\\/#website\",\"url\":\"https:\\\/\\\/lospoliticosveracruz.com\\\/\",\"name\":\"Los pol\u00edticos Veracruz\",\"description\":\"\",\"publisher\":{\"@id\":\"https:\\\/\\\/lospoliticosveracruz.com\\\/#organization\"},\"potentialAction\":[{\"@type\":\"SearchAction\",\"target\":{\"@type\":\"EntryPoint\",\"urlTemplate\":\"https:\\\/\\\/lospoliticosveracruz.com\\\/?s={search_term_string}\"},\"query-input\":{\"@type\":\"PropertyValueSpecification\",\"valueRequired\":true,\"valueName\":\"search_term_string\"}}],\"inLanguage\":\"es\"},{\"@type\":\"Organization\",\"@id\":\"https:\\\/\\\/lospoliticosveracruz.com\\\/#organization\",\"name\":\"Los pol\u00edticos Veracruz\",\"url\":\"https:\\\/\\\/lospoliticosveracruz.com\\\/\",\"logo\":{\"@type\":\"ImageObject\",\"inLanguage\":\"es\",\"@id\":\"https:\\\/\\\/lospoliticosveracruz.com\\\/#\\\/schema\\\/logo\\\/image\\\/\",\"url\":\"https:\\\/\\\/lospoliticosveracruz.com\\\/wp-content\\\/uploads\\\/2025\\\/12\\\/Logo-Nuevo-LOS-POLITICOS-1.jpg\",\"contentUrl\":\"https:\\\/\\\/lospoliticosveracruz.com\\\/wp-content\\\/uploads\\\/2025\\\/12\\\/Logo-Nuevo-LOS-POLITICOS-1.jpg\",\"width\":260,\"height\":70,\"caption\":\"Los pol\u00edticos Veracruz\"},\"image\":{\"@id\":\"https:\\\/\\\/lospoliticosveracruz.com\\\/#\\\/schema\\\/logo\\\/image\\\/\"},\"sameAs\":[\"https:\\\/\\\/www.facebook.com\\\/people\\\/Notimemes-de-los-Polticos\\\/61565672886568\\\/\",\"https:\\\/\\\/x.com\\\/LosPoliticosVer\"]},{\"@type\":\"Person\",\"@id\":\"https:\\\/\\\/lospoliticosveracruz.com\\\/#\\\/schema\\\/person\\\/b8702bb0e538456e6efd07080bf2a4a2\",\"name\":\"Lo viste en Los Pol\u00edticos\",\"image\":{\"@type\":\"ImageObject\",\"inLanguage\":\"es\",\"@id\":\"https:\\\/\\\/secure.gravatar.com\\\/avatar\\\/3a8de04a2656d44082be478bd6c086daa447c4651605818287b9532d3d0bd435?s=96&d=mm&r=g\",\"url\":\"https:\\\/\\\/secure.gravatar.com\\\/avatar\\\/3a8de04a2656d44082be478bd6c086daa447c4651605818287b9532d3d0bd435?s=96&d=mm&r=g\",\"contentUrl\":\"https:\\\/\\\/secure.gravatar.com\\\/avatar\\\/3a8de04a2656d44082be478bd6c086daa447c4651605818287b9532d3d0bd435?s=96&d=mm&r=g\",\"caption\":\"Lo viste en Los Pol\u00edticos\"},\"url\":\"https:\\\/\\\/lospoliticosveracruz.com\\\/?author=2\"}]}<\/script>\n<!-- \/ Yoast SEO plugin. -->","yoast_head_json":{"title":"DigitaLee: Volviendo a la biblioteca - Los pol\u00edticos Veracruz","robots":{"index":"index","follow":"follow","max-snippet":"max-snippet:-1","max-image-preview":"max-image-preview:large","max-video-preview":"max-video-preview:-1"},"canonical":"https:\/\/lospoliticosveracruz.com\/?p=24941","og_locale":"es_ES","og_type":"article","og_title":"DigitaLee: Volviendo a la biblioteca - Los pol\u00edticos Veracruz","og_description":"Cecilia Mu\u00f1oz Polisemia &nbsp; De ni\u00f1a, nunca fui usuaria de la biblioteca. Nunca tuve una credencial que me permitiera acudir a alguna y sacar libros por montones. Y como rata de biblioteca infantil, aquello me produc\u00eda un inmenso pesar. Era como si no tuviera una acreditaci\u00f3n que me permitiera validarme como parte del \u201cclub de [&hellip;]","og_url":"https:\/\/lospoliticosveracruz.com\/?p=24941","og_site_name":"Los pol\u00edticos Veracruz","article_publisher":"https:\/\/www.facebook.com\/people\/Notimemes-de-los-Polticos\/61565672886568\/","article_published_time":"2016-08-21T21:50:38+00:00","article_modified_time":"2016-08-21T21:52:34+00:00","og_image":[{"width":200,"height":200,"url":"https:\/\/lospoliticosveracruz.com\/wp-content\/uploads\/2016\/07\/Logo-Dor.jpg","type":"image\/jpeg"}],"author":"Lo viste en Los Pol\u00edticos","twitter_card":"summary_large_image","twitter_creator":"@LosPoliticosVer","twitter_site":"@LosPoliticosVer","twitter_misc":{"Escrito por":"Lo viste en Los Pol\u00edticos","Tiempo de lectura":"3 minutos"},"schema":{"@context":"https:\/\/schema.org","@graph":[{"@type":"Article","@id":"https:\/\/lospoliticosveracruz.com\/?p=24941#article","isPartOf":{"@id":"https:\/\/lospoliticosveracruz.com\/?p=24941"},"author":{"name":"Lo viste en Los Pol\u00edticos","@id":"https:\/\/lospoliticosveracruz.com\/#\/schema\/person\/b8702bb0e538456e6efd07080bf2a4a2"},"headline":"DigitaLee: Volviendo a la biblioteca","datePublished":"2016-08-21T21:50:38+00:00","dateModified":"2016-08-21T21:52:34+00:00","mainEntityOfPage":{"@id":"https:\/\/lospoliticosveracruz.com\/?p=24941"},"wordCount":689,"commentCount":0,"publisher":{"@id":"https:\/\/lospoliticosveracruz.com\/#organization"},"keywords":["Digitalee","Secretar\u00eda de Cultura"],"articleSection":["Cine, Libros y m\u00e1s"],"inLanguage":"es","potentialAction":[{"@type":"CommentAction","name":"Comment","target":["https:\/\/lospoliticosveracruz.com\/?p=24941#respond"]}]},{"@type":"WebPage","@id":"https:\/\/lospoliticosveracruz.com\/?p=24941","url":"https:\/\/lospoliticosveracruz.com\/?p=24941","name":"DigitaLee: Volviendo a la biblioteca - Los pol\u00edticos Veracruz","isPartOf":{"@id":"https:\/\/lospoliticosveracruz.com\/#website"},"datePublished":"2016-08-21T21:50:38+00:00","dateModified":"2016-08-21T21:52:34+00:00","breadcrumb":{"@id":"https:\/\/lospoliticosveracruz.com\/?p=24941#breadcrumb"},"inLanguage":"es","potentialAction":[{"@type":"ReadAction","target":["https:\/\/lospoliticosveracruz.com\/?p=24941"]}]},{"@type":"BreadcrumbList","@id":"https:\/\/lospoliticosveracruz.com\/?p=24941#breadcrumb","itemListElement":[{"@type":"ListItem","position":1,"name":"Portada","item":"https:\/\/lospoliticosveracruz.com\/"},{"@type":"ListItem","position":2,"name":"DigitaLee: Volviendo a la biblioteca"}]},{"@type":"WebSite","@id":"https:\/\/lospoliticosveracruz.com\/#website","url":"https:\/\/lospoliticosveracruz.com\/","name":"Los pol\u00edticos Veracruz","description":"","publisher":{"@id":"https:\/\/lospoliticosveracruz.com\/#organization"},"potentialAction":[{"@type":"SearchAction","target":{"@type":"EntryPoint","urlTemplate":"https:\/\/lospoliticosveracruz.com\/?s={search_term_string}"},"query-input":{"@type":"PropertyValueSpecification","valueRequired":true,"valueName":"search_term_string"}}],"inLanguage":"es"},{"@type":"Organization","@id":"https:\/\/lospoliticosveracruz.com\/#organization","name":"Los pol\u00edticos Veracruz","url":"https:\/\/lospoliticosveracruz.com\/","logo":{"@type":"ImageObject","inLanguage":"es","@id":"https:\/\/lospoliticosveracruz.com\/#\/schema\/logo\/image\/","url":"https:\/\/lospoliticosveracruz.com\/wp-content\/uploads\/2025\/12\/Logo-Nuevo-LOS-POLITICOS-1.jpg","contentUrl":"https:\/\/lospoliticosveracruz.com\/wp-content\/uploads\/2025\/12\/Logo-Nuevo-LOS-POLITICOS-1.jpg","width":260,"height":70,"caption":"Los pol\u00edticos Veracruz"},"image":{"@id":"https:\/\/lospoliticosveracruz.com\/#\/schema\/logo\/image\/"},"sameAs":["https:\/\/www.facebook.com\/people\/Notimemes-de-los-Polticos\/61565672886568\/","https:\/\/x.com\/LosPoliticosVer"]},{"@type":"Person","@id":"https:\/\/lospoliticosveracruz.com\/#\/schema\/person\/b8702bb0e538456e6efd07080bf2a4a2","name":"Lo viste en Los Pol\u00edticos","image":{"@type":"ImageObject","inLanguage":"es","@id":"https:\/\/secure.gravatar.com\/avatar\/3a8de04a2656d44082be478bd6c086daa447c4651605818287b9532d3d0bd435?s=96&d=mm&r=g","url":"https:\/\/secure.gravatar.com\/avatar\/3a8de04a2656d44082be478bd6c086daa447c4651605818287b9532d3d0bd435?s=96&d=mm&r=g","contentUrl":"https:\/\/secure.gravatar.com\/avatar\/3a8de04a2656d44082be478bd6c086daa447c4651605818287b9532d3d0bd435?s=96&d=mm&r=g","caption":"Lo viste en Los Pol\u00edticos"},"url":"https:\/\/lospoliticosveracruz.com\/?author=2"}]}},"_links":{"self":[{"href":"https:\/\/lospoliticosveracruz.com\/index.php?rest_route=\/wp\/v2\/posts\/24941","targetHints":{"allow":["GET"]}}],"collection":[{"href":"https:\/\/lospoliticosveracruz.com\/index.php?rest_route=\/wp\/v2\/posts"}],"about":[{"href":"https:\/\/lospoliticosveracruz.com\/index.php?rest_route=\/wp\/v2\/types\/post"}],"author":[{"embeddable":true,"href":"https:\/\/lospoliticosveracruz.com\/index.php?rest_route=\/wp\/v2\/users\/2"}],"replies":[{"embeddable":true,"href":"https:\/\/lospoliticosveracruz.com\/index.php?rest_route=%2Fwp%2Fv2%2Fcomments&post=24941"}],"version-history":[{"count":2,"href":"https:\/\/lospoliticosveracruz.com\/index.php?rest_route=\/wp\/v2\/posts\/24941\/revisions"}],"predecessor-version":[{"id":24944,"href":"https:\/\/lospoliticosveracruz.com\/index.php?rest_route=\/wp\/v2\/posts\/24941\/revisions\/24944"}],"wp:attachment":[{"href":"https:\/\/lospoliticosveracruz.com\/index.php?rest_route=%2Fwp%2Fv2%2Fmedia&parent=24941"}],"wp:term":[{"taxonomy":"category","embeddable":true,"href":"https:\/\/lospoliticosveracruz.com\/index.php?rest_route=%2Fwp%2Fv2%2Fcategories&post=24941"},{"taxonomy":"post_tag","embeddable":true,"href":"https:\/\/lospoliticosveracruz.com\/index.php?rest_route=%2Fwp%2Fv2%2Ftags&post=24941"}],"curies":[{"name":"wp","href":"https:\/\/api.w.org\/{rel}","templated":true}]}}