{"id":24946,"date":"2016-08-21T20:20:26","date_gmt":"2016-08-22T01:20:26","guid":{"rendered":"http:\/\/www.lospoliticosveracruz.com.mx\/?p=24946"},"modified":"2016-08-21T20:20:26","modified_gmt":"2016-08-22T01:20:26","slug":"vicho-mucho-ayuda","status":"publish","type":"post","link":"https:\/\/lospoliticosveracruz.com\/?p=24946","title":{"rendered":"Vicho, mucho ayuda&#8230;"},"content":{"rendered":"<p dir=\"ltr\"><strong>Salvador Mu\u00f1oz<\/strong><\/p>\n<p dir=\"ltr\"><em>Los Pol\u00edticos<\/em><\/p>\n<p>&nbsp;<\/p>\n<p dir=\"ltr\">Hay cuatro versiones respecto a la solicitud de licencia de David Velasco Chedraui para separarse del cargo de diputado local por el distrito de Xalapa durante quince d\u00edas\u2026<\/p>\n<p dir=\"ltr\">La primera versi\u00f3n es que fue \u201camenazado\u201d desde Palacio de Gobierno en aras de que el pasado jueves, habr\u00eda de votarse el nombramiento de tres magistrados\u2026 por supuesto, no deja de ser una buena puntada de los apologistas \u201cvichianos\u201d.<\/p>\n<p dir=\"ltr\">La segunda versi\u00f3n habla de que como anda enamorado, Vicho Velasco simplemente decidi\u00f3 irse con su novia a dar la vuelta a donde \u201cles alcance el presupuesto\u201d. Una versi\u00f3n alterna a este segundo punto est\u00e1 en que opt\u00f3 por estar con sus hijos a sabiendas de que ya vuelven a clases, pero los tiempos como que no cuadran con el lapso que pidi\u00f3 y con el ciclo escolar&#8230;<\/p>\n<p dir=\"ltr\">La tercera versi\u00f3n habla de que fue por motivos de salud para acudir con el m\u00e9dico que recientemente le hizo algo de \u201chojalater\u00eda y pintura\u201d donde, dicen, no me crean, anduvo un poquillo mal.<\/p>\n<p dir=\"ltr\">La cuarta versi\u00f3n dice que simplemente no quiso asumir su responsabilidad, como lo ha venido haciendo recurrentemente en pasadas sesiones donde al tomar una decisi\u00f3n a la hora de votar, opta por la abstenci\u00f3n.<\/p>\n<p dir=\"ltr\">II<\/p>\n<p dir=\"ltr\">En la primera versi\u00f3n, en lo particular, es totalmente absurda esa hip\u00f3tesis de que haya sido amenazado porque al final, Vicho Velasco no deja de ser parte de un clan familiar que se quiera o no, es el motor empresarial que da vida a Xalapa y que adem\u00e1s extiende sus ramas a muchos puntos del estado, del pa\u00eds y fuera de \u00e9ste\u2026 \u00a1vamos! quien se mete con los Chedraui es ponerse con Sans\u00f3n a las patadas\u2026 \u00bfquien se mete con Vicho es meterse con sansonsito a los puntapi\u00e9s?<\/p>\n<p dir=\"ltr\">En la segunda versi\u00f3n, s\u00ed, me inclino m\u00e1s a que ande de enamorado\u2026<\/p>\n<p dir=\"ltr\">En la tercera versi\u00f3n igual se me hace razonable\u2026 baste echarle un ojito de perfil al gal\u00e1n de medio centenario, y se ver\u00e1 que perdi\u00f3 papada y algunas arrugas. Por cierto, dicen que tras la operaci\u00f3n de papada, al d\u00eda siguiente, Vicho parec\u00eda Fragata, s\u00ed, esa ave que es capaz de hinchar su saco gular para atraer a la hembra pero lejos estaba Velasco Chedraui de atraer a alguna mujer aunque s\u00ed fue m\u00e1s f\u00e1cil traer al m\u00e9dico quien le explic\u00f3 lo que le pas\u00f3: Se le olvid\u00f3 decirle que ten\u00eda que vendarse la cabeza a manera de sujetar la papada\u2026 entonces, bien pudo tomarse unas ligeras vacaciones para hacerse un chequeo m\u00e9dico.<\/p>\n<p dir=\"ltr\">La cuarta versi\u00f3n es la m\u00e1s cre\u00edble, m\u00e1s cuando entre los propios diputados del PRI, Verde y dem\u00e1s aliados, que si bien pueden respetar su posici\u00f3n a la hora de votar, m\u00e1s le hubieran reconocido un voto en contra que una abstenci\u00f3n, donde no est\u00e1 ni con el partido, ni contra el partido y lo peor, ni con la sociedad\u2026 pero pareciera que s\u00ed a su conveniencia, guardando las formas con el pr\u00f3ximo Gobernador.<\/p>\n<p dir=\"ltr\">III<\/p>\n<p dir=\"ltr\">Pero no ha pasado una semana de que pidi\u00f3 licencia Vicho Velasco Chedraui, cuando se dice en el Congreso local que es posible que este lunes presente su solicitud para incorporarse lo m\u00e1s pronto posible de nuevo como diputado\u2026<\/p>\n<p dir=\"ltr\">Por supuesto, en cuanto los diputados del PRI, Verde y aliados supieron de ello, parec\u00eda que descubr\u00edan una nueva faceta del empresario: \u201ccomediante involuntario\u201d. Por ello, entre algunos se empez\u00f3 a formular una pregunta: \u201c\u00bfPara qu\u00e9 va a regresar, si nunca sube a Tribuna, si nunca debate y por supuesto, si nunca apoya?\u201d<\/p>\n<p dir=\"ltr\">S\u00ed, pueden decir que en la misma posici\u00f3n \u00a0se encuentra Ricardo Ahued salvo por una diferencia muy clara: el de los pl\u00e1sticos tiene y le sobra algo de lo que carece Velasco Chedraui: Criterio propio\u2026 y no est\u00e1 sujeto a que \u201cla familia est\u00e9 de acuerdo\u201d.<\/p>\n<p dir=\"ltr\">\u00bfA qu\u00e9 regresa Vicho? \u00bfA asegurar su aguinaldo? estoy seguro que en la fracci\u00f3n parlamentaria del PRI se lo dar\u00edan con gusto si con ello se dedica ya de lleno a sus negocios, pues hoy, dadas las circunstancias por las que atraviesa el PRI, tan f\u00e1cil es aplicarle a David aquel adagio que le cae como anillo al dedo: \u201cmucho ayuda el que no estorba\u201d&#8230; \u00bfPara qu\u00e9 regresa?<\/p>\n<p>&nbsp;<\/p>\n<p dir=\"ltr\"><a href=\"mailto:smcainito@gmail.com\">smcainito@gmail.com<\/a><\/p>\n","protected":false},"excerpt":{"rendered":"<p>Salvador Mu\u00f1oz Los Pol\u00edticos &nbsp; Hay cuatro versiones respecto a la solicitud de licencia de David Velasco Chedraui para separarse del cargo de diputado local por el distrito de Xalapa durante quince d\u00edas\u2026 La primera versi\u00f3n es que fue \u201camenazado\u201d desde Palacio de Gobierno en aras de que el pasado jueves, habr\u00eda de votarse el [&hellip;]<\/p>\n","protected":false},"author":2,"featured_media":0,"comment_status":"open","ping_status":"open","sticky":false,"template":"","format":"standard","meta":{"tdm_status":"","tdm_grid_status":"","footnotes":""},"categories":[70],"tags":[1273,251,6043],"class_list":{"0":"post-24946","1":"post","2":"type-post","3":"status-publish","4":"format-standard","6":"category-de-opinion","7":"tag-david-velasco","8":"tag-pri","9":"tag-separarse-del-cargo"},"yoast_head":"<!-- This site is optimized with the Yoast SEO plugin v27.4 - https:\/\/yoast.com\/product\/yoast-seo-wordpress\/ -->\n<title>Vicho, mucho ayuda... - Los pol\u00edticos Veracruz<\/title>\n<meta name=\"robots\" content=\"index, follow, max-snippet:-1, max-image-preview:large, max-video-preview:-1\" \/>\n<link rel=\"canonical\" href=\"https:\/\/lospoliticosveracruz.com\/?p=24946\" \/>\n<meta property=\"og:locale\" content=\"es_ES\" \/>\n<meta property=\"og:type\" content=\"article\" \/>\n<meta property=\"og:title\" content=\"Vicho, mucho ayuda... - Los pol\u00edticos Veracruz\" \/>\n<meta property=\"og:description\" content=\"Salvador Mu\u00f1oz Los Pol\u00edticos &nbsp; Hay cuatro versiones respecto a la solicitud de licencia de David Velasco Chedraui para separarse del cargo de diputado local por el distrito de Xalapa durante quince d\u00edas\u2026 La primera versi\u00f3n es que fue \u201camenazado\u201d desde Palacio de Gobierno en aras de que el pasado jueves, habr\u00eda de votarse el [&hellip;]\" \/>\n<meta property=\"og:url\" content=\"https:\/\/lospoliticosveracruz.com\/?p=24946\" \/>\n<meta property=\"og:site_name\" content=\"Los pol\u00edticos Veracruz\" \/>\n<meta property=\"article:publisher\" content=\"https:\/\/www.facebook.com\/people\/Notimemes-de-los-Polticos\/61565672886568\/\" \/>\n<meta property=\"article:published_time\" content=\"2016-08-22T01:20:26+00:00\" \/>\n<meta property=\"og:image\" content=\"https:\/\/lospoliticosveracruz.com\/wp-content\/uploads\/2016\/07\/Logo-Dor.jpg\" \/>\n\t<meta property=\"og:image:width\" content=\"200\" \/>\n\t<meta property=\"og:image:height\" content=\"200\" \/>\n\t<meta property=\"og:image:type\" content=\"image\/jpeg\" \/>\n<meta name=\"author\" content=\"Lo viste en Los Pol\u00edticos\" \/>\n<meta name=\"twitter:card\" content=\"summary_large_image\" \/>\n<meta name=\"twitter:creator\" content=\"@LosPoliticosVer\" \/>\n<meta name=\"twitter:site\" content=\"@LosPoliticosVer\" \/>\n<meta name=\"twitter:label1\" content=\"Escrito por\" \/>\n\t<meta name=\"twitter:data1\" content=\"Lo viste en Los Pol\u00edticos\" \/>\n\t<meta name=\"twitter:label2\" content=\"Tiempo de lectura\" \/>\n\t<meta name=\"twitter:data2\" content=\"4 minutos\" \/>\n<script type=\"application\/ld+json\" class=\"yoast-schema-graph\">{\"@context\":\"https:\\\/\\\/schema.org\",\"@graph\":[{\"@type\":\"Article\",\"@id\":\"https:\\\/\\\/lospoliticosveracruz.com\\\/?p=24946#article\",\"isPartOf\":{\"@id\":\"https:\\\/\\\/lospoliticosveracruz.com\\\/?p=24946\"},\"author\":{\"name\":\"Lo viste en Los Pol\u00edticos\",\"@id\":\"https:\\\/\\\/lospoliticosveracruz.com\\\/#\\\/schema\\\/person\\\/b8702bb0e538456e6efd07080bf2a4a2\"},\"headline\":\"Vicho, mucho ayuda&#8230;\",\"datePublished\":\"2016-08-22T01:20:26+00:00\",\"mainEntityOfPage\":{\"@id\":\"https:\\\/\\\/lospoliticosveracruz.com\\\/?p=24946\"},\"wordCount\":759,\"commentCount\":0,\"publisher\":{\"@id\":\"https:\\\/\\\/lospoliticosveracruz.com\\\/#organization\"},\"keywords\":[\"David Velasco\",\"PRI\",\"Separarse del cargo\"],\"articleSection\":[\"De Opini\u00f3n\"],\"inLanguage\":\"es\",\"potentialAction\":[{\"@type\":\"CommentAction\",\"name\":\"Comment\",\"target\":[\"https:\\\/\\\/lospoliticosveracruz.com\\\/?p=24946#respond\"]}]},{\"@type\":\"WebPage\",\"@id\":\"https:\\\/\\\/lospoliticosveracruz.com\\\/?p=24946\",\"url\":\"https:\\\/\\\/lospoliticosveracruz.com\\\/?p=24946\",\"name\":\"Vicho, mucho ayuda... - Los pol\u00edticos Veracruz\",\"isPartOf\":{\"@id\":\"https:\\\/\\\/lospoliticosveracruz.com\\\/#website\"},\"datePublished\":\"2016-08-22T01:20:26+00:00\",\"breadcrumb\":{\"@id\":\"https:\\\/\\\/lospoliticosveracruz.com\\\/?p=24946#breadcrumb\"},\"inLanguage\":\"es\",\"potentialAction\":[{\"@type\":\"ReadAction\",\"target\":[\"https:\\\/\\\/lospoliticosveracruz.com\\\/?p=24946\"]}]},{\"@type\":\"BreadcrumbList\",\"@id\":\"https:\\\/\\\/lospoliticosveracruz.com\\\/?p=24946#breadcrumb\",\"itemListElement\":[{\"@type\":\"ListItem\",\"position\":1,\"name\":\"Portada\",\"item\":\"https:\\\/\\\/lospoliticosveracruz.com\\\/\"},{\"@type\":\"ListItem\",\"position\":2,\"name\":\"Vicho, mucho ayuda&#8230;\"}]},{\"@type\":\"WebSite\",\"@id\":\"https:\\\/\\\/lospoliticosveracruz.com\\\/#website\",\"url\":\"https:\\\/\\\/lospoliticosveracruz.com\\\/\",\"name\":\"Los pol\u00edticos Veracruz\",\"description\":\"\",\"publisher\":{\"@id\":\"https:\\\/\\\/lospoliticosveracruz.com\\\/#organization\"},\"potentialAction\":[{\"@type\":\"SearchAction\",\"target\":{\"@type\":\"EntryPoint\",\"urlTemplate\":\"https:\\\/\\\/lospoliticosveracruz.com\\\/?s={search_term_string}\"},\"query-input\":{\"@type\":\"PropertyValueSpecification\",\"valueRequired\":true,\"valueName\":\"search_term_string\"}}],\"inLanguage\":\"es\"},{\"@type\":\"Organization\",\"@id\":\"https:\\\/\\\/lospoliticosveracruz.com\\\/#organization\",\"name\":\"Los pol\u00edticos Veracruz\",\"url\":\"https:\\\/\\\/lospoliticosveracruz.com\\\/\",\"logo\":{\"@type\":\"ImageObject\",\"inLanguage\":\"es\",\"@id\":\"https:\\\/\\\/lospoliticosveracruz.com\\\/#\\\/schema\\\/logo\\\/image\\\/\",\"url\":\"https:\\\/\\\/lospoliticosveracruz.com\\\/wp-content\\\/uploads\\\/2025\\\/12\\\/Logo-Nuevo-LOS-POLITICOS-1.jpg\",\"contentUrl\":\"https:\\\/\\\/lospoliticosveracruz.com\\\/wp-content\\\/uploads\\\/2025\\\/12\\\/Logo-Nuevo-LOS-POLITICOS-1.jpg\",\"width\":260,\"height\":70,\"caption\":\"Los pol\u00edticos Veracruz\"},\"image\":{\"@id\":\"https:\\\/\\\/lospoliticosveracruz.com\\\/#\\\/schema\\\/logo\\\/image\\\/\"},\"sameAs\":[\"https:\\\/\\\/www.facebook.com\\\/people\\\/Notimemes-de-los-Polticos\\\/61565672886568\\\/\",\"https:\\\/\\\/x.com\\\/LosPoliticosVer\"]},{\"@type\":\"Person\",\"@id\":\"https:\\\/\\\/lospoliticosveracruz.com\\\/#\\\/schema\\\/person\\\/b8702bb0e538456e6efd07080bf2a4a2\",\"name\":\"Lo viste en Los Pol\u00edticos\",\"image\":{\"@type\":\"ImageObject\",\"inLanguage\":\"es\",\"@id\":\"https:\\\/\\\/secure.gravatar.com\\\/avatar\\\/3a8de04a2656d44082be478bd6c086daa447c4651605818287b9532d3d0bd435?s=96&d=mm&r=g\",\"url\":\"https:\\\/\\\/secure.gravatar.com\\\/avatar\\\/3a8de04a2656d44082be478bd6c086daa447c4651605818287b9532d3d0bd435?s=96&d=mm&r=g\",\"contentUrl\":\"https:\\\/\\\/secure.gravatar.com\\\/avatar\\\/3a8de04a2656d44082be478bd6c086daa447c4651605818287b9532d3d0bd435?s=96&d=mm&r=g\",\"caption\":\"Lo viste en Los Pol\u00edticos\"},\"url\":\"https:\\\/\\\/lospoliticosveracruz.com\\\/?author=2\"}]}<\/script>\n<!-- \/ Yoast SEO plugin. -->","yoast_head_json":{"title":"Vicho, mucho ayuda... - Los pol\u00edticos Veracruz","robots":{"index":"index","follow":"follow","max-snippet":"max-snippet:-1","max-image-preview":"max-image-preview:large","max-video-preview":"max-video-preview:-1"},"canonical":"https:\/\/lospoliticosveracruz.com\/?p=24946","og_locale":"es_ES","og_type":"article","og_title":"Vicho, mucho ayuda... - Los pol\u00edticos Veracruz","og_description":"Salvador Mu\u00f1oz Los Pol\u00edticos &nbsp; Hay cuatro versiones respecto a la solicitud de licencia de David Velasco Chedraui para separarse del cargo de diputado local por el distrito de Xalapa durante quince d\u00edas\u2026 La primera versi\u00f3n es que fue \u201camenazado\u201d desde Palacio de Gobierno en aras de que el pasado jueves, habr\u00eda de votarse el [&hellip;]","og_url":"https:\/\/lospoliticosveracruz.com\/?p=24946","og_site_name":"Los pol\u00edticos Veracruz","article_publisher":"https:\/\/www.facebook.com\/people\/Notimemes-de-los-Polticos\/61565672886568\/","article_published_time":"2016-08-22T01:20:26+00:00","og_image":[{"width":200,"height":200,"url":"https:\/\/lospoliticosveracruz.com\/wp-content\/uploads\/2016\/07\/Logo-Dor.jpg","type":"image\/jpeg"}],"author":"Lo viste en Los Pol\u00edticos","twitter_card":"summary_large_image","twitter_creator":"@LosPoliticosVer","twitter_site":"@LosPoliticosVer","twitter_misc":{"Escrito por":"Lo viste en Los Pol\u00edticos","Tiempo de lectura":"4 minutos"},"schema":{"@context":"https:\/\/schema.org","@graph":[{"@type":"Article","@id":"https:\/\/lospoliticosveracruz.com\/?p=24946#article","isPartOf":{"@id":"https:\/\/lospoliticosveracruz.com\/?p=24946"},"author":{"name":"Lo viste en Los Pol\u00edticos","@id":"https:\/\/lospoliticosveracruz.com\/#\/schema\/person\/b8702bb0e538456e6efd07080bf2a4a2"},"headline":"Vicho, mucho ayuda&#8230;","datePublished":"2016-08-22T01:20:26+00:00","mainEntityOfPage":{"@id":"https:\/\/lospoliticosveracruz.com\/?p=24946"},"wordCount":759,"commentCount":0,"publisher":{"@id":"https:\/\/lospoliticosveracruz.com\/#organization"},"keywords":["David Velasco","PRI","Separarse del cargo"],"articleSection":["De Opini\u00f3n"],"inLanguage":"es","potentialAction":[{"@type":"CommentAction","name":"Comment","target":["https:\/\/lospoliticosveracruz.com\/?p=24946#respond"]}]},{"@type":"WebPage","@id":"https:\/\/lospoliticosveracruz.com\/?p=24946","url":"https:\/\/lospoliticosveracruz.com\/?p=24946","name":"Vicho, mucho ayuda... - Los pol\u00edticos Veracruz","isPartOf":{"@id":"https:\/\/lospoliticosveracruz.com\/#website"},"datePublished":"2016-08-22T01:20:26+00:00","breadcrumb":{"@id":"https:\/\/lospoliticosveracruz.com\/?p=24946#breadcrumb"},"inLanguage":"es","potentialAction":[{"@type":"ReadAction","target":["https:\/\/lospoliticosveracruz.com\/?p=24946"]}]},{"@type":"BreadcrumbList","@id":"https:\/\/lospoliticosveracruz.com\/?p=24946#breadcrumb","itemListElement":[{"@type":"ListItem","position":1,"name":"Portada","item":"https:\/\/lospoliticosveracruz.com\/"},{"@type":"ListItem","position":2,"name":"Vicho, mucho ayuda&#8230;"}]},{"@type":"WebSite","@id":"https:\/\/lospoliticosveracruz.com\/#website","url":"https:\/\/lospoliticosveracruz.com\/","name":"Los pol\u00edticos Veracruz","description":"","publisher":{"@id":"https:\/\/lospoliticosveracruz.com\/#organization"},"potentialAction":[{"@type":"SearchAction","target":{"@type":"EntryPoint","urlTemplate":"https:\/\/lospoliticosveracruz.com\/?s={search_term_string}"},"query-input":{"@type":"PropertyValueSpecification","valueRequired":true,"valueName":"search_term_string"}}],"inLanguage":"es"},{"@type":"Organization","@id":"https:\/\/lospoliticosveracruz.com\/#organization","name":"Los pol\u00edticos Veracruz","url":"https:\/\/lospoliticosveracruz.com\/","logo":{"@type":"ImageObject","inLanguage":"es","@id":"https:\/\/lospoliticosveracruz.com\/#\/schema\/logo\/image\/","url":"https:\/\/lospoliticosveracruz.com\/wp-content\/uploads\/2025\/12\/Logo-Nuevo-LOS-POLITICOS-1.jpg","contentUrl":"https:\/\/lospoliticosveracruz.com\/wp-content\/uploads\/2025\/12\/Logo-Nuevo-LOS-POLITICOS-1.jpg","width":260,"height":70,"caption":"Los pol\u00edticos Veracruz"},"image":{"@id":"https:\/\/lospoliticosveracruz.com\/#\/schema\/logo\/image\/"},"sameAs":["https:\/\/www.facebook.com\/people\/Notimemes-de-los-Polticos\/61565672886568\/","https:\/\/x.com\/LosPoliticosVer"]},{"@type":"Person","@id":"https:\/\/lospoliticosveracruz.com\/#\/schema\/person\/b8702bb0e538456e6efd07080bf2a4a2","name":"Lo viste en Los Pol\u00edticos","image":{"@type":"ImageObject","inLanguage":"es","@id":"https:\/\/secure.gravatar.com\/avatar\/3a8de04a2656d44082be478bd6c086daa447c4651605818287b9532d3d0bd435?s=96&d=mm&r=g","url":"https:\/\/secure.gravatar.com\/avatar\/3a8de04a2656d44082be478bd6c086daa447c4651605818287b9532d3d0bd435?s=96&d=mm&r=g","contentUrl":"https:\/\/secure.gravatar.com\/avatar\/3a8de04a2656d44082be478bd6c086daa447c4651605818287b9532d3d0bd435?s=96&d=mm&r=g","caption":"Lo viste en Los Pol\u00edticos"},"url":"https:\/\/lospoliticosveracruz.com\/?author=2"}]}},"_links":{"self":[{"href":"https:\/\/lospoliticosveracruz.com\/index.php?rest_route=\/wp\/v2\/posts\/24946","targetHints":{"allow":["GET"]}}],"collection":[{"href":"https:\/\/lospoliticosveracruz.com\/index.php?rest_route=\/wp\/v2\/posts"}],"about":[{"href":"https:\/\/lospoliticosveracruz.com\/index.php?rest_route=\/wp\/v2\/types\/post"}],"author":[{"embeddable":true,"href":"https:\/\/lospoliticosveracruz.com\/index.php?rest_route=\/wp\/v2\/users\/2"}],"replies":[{"embeddable":true,"href":"https:\/\/lospoliticosveracruz.com\/index.php?rest_route=%2Fwp%2Fv2%2Fcomments&post=24946"}],"version-history":[{"count":1,"href":"https:\/\/lospoliticosveracruz.com\/index.php?rest_route=\/wp\/v2\/posts\/24946\/revisions"}],"predecessor-version":[{"id":24948,"href":"https:\/\/lospoliticosveracruz.com\/index.php?rest_route=\/wp\/v2\/posts\/24946\/revisions\/24948"}],"wp:attachment":[{"href":"https:\/\/lospoliticosveracruz.com\/index.php?rest_route=%2Fwp%2Fv2%2Fmedia&parent=24946"}],"wp:term":[{"taxonomy":"category","embeddable":true,"href":"https:\/\/lospoliticosveracruz.com\/index.php?rest_route=%2Fwp%2Fv2%2Fcategories&post=24946"},{"taxonomy":"post_tag","embeddable":true,"href":"https:\/\/lospoliticosveracruz.com\/index.php?rest_route=%2Fwp%2Fv2%2Ftags&post=24946"}],"curies":[{"name":"wp","href":"https:\/\/api.w.org\/{rel}","templated":true}]}}