{"id":24949,"date":"2016-08-21T20:31:24","date_gmt":"2016-08-22T01:31:24","guid":{"rendered":"http:\/\/www.lospoliticosveracruz.com.mx\/?p=24949"},"modified":"2016-08-21T20:34:04","modified_gmt":"2016-08-22T01:34:04","slug":"gobierno-estatal-herencia-de-problemas-y-deudas","status":"publish","type":"post","link":"https:\/\/lospoliticosveracruz.com\/?p=24949","title":{"rendered":"Gobierno estatal, herencia de problemas y deudas"},"content":{"rendered":"<div class=\"ContentRight WithRightRail RPOn RPRight\" data-link=\"class{:~tag.contentRightClass(Layout.IsFullView, Layout.ReadingPaneMode)}\">\n<div class=\"ContentRightInner t_mbgc t_qtc t_urtc\">\n<div id=\"inboxControl0fv-ReadMessageContainer\" class=\"v-ReadMessageContainer slideOnResize\" tabindex=\"-1\">\n<div class=\"c-ReadMessage\" data-link=\"class{readMessageClass: ~tag.Show}\">\n<div id=\"ReadMessageScrollableSection\" class=\"rmMessages ClearBoth\" tabindex=\"-1\">\n<div id=\"readMessagePartControl423f\" class=\"c-ReadMessagePart ReadMsgContainer HasLayout ClearBoth HideShadows FullPart NoHistory Read RmIc\" data-link=\"class{:~tag.getHeaderCssClass(IsConversationPart, IsRead, IsDraft, IsTrustedSender, Items.length)}\">\n<div class=\"c-ReadMessagePartBody\" data-link=\"class{getClass:IsBodyExpanded}\">\n<div class=\"readMsgBody\">\n<div id=\"bodyreadMessagePartBodyControl428f\" class=\"ExternalClass MsgBodyContainer\" data-link=\"class{:~tag.cssClasses(PlainText, IsContentFiltered)}\">\n<div dir=\"ltr\">\n<div class=\"ecxgmail_quote\">\n<div dir=\"ltr\">\n<p><strong>Luis Alberto Romero<\/strong><u><\/u><u><\/u><\/p>\n<p><em>Hora Cero<\/em><\/p>\n<\/div>\n<div dir=\"ltr\"><\/div>\n<div dir=\"ltr\">De forma reciente, el Observatorio de Finanzas P\u00fablicas alert\u00f3 sobre la deuda p\u00fabica del gobierno veracruzano.<u><\/u><u><\/u>De acuerdo con el bolet\u00edn titulado \u201cDuarte hereda a Veracruz un futuro hipotecado\u201d, signado por el economista Hilario Barcelata, en un sexenio que est\u00e1 por concluir, \u201cel gobierno del estado increment\u00f3 de manera desproporcionada el monto de la deuda p\u00fablica\u201d.<u><\/u><u><\/u><\/p>\n<p>Apunta, de igual manera, que los pasivos del gobierno de la entidad, a julio del presente a\u00f1o, suman 166 mil 744 millones de pesos, tomando como fuente el an\u00e1lisis de las cuentas p\u00fablicas de 2010 a 2015, as\u00ed como el primer informe trimestral del gasto p\u00fablico del gobierno del estado, del 31 de marzo de 2016.<u><\/u><u><\/u><\/p>\n<p>El tema de la deuda veracruzana no es nuevo, como tampoco lo son las cr\u00edticas a la incapacidad administrativa del gobierno del estado.<u><\/u><u><\/u><\/p>\n<p>Para ilustrar el desorden en las finanzas p\u00fablicas y los errores en la administraci\u00f3n de los recursos, basta decir que la deuda se ha multiplicado de manera desproporcionada durante los casi seis a\u00f1os del gobierno de Javier Duarte. Veracruz es ahora, para decirlo en t\u00e9rminos ol\u00edmpicos, miembro indiscutible del p\u00f3dium.<u><\/u><u><\/u><\/p>\n<p>Ni siquiera el ex gobernador Fidel Herrera Beltr\u00e1n, quien recibi\u00f3 duras cr\u00edticas al final de su sexenio tambi\u00e9n por el tema de la deuda, dej\u00f3 la casa tan sucia y tan endeudada.<u><\/u><u><\/u><\/p>\n<p>El tema resurgi\u00f3 el fin de semana pasado, porque la prestigiosa agencia calificadora HR Ratings notific\u00f3 la activaci\u00f3n de un evento preventivo para los certificados burs\u00e1tiles del gobierno de Veracruz, estado que actualmente presenta una de las mayores deudas del pa\u00eds.<u><\/u><u><\/u><\/p>\n<p>\u00danicamente la deuda burs\u00e1til de la entidad lleg\u00f3, en el primer trimestre del presente a\u00f1o, a 14 mil 32 millones de pesos, registrando un aumento de 0.5 por ciento con relaci\u00f3n al mismo periodo de 2013.<u><\/u><u><\/u><\/p>\n<p>El problema es que el gobierno veracruzano es adem\u00e1s uno de los que registran el mayor crecimiento de la deuda p\u00fablica. Datos oficiales ubican al endeudamiento del estado en m\u00e1s de 45 mil millones de pesos, m\u00e1s del doble de la que entreg\u00f3 Herrera Beltr\u00e1n; sin embargo, esas cifras s\u00f3lo incluyen los temas burs\u00e1til y bancario.<u><\/u><u><\/u><\/p>\n<p>Pues bien, el pasado jueves, HR Ratings activ\u00f3 un evento preventivo para los certificados burs\u00e1tiles del gobierno de Veracruz, dado que \u00e9ste ha incumplido con la obligaci\u00f3n financiera de mantener el monto del pasivo circulante en menos de 800 millones de UDIS, unidades de inversi\u00f3n que se aplican como referencia para la adquisici\u00f3n de cr\u00e9ditos hipotecarios y que son establecidas por el Banco de M\u00e9xico.<u><\/u><u><\/u><\/p>\n<p>Las UDIS ten\u00edan en 1995, cuando fueron creadas, un valor equivalente al peso; en la actualidad, de acuerdo con el Servicio de Administraci\u00f3n Tributaria, cada UDI es igual a 5.429283 pesos; de ese dato se desprende que \u00fanicamente el pasivo circulante del gobierno de Veracruz supera los 4 mil 343 millones 426 mil pesos.<u><\/u><u><\/u><\/p>\n<p>El comunicado emitido por HR Ratings establece que en los t\u00e9rminos establecidos por el Contrato de Fideicomiso Emisor N\u00famero F\/11753, se notific\u00f3 al gobierno del estado la activaci\u00f3n del evento preventivo en los certificados burs\u00e1tiles.<u><\/u><u><\/u><\/p>\n<p>Ello equivale a que los fiduciarios podr\u00e1n retener las cantidades remanentes del fideicomiso, que corresponden al estado de Veracruz, dentro de sus cuentas y no lleven a efecto liberaci\u00f3n alguna al gobierno estatal, hasta que no sea desactivado dicho evento, que ser\u00e1 cuando el gobierno de Javier Duarte cumpla con sus obligaciones financieras, lo cual parece sumamente lejano, casi improbable.<u><\/u><u><\/u><\/p>\n<p>&nbsp;<\/p>\n<p><u><\/u><b>Calificaci\u00f3n para Veracruz, a la baja<u><\/u><u><\/u><\/b><\/p>\n<p>De continuar ese problema se podr\u00eda llegar a la activaci\u00f3n de un evento de aceleraci\u00f3n o vencimiento anticipado, lo que representar\u00eda un fuerte golpe para las finanzas de la entidad y para la pr\u00f3xima administraci\u00f3n estatal, dado que no se trata de compromisos personales, sino institucionales que el gobierno veracruzano deber\u00e1 cumplir, sin importar qui\u00e9n se encuentre en el poder ejecutivo.<br \/>\nPor cierto, casi no trascendi\u00f3 en t\u00e9rminos medi\u00e1ticos, pero a mediados de julio,\u00a0 HR Ratings baj\u00f3 la calificaci\u00f3n de Veracruz para pasar de \u00abHR A-\u00bb a \u00abHR BBB\u00bb.<u><\/u><u><\/u><\/p>\n<p>Esa calificaci\u00f3n se mantuvo en observaci\u00f3n negativa porque el gobierno estatal no public\u00f3 oportunamente la informaci\u00f3n de la cuenta p\u00fablica 2015 y la correspondiente al primer trimestre del presente a\u00f1o; por si fuera poco, ya se esperaba el incumplimiento en las obligaciones financieras.<u><\/u><u><\/u><\/p>\n<p>&nbsp;<\/p>\n<p><u><\/u><b>Xalapa, la cartelera cultural<u><\/u><u><\/u><\/b><\/p>\n<p>Vale la pena destacar que en Xalapa, la actividad cultural que se ha desarrollado gracias al impulso de la autoridad municipal, ha sido intensa, variada y de alta calidad. Esto ha sido algo pocas veces logrado con la frecuencia y permanencia de una cartelera que ha hecho recuperar el cr\u00e9dito de la capital veracruzana como sede art\u00edstica y cultural del estado.<u><\/u><u><\/u><\/p>\n<p>Tan s\u00f3lo en unos d\u00edas se present\u00f3 la Opera China de Pekin; volvi\u00f3 a escucharse el \u00f3rgano tubular de la Catedral Metropolitana; y en el marco del Festival de las Flores, se presentaron grupos de rock liderados por El TRI de Alex Lora, adem\u00e1s de trovadores reconocidos, como Nacho Hinojosa y Ra\u00fal Ornelas, entre otras actividades que han sido ampliamente concurridas.<u><\/u><u><\/u><\/p>\n<p>Esto refleja que Xalapa se ha reacreditado como una capital en efervescencia art\u00edstica, que la hace trascender como la \u201cAtenas de M\u00e9xico\u201d como la identifica el propio alcalde Am\u00e9rico Z\u00fa\u00f1iga Mart\u00ednez, quien se ha convertido en art\u00edfice de esta nueva realidad social.<\/p>\n<p>@luisromero85<u><\/u><u><\/u><\/p>\n<\/div>\n<\/div>\n<\/div>\n<\/div>\n<\/div>\n<\/div>\n<\/div>\n<\/div>\n<\/div>\n<div class=\"c-MessageCount RPOnMessageCount NoSel\" data-link=\"class{:~tag.MessageCountClass}\"><\/div>\n<\/div>\n<\/div>\n<div class=\"v-InboxFooterContainer\"><\/div>\n<\/div>\n<div id=\"RightRailContainer\" class=\"c-RightRail RightRailContainerWidth t_sbgc\"><\/div>\n","protected":false},"excerpt":{"rendered":"<p>Luis Alberto Romero Hora Cero De forma reciente, el Observatorio de Finanzas P\u00fablicas alert\u00f3 sobre la deuda p\u00fabica del gobierno veracruzano.De acuerdo con el bolet\u00edn titulado \u201cDuarte hereda a Veracruz un futuro hipotecado\u201d, signado por el economista Hilario Barcelata, en un sexenio que est\u00e1 por concluir, \u201cel gobierno del estado increment\u00f3 de manera desproporcionada el [&hellip;]<\/p>\n","protected":false},"author":2,"featured_media":0,"comment_status":"open","ping_status":"open","sticky":false,"template":"","format":"standard","meta":{"tdm_status":"","tdm_grid_status":"","footnotes":""},"categories":[70],"tags":[6045,3758,260,6044],"class_list":{"0":"post-24949","1":"post","2":"type-post","3":"status-publish","4":"format-standard","6":"category-de-opinion","7":"tag-deuda-publica-veracruz","8":"tag-hilario-barcelata","9":"tag-javier-duarte-de-ochoa","10":"tag-observatorio-de-finanzas-publicas"},"yoast_head":"<!-- This site is optimized with the Yoast SEO plugin v27.4 - https:\/\/yoast.com\/product\/yoast-seo-wordpress\/ -->\n<title>Gobierno estatal, herencia de problemas y deudas - Los pol\u00edticos Veracruz<\/title>\n<meta name=\"robots\" content=\"index, follow, max-snippet:-1, max-image-preview:large, max-video-preview:-1\" \/>\n<link rel=\"canonical\" href=\"https:\/\/lospoliticosveracruz.com\/?p=24949\" \/>\n<meta property=\"og:locale\" content=\"es_ES\" \/>\n<meta property=\"og:type\" content=\"article\" \/>\n<meta property=\"og:title\" content=\"Gobierno estatal, herencia de problemas y deudas - Los pol\u00edticos Veracruz\" \/>\n<meta property=\"og:description\" content=\"Luis Alberto Romero Hora Cero De forma reciente, el Observatorio de Finanzas P\u00fablicas alert\u00f3 sobre la deuda p\u00fabica del gobierno veracruzano.De acuerdo con el bolet\u00edn titulado \u201cDuarte hereda a Veracruz un futuro hipotecado\u201d, signado por el economista Hilario Barcelata, en un sexenio que est\u00e1 por concluir, \u201cel gobierno del estado increment\u00f3 de manera desproporcionada el [&hellip;]\" \/>\n<meta property=\"og:url\" content=\"https:\/\/lospoliticosveracruz.com\/?p=24949\" \/>\n<meta property=\"og:site_name\" content=\"Los pol\u00edticos Veracruz\" \/>\n<meta property=\"article:publisher\" content=\"https:\/\/www.facebook.com\/people\/Notimemes-de-los-Polticos\/61565672886568\/\" \/>\n<meta property=\"article:published_time\" content=\"2016-08-22T01:31:24+00:00\" \/>\n<meta property=\"article:modified_time\" content=\"2016-08-22T01:34:04+00:00\" \/>\n<meta property=\"og:image\" content=\"https:\/\/lospoliticosveracruz.com\/wp-content\/uploads\/2016\/07\/Logo-Dor.jpg\" \/>\n\t<meta property=\"og:image:width\" content=\"200\" \/>\n\t<meta property=\"og:image:height\" content=\"200\" \/>\n\t<meta property=\"og:image:type\" content=\"image\/jpeg\" \/>\n<meta name=\"author\" content=\"Lo viste en Los Pol\u00edticos\" \/>\n<meta name=\"twitter:card\" content=\"summary_large_image\" \/>\n<meta name=\"twitter:creator\" content=\"@LosPoliticosVer\" \/>\n<meta name=\"twitter:site\" content=\"@LosPoliticosVer\" \/>\n<meta name=\"twitter:label1\" content=\"Escrito por\" \/>\n\t<meta name=\"twitter:data1\" content=\"Lo viste en Los Pol\u00edticos\" \/>\n\t<meta name=\"twitter:label2\" content=\"Tiempo de lectura\" \/>\n\t<meta name=\"twitter:data2\" content=\"5 minutos\" \/>\n<script type=\"application\/ld+json\" class=\"yoast-schema-graph\">{\"@context\":\"https:\\\/\\\/schema.org\",\"@graph\":[{\"@type\":\"Article\",\"@id\":\"https:\\\/\\\/lospoliticosveracruz.com\\\/?p=24949#article\",\"isPartOf\":{\"@id\":\"https:\\\/\\\/lospoliticosveracruz.com\\\/?p=24949\"},\"author\":{\"name\":\"Lo viste en Los Pol\u00edticos\",\"@id\":\"https:\\\/\\\/lospoliticosveracruz.com\\\/#\\\/schema\\\/person\\\/b8702bb0e538456e6efd07080bf2a4a2\"},\"headline\":\"Gobierno estatal, herencia de problemas y deudas\",\"datePublished\":\"2016-08-22T01:31:24+00:00\",\"dateModified\":\"2016-08-22T01:34:04+00:00\",\"mainEntityOfPage\":{\"@id\":\"https:\\\/\\\/lospoliticosveracruz.com\\\/?p=24949\"},\"wordCount\":940,\"commentCount\":0,\"publisher\":{\"@id\":\"https:\\\/\\\/lospoliticosveracruz.com\\\/#organization\"},\"keywords\":[\"Deuda p\u00fablica Veracruz\",\"Hilario Barcelata\",\"Javier Duarte de Ochoa\",\"Observatorio de Finanzas P\u00fablicas\"],\"articleSection\":[\"De Opini\u00f3n\"],\"inLanguage\":\"es\",\"potentialAction\":[{\"@type\":\"CommentAction\",\"name\":\"Comment\",\"target\":[\"https:\\\/\\\/lospoliticosveracruz.com\\\/?p=24949#respond\"]}]},{\"@type\":\"WebPage\",\"@id\":\"https:\\\/\\\/lospoliticosveracruz.com\\\/?p=24949\",\"url\":\"https:\\\/\\\/lospoliticosveracruz.com\\\/?p=24949\",\"name\":\"Gobierno estatal, herencia de problemas y deudas - Los pol\u00edticos Veracruz\",\"isPartOf\":{\"@id\":\"https:\\\/\\\/lospoliticosveracruz.com\\\/#website\"},\"datePublished\":\"2016-08-22T01:31:24+00:00\",\"dateModified\":\"2016-08-22T01:34:04+00:00\",\"breadcrumb\":{\"@id\":\"https:\\\/\\\/lospoliticosveracruz.com\\\/?p=24949#breadcrumb\"},\"inLanguage\":\"es\",\"potentialAction\":[{\"@type\":\"ReadAction\",\"target\":[\"https:\\\/\\\/lospoliticosveracruz.com\\\/?p=24949\"]}]},{\"@type\":\"BreadcrumbList\",\"@id\":\"https:\\\/\\\/lospoliticosveracruz.com\\\/?p=24949#breadcrumb\",\"itemListElement\":[{\"@type\":\"ListItem\",\"position\":1,\"name\":\"Portada\",\"item\":\"https:\\\/\\\/lospoliticosveracruz.com\\\/\"},{\"@type\":\"ListItem\",\"position\":2,\"name\":\"Gobierno estatal, herencia de problemas y deudas\"}]},{\"@type\":\"WebSite\",\"@id\":\"https:\\\/\\\/lospoliticosveracruz.com\\\/#website\",\"url\":\"https:\\\/\\\/lospoliticosveracruz.com\\\/\",\"name\":\"Los pol\u00edticos Veracruz\",\"description\":\"\",\"publisher\":{\"@id\":\"https:\\\/\\\/lospoliticosveracruz.com\\\/#organization\"},\"potentialAction\":[{\"@type\":\"SearchAction\",\"target\":{\"@type\":\"EntryPoint\",\"urlTemplate\":\"https:\\\/\\\/lospoliticosveracruz.com\\\/?s={search_term_string}\"},\"query-input\":{\"@type\":\"PropertyValueSpecification\",\"valueRequired\":true,\"valueName\":\"search_term_string\"}}],\"inLanguage\":\"es\"},{\"@type\":\"Organization\",\"@id\":\"https:\\\/\\\/lospoliticosveracruz.com\\\/#organization\",\"name\":\"Los pol\u00edticos Veracruz\",\"url\":\"https:\\\/\\\/lospoliticosveracruz.com\\\/\",\"logo\":{\"@type\":\"ImageObject\",\"inLanguage\":\"es\",\"@id\":\"https:\\\/\\\/lospoliticosveracruz.com\\\/#\\\/schema\\\/logo\\\/image\\\/\",\"url\":\"https:\\\/\\\/lospoliticosveracruz.com\\\/wp-content\\\/uploads\\\/2025\\\/12\\\/Logo-Nuevo-LOS-POLITICOS-1.jpg\",\"contentUrl\":\"https:\\\/\\\/lospoliticosveracruz.com\\\/wp-content\\\/uploads\\\/2025\\\/12\\\/Logo-Nuevo-LOS-POLITICOS-1.jpg\",\"width\":260,\"height\":70,\"caption\":\"Los pol\u00edticos Veracruz\"},\"image\":{\"@id\":\"https:\\\/\\\/lospoliticosveracruz.com\\\/#\\\/schema\\\/logo\\\/image\\\/\"},\"sameAs\":[\"https:\\\/\\\/www.facebook.com\\\/people\\\/Notimemes-de-los-Polticos\\\/61565672886568\\\/\",\"https:\\\/\\\/x.com\\\/LosPoliticosVer\"]},{\"@type\":\"Person\",\"@id\":\"https:\\\/\\\/lospoliticosveracruz.com\\\/#\\\/schema\\\/person\\\/b8702bb0e538456e6efd07080bf2a4a2\",\"name\":\"Lo viste en Los Pol\u00edticos\",\"image\":{\"@type\":\"ImageObject\",\"inLanguage\":\"es\",\"@id\":\"https:\\\/\\\/secure.gravatar.com\\\/avatar\\\/3a8de04a2656d44082be478bd6c086daa447c4651605818287b9532d3d0bd435?s=96&d=mm&r=g\",\"url\":\"https:\\\/\\\/secure.gravatar.com\\\/avatar\\\/3a8de04a2656d44082be478bd6c086daa447c4651605818287b9532d3d0bd435?s=96&d=mm&r=g\",\"contentUrl\":\"https:\\\/\\\/secure.gravatar.com\\\/avatar\\\/3a8de04a2656d44082be478bd6c086daa447c4651605818287b9532d3d0bd435?s=96&d=mm&r=g\",\"caption\":\"Lo viste en Los Pol\u00edticos\"},\"url\":\"https:\\\/\\\/lospoliticosveracruz.com\\\/?author=2\"}]}<\/script>\n<!-- \/ Yoast SEO plugin. -->","yoast_head_json":{"title":"Gobierno estatal, herencia de problemas y deudas - Los pol\u00edticos Veracruz","robots":{"index":"index","follow":"follow","max-snippet":"max-snippet:-1","max-image-preview":"max-image-preview:large","max-video-preview":"max-video-preview:-1"},"canonical":"https:\/\/lospoliticosveracruz.com\/?p=24949","og_locale":"es_ES","og_type":"article","og_title":"Gobierno estatal, herencia de problemas y deudas - Los pol\u00edticos Veracruz","og_description":"Luis Alberto Romero Hora Cero De forma reciente, el Observatorio de Finanzas P\u00fablicas alert\u00f3 sobre la deuda p\u00fabica del gobierno veracruzano.De acuerdo con el bolet\u00edn titulado \u201cDuarte hereda a Veracruz un futuro hipotecado\u201d, signado por el economista Hilario Barcelata, en un sexenio que est\u00e1 por concluir, \u201cel gobierno del estado increment\u00f3 de manera desproporcionada el [&hellip;]","og_url":"https:\/\/lospoliticosveracruz.com\/?p=24949","og_site_name":"Los pol\u00edticos Veracruz","article_publisher":"https:\/\/www.facebook.com\/people\/Notimemes-de-los-Polticos\/61565672886568\/","article_published_time":"2016-08-22T01:31:24+00:00","article_modified_time":"2016-08-22T01:34:04+00:00","og_image":[{"width":200,"height":200,"url":"https:\/\/lospoliticosveracruz.com\/wp-content\/uploads\/2016\/07\/Logo-Dor.jpg","type":"image\/jpeg"}],"author":"Lo viste en Los Pol\u00edticos","twitter_card":"summary_large_image","twitter_creator":"@LosPoliticosVer","twitter_site":"@LosPoliticosVer","twitter_misc":{"Escrito por":"Lo viste en Los Pol\u00edticos","Tiempo de lectura":"5 minutos"},"schema":{"@context":"https:\/\/schema.org","@graph":[{"@type":"Article","@id":"https:\/\/lospoliticosveracruz.com\/?p=24949#article","isPartOf":{"@id":"https:\/\/lospoliticosveracruz.com\/?p=24949"},"author":{"name":"Lo viste en Los Pol\u00edticos","@id":"https:\/\/lospoliticosveracruz.com\/#\/schema\/person\/b8702bb0e538456e6efd07080bf2a4a2"},"headline":"Gobierno estatal, herencia de problemas y deudas","datePublished":"2016-08-22T01:31:24+00:00","dateModified":"2016-08-22T01:34:04+00:00","mainEntityOfPage":{"@id":"https:\/\/lospoliticosveracruz.com\/?p=24949"},"wordCount":940,"commentCount":0,"publisher":{"@id":"https:\/\/lospoliticosveracruz.com\/#organization"},"keywords":["Deuda p\u00fablica Veracruz","Hilario Barcelata","Javier Duarte de Ochoa","Observatorio de Finanzas P\u00fablicas"],"articleSection":["De Opini\u00f3n"],"inLanguage":"es","potentialAction":[{"@type":"CommentAction","name":"Comment","target":["https:\/\/lospoliticosveracruz.com\/?p=24949#respond"]}]},{"@type":"WebPage","@id":"https:\/\/lospoliticosveracruz.com\/?p=24949","url":"https:\/\/lospoliticosveracruz.com\/?p=24949","name":"Gobierno estatal, herencia de problemas y deudas - Los pol\u00edticos Veracruz","isPartOf":{"@id":"https:\/\/lospoliticosveracruz.com\/#website"},"datePublished":"2016-08-22T01:31:24+00:00","dateModified":"2016-08-22T01:34:04+00:00","breadcrumb":{"@id":"https:\/\/lospoliticosveracruz.com\/?p=24949#breadcrumb"},"inLanguage":"es","potentialAction":[{"@type":"ReadAction","target":["https:\/\/lospoliticosveracruz.com\/?p=24949"]}]},{"@type":"BreadcrumbList","@id":"https:\/\/lospoliticosveracruz.com\/?p=24949#breadcrumb","itemListElement":[{"@type":"ListItem","position":1,"name":"Portada","item":"https:\/\/lospoliticosveracruz.com\/"},{"@type":"ListItem","position":2,"name":"Gobierno estatal, herencia de problemas y deudas"}]},{"@type":"WebSite","@id":"https:\/\/lospoliticosveracruz.com\/#website","url":"https:\/\/lospoliticosveracruz.com\/","name":"Los pol\u00edticos Veracruz","description":"","publisher":{"@id":"https:\/\/lospoliticosveracruz.com\/#organization"},"potentialAction":[{"@type":"SearchAction","target":{"@type":"EntryPoint","urlTemplate":"https:\/\/lospoliticosveracruz.com\/?s={search_term_string}"},"query-input":{"@type":"PropertyValueSpecification","valueRequired":true,"valueName":"search_term_string"}}],"inLanguage":"es"},{"@type":"Organization","@id":"https:\/\/lospoliticosveracruz.com\/#organization","name":"Los pol\u00edticos Veracruz","url":"https:\/\/lospoliticosveracruz.com\/","logo":{"@type":"ImageObject","inLanguage":"es","@id":"https:\/\/lospoliticosveracruz.com\/#\/schema\/logo\/image\/","url":"https:\/\/lospoliticosveracruz.com\/wp-content\/uploads\/2025\/12\/Logo-Nuevo-LOS-POLITICOS-1.jpg","contentUrl":"https:\/\/lospoliticosveracruz.com\/wp-content\/uploads\/2025\/12\/Logo-Nuevo-LOS-POLITICOS-1.jpg","width":260,"height":70,"caption":"Los pol\u00edticos Veracruz"},"image":{"@id":"https:\/\/lospoliticosveracruz.com\/#\/schema\/logo\/image\/"},"sameAs":["https:\/\/www.facebook.com\/people\/Notimemes-de-los-Polticos\/61565672886568\/","https:\/\/x.com\/LosPoliticosVer"]},{"@type":"Person","@id":"https:\/\/lospoliticosveracruz.com\/#\/schema\/person\/b8702bb0e538456e6efd07080bf2a4a2","name":"Lo viste en Los Pol\u00edticos","image":{"@type":"ImageObject","inLanguage":"es","@id":"https:\/\/secure.gravatar.com\/avatar\/3a8de04a2656d44082be478bd6c086daa447c4651605818287b9532d3d0bd435?s=96&d=mm&r=g","url":"https:\/\/secure.gravatar.com\/avatar\/3a8de04a2656d44082be478bd6c086daa447c4651605818287b9532d3d0bd435?s=96&d=mm&r=g","contentUrl":"https:\/\/secure.gravatar.com\/avatar\/3a8de04a2656d44082be478bd6c086daa447c4651605818287b9532d3d0bd435?s=96&d=mm&r=g","caption":"Lo viste en Los Pol\u00edticos"},"url":"https:\/\/lospoliticosveracruz.com\/?author=2"}]}},"_links":{"self":[{"href":"https:\/\/lospoliticosveracruz.com\/index.php?rest_route=\/wp\/v2\/posts\/24949","targetHints":{"allow":["GET"]}}],"collection":[{"href":"https:\/\/lospoliticosveracruz.com\/index.php?rest_route=\/wp\/v2\/posts"}],"about":[{"href":"https:\/\/lospoliticosveracruz.com\/index.php?rest_route=\/wp\/v2\/types\/post"}],"author":[{"embeddable":true,"href":"https:\/\/lospoliticosveracruz.com\/index.php?rest_route=\/wp\/v2\/users\/2"}],"replies":[{"embeddable":true,"href":"https:\/\/lospoliticosveracruz.com\/index.php?rest_route=%2Fwp%2Fv2%2Fcomments&post=24949"}],"version-history":[{"count":3,"href":"https:\/\/lospoliticosveracruz.com\/index.php?rest_route=\/wp\/v2\/posts\/24949\/revisions"}],"predecessor-version":[{"id":24952,"href":"https:\/\/lospoliticosveracruz.com\/index.php?rest_route=\/wp\/v2\/posts\/24949\/revisions\/24952"}],"wp:attachment":[{"href":"https:\/\/lospoliticosveracruz.com\/index.php?rest_route=%2Fwp%2Fv2%2Fmedia&parent=24949"}],"wp:term":[{"taxonomy":"category","embeddable":true,"href":"https:\/\/lospoliticosveracruz.com\/index.php?rest_route=%2Fwp%2Fv2%2Fcategories&post=24949"},{"taxonomy":"post_tag","embeddable":true,"href":"https:\/\/lospoliticosveracruz.com\/index.php?rest_route=%2Fwp%2Fv2%2Ftags&post=24949"}],"curies":[{"name":"wp","href":"https:\/\/api.w.org\/{rel}","templated":true}]}}