{"id":24978,"date":"2016-08-22T18:47:58","date_gmt":"2016-08-22T23:47:58","guid":{"rendered":"http:\/\/www.lospoliticosveracruz.com.mx\/?p=24978"},"modified":"2016-08-22T18:47:58","modified_gmt":"2016-08-22T23:47:58","slug":"molina-palacios-se-las-recuerda-a-quienes-pidieron-el-voto","status":"publish","type":"post","link":"https:\/\/lospoliticosveracruz.com\/?p=24978","title":{"rendered":"Molina Palacios \u00abse las recuerda\u00bb a quienes pidieron el voto"},"content":{"rendered":"<p class=\"ecxMsoNormal\">Al entregar apoyos para la siembra de ma\u00edz a productores de este municipio, el presidente de la CNC de Veracruz, Juan Carlos Molina Palacios, exhort\u00f3 a los campesinos para que se involucren solicitando los programas dirigidos a beneficiar a este sector, \u201cque gracias a la gesti\u00f3n de nuestra organizaci\u00f3n est\u00e1n llegando hasta ustedes totalmente gratuitos, por eso tambi\u00e9n insisto en que denuncien a quienes pretenden cobrarles por bajarles los apoyos\u201d.<\/p>\n<p class=\"ecxMsoNormal\">Acompa\u00f1ado por el alcalde de este municipio, Marco Antonio Mart\u00ednez Amador, el l\u00edder cenecista record\u00f3 que desde que tom\u00f3 las riendas de la Liga de Comunidades Agrarias y Sindicatos Campesinos, hace poco m\u00e1s de diez meses, \u201chemos avanzado mucho en cuanto a la participaci\u00f3n de la gente, pero a\u00fan tienen que involucrarse m\u00e1s para estar dentro del programa de granjas familiares para las jefas del hogar o de los frascos de semen que les garantiza animales de mejor calidad\u201d.<\/p>\n<p class=\"ecxMsoNormal\">Asimismo, Molina Palacios hizo un llamado a aquellos personajes que en periodo de elecciones se acercaron a la gente del campo para pedirles su voto y as\u00ed obtener un cargo de elecci\u00f3n popular, \u201cser\u00eda muy bueno y s\u00e9 que les molesta que se los recuerden, que ahora que ya pasaron las elecciones regresen a ver qu\u00e9 es lo que les hace falta a los productores, que no se olviden de ellos\u201d.<\/p>\n<p class=\"ecxMsoNormal\">El dirigente de la CNC asegur\u00f3 que seguir\u00e1 trabajando como hasta ahora, \u201csin hacer alguna clase de distinciones, simplemente para beneficio de ustedes, que son un sector que lo necesita, para eso estamos aqu\u00ed y vamos a continuar\u201d.<\/p>\n<p class=\"ecxMsoNormal\">En ese sentido, agreg\u00f3, \u201ces un orgullo estar aqu\u00ed entrenado apoyos, como siempre les digo tenemos que seguir luchando juntos, ustedes los productores deben estar en contacto permanente con sus comisariados ejidales, con sus alcaldes, para que cuando lleguen los proyectos, ustedes est\u00e9n en esas listas y los reciban, como la semilla de ma\u00edz que la SAGARPA destin\u00f3 para 150 mil hect\u00e1reas en el estado\u201d.<\/p>\n<p class=\"ecxMsoNormal\">\u201cQuiero decirles que es verdad que las autoridades est\u00e1n para ayudar a la gente, pero tambi\u00e9n es verdad que nosotros la gente del campo podemos hacer el cambio, desde el momento en que decidimos estar presentes en todo, trabajamos el campo, criamos nuestros animales, ahora vamos a meter nuestros proyectos, vamos a hacer un padr\u00f3n de mujeres para que ellas entren al programa de gallinas ponedoras o de conejos, vamos a ver si alguien necesita silla de ruedas o muletas, para hacer la solicitud y que se le entreguen sus aparatos\u201d.<\/p>\n<p>&nbsp;<\/p>\n","protected":false},"excerpt":{"rendered":"<p>Al entregar apoyos para la siembra de ma\u00edz a productores de este municipio, el presidente de la CNC de Veracruz, Juan Carlos Molina Palacios, exhort\u00f3 a los campesinos para que se involucren solicitando los programas dirigidos a beneficiar a este sector, \u201cque gracias a la gesti\u00f3n de nuestra organizaci\u00f3n est\u00e1n llegando hasta ustedes totalmente gratuitos, [&hellip;]<\/p>\n","protected":false},"author":2,"featured_media":0,"comment_status":"open","ping_status":"open","sticky":false,"template":"","format":"standard","meta":{"tdm_status":"","tdm_grid_status":"","footnotes":""},"categories":[73],"tags":[103,3118,3256,5914,5500],"class_list":{"0":"post-24978","1":"post","2":"type-post","3":"status-publish","4":"format-standard","6":"category-de-boleto","7":"tag-acayucan","8":"tag-cnc","9":"tag-juan-carlos-molina-palacios","10":"tag-liga-de-comunidades-agrarias-y-sindicatos-campesinos","11":"tag-sagarpa"},"yoast_head":"<!-- This site is optimized with the Yoast SEO plugin v27.4 - https:\/\/yoast.com\/product\/yoast-seo-wordpress\/ -->\n<title>Molina Palacios &quot;se las recuerda&quot; a quienes pidieron el voto - Los pol\u00edticos Veracruz<\/title>\n<meta name=\"robots\" content=\"index, follow, max-snippet:-1, max-image-preview:large, max-video-preview:-1\" \/>\n<link rel=\"canonical\" href=\"https:\/\/lospoliticosveracruz.com\/?p=24978\" \/>\n<meta property=\"og:locale\" content=\"es_ES\" \/>\n<meta property=\"og:type\" content=\"article\" \/>\n<meta property=\"og:title\" content=\"Molina Palacios &quot;se las recuerda&quot; a quienes pidieron el voto - Los pol\u00edticos Veracruz\" \/>\n<meta property=\"og:description\" content=\"Al entregar apoyos para la siembra de ma\u00edz a productores de este municipio, el presidente de la CNC de Veracruz, Juan Carlos Molina Palacios, exhort\u00f3 a los campesinos para que se involucren solicitando los programas dirigidos a beneficiar a este sector, \u201cque gracias a la gesti\u00f3n de nuestra organizaci\u00f3n est\u00e1n llegando hasta ustedes totalmente gratuitos, [&hellip;]\" \/>\n<meta property=\"og:url\" content=\"https:\/\/lospoliticosveracruz.com\/?p=24978\" \/>\n<meta property=\"og:site_name\" content=\"Los pol\u00edticos Veracruz\" \/>\n<meta property=\"article:publisher\" content=\"https:\/\/www.facebook.com\/people\/Notimemes-de-los-Polticos\/61565672886568\/\" \/>\n<meta property=\"article:published_time\" content=\"2016-08-22T23:47:58+00:00\" \/>\n<meta property=\"og:image\" content=\"https:\/\/lospoliticosveracruz.com\/wp-content\/uploads\/2016\/07\/Logo-Dor.jpg\" \/>\n\t<meta property=\"og:image:width\" content=\"200\" \/>\n\t<meta property=\"og:image:height\" content=\"200\" \/>\n\t<meta property=\"og:image:type\" content=\"image\/jpeg\" \/>\n<meta name=\"author\" content=\"Lo viste en Los Pol\u00edticos\" \/>\n<meta name=\"twitter:card\" content=\"summary_large_image\" \/>\n<meta name=\"twitter:creator\" content=\"@LosPoliticosVer\" \/>\n<meta name=\"twitter:site\" content=\"@LosPoliticosVer\" \/>\n<meta name=\"twitter:label1\" content=\"Escrito por\" \/>\n\t<meta name=\"twitter:data1\" content=\"Lo viste en Los Pol\u00edticos\" \/>\n\t<meta name=\"twitter:label2\" content=\"Tiempo de lectura\" \/>\n\t<meta name=\"twitter:data2\" content=\"2 minutos\" \/>\n<script type=\"application\/ld+json\" class=\"yoast-schema-graph\">{\"@context\":\"https:\\\/\\\/schema.org\",\"@graph\":[{\"@type\":\"Article\",\"@id\":\"https:\\\/\\\/lospoliticosveracruz.com\\\/?p=24978#article\",\"isPartOf\":{\"@id\":\"https:\\\/\\\/lospoliticosveracruz.com\\\/?p=24978\"},\"author\":{\"name\":\"Lo viste en Los Pol\u00edticos\",\"@id\":\"https:\\\/\\\/lospoliticosveracruz.com\\\/#\\\/schema\\\/person\\\/b8702bb0e538456e6efd07080bf2a4a2\"},\"headline\":\"Molina Palacios \u00abse las recuerda\u00bb a quienes pidieron el voto\",\"datePublished\":\"2016-08-22T23:47:58+00:00\",\"mainEntityOfPage\":{\"@id\":\"https:\\\/\\\/lospoliticosveracruz.com\\\/?p=24978\"},\"wordCount\":444,\"commentCount\":0,\"publisher\":{\"@id\":\"https:\\\/\\\/lospoliticosveracruz.com\\\/#organization\"},\"keywords\":[\"Acayucan\",\"CNC\",\"Juan Carlos Molina Palacios\",\"Liga de Comunidades Agrarias y Sindicatos Campesinos\",\"Sagarpa\"],\"articleSection\":[\"De Boleto\"],\"inLanguage\":\"es\",\"potentialAction\":[{\"@type\":\"CommentAction\",\"name\":\"Comment\",\"target\":[\"https:\\\/\\\/lospoliticosveracruz.com\\\/?p=24978#respond\"]}]},{\"@type\":\"WebPage\",\"@id\":\"https:\\\/\\\/lospoliticosveracruz.com\\\/?p=24978\",\"url\":\"https:\\\/\\\/lospoliticosveracruz.com\\\/?p=24978\",\"name\":\"Molina Palacios \\\"se las recuerda\\\" a quienes pidieron el voto - Los pol\u00edticos Veracruz\",\"isPartOf\":{\"@id\":\"https:\\\/\\\/lospoliticosveracruz.com\\\/#website\"},\"datePublished\":\"2016-08-22T23:47:58+00:00\",\"breadcrumb\":{\"@id\":\"https:\\\/\\\/lospoliticosveracruz.com\\\/?p=24978#breadcrumb\"},\"inLanguage\":\"es\",\"potentialAction\":[{\"@type\":\"ReadAction\",\"target\":[\"https:\\\/\\\/lospoliticosveracruz.com\\\/?p=24978\"]}]},{\"@type\":\"BreadcrumbList\",\"@id\":\"https:\\\/\\\/lospoliticosveracruz.com\\\/?p=24978#breadcrumb\",\"itemListElement\":[{\"@type\":\"ListItem\",\"position\":1,\"name\":\"Portada\",\"item\":\"https:\\\/\\\/lospoliticosveracruz.com\\\/\"},{\"@type\":\"ListItem\",\"position\":2,\"name\":\"Molina Palacios \u00abse las recuerda\u00bb a quienes pidieron el voto\"}]},{\"@type\":\"WebSite\",\"@id\":\"https:\\\/\\\/lospoliticosveracruz.com\\\/#website\",\"url\":\"https:\\\/\\\/lospoliticosveracruz.com\\\/\",\"name\":\"Los pol\u00edticos Veracruz\",\"description\":\"\",\"publisher\":{\"@id\":\"https:\\\/\\\/lospoliticosveracruz.com\\\/#organization\"},\"potentialAction\":[{\"@type\":\"SearchAction\",\"target\":{\"@type\":\"EntryPoint\",\"urlTemplate\":\"https:\\\/\\\/lospoliticosveracruz.com\\\/?s={search_term_string}\"},\"query-input\":{\"@type\":\"PropertyValueSpecification\",\"valueRequired\":true,\"valueName\":\"search_term_string\"}}],\"inLanguage\":\"es\"},{\"@type\":\"Organization\",\"@id\":\"https:\\\/\\\/lospoliticosveracruz.com\\\/#organization\",\"name\":\"Los pol\u00edticos Veracruz\",\"url\":\"https:\\\/\\\/lospoliticosveracruz.com\\\/\",\"logo\":{\"@type\":\"ImageObject\",\"inLanguage\":\"es\",\"@id\":\"https:\\\/\\\/lospoliticosveracruz.com\\\/#\\\/schema\\\/logo\\\/image\\\/\",\"url\":\"https:\\\/\\\/lospoliticosveracruz.com\\\/wp-content\\\/uploads\\\/2025\\\/12\\\/Logo-Nuevo-LOS-POLITICOS-1.jpg\",\"contentUrl\":\"https:\\\/\\\/lospoliticosveracruz.com\\\/wp-content\\\/uploads\\\/2025\\\/12\\\/Logo-Nuevo-LOS-POLITICOS-1.jpg\",\"width\":260,\"height\":70,\"caption\":\"Los pol\u00edticos Veracruz\"},\"image\":{\"@id\":\"https:\\\/\\\/lospoliticosveracruz.com\\\/#\\\/schema\\\/logo\\\/image\\\/\"},\"sameAs\":[\"https:\\\/\\\/www.facebook.com\\\/people\\\/Notimemes-de-los-Polticos\\\/61565672886568\\\/\",\"https:\\\/\\\/x.com\\\/LosPoliticosVer\"]},{\"@type\":\"Person\",\"@id\":\"https:\\\/\\\/lospoliticosveracruz.com\\\/#\\\/schema\\\/person\\\/b8702bb0e538456e6efd07080bf2a4a2\",\"name\":\"Lo viste en Los Pol\u00edticos\",\"image\":{\"@type\":\"ImageObject\",\"inLanguage\":\"es\",\"@id\":\"https:\\\/\\\/secure.gravatar.com\\\/avatar\\\/3a8de04a2656d44082be478bd6c086daa447c4651605818287b9532d3d0bd435?s=96&d=mm&r=g\",\"url\":\"https:\\\/\\\/secure.gravatar.com\\\/avatar\\\/3a8de04a2656d44082be478bd6c086daa447c4651605818287b9532d3d0bd435?s=96&d=mm&r=g\",\"contentUrl\":\"https:\\\/\\\/secure.gravatar.com\\\/avatar\\\/3a8de04a2656d44082be478bd6c086daa447c4651605818287b9532d3d0bd435?s=96&d=mm&r=g\",\"caption\":\"Lo viste en Los Pol\u00edticos\"},\"url\":\"https:\\\/\\\/lospoliticosveracruz.com\\\/?author=2\"}]}<\/script>\n<!-- \/ Yoast SEO plugin. -->","yoast_head_json":{"title":"Molina Palacios \"se las recuerda\" a quienes pidieron el voto - Los pol\u00edticos Veracruz","robots":{"index":"index","follow":"follow","max-snippet":"max-snippet:-1","max-image-preview":"max-image-preview:large","max-video-preview":"max-video-preview:-1"},"canonical":"https:\/\/lospoliticosveracruz.com\/?p=24978","og_locale":"es_ES","og_type":"article","og_title":"Molina Palacios \"se las recuerda\" a quienes pidieron el voto - Los pol\u00edticos Veracruz","og_description":"Al entregar apoyos para la siembra de ma\u00edz a productores de este municipio, el presidente de la CNC de Veracruz, Juan Carlos Molina Palacios, exhort\u00f3 a los campesinos para que se involucren solicitando los programas dirigidos a beneficiar a este sector, \u201cque gracias a la gesti\u00f3n de nuestra organizaci\u00f3n est\u00e1n llegando hasta ustedes totalmente gratuitos, [&hellip;]","og_url":"https:\/\/lospoliticosveracruz.com\/?p=24978","og_site_name":"Los pol\u00edticos Veracruz","article_publisher":"https:\/\/www.facebook.com\/people\/Notimemes-de-los-Polticos\/61565672886568\/","article_published_time":"2016-08-22T23:47:58+00:00","og_image":[{"width":200,"height":200,"url":"https:\/\/lospoliticosveracruz.com\/wp-content\/uploads\/2016\/07\/Logo-Dor.jpg","type":"image\/jpeg"}],"author":"Lo viste en Los Pol\u00edticos","twitter_card":"summary_large_image","twitter_creator":"@LosPoliticosVer","twitter_site":"@LosPoliticosVer","twitter_misc":{"Escrito por":"Lo viste en Los Pol\u00edticos","Tiempo de lectura":"2 minutos"},"schema":{"@context":"https:\/\/schema.org","@graph":[{"@type":"Article","@id":"https:\/\/lospoliticosveracruz.com\/?p=24978#article","isPartOf":{"@id":"https:\/\/lospoliticosveracruz.com\/?p=24978"},"author":{"name":"Lo viste en Los Pol\u00edticos","@id":"https:\/\/lospoliticosveracruz.com\/#\/schema\/person\/b8702bb0e538456e6efd07080bf2a4a2"},"headline":"Molina Palacios \u00abse las recuerda\u00bb a quienes pidieron el voto","datePublished":"2016-08-22T23:47:58+00:00","mainEntityOfPage":{"@id":"https:\/\/lospoliticosveracruz.com\/?p=24978"},"wordCount":444,"commentCount":0,"publisher":{"@id":"https:\/\/lospoliticosveracruz.com\/#organization"},"keywords":["Acayucan","CNC","Juan Carlos Molina Palacios","Liga de Comunidades Agrarias y Sindicatos Campesinos","Sagarpa"],"articleSection":["De Boleto"],"inLanguage":"es","potentialAction":[{"@type":"CommentAction","name":"Comment","target":["https:\/\/lospoliticosveracruz.com\/?p=24978#respond"]}]},{"@type":"WebPage","@id":"https:\/\/lospoliticosveracruz.com\/?p=24978","url":"https:\/\/lospoliticosveracruz.com\/?p=24978","name":"Molina Palacios \"se las recuerda\" a quienes pidieron el voto - Los pol\u00edticos Veracruz","isPartOf":{"@id":"https:\/\/lospoliticosveracruz.com\/#website"},"datePublished":"2016-08-22T23:47:58+00:00","breadcrumb":{"@id":"https:\/\/lospoliticosveracruz.com\/?p=24978#breadcrumb"},"inLanguage":"es","potentialAction":[{"@type":"ReadAction","target":["https:\/\/lospoliticosveracruz.com\/?p=24978"]}]},{"@type":"BreadcrumbList","@id":"https:\/\/lospoliticosveracruz.com\/?p=24978#breadcrumb","itemListElement":[{"@type":"ListItem","position":1,"name":"Portada","item":"https:\/\/lospoliticosveracruz.com\/"},{"@type":"ListItem","position":2,"name":"Molina Palacios \u00abse las recuerda\u00bb a quienes pidieron el voto"}]},{"@type":"WebSite","@id":"https:\/\/lospoliticosveracruz.com\/#website","url":"https:\/\/lospoliticosveracruz.com\/","name":"Los pol\u00edticos Veracruz","description":"","publisher":{"@id":"https:\/\/lospoliticosveracruz.com\/#organization"},"potentialAction":[{"@type":"SearchAction","target":{"@type":"EntryPoint","urlTemplate":"https:\/\/lospoliticosveracruz.com\/?s={search_term_string}"},"query-input":{"@type":"PropertyValueSpecification","valueRequired":true,"valueName":"search_term_string"}}],"inLanguage":"es"},{"@type":"Organization","@id":"https:\/\/lospoliticosveracruz.com\/#organization","name":"Los pol\u00edticos Veracruz","url":"https:\/\/lospoliticosveracruz.com\/","logo":{"@type":"ImageObject","inLanguage":"es","@id":"https:\/\/lospoliticosveracruz.com\/#\/schema\/logo\/image\/","url":"https:\/\/lospoliticosveracruz.com\/wp-content\/uploads\/2025\/12\/Logo-Nuevo-LOS-POLITICOS-1.jpg","contentUrl":"https:\/\/lospoliticosveracruz.com\/wp-content\/uploads\/2025\/12\/Logo-Nuevo-LOS-POLITICOS-1.jpg","width":260,"height":70,"caption":"Los pol\u00edticos Veracruz"},"image":{"@id":"https:\/\/lospoliticosveracruz.com\/#\/schema\/logo\/image\/"},"sameAs":["https:\/\/www.facebook.com\/people\/Notimemes-de-los-Polticos\/61565672886568\/","https:\/\/x.com\/LosPoliticosVer"]},{"@type":"Person","@id":"https:\/\/lospoliticosveracruz.com\/#\/schema\/person\/b8702bb0e538456e6efd07080bf2a4a2","name":"Lo viste en Los Pol\u00edticos","image":{"@type":"ImageObject","inLanguage":"es","@id":"https:\/\/secure.gravatar.com\/avatar\/3a8de04a2656d44082be478bd6c086daa447c4651605818287b9532d3d0bd435?s=96&d=mm&r=g","url":"https:\/\/secure.gravatar.com\/avatar\/3a8de04a2656d44082be478bd6c086daa447c4651605818287b9532d3d0bd435?s=96&d=mm&r=g","contentUrl":"https:\/\/secure.gravatar.com\/avatar\/3a8de04a2656d44082be478bd6c086daa447c4651605818287b9532d3d0bd435?s=96&d=mm&r=g","caption":"Lo viste en Los Pol\u00edticos"},"url":"https:\/\/lospoliticosveracruz.com\/?author=2"}]}},"_links":{"self":[{"href":"https:\/\/lospoliticosveracruz.com\/index.php?rest_route=\/wp\/v2\/posts\/24978","targetHints":{"allow":["GET"]}}],"collection":[{"href":"https:\/\/lospoliticosveracruz.com\/index.php?rest_route=\/wp\/v2\/posts"}],"about":[{"href":"https:\/\/lospoliticosveracruz.com\/index.php?rest_route=\/wp\/v2\/types\/post"}],"author":[{"embeddable":true,"href":"https:\/\/lospoliticosveracruz.com\/index.php?rest_route=\/wp\/v2\/users\/2"}],"replies":[{"embeddable":true,"href":"https:\/\/lospoliticosveracruz.com\/index.php?rest_route=%2Fwp%2Fv2%2Fcomments&post=24978"}],"version-history":[{"count":1,"href":"https:\/\/lospoliticosveracruz.com\/index.php?rest_route=\/wp\/v2\/posts\/24978\/revisions"}],"predecessor-version":[{"id":24980,"href":"https:\/\/lospoliticosveracruz.com\/index.php?rest_route=\/wp\/v2\/posts\/24978\/revisions\/24980"}],"wp:attachment":[{"href":"https:\/\/lospoliticosveracruz.com\/index.php?rest_route=%2Fwp%2Fv2%2Fmedia&parent=24978"}],"wp:term":[{"taxonomy":"category","embeddable":true,"href":"https:\/\/lospoliticosveracruz.com\/index.php?rest_route=%2Fwp%2Fv2%2Fcategories&post=24978"},{"taxonomy":"post_tag","embeddable":true,"href":"https:\/\/lospoliticosveracruz.com\/index.php?rest_route=%2Fwp%2Fv2%2Ftags&post=24978"}],"curies":[{"name":"wp","href":"https:\/\/api.w.org\/{rel}","templated":true}]}}