{"id":24982,"date":"2016-08-22T19:52:15","date_gmt":"2016-08-23T00:52:15","guid":{"rendered":"http:\/\/www.lospoliticosveracruz.com.mx\/?p=24982"},"modified":"2016-08-22T20:15:00","modified_gmt":"2016-08-23T01:15:00","slug":"valio-madres-la-basificacion","status":"publish","type":"post","link":"https:\/\/lospoliticosveracruz.com\/?p=24982","title":{"rendered":"\u00a1Vali\u00f3 madres la basificaci\u00f3n!"},"content":{"rendered":"<p dir=\"ltr\"><strong>Salvador Mu\u00f1oz<\/strong><\/p>\n<p dir=\"ltr\"><em>Los Pol\u00edticos<\/em><\/p>\n<p dir=\"ltr\">Algo no cuadra en el Gobierno de Duarte\u2026 bueno, m\u00e1s bien ser\u00eda: una cosa m\u00e1s no cuadra en el Gobierno de Duarte.<\/p>\n<p dir=\"ltr\">Tanto estuvo jeringando con la basificaci\u00f3n para que al final de cuentas, ahora, a casi cien d\u00edas de que su administraci\u00f3n concluya, anda queriendo correr gente\u2026 y meter a otros. \u00bfD\u00f3nde? En la direcci\u00f3n del Registro Civil que desde hace unos d\u00edas est\u00e1 a la cabeza Fernando Garc\u00eda S\u00e1nchez, quien lleg\u00f3 con casi una decena de personas y todo indica que la instrucci\u00f3n es \u201cacomodarlas\u201d all\u00ed antes de que concluya el sexenio. La pregunta es: \u00bfson \u00f3rdenes del Gobernador o es por iniciativa propia del nuevo titular?<\/p>\n<p dir=\"ltr\">II<\/p>\n<p dir=\"ltr\">Este lunes, le solicitaron la renuncia a una docena de empleados; el viernes, a seis. S\u00f3lo un sindicalizado acept\u00f3 la renuncia porque se dijo sorprendido, pero ya est\u00e1 en pie de lucha y no se va a ir.<\/p>\n<p dir=\"ltr\">Lo peor: Se inici\u00f3 una \u201ccacer\u00eda de brujas\u201d al interior del Registro Civil en aras de \u201cexterminar\u201d a todo aquel personal que huela a Rafael Valverde El\u00edas, el anterior director del Registro Civil.<\/p>\n<p dir=\"ltr\">Quienes trabajan all\u00ed, dicen que las oficinas fueron vetadas para quienes consideran sospechosos del \u201cValverderismo\u201d y ya no pueden acercarse a su escritorio.<\/p>\n<p dir=\"ltr\">Con justa raz\u00f3n recordaban ese acto en d\u00edas pasados en el Museo Interactivo de Xalapa, donde se festejaba por la certeza y seguridad laboral de los trabajadores del estado\u2026<\/p>\n<p dir=\"ltr\">Y tambi\u00e9n recordaban c\u00f3mo fueron llamados al Congreso, a ocupar lugares, para respaldar a los diputados que aprobaron la iniciativa del Gobernador&#8230;<\/p>\n<p dir=\"ltr\">III<\/p>\n<p dir=\"ltr\">\u00bfCerteza laboral? Para quienes hoy perciben hostilidad en sus oficinas, tal parece que s\u00f3lo se aplica para los allegados a los altos jefes, y genera dudas: \u201c\u00a1es totalmente il\u00f3gico! \u00bfc\u00f3mo se les ocurre pedir renuncias cuando acaban de anunciar la bas\u00edficaci\u00f3n?, \u00a1qu\u00e9 mal est\u00e1n estos funcionarios! Ser\u00eda bueno que el gobernador investigara qu\u00e9 est\u00e1 pasando en el Registro Civil!, ya que no es nada bueno para su gobierno que est\u00e1 tan deteriorado y cierre con broche de oro con un esc\u00e1ndalo laboral por pedir renuncias a los trabajadores \u00a1y todo porque el director quiere acomodar a su equipo de trabajo!, quienes en teor\u00eda vienen a cerrar la administraci\u00f3n&#8230; \u00bfo s\u00f3lo vienen por la plaza que el gobernador prometi\u00f3?<\/p>\n<p dir=\"ltr\">IV<\/p>\n<p dir=\"ltr\">\u00bfY Fernando S\u00e1nchez Garc\u00eda? Los empleados amenazados por la gente del director del Registro Civil dicen que \u00e9l no les ha dado la cara. Permanece en sus oficinas agazapado y los encargados del trabajo sucio son esas personas que llegaron con \u00e9l.<\/p>\n<p dir=\"ltr\">Los que llaman \u201cel staff\u00a0de Valverde\u201d, este lunes, con todo y lluvia, tuvieron que pasar su horario laboral en la caseta de vigilancia o en los pasillos. Lo peor del d\u00eda, dicen, fue saber que en el interior, en las oficinas, una empleada regresaba a su escritorio hecha un mar de llanto porque \u201cme quieren correr\u201d.<\/p>\n<p dir=\"ltr\">El viernes fueron seis a los que amenazaron con correr\u2026 el lunes, 12\u2026 este martes \u00bfcu\u00e1ntos ser\u00e1n?<\/p>\n<p dir=\"ltr\">Al final de la jornada, es evidente que la Basificaci\u00f3n no deja de ser un cuento sujeto a la conveniencia de los jefes, de los intereses, de quien ostenta el poder, y recordar aquellas palabras del Gobernador, cuando dec\u00eda que la basificaci\u00f3n \u201cera un reconocimiento al esfuerzo de los trabajadores gubernamentales a quienes hoy podremos brindar estabilidad y beneficios de seguridad social que les corresponden por derecho de ustedes y de sus familias\u201d, no deja de ser \u201cpuro choro\u201d ante lo que ocurre en el Registro Civil, al menos que no lo sepa Duarte de Ochoa, que ser\u00eda malo\u2026 y si lo sabe, \u00a1estar\u00eda cabr\u00f3n!<\/p>\n<p dir=\"ltr\">Y ojo\u2026 porque si ocurre en el Registro Civil, igual puede ocurrir en cualquier otra dependencia; entonces podr\u00edamos decir que la basificaci\u00f3n \u00a1vali\u00f3 madres!<\/p>\n<p>&nbsp;<\/p>\n<p dir=\"ltr\"><a href=\"mailto:smcainito@gmail.com\">smcainito@gmail.com<\/a><\/p>\n","protected":false},"excerpt":{"rendered":"<p>Salvador Mu\u00f1oz Los Pol\u00edticos Algo no cuadra en el Gobierno de Duarte\u2026 bueno, m\u00e1s bien ser\u00eda: una cosa m\u00e1s no cuadra en el Gobierno de Duarte. Tanto estuvo jeringando con la basificaci\u00f3n para que al final de cuentas, ahora, a casi cien d\u00edas de que su administraci\u00f3n concluya, anda queriendo correr gente\u2026 y meter a [&hellip;]<\/p>\n","protected":false},"author":2,"featured_media":0,"comment_status":"open","ping_status":"open","sticky":false,"template":"","format":"standard","meta":{"tdm_status":"","tdm_grid_status":"","footnotes":""},"categories":[70],"tags":[6057,260,2028,2029],"class_list":{"0":"post-24982","1":"post","2":"type-post","3":"status-publish","4":"format-standard","6":"category-de-opinion","7":"tag-fernando-garcia-sanchez","8":"tag-javier-duarte-de-ochoa","9":"tag-rafael-valverde-elias","10":"tag-registro-civil"},"yoast_head":"<!-- This site is optimized with the Yoast SEO plugin v27.4 - https:\/\/yoast.com\/product\/yoast-seo-wordpress\/ -->\n<title>\u00a1Vali\u00f3 madres la basificaci\u00f3n! - Los pol\u00edticos Veracruz<\/title>\n<meta name=\"robots\" content=\"index, follow, max-snippet:-1, max-image-preview:large, max-video-preview:-1\" \/>\n<link rel=\"canonical\" href=\"https:\/\/lospoliticosveracruz.com\/?p=24982\" \/>\n<meta property=\"og:locale\" content=\"es_ES\" \/>\n<meta property=\"og:type\" content=\"article\" \/>\n<meta property=\"og:title\" content=\"\u00a1Vali\u00f3 madres la basificaci\u00f3n! - Los pol\u00edticos Veracruz\" \/>\n<meta property=\"og:description\" content=\"Salvador Mu\u00f1oz Los Pol\u00edticos Algo no cuadra en el Gobierno de Duarte\u2026 bueno, m\u00e1s bien ser\u00eda: una cosa m\u00e1s no cuadra en el Gobierno de Duarte. Tanto estuvo jeringando con la basificaci\u00f3n para que al final de cuentas, ahora, a casi cien d\u00edas de que su administraci\u00f3n concluya, anda queriendo correr gente\u2026 y meter a [&hellip;]\" \/>\n<meta property=\"og:url\" content=\"https:\/\/lospoliticosveracruz.com\/?p=24982\" \/>\n<meta property=\"og:site_name\" content=\"Los pol\u00edticos Veracruz\" \/>\n<meta property=\"article:publisher\" content=\"https:\/\/www.facebook.com\/people\/Notimemes-de-los-Polticos\/61565672886568\/\" \/>\n<meta property=\"article:published_time\" content=\"2016-08-23T00:52:15+00:00\" \/>\n<meta property=\"article:modified_time\" content=\"2016-08-23T01:15:00+00:00\" \/>\n<meta property=\"og:image\" content=\"https:\/\/lospoliticosveracruz.com\/wp-content\/uploads\/2016\/07\/Logo-Dor.jpg\" \/>\n\t<meta property=\"og:image:width\" content=\"200\" \/>\n\t<meta property=\"og:image:height\" content=\"200\" \/>\n\t<meta property=\"og:image:type\" content=\"image\/jpeg\" \/>\n<meta name=\"author\" content=\"Lo viste en Los Pol\u00edticos\" \/>\n<meta name=\"twitter:card\" content=\"summary_large_image\" \/>\n<meta name=\"twitter:creator\" content=\"@LosPoliticosVer\" \/>\n<meta name=\"twitter:site\" content=\"@LosPoliticosVer\" \/>\n<meta name=\"twitter:label1\" content=\"Escrito por\" \/>\n\t<meta name=\"twitter:data1\" content=\"Lo viste en Los Pol\u00edticos\" \/>\n\t<meta name=\"twitter:label2\" content=\"Tiempo de lectura\" \/>\n\t<meta name=\"twitter:data2\" content=\"3 minutos\" \/>\n<script type=\"application\/ld+json\" class=\"yoast-schema-graph\">{\"@context\":\"https:\\\/\\\/schema.org\",\"@graph\":[{\"@type\":\"Article\",\"@id\":\"https:\\\/\\\/lospoliticosveracruz.com\\\/?p=24982#article\",\"isPartOf\":{\"@id\":\"https:\\\/\\\/lospoliticosveracruz.com\\\/?p=24982\"},\"author\":{\"name\":\"Lo viste en Los Pol\u00edticos\",\"@id\":\"https:\\\/\\\/lospoliticosveracruz.com\\\/#\\\/schema\\\/person\\\/b8702bb0e538456e6efd07080bf2a4a2\"},\"headline\":\"\u00a1Vali\u00f3 madres la basificaci\u00f3n!\",\"datePublished\":\"2016-08-23T00:52:15+00:00\",\"dateModified\":\"2016-08-23T01:15:00+00:00\",\"mainEntityOfPage\":{\"@id\":\"https:\\\/\\\/lospoliticosveracruz.com\\\/?p=24982\"},\"wordCount\":677,\"commentCount\":0,\"publisher\":{\"@id\":\"https:\\\/\\\/lospoliticosveracruz.com\\\/#organization\"},\"keywords\":[\"Fernando Garc\u00eda S\u00e1nchez\",\"Javier Duarte de Ochoa\",\"Rafael Valverde El\u00edas\",\"Registro Civil\"],\"articleSection\":[\"De Opini\u00f3n\"],\"inLanguage\":\"es\",\"potentialAction\":[{\"@type\":\"CommentAction\",\"name\":\"Comment\",\"target\":[\"https:\\\/\\\/lospoliticosveracruz.com\\\/?p=24982#respond\"]}]},{\"@type\":\"WebPage\",\"@id\":\"https:\\\/\\\/lospoliticosveracruz.com\\\/?p=24982\",\"url\":\"https:\\\/\\\/lospoliticosveracruz.com\\\/?p=24982\",\"name\":\"\u00a1Vali\u00f3 madres la basificaci\u00f3n! - Los pol\u00edticos Veracruz\",\"isPartOf\":{\"@id\":\"https:\\\/\\\/lospoliticosveracruz.com\\\/#website\"},\"datePublished\":\"2016-08-23T00:52:15+00:00\",\"dateModified\":\"2016-08-23T01:15:00+00:00\",\"breadcrumb\":{\"@id\":\"https:\\\/\\\/lospoliticosveracruz.com\\\/?p=24982#breadcrumb\"},\"inLanguage\":\"es\",\"potentialAction\":[{\"@type\":\"ReadAction\",\"target\":[\"https:\\\/\\\/lospoliticosveracruz.com\\\/?p=24982\"]}]},{\"@type\":\"BreadcrumbList\",\"@id\":\"https:\\\/\\\/lospoliticosveracruz.com\\\/?p=24982#breadcrumb\",\"itemListElement\":[{\"@type\":\"ListItem\",\"position\":1,\"name\":\"Portada\",\"item\":\"https:\\\/\\\/lospoliticosveracruz.com\\\/\"},{\"@type\":\"ListItem\",\"position\":2,\"name\":\"\u00a1Vali\u00f3 madres la basificaci\u00f3n!\"}]},{\"@type\":\"WebSite\",\"@id\":\"https:\\\/\\\/lospoliticosveracruz.com\\\/#website\",\"url\":\"https:\\\/\\\/lospoliticosveracruz.com\\\/\",\"name\":\"Los pol\u00edticos Veracruz\",\"description\":\"\",\"publisher\":{\"@id\":\"https:\\\/\\\/lospoliticosveracruz.com\\\/#organization\"},\"potentialAction\":[{\"@type\":\"SearchAction\",\"target\":{\"@type\":\"EntryPoint\",\"urlTemplate\":\"https:\\\/\\\/lospoliticosveracruz.com\\\/?s={search_term_string}\"},\"query-input\":{\"@type\":\"PropertyValueSpecification\",\"valueRequired\":true,\"valueName\":\"search_term_string\"}}],\"inLanguage\":\"es\"},{\"@type\":\"Organization\",\"@id\":\"https:\\\/\\\/lospoliticosveracruz.com\\\/#organization\",\"name\":\"Los pol\u00edticos Veracruz\",\"url\":\"https:\\\/\\\/lospoliticosveracruz.com\\\/\",\"logo\":{\"@type\":\"ImageObject\",\"inLanguage\":\"es\",\"@id\":\"https:\\\/\\\/lospoliticosveracruz.com\\\/#\\\/schema\\\/logo\\\/image\\\/\",\"url\":\"https:\\\/\\\/lospoliticosveracruz.com\\\/wp-content\\\/uploads\\\/2025\\\/12\\\/Logo-Nuevo-LOS-POLITICOS-1.jpg\",\"contentUrl\":\"https:\\\/\\\/lospoliticosveracruz.com\\\/wp-content\\\/uploads\\\/2025\\\/12\\\/Logo-Nuevo-LOS-POLITICOS-1.jpg\",\"width\":260,\"height\":70,\"caption\":\"Los pol\u00edticos Veracruz\"},\"image\":{\"@id\":\"https:\\\/\\\/lospoliticosveracruz.com\\\/#\\\/schema\\\/logo\\\/image\\\/\"},\"sameAs\":[\"https:\\\/\\\/www.facebook.com\\\/people\\\/Notimemes-de-los-Polticos\\\/61565672886568\\\/\",\"https:\\\/\\\/x.com\\\/LosPoliticosVer\"]},{\"@type\":\"Person\",\"@id\":\"https:\\\/\\\/lospoliticosveracruz.com\\\/#\\\/schema\\\/person\\\/b8702bb0e538456e6efd07080bf2a4a2\",\"name\":\"Lo viste en Los Pol\u00edticos\",\"image\":{\"@type\":\"ImageObject\",\"inLanguage\":\"es\",\"@id\":\"https:\\\/\\\/secure.gravatar.com\\\/avatar\\\/3a8de04a2656d44082be478bd6c086daa447c4651605818287b9532d3d0bd435?s=96&d=mm&r=g\",\"url\":\"https:\\\/\\\/secure.gravatar.com\\\/avatar\\\/3a8de04a2656d44082be478bd6c086daa447c4651605818287b9532d3d0bd435?s=96&d=mm&r=g\",\"contentUrl\":\"https:\\\/\\\/secure.gravatar.com\\\/avatar\\\/3a8de04a2656d44082be478bd6c086daa447c4651605818287b9532d3d0bd435?s=96&d=mm&r=g\",\"caption\":\"Lo viste en Los Pol\u00edticos\"},\"url\":\"https:\\\/\\\/lospoliticosveracruz.com\\\/?author=2\"}]}<\/script>\n<!-- \/ Yoast SEO plugin. -->","yoast_head_json":{"title":"\u00a1Vali\u00f3 madres la basificaci\u00f3n! - Los pol\u00edticos Veracruz","robots":{"index":"index","follow":"follow","max-snippet":"max-snippet:-1","max-image-preview":"max-image-preview:large","max-video-preview":"max-video-preview:-1"},"canonical":"https:\/\/lospoliticosveracruz.com\/?p=24982","og_locale":"es_ES","og_type":"article","og_title":"\u00a1Vali\u00f3 madres la basificaci\u00f3n! - Los pol\u00edticos Veracruz","og_description":"Salvador Mu\u00f1oz Los Pol\u00edticos Algo no cuadra en el Gobierno de Duarte\u2026 bueno, m\u00e1s bien ser\u00eda: una cosa m\u00e1s no cuadra en el Gobierno de Duarte. Tanto estuvo jeringando con la basificaci\u00f3n para que al final de cuentas, ahora, a casi cien d\u00edas de que su administraci\u00f3n concluya, anda queriendo correr gente\u2026 y meter a [&hellip;]","og_url":"https:\/\/lospoliticosveracruz.com\/?p=24982","og_site_name":"Los pol\u00edticos Veracruz","article_publisher":"https:\/\/www.facebook.com\/people\/Notimemes-de-los-Polticos\/61565672886568\/","article_published_time":"2016-08-23T00:52:15+00:00","article_modified_time":"2016-08-23T01:15:00+00:00","og_image":[{"width":200,"height":200,"url":"https:\/\/lospoliticosveracruz.com\/wp-content\/uploads\/2016\/07\/Logo-Dor.jpg","type":"image\/jpeg"}],"author":"Lo viste en Los Pol\u00edticos","twitter_card":"summary_large_image","twitter_creator":"@LosPoliticosVer","twitter_site":"@LosPoliticosVer","twitter_misc":{"Escrito por":"Lo viste en Los Pol\u00edticos","Tiempo de lectura":"3 minutos"},"schema":{"@context":"https:\/\/schema.org","@graph":[{"@type":"Article","@id":"https:\/\/lospoliticosveracruz.com\/?p=24982#article","isPartOf":{"@id":"https:\/\/lospoliticosveracruz.com\/?p=24982"},"author":{"name":"Lo viste en Los Pol\u00edticos","@id":"https:\/\/lospoliticosveracruz.com\/#\/schema\/person\/b8702bb0e538456e6efd07080bf2a4a2"},"headline":"\u00a1Vali\u00f3 madres la basificaci\u00f3n!","datePublished":"2016-08-23T00:52:15+00:00","dateModified":"2016-08-23T01:15:00+00:00","mainEntityOfPage":{"@id":"https:\/\/lospoliticosveracruz.com\/?p=24982"},"wordCount":677,"commentCount":0,"publisher":{"@id":"https:\/\/lospoliticosveracruz.com\/#organization"},"keywords":["Fernando Garc\u00eda S\u00e1nchez","Javier Duarte de Ochoa","Rafael Valverde El\u00edas","Registro Civil"],"articleSection":["De Opini\u00f3n"],"inLanguage":"es","potentialAction":[{"@type":"CommentAction","name":"Comment","target":["https:\/\/lospoliticosveracruz.com\/?p=24982#respond"]}]},{"@type":"WebPage","@id":"https:\/\/lospoliticosveracruz.com\/?p=24982","url":"https:\/\/lospoliticosveracruz.com\/?p=24982","name":"\u00a1Vali\u00f3 madres la basificaci\u00f3n! - Los pol\u00edticos Veracruz","isPartOf":{"@id":"https:\/\/lospoliticosveracruz.com\/#website"},"datePublished":"2016-08-23T00:52:15+00:00","dateModified":"2016-08-23T01:15:00+00:00","breadcrumb":{"@id":"https:\/\/lospoliticosveracruz.com\/?p=24982#breadcrumb"},"inLanguage":"es","potentialAction":[{"@type":"ReadAction","target":["https:\/\/lospoliticosveracruz.com\/?p=24982"]}]},{"@type":"BreadcrumbList","@id":"https:\/\/lospoliticosveracruz.com\/?p=24982#breadcrumb","itemListElement":[{"@type":"ListItem","position":1,"name":"Portada","item":"https:\/\/lospoliticosveracruz.com\/"},{"@type":"ListItem","position":2,"name":"\u00a1Vali\u00f3 madres la basificaci\u00f3n!"}]},{"@type":"WebSite","@id":"https:\/\/lospoliticosveracruz.com\/#website","url":"https:\/\/lospoliticosveracruz.com\/","name":"Los pol\u00edticos Veracruz","description":"","publisher":{"@id":"https:\/\/lospoliticosveracruz.com\/#organization"},"potentialAction":[{"@type":"SearchAction","target":{"@type":"EntryPoint","urlTemplate":"https:\/\/lospoliticosveracruz.com\/?s={search_term_string}"},"query-input":{"@type":"PropertyValueSpecification","valueRequired":true,"valueName":"search_term_string"}}],"inLanguage":"es"},{"@type":"Organization","@id":"https:\/\/lospoliticosveracruz.com\/#organization","name":"Los pol\u00edticos Veracruz","url":"https:\/\/lospoliticosveracruz.com\/","logo":{"@type":"ImageObject","inLanguage":"es","@id":"https:\/\/lospoliticosveracruz.com\/#\/schema\/logo\/image\/","url":"https:\/\/lospoliticosveracruz.com\/wp-content\/uploads\/2025\/12\/Logo-Nuevo-LOS-POLITICOS-1.jpg","contentUrl":"https:\/\/lospoliticosveracruz.com\/wp-content\/uploads\/2025\/12\/Logo-Nuevo-LOS-POLITICOS-1.jpg","width":260,"height":70,"caption":"Los pol\u00edticos Veracruz"},"image":{"@id":"https:\/\/lospoliticosveracruz.com\/#\/schema\/logo\/image\/"},"sameAs":["https:\/\/www.facebook.com\/people\/Notimemes-de-los-Polticos\/61565672886568\/","https:\/\/x.com\/LosPoliticosVer"]},{"@type":"Person","@id":"https:\/\/lospoliticosveracruz.com\/#\/schema\/person\/b8702bb0e538456e6efd07080bf2a4a2","name":"Lo viste en Los Pol\u00edticos","image":{"@type":"ImageObject","inLanguage":"es","@id":"https:\/\/secure.gravatar.com\/avatar\/3a8de04a2656d44082be478bd6c086daa447c4651605818287b9532d3d0bd435?s=96&d=mm&r=g","url":"https:\/\/secure.gravatar.com\/avatar\/3a8de04a2656d44082be478bd6c086daa447c4651605818287b9532d3d0bd435?s=96&d=mm&r=g","contentUrl":"https:\/\/secure.gravatar.com\/avatar\/3a8de04a2656d44082be478bd6c086daa447c4651605818287b9532d3d0bd435?s=96&d=mm&r=g","caption":"Lo viste en Los Pol\u00edticos"},"url":"https:\/\/lospoliticosveracruz.com\/?author=2"}]}},"_links":{"self":[{"href":"https:\/\/lospoliticosveracruz.com\/index.php?rest_route=\/wp\/v2\/posts\/24982","targetHints":{"allow":["GET"]}}],"collection":[{"href":"https:\/\/lospoliticosveracruz.com\/index.php?rest_route=\/wp\/v2\/posts"}],"about":[{"href":"https:\/\/lospoliticosveracruz.com\/index.php?rest_route=\/wp\/v2\/types\/post"}],"author":[{"embeddable":true,"href":"https:\/\/lospoliticosveracruz.com\/index.php?rest_route=\/wp\/v2\/users\/2"}],"replies":[{"embeddable":true,"href":"https:\/\/lospoliticosveracruz.com\/index.php?rest_route=%2Fwp%2Fv2%2Fcomments&post=24982"}],"version-history":[{"count":1,"href":"https:\/\/lospoliticosveracruz.com\/index.php?rest_route=\/wp\/v2\/posts\/24982\/revisions"}],"predecessor-version":[{"id":24984,"href":"https:\/\/lospoliticosveracruz.com\/index.php?rest_route=\/wp\/v2\/posts\/24982\/revisions\/24984"}],"wp:attachment":[{"href":"https:\/\/lospoliticosveracruz.com\/index.php?rest_route=%2Fwp%2Fv2%2Fmedia&parent=24982"}],"wp:term":[{"taxonomy":"category","embeddable":true,"href":"https:\/\/lospoliticosveracruz.com\/index.php?rest_route=%2Fwp%2Fv2%2Fcategories&post=24982"},{"taxonomy":"post_tag","embeddable":true,"href":"https:\/\/lospoliticosveracruz.com\/index.php?rest_route=%2Fwp%2Fv2%2Ftags&post=24982"}],"curies":[{"name":"wp","href":"https:\/\/api.w.org\/{rel}","templated":true}]}}