{"id":24985,"date":"2016-08-23T09:06:32","date_gmt":"2016-08-23T14:06:32","guid":{"rendered":"http:\/\/www.lospoliticosveracruz.com.mx\/?p=24985"},"modified":"2016-08-23T09:14:16","modified_gmt":"2016-08-23T14:14:16","slug":"cambios-en-cmas-y-desarrollo-economico","status":"publish","type":"post","link":"https:\/\/lospoliticosveracruz.com\/?p=24985","title":{"rendered":"Cambios en CMAS y Desarrollo Econ\u00f3mico"},"content":{"rendered":"<p><strong>Luis Alberto Romero<\/strong><\/p>\n<p><em>Hora Cero<\/em><\/p>\n<p>&nbsp;<\/p>\n<p>En la Comisi\u00f3n Municipal de Agua Potable y Saneamiento (CMAS), es inminente el relevo de Carlos Hern\u00e1ndez Mart\u00ednez, a quien no le qued\u00f3 grande, sino enorme dicho cargo.<\/p>\n<p>Evidentemente, el funcionario no pudo con la encomienda; as\u00ed, en cuesti\u00f3n de d\u00edas, quiz\u00e1 horas, Carlos Hern\u00e1ndez dejar\u00e1 dicho espacio para que llegue al frente del organismo operador del agua de la capital veracruzana alguien que s\u00ed trabaje, que resuelva y solucione los problemas, y no que se la pase veraneando.<\/p>\n<p>Por cierto, el alcalde anunci\u00f3 que es cuesti\u00f3n de d\u00edas para que se concrete el nombramiento en Desarrollo Econ\u00f3mico, un \u00e1rea que se qued\u00f3 ac\u00e9fala luego del fallecimiento de su titular, Rafael Olvera Carrascosa, en noviembre pasado.<\/p>\n<p>Rafa Olvera, como era conocido por sus amigos, fue un funcionario de primer nivel en la administraci\u00f3n municipal; contaba con una maestr\u00eda en administraci\u00f3n con especialidad en finanzas y con un doctorado en econom\u00eda financiera. Su trayectoria inclu\u00eda la direcci\u00f3n de Contadur\u00eda y Administraci\u00f3n de la Universidad Veracruzana; la direcci\u00f3n general financiera de la UV; la direcci\u00f3n administrativa del Instituto Veracruzano de la Cultura; y la del Centro de Especialidades M\u00e9dicas de Xalapa; as\u00ed como la subtesorer\u00eda en el ayuntamiento xalape\u00f1o. Cubrir ese espacio no ser\u00e1 f\u00e1cil para el alcalde de esta capital, tomando en consideraci\u00f3n el curr\u00edculum del extinto funcionario.<\/p>\n<p>&nbsp;<\/p>\n<p><b>Xalapa, el Festival de las Flores<\/b><\/p>\n<p>El Festival de las Flores, Xalapa llena de luz ha reactivado a la ciudad capital. El fin de semana pasado fue un ejemplo claro de ello.<\/p>\n<p>Con el concierto de Alex Lora y El TRI de M\u00e9xico, el Parque Deportivo Col\u00f3n se abarrot\u00f3; y con la presentaci\u00f3n de Ra\u00fal Ornelas y Nicho Hinojosa sucedi\u00f3 lo mismo en el Museo Interactivo de Xalapa.<\/p>\n<p>Adem\u00e1s, los foros art\u00edsticos de Xallitic, el Parque Ju\u00e1rez, Los Berros y Los Lagos, tuvieron gente a m\u00e1s no poder.<\/p>\n<p>En un recorrido realizado por estas zonas pudimos constatar la gran afluencia que se registr\u00f3,\u00a0 lo que trae grandes beneficios para comerciantes, restaurantes prestadores de servicios y taxistas, entre otros.<\/p>\n<p>La iniciativa del alcalde Am\u00e9rico Z\u00fa\u00f1iga Mart\u00ednez fue positiva. El movimiento se nota en la ciudad, porque al final esto forma parte de una cadena productiva en donde ganan todos. Gana el artista, gana el espectador que aumenta su cultura y ganan los comerciantes.<\/p>\n<p>Para este fin de semana se esperan un festival de bandas el viernes 26 en el lienzo charro a Tony Balardi con Liliana La Teporocha en el parque Do\u00f1a Falla; una velada po\u00e9tica en La Gavia, con los escritores Laura Moss, Arturo Rodr\u00edguez y Carlos Peredo; la Luna de la Universidad Pedag\u00f3gica Nacional, en La Casona, el s\u00e1bado 27; y la presencia de la Orquesta Sinf\u00f3nica de Xalapa en la Catedral Metropolitana y un Festival Gastron\u00f3mico el domingo 28, a partir de las 14:00 horas, en el Palacio Municipal.<\/p>\n<p>El cierre se augura exitoso, con la presentaci\u00f3n de Jarocho, el 1 de septiembre y de la cantante Belinda, el d\u00eda 2.<\/p>\n<p>&nbsp;<\/p>\n<p>&nbsp;<\/p>\n<p><b>Am\u00e9rico, comandante honorario de Bomberos<\/b><\/p>\n<p>Hablando del mun\u00edcipe capitalino, llam\u00f3 la atenci\u00f3n que\u00a0en<b>\u00a0<\/b>el marco de la celebraci\u00f3n del D\u00eda del Bombero, el Cuerpo de Bomberos de Xalapa lo haya nombrado Comandante Honorario de esta instituci\u00f3n.<\/p>\n<p>Se trata, dijo un integrante de esta corporaci\u00f3n, por un reconocimiento al compromiso mostrado con la salvaguarda de la poblaci\u00f3n y con esta instituci\u00f3n.<\/p>\n<p>Am\u00e9rico Z\u00fa\u00f1iga ha tenido una muy buena relaci\u00f3n con el heroico Cuerpo de Bomberos de Xalapa, que en anteriores administraciones estuvo olvidado y casi excluido por el ayuntamiento; tanto, que nos comentan que algunos elementos han enfrentado problemas para seguir adelante con esa labor, que en ocasiones es poco reconocida y muy mal remunerada.<\/p>\n<p>El alcalde no s\u00f3lo duplic\u00f3 el subsidio que recib\u00edan los bomberos cuando lleg\u00f3 a la administraci\u00f3n, tambi\u00e9n les ha dado equipo, uniformes, construy\u00f3 una nueva estaci\u00f3n en la zona sur de la ciudad y ya proyecta una cuarta, para brindar mejor atenci\u00f3n.<\/p>\n<p>En este punto, en el cuidado y atenci\u00f3n a los bomberos, en Xalapa tambi\u00e9n se han hecho bien las cosas.<\/p>\n<p><b>Presentar\u00e1 INE atlas de resultados electorales<\/b><\/p>\n<p>Para conocer detalle a detalle cada uno de los procesos federales en el pa\u00eds, el Instituto Nacional Electoral (INE), presentar\u00e1 este mi\u00e9rcoles el Sistema de Consulta de la Estad\u00edstica de las Elecciones Federales 2014-2015 y la actualizaci\u00f3n del Atlas de Resultados de las Elecciones Federales, desde 1991 hasta el a\u00f1o pasado.<\/p>\n<p>As\u00ed, con esta plataforma digital se podr\u00e1 conocer la votaci\u00f3n obtenida por cada partido pol\u00edtico o coalici\u00f3n, los primeros, segundos y terceros lugares de la contienda en mapas que presentan las crom\u00e1ticas correspondientes a los partidos ubicados en esas posiciones de la votaci\u00f3n y la participaci\u00f3n ciudadana por orden seccional.<\/p>\n<p>Dado que los resultados de cada elecci\u00f3n podr\u00e1n ser abiertos en hoja de c\u00e1lculo o exportarse en formato de texto, el trabajo de estrategas y coordinadores de campa\u00f1a, en pr\u00f3ximos comicios, ser\u00e1 m\u00e1s ligero al tener a la mano la biopsia de cada seccional.<\/p>\n<p>&nbsp;<\/p>\n<p>@luisromero85<\/p>\n<p>&nbsp;<\/p>\n","protected":false},"excerpt":{"rendered":"<p>Luis Alberto Romero Hora Cero &nbsp; En la Comisi\u00f3n Municipal de Agua Potable y Saneamiento (CMAS), es inminente el relevo de Carlos Hern\u00e1ndez Mart\u00ednez, a quien no le qued\u00f3 grande, sino enorme dicho cargo. Evidentemente, el funcionario no pudo con la encomienda; as\u00ed, en cuesti\u00f3n de d\u00edas, quiz\u00e1 horas, Carlos Hern\u00e1ndez dejar\u00e1 dicho espacio para [&hellip;]<\/p>\n","protected":false},"author":2,"featured_media":0,"comment_status":"open","ping_status":"open","sticky":false,"template":"","format":"standard","meta":{"tdm_status":"","tdm_grid_status":"","footnotes":""},"categories":[70],"tags":[5240,786,5511,554,4087],"class_list":{"0":"post-24985","1":"post","2":"type-post","3":"status-publish","4":"format-standard","6":"category-de-opinion","7":"tag-carlos-hernandez","8":"tag-cmas","9":"tag-festival-de-las-flores","10":"tag-ine","11":"tag-rafael-olvera-carrascosa"},"yoast_head":"<!-- This site is optimized with the Yoast SEO plugin v27.4 - https:\/\/yoast.com\/product\/yoast-seo-wordpress\/ -->\n<title>Cambios en CMAS y Desarrollo Econ\u00f3mico - Los pol\u00edticos Veracruz<\/title>\n<meta name=\"robots\" content=\"index, follow, max-snippet:-1, max-image-preview:large, max-video-preview:-1\" \/>\n<link rel=\"canonical\" href=\"https:\/\/lospoliticosveracruz.com\/?p=24985\" \/>\n<meta property=\"og:locale\" content=\"es_ES\" \/>\n<meta property=\"og:type\" content=\"article\" \/>\n<meta property=\"og:title\" content=\"Cambios en CMAS y Desarrollo Econ\u00f3mico - Los pol\u00edticos Veracruz\" \/>\n<meta property=\"og:description\" content=\"Luis Alberto Romero Hora Cero &nbsp; En la Comisi\u00f3n Municipal de Agua Potable y Saneamiento (CMAS), es inminente el relevo de Carlos Hern\u00e1ndez Mart\u00ednez, a quien no le qued\u00f3 grande, sino enorme dicho cargo. Evidentemente, el funcionario no pudo con la encomienda; as\u00ed, en cuesti\u00f3n de d\u00edas, quiz\u00e1 horas, Carlos Hern\u00e1ndez dejar\u00e1 dicho espacio para [&hellip;]\" \/>\n<meta property=\"og:url\" content=\"https:\/\/lospoliticosveracruz.com\/?p=24985\" \/>\n<meta property=\"og:site_name\" content=\"Los pol\u00edticos Veracruz\" \/>\n<meta property=\"article:publisher\" content=\"https:\/\/www.facebook.com\/people\/Notimemes-de-los-Polticos\/61565672886568\/\" \/>\n<meta property=\"article:published_time\" content=\"2016-08-23T14:06:32+00:00\" \/>\n<meta property=\"article:modified_time\" content=\"2016-08-23T14:14:16+00:00\" \/>\n<meta property=\"og:image\" content=\"https:\/\/lospoliticosveracruz.com\/wp-content\/uploads\/2016\/07\/Logo-Dor.jpg\" \/>\n\t<meta property=\"og:image:width\" content=\"200\" \/>\n\t<meta property=\"og:image:height\" content=\"200\" \/>\n\t<meta property=\"og:image:type\" content=\"image\/jpeg\" \/>\n<meta name=\"author\" content=\"Lo viste en Los Pol\u00edticos\" \/>\n<meta name=\"twitter:card\" content=\"summary_large_image\" \/>\n<meta name=\"twitter:creator\" content=\"@LosPoliticosVer\" \/>\n<meta name=\"twitter:site\" content=\"@LosPoliticosVer\" \/>\n<meta name=\"twitter:label1\" content=\"Escrito por\" \/>\n\t<meta name=\"twitter:data1\" content=\"Lo viste en Los Pol\u00edticos\" \/>\n\t<meta name=\"twitter:label2\" content=\"Tiempo de lectura\" \/>\n\t<meta name=\"twitter:data2\" content=\"5 minutos\" \/>\n<script type=\"application\/ld+json\" class=\"yoast-schema-graph\">{\"@context\":\"https:\\\/\\\/schema.org\",\"@graph\":[{\"@type\":\"Article\",\"@id\":\"https:\\\/\\\/lospoliticosveracruz.com\\\/?p=24985#article\",\"isPartOf\":{\"@id\":\"https:\\\/\\\/lospoliticosveracruz.com\\\/?p=24985\"},\"author\":{\"name\":\"Lo viste en Los Pol\u00edticos\",\"@id\":\"https:\\\/\\\/lospoliticosveracruz.com\\\/#\\\/schema\\\/person\\\/b8702bb0e538456e6efd07080bf2a4a2\"},\"headline\":\"Cambios en CMAS y Desarrollo Econ\u00f3mico\",\"datePublished\":\"2016-08-23T14:06:32+00:00\",\"dateModified\":\"2016-08-23T14:14:16+00:00\",\"mainEntityOfPage\":{\"@id\":\"https:\\\/\\\/lospoliticosveracruz.com\\\/?p=24985\"},\"wordCount\":913,\"commentCount\":0,\"publisher\":{\"@id\":\"https:\\\/\\\/lospoliticosveracruz.com\\\/#organization\"},\"keywords\":[\"Carlos Hern\u00e1ndez\",\"CMAS\",\"Festival de las Flores\",\"INE\",\"Rafael Olvera Carrascosa\"],\"articleSection\":[\"De Opini\u00f3n\"],\"inLanguage\":\"es\",\"potentialAction\":[{\"@type\":\"CommentAction\",\"name\":\"Comment\",\"target\":[\"https:\\\/\\\/lospoliticosveracruz.com\\\/?p=24985#respond\"]}]},{\"@type\":\"WebPage\",\"@id\":\"https:\\\/\\\/lospoliticosveracruz.com\\\/?p=24985\",\"url\":\"https:\\\/\\\/lospoliticosveracruz.com\\\/?p=24985\",\"name\":\"Cambios en CMAS y Desarrollo Econ\u00f3mico - Los pol\u00edticos Veracruz\",\"isPartOf\":{\"@id\":\"https:\\\/\\\/lospoliticosveracruz.com\\\/#website\"},\"datePublished\":\"2016-08-23T14:06:32+00:00\",\"dateModified\":\"2016-08-23T14:14:16+00:00\",\"breadcrumb\":{\"@id\":\"https:\\\/\\\/lospoliticosveracruz.com\\\/?p=24985#breadcrumb\"},\"inLanguage\":\"es\",\"potentialAction\":[{\"@type\":\"ReadAction\",\"target\":[\"https:\\\/\\\/lospoliticosveracruz.com\\\/?p=24985\"]}]},{\"@type\":\"BreadcrumbList\",\"@id\":\"https:\\\/\\\/lospoliticosveracruz.com\\\/?p=24985#breadcrumb\",\"itemListElement\":[{\"@type\":\"ListItem\",\"position\":1,\"name\":\"Portada\",\"item\":\"https:\\\/\\\/lospoliticosveracruz.com\\\/\"},{\"@type\":\"ListItem\",\"position\":2,\"name\":\"Cambios en CMAS y Desarrollo Econ\u00f3mico\"}]},{\"@type\":\"WebSite\",\"@id\":\"https:\\\/\\\/lospoliticosveracruz.com\\\/#website\",\"url\":\"https:\\\/\\\/lospoliticosveracruz.com\\\/\",\"name\":\"Los pol\u00edticos Veracruz\",\"description\":\"\",\"publisher\":{\"@id\":\"https:\\\/\\\/lospoliticosveracruz.com\\\/#organization\"},\"potentialAction\":[{\"@type\":\"SearchAction\",\"target\":{\"@type\":\"EntryPoint\",\"urlTemplate\":\"https:\\\/\\\/lospoliticosveracruz.com\\\/?s={search_term_string}\"},\"query-input\":{\"@type\":\"PropertyValueSpecification\",\"valueRequired\":true,\"valueName\":\"search_term_string\"}}],\"inLanguage\":\"es\"},{\"@type\":\"Organization\",\"@id\":\"https:\\\/\\\/lospoliticosveracruz.com\\\/#organization\",\"name\":\"Los pol\u00edticos Veracruz\",\"url\":\"https:\\\/\\\/lospoliticosveracruz.com\\\/\",\"logo\":{\"@type\":\"ImageObject\",\"inLanguage\":\"es\",\"@id\":\"https:\\\/\\\/lospoliticosveracruz.com\\\/#\\\/schema\\\/logo\\\/image\\\/\",\"url\":\"https:\\\/\\\/lospoliticosveracruz.com\\\/wp-content\\\/uploads\\\/2025\\\/12\\\/Logo-Nuevo-LOS-POLITICOS-1.jpg\",\"contentUrl\":\"https:\\\/\\\/lospoliticosveracruz.com\\\/wp-content\\\/uploads\\\/2025\\\/12\\\/Logo-Nuevo-LOS-POLITICOS-1.jpg\",\"width\":260,\"height\":70,\"caption\":\"Los pol\u00edticos Veracruz\"},\"image\":{\"@id\":\"https:\\\/\\\/lospoliticosveracruz.com\\\/#\\\/schema\\\/logo\\\/image\\\/\"},\"sameAs\":[\"https:\\\/\\\/www.facebook.com\\\/people\\\/Notimemes-de-los-Polticos\\\/61565672886568\\\/\",\"https:\\\/\\\/x.com\\\/LosPoliticosVer\"]},{\"@type\":\"Person\",\"@id\":\"https:\\\/\\\/lospoliticosveracruz.com\\\/#\\\/schema\\\/person\\\/b8702bb0e538456e6efd07080bf2a4a2\",\"name\":\"Lo viste en Los Pol\u00edticos\",\"image\":{\"@type\":\"ImageObject\",\"inLanguage\":\"es\",\"@id\":\"https:\\\/\\\/secure.gravatar.com\\\/avatar\\\/3a8de04a2656d44082be478bd6c086daa447c4651605818287b9532d3d0bd435?s=96&d=mm&r=g\",\"url\":\"https:\\\/\\\/secure.gravatar.com\\\/avatar\\\/3a8de04a2656d44082be478bd6c086daa447c4651605818287b9532d3d0bd435?s=96&d=mm&r=g\",\"contentUrl\":\"https:\\\/\\\/secure.gravatar.com\\\/avatar\\\/3a8de04a2656d44082be478bd6c086daa447c4651605818287b9532d3d0bd435?s=96&d=mm&r=g\",\"caption\":\"Lo viste en Los Pol\u00edticos\"},\"url\":\"https:\\\/\\\/lospoliticosveracruz.com\\\/?author=2\"}]}<\/script>\n<!-- \/ Yoast SEO plugin. -->","yoast_head_json":{"title":"Cambios en CMAS y Desarrollo Econ\u00f3mico - Los pol\u00edticos Veracruz","robots":{"index":"index","follow":"follow","max-snippet":"max-snippet:-1","max-image-preview":"max-image-preview:large","max-video-preview":"max-video-preview:-1"},"canonical":"https:\/\/lospoliticosveracruz.com\/?p=24985","og_locale":"es_ES","og_type":"article","og_title":"Cambios en CMAS y Desarrollo Econ\u00f3mico - Los pol\u00edticos Veracruz","og_description":"Luis Alberto Romero Hora Cero &nbsp; En la Comisi\u00f3n Municipal de Agua Potable y Saneamiento (CMAS), es inminente el relevo de Carlos Hern\u00e1ndez Mart\u00ednez, a quien no le qued\u00f3 grande, sino enorme dicho cargo. Evidentemente, el funcionario no pudo con la encomienda; as\u00ed, en cuesti\u00f3n de d\u00edas, quiz\u00e1 horas, Carlos Hern\u00e1ndez dejar\u00e1 dicho espacio para [&hellip;]","og_url":"https:\/\/lospoliticosveracruz.com\/?p=24985","og_site_name":"Los pol\u00edticos Veracruz","article_publisher":"https:\/\/www.facebook.com\/people\/Notimemes-de-los-Polticos\/61565672886568\/","article_published_time":"2016-08-23T14:06:32+00:00","article_modified_time":"2016-08-23T14:14:16+00:00","og_image":[{"width":200,"height":200,"url":"https:\/\/lospoliticosveracruz.com\/wp-content\/uploads\/2016\/07\/Logo-Dor.jpg","type":"image\/jpeg"}],"author":"Lo viste en Los Pol\u00edticos","twitter_card":"summary_large_image","twitter_creator":"@LosPoliticosVer","twitter_site":"@LosPoliticosVer","twitter_misc":{"Escrito por":"Lo viste en Los Pol\u00edticos","Tiempo de lectura":"5 minutos"},"schema":{"@context":"https:\/\/schema.org","@graph":[{"@type":"Article","@id":"https:\/\/lospoliticosveracruz.com\/?p=24985#article","isPartOf":{"@id":"https:\/\/lospoliticosveracruz.com\/?p=24985"},"author":{"name":"Lo viste en Los Pol\u00edticos","@id":"https:\/\/lospoliticosveracruz.com\/#\/schema\/person\/b8702bb0e538456e6efd07080bf2a4a2"},"headline":"Cambios en CMAS y Desarrollo Econ\u00f3mico","datePublished":"2016-08-23T14:06:32+00:00","dateModified":"2016-08-23T14:14:16+00:00","mainEntityOfPage":{"@id":"https:\/\/lospoliticosveracruz.com\/?p=24985"},"wordCount":913,"commentCount":0,"publisher":{"@id":"https:\/\/lospoliticosveracruz.com\/#organization"},"keywords":["Carlos Hern\u00e1ndez","CMAS","Festival de las Flores","INE","Rafael Olvera Carrascosa"],"articleSection":["De Opini\u00f3n"],"inLanguage":"es","potentialAction":[{"@type":"CommentAction","name":"Comment","target":["https:\/\/lospoliticosveracruz.com\/?p=24985#respond"]}]},{"@type":"WebPage","@id":"https:\/\/lospoliticosveracruz.com\/?p=24985","url":"https:\/\/lospoliticosveracruz.com\/?p=24985","name":"Cambios en CMAS y Desarrollo Econ\u00f3mico - Los pol\u00edticos Veracruz","isPartOf":{"@id":"https:\/\/lospoliticosveracruz.com\/#website"},"datePublished":"2016-08-23T14:06:32+00:00","dateModified":"2016-08-23T14:14:16+00:00","breadcrumb":{"@id":"https:\/\/lospoliticosveracruz.com\/?p=24985#breadcrumb"},"inLanguage":"es","potentialAction":[{"@type":"ReadAction","target":["https:\/\/lospoliticosveracruz.com\/?p=24985"]}]},{"@type":"BreadcrumbList","@id":"https:\/\/lospoliticosveracruz.com\/?p=24985#breadcrumb","itemListElement":[{"@type":"ListItem","position":1,"name":"Portada","item":"https:\/\/lospoliticosveracruz.com\/"},{"@type":"ListItem","position":2,"name":"Cambios en CMAS y Desarrollo Econ\u00f3mico"}]},{"@type":"WebSite","@id":"https:\/\/lospoliticosveracruz.com\/#website","url":"https:\/\/lospoliticosveracruz.com\/","name":"Los pol\u00edticos Veracruz","description":"","publisher":{"@id":"https:\/\/lospoliticosveracruz.com\/#organization"},"potentialAction":[{"@type":"SearchAction","target":{"@type":"EntryPoint","urlTemplate":"https:\/\/lospoliticosveracruz.com\/?s={search_term_string}"},"query-input":{"@type":"PropertyValueSpecification","valueRequired":true,"valueName":"search_term_string"}}],"inLanguage":"es"},{"@type":"Organization","@id":"https:\/\/lospoliticosveracruz.com\/#organization","name":"Los pol\u00edticos Veracruz","url":"https:\/\/lospoliticosveracruz.com\/","logo":{"@type":"ImageObject","inLanguage":"es","@id":"https:\/\/lospoliticosveracruz.com\/#\/schema\/logo\/image\/","url":"https:\/\/lospoliticosveracruz.com\/wp-content\/uploads\/2025\/12\/Logo-Nuevo-LOS-POLITICOS-1.jpg","contentUrl":"https:\/\/lospoliticosveracruz.com\/wp-content\/uploads\/2025\/12\/Logo-Nuevo-LOS-POLITICOS-1.jpg","width":260,"height":70,"caption":"Los pol\u00edticos Veracruz"},"image":{"@id":"https:\/\/lospoliticosveracruz.com\/#\/schema\/logo\/image\/"},"sameAs":["https:\/\/www.facebook.com\/people\/Notimemes-de-los-Polticos\/61565672886568\/","https:\/\/x.com\/LosPoliticosVer"]},{"@type":"Person","@id":"https:\/\/lospoliticosveracruz.com\/#\/schema\/person\/b8702bb0e538456e6efd07080bf2a4a2","name":"Lo viste en Los Pol\u00edticos","image":{"@type":"ImageObject","inLanguage":"es","@id":"https:\/\/secure.gravatar.com\/avatar\/3a8de04a2656d44082be478bd6c086daa447c4651605818287b9532d3d0bd435?s=96&d=mm&r=g","url":"https:\/\/secure.gravatar.com\/avatar\/3a8de04a2656d44082be478bd6c086daa447c4651605818287b9532d3d0bd435?s=96&d=mm&r=g","contentUrl":"https:\/\/secure.gravatar.com\/avatar\/3a8de04a2656d44082be478bd6c086daa447c4651605818287b9532d3d0bd435?s=96&d=mm&r=g","caption":"Lo viste en Los Pol\u00edticos"},"url":"https:\/\/lospoliticosveracruz.com\/?author=2"}]}},"_links":{"self":[{"href":"https:\/\/lospoliticosveracruz.com\/index.php?rest_route=\/wp\/v2\/posts\/24985","targetHints":{"allow":["GET"]}}],"collection":[{"href":"https:\/\/lospoliticosveracruz.com\/index.php?rest_route=\/wp\/v2\/posts"}],"about":[{"href":"https:\/\/lospoliticosveracruz.com\/index.php?rest_route=\/wp\/v2\/types\/post"}],"author":[{"embeddable":true,"href":"https:\/\/lospoliticosveracruz.com\/index.php?rest_route=\/wp\/v2\/users\/2"}],"replies":[{"embeddable":true,"href":"https:\/\/lospoliticosveracruz.com\/index.php?rest_route=%2Fwp%2Fv2%2Fcomments&post=24985"}],"version-history":[{"count":3,"href":"https:\/\/lospoliticosveracruz.com\/index.php?rest_route=\/wp\/v2\/posts\/24985\/revisions"}],"predecessor-version":[{"id":24993,"href":"https:\/\/lospoliticosveracruz.com\/index.php?rest_route=\/wp\/v2\/posts\/24985\/revisions\/24993"}],"wp:attachment":[{"href":"https:\/\/lospoliticosveracruz.com\/index.php?rest_route=%2Fwp%2Fv2%2Fmedia&parent=24985"}],"wp:term":[{"taxonomy":"category","embeddable":true,"href":"https:\/\/lospoliticosveracruz.com\/index.php?rest_route=%2Fwp%2Fv2%2Fcategories&post=24985"},{"taxonomy":"post_tag","embeddable":true,"href":"https:\/\/lospoliticosveracruz.com\/index.php?rest_route=%2Fwp%2Fv2%2Ftags&post=24985"}],"curies":[{"name":"wp","href":"https:\/\/api.w.org\/{rel}","templated":true}]}}