{"id":25007,"date":"2016-08-23T16:25:20","date_gmt":"2016-08-23T21:25:20","guid":{"rendered":"http:\/\/www.lospoliticosveracruz.com.mx\/?p=25007"},"modified":"2016-08-23T16:30:12","modified_gmt":"2016-08-23T21:30:12","slug":"se-pone-a-mano-americo-con-aulas","status":"publish","type":"post","link":"https:\/\/lospoliticosveracruz.com\/?p=25007","title":{"rendered":"Se pone a mano Am\u00e9rico con aulas"},"content":{"rendered":"<p>Al dar el banderazo de inicio a la construcci\u00f3n de tres aulas en el Telebachillerato de Chiltoyac, en el marco del programa #AlcaldeEnTuEscuela, el presidente municipal Am\u00e9rico Z\u00fa\u00f1iga Mart\u00ednez afirm\u00f3 que esta obra refrenda el compromiso del Ayuntamiento de Xalapa con la educaci\u00f3n, pero m\u00e1s que nada con los j\u00f3venes.<\/p>\n<p>El mun\u00edcipe explic\u00f3 que la obra, a la que se est\u00e1n destinando m\u00e1s de un mill\u00f3n de pesos provenientes del Presupuesto de Egresos de la Federaci\u00f3n del Fondo para el Fortalecimiento de la Infraestructura Estatal y Municipal (Fortalece), permitir\u00e1 que cientos de estudiantes cuenten con un espacio digno en el que estudiar.<\/p>\n<p>Estas nuevas aulas no solamente beneficiar\u00e1n a los j\u00f3venes de Chiltoyac, sino tambi\u00e9n a estudiantes de otras congregaciones y comunidades, por ello para el Ayuntamiento de Xalapa es fundamental respaldar a este Telebachillerato, asegur\u00f3.<\/p>\n<p>Refiri\u00f3 que Chiltoyac es una de las congregaciones m\u00e1s alejadas de la cabecera municipal, pero no por ello es menos importante que cualquier otra regi\u00f3n de Xalapa, por eso queremos seguir apoyando a sus habitantes, en este caso a trav\u00e9s del fomento a la educaci\u00f3n.<\/p>\n<p>En ese sentido, se\u00f1al\u00f3 que tambi\u00e9n se est\u00e1 respaldando a la Escuela Primaria \u00darsulo Galv\u00e1n con la construcci\u00f3n de un aula para ni\u00f1os con necesidades educativas especiales, por un monto de m\u00e1s de 219 mil pesos, tambi\u00e9n de Fortalece.<\/p>\n<p>Despu\u00e9s de entregar 4 computadoras port\u00e1tiles y reconocimientos a alumnos y maestros destacados, Z\u00fa\u00f1iga Mart\u00ednez se\u00f1al\u00f3 que el compromiso de su administraci\u00f3n es servirle al pueblo con eficacia, eficiencia, transparencia y honestidad, \u201cy eso es lo que venimos a hacer hoy en el Telebachillerato de Chiltoyac\u201d.<\/p>\n<p>A nombre de los alumnos, Lizet Rosas Hern\u00e1ndez agradeci\u00f3 al Ayuntamiento el inicio de esta obra, que dar\u00e1 a los estudiantes de su escuela la oportunidad de contar con un espacio digno, ya que el\u00a0existente en tiempos de lluvia se mina por las condiciones en las que se encuentra.<\/p>\n<p>Por su parte, la Directora del Telebachillerato, Karla Fabiola D\u00edaz Ordaz, se\u00f1al\u00f3 que, desde la fundaci\u00f3n de esta instituci\u00f3n, nunca hab\u00edan recibido un beneficio de esta magnitud, \u201cpor fin hoy se hizo justicia y estamos agradecidos por el apoyo otorgado por parte de las autoridades municipales\u00bb.<\/p>\n<p>Presentes, la regidora Nelly Reyes L\u00f3pez; el Director de Obras P\u00fablicas, Fernando Francisco Velasco Montiel; la Directora de Cultura, Educaci\u00f3n y Deporte, Noem\u00ed Santa Brito G\u00f3mez, y el Agente Municipal de Chiltoyac, Iv\u00e1n Rosas Ladr\u00f3n de Guevara.<\/p>\n<p>&nbsp;<\/p>\n<p>&nbsp;<\/p>\n","protected":false},"excerpt":{"rendered":"<p>Al dar el banderazo de inicio a la construcci\u00f3n de tres aulas en el Telebachillerato de Chiltoyac, en el marco del programa #AlcaldeEnTuEscuela, el presidente municipal Am\u00e9rico Z\u00fa\u00f1iga Mart\u00ednez afirm\u00f3 que esta obra refrenda el compromiso del Ayuntamiento de Xalapa con la educaci\u00f3n, pero m\u00e1s que nada con los j\u00f3venes. El mun\u00edcipe explic\u00f3 que la [&hellip;]<\/p>\n","protected":false},"author":2,"featured_media":0,"comment_status":"open","ping_status":"open","sticky":false,"template":"","format":"standard","meta":{"tdm_status":"","tdm_grid_status":"","footnotes":""},"categories":[73],"tags":[539,4340,6064],"class_list":{"0":"post-25007","1":"post","2":"type-post","3":"status-publish","4":"format-standard","6":"category-de-boleto","7":"tag-americo-zuniga-martinez","8":"tag-chiltoyac","9":"tag-fortalece"},"yoast_head":"<!-- This site is optimized with the Yoast SEO plugin v27.4 - https:\/\/yoast.com\/product\/yoast-seo-wordpress\/ -->\n<title>Se pone a mano Am\u00e9rico con aulas - Los pol\u00edticos Veracruz<\/title>\n<meta name=\"robots\" content=\"index, follow, max-snippet:-1, max-image-preview:large, max-video-preview:-1\" \/>\n<link rel=\"canonical\" href=\"https:\/\/lospoliticosveracruz.com\/?p=25007\" \/>\n<meta property=\"og:locale\" content=\"es_ES\" \/>\n<meta property=\"og:type\" content=\"article\" \/>\n<meta property=\"og:title\" content=\"Se pone a mano Am\u00e9rico con aulas - Los pol\u00edticos Veracruz\" \/>\n<meta property=\"og:description\" content=\"Al dar el banderazo de inicio a la construcci\u00f3n de tres aulas en el Telebachillerato de Chiltoyac, en el marco del programa #AlcaldeEnTuEscuela, el presidente municipal Am\u00e9rico Z\u00fa\u00f1iga Mart\u00ednez afirm\u00f3 que esta obra refrenda el compromiso del Ayuntamiento de Xalapa con la educaci\u00f3n, pero m\u00e1s que nada con los j\u00f3venes. El mun\u00edcipe explic\u00f3 que la [&hellip;]\" \/>\n<meta property=\"og:url\" content=\"https:\/\/lospoliticosveracruz.com\/?p=25007\" \/>\n<meta property=\"og:site_name\" content=\"Los pol\u00edticos Veracruz\" \/>\n<meta property=\"article:publisher\" content=\"https:\/\/www.facebook.com\/people\/Notimemes-de-los-Polticos\/61565672886568\/\" \/>\n<meta property=\"article:published_time\" content=\"2016-08-23T21:25:20+00:00\" \/>\n<meta property=\"article:modified_time\" content=\"2016-08-23T21:30:12+00:00\" \/>\n<meta property=\"og:image\" content=\"https:\/\/lospoliticosveracruz.com\/wp-content\/uploads\/2016\/07\/Logo-Dor.jpg\" \/>\n\t<meta property=\"og:image:width\" content=\"200\" \/>\n\t<meta property=\"og:image:height\" content=\"200\" \/>\n\t<meta property=\"og:image:type\" content=\"image\/jpeg\" \/>\n<meta name=\"author\" content=\"Lo viste en Los Pol\u00edticos\" \/>\n<meta name=\"twitter:card\" content=\"summary_large_image\" \/>\n<meta name=\"twitter:creator\" content=\"@LosPoliticosVer\" \/>\n<meta name=\"twitter:site\" content=\"@LosPoliticosVer\" \/>\n<meta name=\"twitter:label1\" content=\"Escrito por\" \/>\n\t<meta name=\"twitter:data1\" content=\"Lo viste en Los Pol\u00edticos\" \/>\n\t<meta name=\"twitter:label2\" content=\"Tiempo de lectura\" \/>\n\t<meta name=\"twitter:data2\" content=\"2 minutos\" \/>\n<script type=\"application\/ld+json\" class=\"yoast-schema-graph\">{\"@context\":\"https:\\\/\\\/schema.org\",\"@graph\":[{\"@type\":\"Article\",\"@id\":\"https:\\\/\\\/lospoliticosveracruz.com\\\/?p=25007#article\",\"isPartOf\":{\"@id\":\"https:\\\/\\\/lospoliticosveracruz.com\\\/?p=25007\"},\"author\":{\"name\":\"Lo viste en Los Pol\u00edticos\",\"@id\":\"https:\\\/\\\/lospoliticosveracruz.com\\\/#\\\/schema\\\/person\\\/b8702bb0e538456e6efd07080bf2a4a2\"},\"headline\":\"Se pone a mano Am\u00e9rico con aulas\",\"datePublished\":\"2016-08-23T21:25:20+00:00\",\"dateModified\":\"2016-08-23T21:30:12+00:00\",\"mainEntityOfPage\":{\"@id\":\"https:\\\/\\\/lospoliticosveracruz.com\\\/?p=25007\"},\"wordCount\":451,\"commentCount\":0,\"publisher\":{\"@id\":\"https:\\\/\\\/lospoliticosveracruz.com\\\/#organization\"},\"keywords\":[\"Am\u00e9rico Z\u00fa\u00f1iga Mart\u00ednez\",\"Chiltoyac\",\"FORTALECE\"],\"articleSection\":[\"De Boleto\"],\"inLanguage\":\"es\",\"potentialAction\":[{\"@type\":\"CommentAction\",\"name\":\"Comment\",\"target\":[\"https:\\\/\\\/lospoliticosveracruz.com\\\/?p=25007#respond\"]}]},{\"@type\":\"WebPage\",\"@id\":\"https:\\\/\\\/lospoliticosveracruz.com\\\/?p=25007\",\"url\":\"https:\\\/\\\/lospoliticosveracruz.com\\\/?p=25007\",\"name\":\"Se pone a mano Am\u00e9rico con aulas - Los pol\u00edticos Veracruz\",\"isPartOf\":{\"@id\":\"https:\\\/\\\/lospoliticosveracruz.com\\\/#website\"},\"datePublished\":\"2016-08-23T21:25:20+00:00\",\"dateModified\":\"2016-08-23T21:30:12+00:00\",\"breadcrumb\":{\"@id\":\"https:\\\/\\\/lospoliticosveracruz.com\\\/?p=25007#breadcrumb\"},\"inLanguage\":\"es\",\"potentialAction\":[{\"@type\":\"ReadAction\",\"target\":[\"https:\\\/\\\/lospoliticosveracruz.com\\\/?p=25007\"]}]},{\"@type\":\"BreadcrumbList\",\"@id\":\"https:\\\/\\\/lospoliticosveracruz.com\\\/?p=25007#breadcrumb\",\"itemListElement\":[{\"@type\":\"ListItem\",\"position\":1,\"name\":\"Portada\",\"item\":\"https:\\\/\\\/lospoliticosveracruz.com\\\/\"},{\"@type\":\"ListItem\",\"position\":2,\"name\":\"Se pone a mano Am\u00e9rico con aulas\"}]},{\"@type\":\"WebSite\",\"@id\":\"https:\\\/\\\/lospoliticosveracruz.com\\\/#website\",\"url\":\"https:\\\/\\\/lospoliticosveracruz.com\\\/\",\"name\":\"Los pol\u00edticos Veracruz\",\"description\":\"\",\"publisher\":{\"@id\":\"https:\\\/\\\/lospoliticosveracruz.com\\\/#organization\"},\"potentialAction\":[{\"@type\":\"SearchAction\",\"target\":{\"@type\":\"EntryPoint\",\"urlTemplate\":\"https:\\\/\\\/lospoliticosveracruz.com\\\/?s={search_term_string}\"},\"query-input\":{\"@type\":\"PropertyValueSpecification\",\"valueRequired\":true,\"valueName\":\"search_term_string\"}}],\"inLanguage\":\"es\"},{\"@type\":\"Organization\",\"@id\":\"https:\\\/\\\/lospoliticosveracruz.com\\\/#organization\",\"name\":\"Los pol\u00edticos Veracruz\",\"url\":\"https:\\\/\\\/lospoliticosveracruz.com\\\/\",\"logo\":{\"@type\":\"ImageObject\",\"inLanguage\":\"es\",\"@id\":\"https:\\\/\\\/lospoliticosveracruz.com\\\/#\\\/schema\\\/logo\\\/image\\\/\",\"url\":\"https:\\\/\\\/lospoliticosveracruz.com\\\/wp-content\\\/uploads\\\/2025\\\/12\\\/Logo-Nuevo-LOS-POLITICOS-1.jpg\",\"contentUrl\":\"https:\\\/\\\/lospoliticosveracruz.com\\\/wp-content\\\/uploads\\\/2025\\\/12\\\/Logo-Nuevo-LOS-POLITICOS-1.jpg\",\"width\":260,\"height\":70,\"caption\":\"Los pol\u00edticos Veracruz\"},\"image\":{\"@id\":\"https:\\\/\\\/lospoliticosveracruz.com\\\/#\\\/schema\\\/logo\\\/image\\\/\"},\"sameAs\":[\"https:\\\/\\\/www.facebook.com\\\/people\\\/Notimemes-de-los-Polticos\\\/61565672886568\\\/\",\"https:\\\/\\\/x.com\\\/LosPoliticosVer\"]},{\"@type\":\"Person\",\"@id\":\"https:\\\/\\\/lospoliticosveracruz.com\\\/#\\\/schema\\\/person\\\/b8702bb0e538456e6efd07080bf2a4a2\",\"name\":\"Lo viste en Los Pol\u00edticos\",\"image\":{\"@type\":\"ImageObject\",\"inLanguage\":\"es\",\"@id\":\"https:\\\/\\\/secure.gravatar.com\\\/avatar\\\/3a8de04a2656d44082be478bd6c086daa447c4651605818287b9532d3d0bd435?s=96&d=mm&r=g\",\"url\":\"https:\\\/\\\/secure.gravatar.com\\\/avatar\\\/3a8de04a2656d44082be478bd6c086daa447c4651605818287b9532d3d0bd435?s=96&d=mm&r=g\",\"contentUrl\":\"https:\\\/\\\/secure.gravatar.com\\\/avatar\\\/3a8de04a2656d44082be478bd6c086daa447c4651605818287b9532d3d0bd435?s=96&d=mm&r=g\",\"caption\":\"Lo viste en Los Pol\u00edticos\"},\"url\":\"https:\\\/\\\/lospoliticosveracruz.com\\\/?author=2\"}]}<\/script>\n<!-- \/ Yoast SEO plugin. -->","yoast_head_json":{"title":"Se pone a mano Am\u00e9rico con aulas - Los pol\u00edticos Veracruz","robots":{"index":"index","follow":"follow","max-snippet":"max-snippet:-1","max-image-preview":"max-image-preview:large","max-video-preview":"max-video-preview:-1"},"canonical":"https:\/\/lospoliticosveracruz.com\/?p=25007","og_locale":"es_ES","og_type":"article","og_title":"Se pone a mano Am\u00e9rico con aulas - Los pol\u00edticos Veracruz","og_description":"Al dar el banderazo de inicio a la construcci\u00f3n de tres aulas en el Telebachillerato de Chiltoyac, en el marco del programa #AlcaldeEnTuEscuela, el presidente municipal Am\u00e9rico Z\u00fa\u00f1iga Mart\u00ednez afirm\u00f3 que esta obra refrenda el compromiso del Ayuntamiento de Xalapa con la educaci\u00f3n, pero m\u00e1s que nada con los j\u00f3venes. El mun\u00edcipe explic\u00f3 que la [&hellip;]","og_url":"https:\/\/lospoliticosveracruz.com\/?p=25007","og_site_name":"Los pol\u00edticos Veracruz","article_publisher":"https:\/\/www.facebook.com\/people\/Notimemes-de-los-Polticos\/61565672886568\/","article_published_time":"2016-08-23T21:25:20+00:00","article_modified_time":"2016-08-23T21:30:12+00:00","og_image":[{"width":200,"height":200,"url":"https:\/\/lospoliticosveracruz.com\/wp-content\/uploads\/2016\/07\/Logo-Dor.jpg","type":"image\/jpeg"}],"author":"Lo viste en Los Pol\u00edticos","twitter_card":"summary_large_image","twitter_creator":"@LosPoliticosVer","twitter_site":"@LosPoliticosVer","twitter_misc":{"Escrito por":"Lo viste en Los Pol\u00edticos","Tiempo de lectura":"2 minutos"},"schema":{"@context":"https:\/\/schema.org","@graph":[{"@type":"Article","@id":"https:\/\/lospoliticosveracruz.com\/?p=25007#article","isPartOf":{"@id":"https:\/\/lospoliticosveracruz.com\/?p=25007"},"author":{"name":"Lo viste en Los Pol\u00edticos","@id":"https:\/\/lospoliticosveracruz.com\/#\/schema\/person\/b8702bb0e538456e6efd07080bf2a4a2"},"headline":"Se pone a mano Am\u00e9rico con aulas","datePublished":"2016-08-23T21:25:20+00:00","dateModified":"2016-08-23T21:30:12+00:00","mainEntityOfPage":{"@id":"https:\/\/lospoliticosveracruz.com\/?p=25007"},"wordCount":451,"commentCount":0,"publisher":{"@id":"https:\/\/lospoliticosveracruz.com\/#organization"},"keywords":["Am\u00e9rico Z\u00fa\u00f1iga Mart\u00ednez","Chiltoyac","FORTALECE"],"articleSection":["De Boleto"],"inLanguage":"es","potentialAction":[{"@type":"CommentAction","name":"Comment","target":["https:\/\/lospoliticosveracruz.com\/?p=25007#respond"]}]},{"@type":"WebPage","@id":"https:\/\/lospoliticosveracruz.com\/?p=25007","url":"https:\/\/lospoliticosveracruz.com\/?p=25007","name":"Se pone a mano Am\u00e9rico con aulas - Los pol\u00edticos Veracruz","isPartOf":{"@id":"https:\/\/lospoliticosveracruz.com\/#website"},"datePublished":"2016-08-23T21:25:20+00:00","dateModified":"2016-08-23T21:30:12+00:00","breadcrumb":{"@id":"https:\/\/lospoliticosveracruz.com\/?p=25007#breadcrumb"},"inLanguage":"es","potentialAction":[{"@type":"ReadAction","target":["https:\/\/lospoliticosveracruz.com\/?p=25007"]}]},{"@type":"BreadcrumbList","@id":"https:\/\/lospoliticosveracruz.com\/?p=25007#breadcrumb","itemListElement":[{"@type":"ListItem","position":1,"name":"Portada","item":"https:\/\/lospoliticosveracruz.com\/"},{"@type":"ListItem","position":2,"name":"Se pone a mano Am\u00e9rico con aulas"}]},{"@type":"WebSite","@id":"https:\/\/lospoliticosveracruz.com\/#website","url":"https:\/\/lospoliticosveracruz.com\/","name":"Los pol\u00edticos Veracruz","description":"","publisher":{"@id":"https:\/\/lospoliticosveracruz.com\/#organization"},"potentialAction":[{"@type":"SearchAction","target":{"@type":"EntryPoint","urlTemplate":"https:\/\/lospoliticosveracruz.com\/?s={search_term_string}"},"query-input":{"@type":"PropertyValueSpecification","valueRequired":true,"valueName":"search_term_string"}}],"inLanguage":"es"},{"@type":"Organization","@id":"https:\/\/lospoliticosveracruz.com\/#organization","name":"Los pol\u00edticos Veracruz","url":"https:\/\/lospoliticosveracruz.com\/","logo":{"@type":"ImageObject","inLanguage":"es","@id":"https:\/\/lospoliticosveracruz.com\/#\/schema\/logo\/image\/","url":"https:\/\/lospoliticosveracruz.com\/wp-content\/uploads\/2025\/12\/Logo-Nuevo-LOS-POLITICOS-1.jpg","contentUrl":"https:\/\/lospoliticosveracruz.com\/wp-content\/uploads\/2025\/12\/Logo-Nuevo-LOS-POLITICOS-1.jpg","width":260,"height":70,"caption":"Los pol\u00edticos Veracruz"},"image":{"@id":"https:\/\/lospoliticosveracruz.com\/#\/schema\/logo\/image\/"},"sameAs":["https:\/\/www.facebook.com\/people\/Notimemes-de-los-Polticos\/61565672886568\/","https:\/\/x.com\/LosPoliticosVer"]},{"@type":"Person","@id":"https:\/\/lospoliticosveracruz.com\/#\/schema\/person\/b8702bb0e538456e6efd07080bf2a4a2","name":"Lo viste en Los Pol\u00edticos","image":{"@type":"ImageObject","inLanguage":"es","@id":"https:\/\/secure.gravatar.com\/avatar\/3a8de04a2656d44082be478bd6c086daa447c4651605818287b9532d3d0bd435?s=96&d=mm&r=g","url":"https:\/\/secure.gravatar.com\/avatar\/3a8de04a2656d44082be478bd6c086daa447c4651605818287b9532d3d0bd435?s=96&d=mm&r=g","contentUrl":"https:\/\/secure.gravatar.com\/avatar\/3a8de04a2656d44082be478bd6c086daa447c4651605818287b9532d3d0bd435?s=96&d=mm&r=g","caption":"Lo viste en Los Pol\u00edticos"},"url":"https:\/\/lospoliticosveracruz.com\/?author=2"}]}},"_links":{"self":[{"href":"https:\/\/lospoliticosveracruz.com\/index.php?rest_route=\/wp\/v2\/posts\/25007","targetHints":{"allow":["GET"]}}],"collection":[{"href":"https:\/\/lospoliticosveracruz.com\/index.php?rest_route=\/wp\/v2\/posts"}],"about":[{"href":"https:\/\/lospoliticosveracruz.com\/index.php?rest_route=\/wp\/v2\/types\/post"}],"author":[{"embeddable":true,"href":"https:\/\/lospoliticosveracruz.com\/index.php?rest_route=\/wp\/v2\/users\/2"}],"replies":[{"embeddable":true,"href":"https:\/\/lospoliticosveracruz.com\/index.php?rest_route=%2Fwp%2Fv2%2Fcomments&post=25007"}],"version-history":[{"count":3,"href":"https:\/\/lospoliticosveracruz.com\/index.php?rest_route=\/wp\/v2\/posts\/25007\/revisions"}],"predecessor-version":[{"id":25012,"href":"https:\/\/lospoliticosveracruz.com\/index.php?rest_route=\/wp\/v2\/posts\/25007\/revisions\/25012"}],"wp:attachment":[{"href":"https:\/\/lospoliticosveracruz.com\/index.php?rest_route=%2Fwp%2Fv2%2Fmedia&parent=25007"}],"wp:term":[{"taxonomy":"category","embeddable":true,"href":"https:\/\/lospoliticosveracruz.com\/index.php?rest_route=%2Fwp%2Fv2%2Fcategories&post=25007"},{"taxonomy":"post_tag","embeddable":true,"href":"https:\/\/lospoliticosveracruz.com\/index.php?rest_route=%2Fwp%2Fv2%2Ftags&post=25007"}],"curies":[{"name":"wp","href":"https:\/\/api.w.org\/{rel}","templated":true}]}}