{"id":25108,"date":"2016-08-26T19:27:26","date_gmt":"2016-08-27T00:27:26","guid":{"rendered":"http:\/\/www.lospoliticosveracruz.com.mx\/?p=25108"},"modified":"2016-08-26T19:42:43","modified_gmt":"2016-08-27T00:42:43","slug":"y-la-luna-lucia-luminosa","status":"publish","type":"post","link":"https:\/\/lospoliticosveracruz.com\/?p=25108","title":{"rendered":"Y la luna luc\u00eda luminosa"},"content":{"rendered":"<p><strong>Cecilia Mu\u00f1oz<\/strong><\/p>\n<p><em>Polisemia<\/em><\/p>\n<p>&nbsp;<\/p>\n<p style=\"text-align: center;\">\u201c\u00a1Maldita sea c\u00f3mo te amo, Sof\u00eda! Luego volte\u00e9 a ver al mundo, a este mundo que ahora me parec\u00eda completamente desconocido; volte\u00e9 a ver a este tiempo desquiciado que no deja de moverse, que no da nada, ni un respiro; volte\u00e9 a ver a este lugar perdido, h\u00famedo, fr\u00edo y desolado. De nuevo mir\u00e9 al gran \u00e1rbol negro de Sof\u00eda y lo vi moverse. Luego presenci\u00e9 la noche y se sent\u00eda como una noche fr\u00eda, o eso cre\u00eda, yo ya no sab\u00eda, yo ya no sent\u00eda nada\u201d.<\/p>\n<p style=\"text-align: center;\">Samuel Mart\u00ednez Andrade, <em>Y la luna luc\u00eda luminosa. <\/em>Fragmento.<\/p>\n<p><em>\u00a0<\/em><\/p>\n<p style=\"text-align: justify;\">Desaparecer. Todos conocemos el temor a la palabra. A volvernos uno m\u00e1s en la lista de los no encontrados o, \u00bfpeor o mejor?, uno m\u00e1s en las marchas de protesta o en las brigadas de b\u00fasqueda. Ya nadie es capaz de imaginarse hacer como Wakefield (\u00abWakefield\u00bb, Nathaniel Hawthorne): despedirse un d\u00eda de la pareja, asegurando un pronto regreso y, en vez de ello, alquilar durante 20 a\u00f1os una casa en la calle contigua, sin dar aviso a nadie.<\/p>\n<p style=\"text-align: justify;\">Arrancarle las ra\u00edces a alguien, eso es desaparecer. Es fragmentar al desaparecido y a sus dolientes. Pero no es necesario que me crea si en vez de ello puede leerlo y sentirlo. Que sea Samuel Mart\u00ednez Andrade, en <em>Y la luna luc\u00eda luminosa<\/em>, quien se lo demuestre.<\/p>\n<p style=\"text-align: justify;\">La historia es simple, un tanto parecida a otras tantas, comunes en el pa\u00eds: Roel Lunae vuelve a su departamento de la ciudad de M\u00e9xico, donde vive con Sof\u00eda, su hermana, y no la encuentra. Se extra\u00f1a, pero no se alerta. O m\u00e1s bien, no se deja alertar: ella es, despu\u00e9s de todo, adulta. Habr\u00e1 salido de copas, a alguna fiesta, con amigos. Ya volver\u00e1.<\/p>\n<p style=\"text-align: justify;\">Pero en el fondo, Roel no puede dejar de angustiarse. Llama una y otra vez, entre sue\u00f1os, a su hermana, hasta que una extra\u00f1a le contesta el tel\u00e9fono: \u201cNo, no est\u00e1. Olvid\u00f3 su celular en una habitaci\u00f3n del motel\u201d. Entonces es evidente: Sof\u00eda ha desaparecido y la \u00fanica pista que se tiene de ella es una nota en su habitaci\u00f3n: \u201cNo quisiera dejarte, Roel\u201d.<\/p>\n<p style=\"text-align: justify;\"><em>Y la luna luc\u00eda luminosa<\/em>. El mismo Roel critica el t\u00edtulo al llamarlo \u201cmera aliteraci\u00f3n\u201d. Pero se equivoca. Por supuesto, es aliteraci\u00f3n, pero es tambi\u00e9n imagen: un \u00fanico punto de luz, lejano, tan brillante que alrededor s\u00f3lo puede haber oscuridad. Si la figura no le resulta como m\u00ednimo melanc\u00f3lica, cada p\u00e1gina s\u00ed que logra envolver a quien lee en la atm\u00f3sfera de la desesperanza y la tristeza. Pronto, esa luna del t\u00edtulo se parece cada vez m\u00e1s a la Luna de Garc\u00eda Lorca en <em>Bodas de Sangre<\/em>: \u201cLa luna deja un cuchillo \/ abandonado en el aire \/ que siendo acecho de plomo \/ quiere ser dolor de sangre\u201d.<\/p>\n<p style=\"text-align: justify;\">Desaparecida Sof\u00eda, Roel se embarca en su b\u00fasqueda. En M\u00e9xico, a los desaparecidos los buscan los propios familiares, como muertos en vida, confusos, desesperados. As\u00ed se siente Roel y no hace falta que lo diga: cada palabra parece estar escrita para revelar el horror interno en el que vive. El estilo es ca\u00f3tico, complicado para el que no ponga atenci\u00f3n, casi podr\u00eda decirse que desordenado\u2026 pero coherente. \u00bfDe qu\u00e9 otra forma podr\u00eda ser?<\/p>\n<p style=\"text-align: justify;\">\u00bfPor qu\u00e9 se fue Sof\u00eda? \u00bfSof\u00eda se fue? \u00bfQui\u00e9n es el hombre-pista al que siguen? \u00bfY es \u00e9l el secuestrador? \u00bfEs un asesino? Son las preguntas que poco a poco, van resquebrajando a Joel. Ni su novia ni el detective que los acompa\u00f1a son capaces de encontrar respuestas.<\/p>\n<p style=\"text-align: justify;\">El libro es denso, dif\u00edcil; casi injusto en tanto que obliga al lector a aguantar la m\u00e1s pesada carga posible y as\u00ed se advierte desde el principio: \u201cTe voy a revelar mi alma. Voy a cambiar tu vida\u201d. Bien, quiz\u00e1s la vida no le cambie a nadie, pero las almas ajenas, unas m\u00e1s que otras, son un peso tremendo. \u00bfPero qu\u00e9 es la literatura si no nos provoca un poco, aunque sea un poco, de dolor? Kafka pensaba que \u201cS\u00f3lo debemos leer libros de los que muerden y pinchan. Si el libro que estamos leyendo no nos obliga a despertarnos como un pu\u00f1etazo en la cara, \u00bfpara qu\u00e9 molestarnos en leerlo? (&#8230;). Un libro debe ser el hacha que rompa el mar helado dentro de nosotros\u201d.<\/p>\n<p style=\"text-align: justify;\"><em>Y la luna luc\u00eda luminosa<\/em> es exactamente eso: una hermosa carta de amor filial capaz de destrozarnos en cada p\u00e1gina, sin dejarnos soltarla. El misterio est\u00e1 ah\u00ed y nosotros, lectores, no queremos, necesitamos ansiosamente resolverlo, sacarnos el cuchillo de plomo que nos ataca.<\/p>\n<p style=\"text-align: justify;\">Si me pide calificaci\u00f3n, me atrevo a ponerle un cinco de cinco. Digamos cinco de cinco estrellas, que despu\u00e9s de leer este libro, parecen m\u00e1s felices que cualquier luna.<\/p>\n<p style=\"text-align: justify;\"><em>Y la luna luc\u00eda luminosa<\/em> es una novela publicada en 2015 en la plataforma literaria www. Novelistik.com. La puede encontrar en esta direcci\u00f3n: <a href=\"https:\/\/www.novelistik.com\/reader\/ylalunalucialuminosa\">https:\/\/www.novelistik.com\/reader\/ylalunalucialuminosa<\/a> y ver el booktrailer en esta otra:\u00a0<a href=\"https:\/\/www.youtube.com\/watch?v=C349WLN02Ro\">https:\/\/www.youtube.com\/watch?v=C349WLN02Ro<\/a><\/p>\n<p style=\"text-align: justify;\">\n","protected":false},"excerpt":{"rendered":"<p>Cecilia Mu\u00f1oz Polisemia &nbsp; \u201c\u00a1Maldita sea c\u00f3mo te amo, Sof\u00eda! Luego volte\u00e9 a ver al mundo, a este mundo que ahora me parec\u00eda completamente desconocido; volte\u00e9 a ver a este tiempo desquiciado que no deja de moverse, que no da nada, ni un respiro; volte\u00e9 a ver a este lugar perdido, h\u00famedo, fr\u00edo y desolado. [&hellip;]<\/p>\n","protected":false},"author":2,"featured_media":0,"comment_status":"open","ping_status":"open","sticky":false,"template":"","format":"standard","meta":{"tdm_status":"","tdm_grid_status":"","footnotes":""},"categories":[75],"tags":[6108,6107,6106],"class_list":{"0":"post-25108","1":"post","2":"type-post","3":"status-publish","4":"format-standard","6":"category-cine-libros-y-mas","7":"tag-desapariciones","8":"tag-novelistik","9":"tag-samuel-martinez-andrade"},"yoast_head":"<!-- This site is optimized with the Yoast SEO plugin v27.4 - https:\/\/yoast.com\/product\/yoast-seo-wordpress\/ -->\n<title>Y la luna luc\u00eda luminosa - Los pol\u00edticos Veracruz<\/title>\n<meta name=\"robots\" content=\"index, follow, max-snippet:-1, max-image-preview:large, max-video-preview:-1\" \/>\n<link rel=\"canonical\" href=\"https:\/\/lospoliticosveracruz.com\/?p=25108\" \/>\n<meta property=\"og:locale\" content=\"es_ES\" \/>\n<meta property=\"og:type\" content=\"article\" \/>\n<meta property=\"og:title\" content=\"Y la luna luc\u00eda luminosa - Los pol\u00edticos Veracruz\" \/>\n<meta property=\"og:description\" content=\"Cecilia Mu\u00f1oz Polisemia &nbsp; \u201c\u00a1Maldita sea c\u00f3mo te amo, Sof\u00eda! Luego volte\u00e9 a ver al mundo, a este mundo que ahora me parec\u00eda completamente desconocido; volte\u00e9 a ver a este tiempo desquiciado que no deja de moverse, que no da nada, ni un respiro; volte\u00e9 a ver a este lugar perdido, h\u00famedo, fr\u00edo y desolado. [&hellip;]\" \/>\n<meta property=\"og:url\" content=\"https:\/\/lospoliticosveracruz.com\/?p=25108\" \/>\n<meta property=\"og:site_name\" content=\"Los pol\u00edticos Veracruz\" \/>\n<meta property=\"article:publisher\" content=\"https:\/\/www.facebook.com\/people\/Notimemes-de-los-Polticos\/61565672886568\/\" \/>\n<meta property=\"article:published_time\" content=\"2016-08-27T00:27:26+00:00\" \/>\n<meta property=\"article:modified_time\" content=\"2016-08-27T00:42:43+00:00\" \/>\n<meta property=\"og:image\" content=\"https:\/\/lospoliticosveracruz.com\/wp-content\/uploads\/2016\/07\/Logo-Dor.jpg\" \/>\n\t<meta property=\"og:image:width\" content=\"200\" \/>\n\t<meta property=\"og:image:height\" content=\"200\" \/>\n\t<meta property=\"og:image:type\" content=\"image\/jpeg\" \/>\n<meta name=\"author\" content=\"Lo viste en Los Pol\u00edticos\" \/>\n<meta name=\"twitter:card\" content=\"summary_large_image\" \/>\n<meta name=\"twitter:creator\" content=\"@LosPoliticosVer\" \/>\n<meta name=\"twitter:site\" content=\"@LosPoliticosVer\" \/>\n<meta name=\"twitter:label1\" content=\"Escrito por\" \/>\n\t<meta name=\"twitter:data1\" content=\"Lo viste en Los Pol\u00edticos\" \/>\n\t<meta name=\"twitter:label2\" content=\"Tiempo de lectura\" \/>\n\t<meta name=\"twitter:data2\" content=\"4 minutos\" \/>\n<script type=\"application\/ld+json\" class=\"yoast-schema-graph\">{\"@context\":\"https:\\\/\\\/schema.org\",\"@graph\":[{\"@type\":\"Article\",\"@id\":\"https:\\\/\\\/lospoliticosveracruz.com\\\/?p=25108#article\",\"isPartOf\":{\"@id\":\"https:\\\/\\\/lospoliticosveracruz.com\\\/?p=25108\"},\"author\":{\"name\":\"Lo viste en Los Pol\u00edticos\",\"@id\":\"https:\\\/\\\/lospoliticosveracruz.com\\\/#\\\/schema\\\/person\\\/b8702bb0e538456e6efd07080bf2a4a2\"},\"headline\":\"Y la luna luc\u00eda luminosa\",\"datePublished\":\"2016-08-27T00:27:26+00:00\",\"dateModified\":\"2016-08-27T00:42:43+00:00\",\"mainEntityOfPage\":{\"@id\":\"https:\\\/\\\/lospoliticosveracruz.com\\\/?p=25108\"},\"wordCount\":899,\"commentCount\":0,\"publisher\":{\"@id\":\"https:\\\/\\\/lospoliticosveracruz.com\\\/#organization\"},\"keywords\":[\"Desapariciones\",\"Novelistik\",\"Samuel Mart\u00ednez Andrade\"],\"articleSection\":[\"Cine, Libros y m\u00e1s\"],\"inLanguage\":\"es\",\"potentialAction\":[{\"@type\":\"CommentAction\",\"name\":\"Comment\",\"target\":[\"https:\\\/\\\/lospoliticosveracruz.com\\\/?p=25108#respond\"]}]},{\"@type\":\"WebPage\",\"@id\":\"https:\\\/\\\/lospoliticosveracruz.com\\\/?p=25108\",\"url\":\"https:\\\/\\\/lospoliticosveracruz.com\\\/?p=25108\",\"name\":\"Y la luna luc\u00eda luminosa - Los pol\u00edticos Veracruz\",\"isPartOf\":{\"@id\":\"https:\\\/\\\/lospoliticosveracruz.com\\\/#website\"},\"datePublished\":\"2016-08-27T00:27:26+00:00\",\"dateModified\":\"2016-08-27T00:42:43+00:00\",\"breadcrumb\":{\"@id\":\"https:\\\/\\\/lospoliticosveracruz.com\\\/?p=25108#breadcrumb\"},\"inLanguage\":\"es\",\"potentialAction\":[{\"@type\":\"ReadAction\",\"target\":[\"https:\\\/\\\/lospoliticosveracruz.com\\\/?p=25108\"]}]},{\"@type\":\"BreadcrumbList\",\"@id\":\"https:\\\/\\\/lospoliticosveracruz.com\\\/?p=25108#breadcrumb\",\"itemListElement\":[{\"@type\":\"ListItem\",\"position\":1,\"name\":\"Portada\",\"item\":\"https:\\\/\\\/lospoliticosveracruz.com\\\/\"},{\"@type\":\"ListItem\",\"position\":2,\"name\":\"Y la luna luc\u00eda luminosa\"}]},{\"@type\":\"WebSite\",\"@id\":\"https:\\\/\\\/lospoliticosveracruz.com\\\/#website\",\"url\":\"https:\\\/\\\/lospoliticosveracruz.com\\\/\",\"name\":\"Los pol\u00edticos Veracruz\",\"description\":\"\",\"publisher\":{\"@id\":\"https:\\\/\\\/lospoliticosveracruz.com\\\/#organization\"},\"potentialAction\":[{\"@type\":\"SearchAction\",\"target\":{\"@type\":\"EntryPoint\",\"urlTemplate\":\"https:\\\/\\\/lospoliticosveracruz.com\\\/?s={search_term_string}\"},\"query-input\":{\"@type\":\"PropertyValueSpecification\",\"valueRequired\":true,\"valueName\":\"search_term_string\"}}],\"inLanguage\":\"es\"},{\"@type\":\"Organization\",\"@id\":\"https:\\\/\\\/lospoliticosveracruz.com\\\/#organization\",\"name\":\"Los pol\u00edticos Veracruz\",\"url\":\"https:\\\/\\\/lospoliticosveracruz.com\\\/\",\"logo\":{\"@type\":\"ImageObject\",\"inLanguage\":\"es\",\"@id\":\"https:\\\/\\\/lospoliticosveracruz.com\\\/#\\\/schema\\\/logo\\\/image\\\/\",\"url\":\"https:\\\/\\\/lospoliticosveracruz.com\\\/wp-content\\\/uploads\\\/2025\\\/12\\\/Logo-Nuevo-LOS-POLITICOS-1.jpg\",\"contentUrl\":\"https:\\\/\\\/lospoliticosveracruz.com\\\/wp-content\\\/uploads\\\/2025\\\/12\\\/Logo-Nuevo-LOS-POLITICOS-1.jpg\",\"width\":260,\"height\":70,\"caption\":\"Los pol\u00edticos Veracruz\"},\"image\":{\"@id\":\"https:\\\/\\\/lospoliticosveracruz.com\\\/#\\\/schema\\\/logo\\\/image\\\/\"},\"sameAs\":[\"https:\\\/\\\/www.facebook.com\\\/people\\\/Notimemes-de-los-Polticos\\\/61565672886568\\\/\",\"https:\\\/\\\/x.com\\\/LosPoliticosVer\"]},{\"@type\":\"Person\",\"@id\":\"https:\\\/\\\/lospoliticosveracruz.com\\\/#\\\/schema\\\/person\\\/b8702bb0e538456e6efd07080bf2a4a2\",\"name\":\"Lo viste en Los Pol\u00edticos\",\"image\":{\"@type\":\"ImageObject\",\"inLanguage\":\"es\",\"@id\":\"https:\\\/\\\/secure.gravatar.com\\\/avatar\\\/3a8de04a2656d44082be478bd6c086daa447c4651605818287b9532d3d0bd435?s=96&d=mm&r=g\",\"url\":\"https:\\\/\\\/secure.gravatar.com\\\/avatar\\\/3a8de04a2656d44082be478bd6c086daa447c4651605818287b9532d3d0bd435?s=96&d=mm&r=g\",\"contentUrl\":\"https:\\\/\\\/secure.gravatar.com\\\/avatar\\\/3a8de04a2656d44082be478bd6c086daa447c4651605818287b9532d3d0bd435?s=96&d=mm&r=g\",\"caption\":\"Lo viste en Los Pol\u00edticos\"},\"url\":\"https:\\\/\\\/lospoliticosveracruz.com\\\/?author=2\"}]}<\/script>\n<!-- \/ Yoast SEO plugin. -->","yoast_head_json":{"title":"Y la luna luc\u00eda luminosa - Los pol\u00edticos Veracruz","robots":{"index":"index","follow":"follow","max-snippet":"max-snippet:-1","max-image-preview":"max-image-preview:large","max-video-preview":"max-video-preview:-1"},"canonical":"https:\/\/lospoliticosveracruz.com\/?p=25108","og_locale":"es_ES","og_type":"article","og_title":"Y la luna luc\u00eda luminosa - Los pol\u00edticos Veracruz","og_description":"Cecilia Mu\u00f1oz Polisemia &nbsp; \u201c\u00a1Maldita sea c\u00f3mo te amo, Sof\u00eda! Luego volte\u00e9 a ver al mundo, a este mundo que ahora me parec\u00eda completamente desconocido; volte\u00e9 a ver a este tiempo desquiciado que no deja de moverse, que no da nada, ni un respiro; volte\u00e9 a ver a este lugar perdido, h\u00famedo, fr\u00edo y desolado. [&hellip;]","og_url":"https:\/\/lospoliticosveracruz.com\/?p=25108","og_site_name":"Los pol\u00edticos Veracruz","article_publisher":"https:\/\/www.facebook.com\/people\/Notimemes-de-los-Polticos\/61565672886568\/","article_published_time":"2016-08-27T00:27:26+00:00","article_modified_time":"2016-08-27T00:42:43+00:00","og_image":[{"width":200,"height":200,"url":"https:\/\/lospoliticosveracruz.com\/wp-content\/uploads\/2016\/07\/Logo-Dor.jpg","type":"image\/jpeg"}],"author":"Lo viste en Los Pol\u00edticos","twitter_card":"summary_large_image","twitter_creator":"@LosPoliticosVer","twitter_site":"@LosPoliticosVer","twitter_misc":{"Escrito por":"Lo viste en Los Pol\u00edticos","Tiempo de lectura":"4 minutos"},"schema":{"@context":"https:\/\/schema.org","@graph":[{"@type":"Article","@id":"https:\/\/lospoliticosveracruz.com\/?p=25108#article","isPartOf":{"@id":"https:\/\/lospoliticosveracruz.com\/?p=25108"},"author":{"name":"Lo viste en Los Pol\u00edticos","@id":"https:\/\/lospoliticosveracruz.com\/#\/schema\/person\/b8702bb0e538456e6efd07080bf2a4a2"},"headline":"Y la luna luc\u00eda luminosa","datePublished":"2016-08-27T00:27:26+00:00","dateModified":"2016-08-27T00:42:43+00:00","mainEntityOfPage":{"@id":"https:\/\/lospoliticosveracruz.com\/?p=25108"},"wordCount":899,"commentCount":0,"publisher":{"@id":"https:\/\/lospoliticosveracruz.com\/#organization"},"keywords":["Desapariciones","Novelistik","Samuel Mart\u00ednez Andrade"],"articleSection":["Cine, Libros y m\u00e1s"],"inLanguage":"es","potentialAction":[{"@type":"CommentAction","name":"Comment","target":["https:\/\/lospoliticosveracruz.com\/?p=25108#respond"]}]},{"@type":"WebPage","@id":"https:\/\/lospoliticosveracruz.com\/?p=25108","url":"https:\/\/lospoliticosveracruz.com\/?p=25108","name":"Y la luna luc\u00eda luminosa - Los pol\u00edticos Veracruz","isPartOf":{"@id":"https:\/\/lospoliticosveracruz.com\/#website"},"datePublished":"2016-08-27T00:27:26+00:00","dateModified":"2016-08-27T00:42:43+00:00","breadcrumb":{"@id":"https:\/\/lospoliticosveracruz.com\/?p=25108#breadcrumb"},"inLanguage":"es","potentialAction":[{"@type":"ReadAction","target":["https:\/\/lospoliticosveracruz.com\/?p=25108"]}]},{"@type":"BreadcrumbList","@id":"https:\/\/lospoliticosveracruz.com\/?p=25108#breadcrumb","itemListElement":[{"@type":"ListItem","position":1,"name":"Portada","item":"https:\/\/lospoliticosveracruz.com\/"},{"@type":"ListItem","position":2,"name":"Y la luna luc\u00eda luminosa"}]},{"@type":"WebSite","@id":"https:\/\/lospoliticosveracruz.com\/#website","url":"https:\/\/lospoliticosveracruz.com\/","name":"Los pol\u00edticos Veracruz","description":"","publisher":{"@id":"https:\/\/lospoliticosveracruz.com\/#organization"},"potentialAction":[{"@type":"SearchAction","target":{"@type":"EntryPoint","urlTemplate":"https:\/\/lospoliticosveracruz.com\/?s={search_term_string}"},"query-input":{"@type":"PropertyValueSpecification","valueRequired":true,"valueName":"search_term_string"}}],"inLanguage":"es"},{"@type":"Organization","@id":"https:\/\/lospoliticosveracruz.com\/#organization","name":"Los pol\u00edticos Veracruz","url":"https:\/\/lospoliticosveracruz.com\/","logo":{"@type":"ImageObject","inLanguage":"es","@id":"https:\/\/lospoliticosveracruz.com\/#\/schema\/logo\/image\/","url":"https:\/\/lospoliticosveracruz.com\/wp-content\/uploads\/2025\/12\/Logo-Nuevo-LOS-POLITICOS-1.jpg","contentUrl":"https:\/\/lospoliticosveracruz.com\/wp-content\/uploads\/2025\/12\/Logo-Nuevo-LOS-POLITICOS-1.jpg","width":260,"height":70,"caption":"Los pol\u00edticos Veracruz"},"image":{"@id":"https:\/\/lospoliticosveracruz.com\/#\/schema\/logo\/image\/"},"sameAs":["https:\/\/www.facebook.com\/people\/Notimemes-de-los-Polticos\/61565672886568\/","https:\/\/x.com\/LosPoliticosVer"]},{"@type":"Person","@id":"https:\/\/lospoliticosveracruz.com\/#\/schema\/person\/b8702bb0e538456e6efd07080bf2a4a2","name":"Lo viste en Los Pol\u00edticos","image":{"@type":"ImageObject","inLanguage":"es","@id":"https:\/\/secure.gravatar.com\/avatar\/3a8de04a2656d44082be478bd6c086daa447c4651605818287b9532d3d0bd435?s=96&d=mm&r=g","url":"https:\/\/secure.gravatar.com\/avatar\/3a8de04a2656d44082be478bd6c086daa447c4651605818287b9532d3d0bd435?s=96&d=mm&r=g","contentUrl":"https:\/\/secure.gravatar.com\/avatar\/3a8de04a2656d44082be478bd6c086daa447c4651605818287b9532d3d0bd435?s=96&d=mm&r=g","caption":"Lo viste en Los Pol\u00edticos"},"url":"https:\/\/lospoliticosveracruz.com\/?author=2"}]}},"_links":{"self":[{"href":"https:\/\/lospoliticosveracruz.com\/index.php?rest_route=\/wp\/v2\/posts\/25108","targetHints":{"allow":["GET"]}}],"collection":[{"href":"https:\/\/lospoliticosveracruz.com\/index.php?rest_route=\/wp\/v2\/posts"}],"about":[{"href":"https:\/\/lospoliticosveracruz.com\/index.php?rest_route=\/wp\/v2\/types\/post"}],"author":[{"embeddable":true,"href":"https:\/\/lospoliticosveracruz.com\/index.php?rest_route=\/wp\/v2\/users\/2"}],"replies":[{"embeddable":true,"href":"https:\/\/lospoliticosveracruz.com\/index.php?rest_route=%2Fwp%2Fv2%2Fcomments&post=25108"}],"version-history":[{"count":2,"href":"https:\/\/lospoliticosveracruz.com\/index.php?rest_route=\/wp\/v2\/posts\/25108\/revisions"}],"predecessor-version":[{"id":25111,"href":"https:\/\/lospoliticosveracruz.com\/index.php?rest_route=\/wp\/v2\/posts\/25108\/revisions\/25111"}],"wp:attachment":[{"href":"https:\/\/lospoliticosveracruz.com\/index.php?rest_route=%2Fwp%2Fv2%2Fmedia&parent=25108"}],"wp:term":[{"taxonomy":"category","embeddable":true,"href":"https:\/\/lospoliticosveracruz.com\/index.php?rest_route=%2Fwp%2Fv2%2Fcategories&post=25108"},{"taxonomy":"post_tag","embeddable":true,"href":"https:\/\/lospoliticosveracruz.com\/index.php?rest_route=%2Fwp%2Fv2%2Ftags&post=25108"}],"curies":[{"name":"wp","href":"https:\/\/api.w.org\/{rel}","templated":true}]}}