{"id":25112,"date":"2016-08-28T11:46:29","date_gmt":"2016-08-28T16:46:29","guid":{"rendered":"http:\/\/www.lospoliticosveracruz.com.mx\/?p=25112"},"modified":"2016-08-28T11:51:25","modified_gmt":"2016-08-28T16:51:25","slug":"78-congreso-nacional-de-la-cnc","status":"publish","type":"post","link":"https:\/\/lospoliticosveracruz.com\/?p=25112","title":{"rendered":"78 Congreso Nacional de la CNC"},"content":{"rendered":"<p><strong>Elena C\u00f3rdova <\/strong><br \/>\n<em>Luna Nueva<\/em><br \/>\nSi algo he aprendido en mi trayecto de vida desde mis or\u00edgenes pol\u00edticos campesinos \u2013muy ligado hasta ahora y en un afortunado destino tambi\u00e9n en mi desempe\u00f1o profesional y laboral en la Sagarpa\u2013 es que los peque\u00f1os productores del campo no han sido reconocidos del todo como un verdadero factor de producci\u00f3n, al no entenderse que para ellos su actividad agr\u00edcola y ganadera es tan importante como la crianza y cuidado de su propia familia y no s\u00f3lo como un medio de subtenencia.<br \/>\nEn el 78 Congreso Nacional Extraordinario de la Confederaci\u00f3n Nacional Campesina (CNC), llevado a cabo en la ciudad de Tepic, Nayarit, los d\u00edas 25, 26 y 27 de este mes, de lo m\u00e1s destacado fue esta tem\u00e1tica denominada \u201cLa Revoluci\u00f3n Productiva\u201d, pues este rubro fue uno de los principales prop\u00f3sitos para sentar las bases y que el peque\u00f1o productor pueda incorporarse y competir en el mercado global con grandes y reales posibilidades.<br \/>\nEl desarrollo del evento cont\u00f3 con la conformaci\u00f3n, desarrollo y debate de cinco mesas de trabajo. Por citar, en la mesa uno se trat\u00f3 el tema \u201cEl sector agropecuario y pesquero, sus avances y sus retos\u201d. Con la presencia y participaci\u00f3n de Jos\u00e9 Calzada Rovirosa, titular de la Sagarpa, quien enfatiz\u00f3 que \u201ca trav\u00e9s del Sistema Nacional de Almacenamiento y Distribuci\u00f3n de Semillas, que est\u00e1 por arrancar pr\u00f3ximamente, se lograr\u00e1n mejores condiciones de producci\u00f3n y comercializaci\u00f3n en el mercado, a favor de los peque\u00f1os y medianos productores\u201d, al igual que se\u00f1al\u00f3 \u201cque en esta transformaci\u00f3n del campo mexicano hay nuevas pol\u00edticas p\u00fablicas y programas diferenciados para acompa\u00f1ar a los peque\u00f1os productores, mujeres y j\u00f3venes emprendedores\u201d, lo cual fue bien recibido y despert\u00f3 buenas expectativas dentro de los asistentes al evento nacional.<br \/>\nPor su parte, el anfitri\u00f3n del este magno evento, Manuel Cota Jim\u00e9nez, l\u00edder nacional de la Confederaci\u00f3n Nacional Campesina (CNC), manifest\u00f3 que \u201chemos celebrado importantes mesas de trabajo donde los cenecistas manifestamos nuestras demandas con los secretarios de Estado, signamos importantes compromisos con el gobierno federal que estaremos siguiendo de cerca que se cumplan\u201d y agreg\u00f3 : \u201ca 78 a\u00f1os de distancia, la campesina sigue siendo una organizaci\u00f3n fuerte, s\u00f3lida, de hombres y mujeres visionarios que con unidad y organizaci\u00f3n hemos logrado acuerdos importantes en beneficio del campo\u201d. Cabe destacar que, cuando toc\u00f3 el uso de la palabra al Senador Cota Jimenez, los m\u00e1s de doce mil asistentes, acallaron su voz con el grito de \u201cCota, Cota, Cota\u201d, con lo que ello significa en el lenguaje y simbolismo pol\u00edtico. Fue as\u00ed como arropado con la presencia del Presidente de la Rep\u00fablica, Enrique Pe\u00f1a Nieto, adem\u00e1s de varios secretarios de Estado, senadores, diputados federales y destacados pol\u00edticos nayaritas, entre ellos el gobernador actual Roberto Sandoval Casta\u00f1eda \u2013quien fue reconocido por los integrantes de este sector\u2013 todo indica que el l\u00edder est\u00e1 destinado a estar a\u00fan m\u00e1s cerca de sus paisanos en un futuro pol\u00edtico pr\u00f3ximo.<br \/>\nEn este evento, con una participaci\u00f3n destacada y con la fuerza reconocida que posee el trabajo, la responsabilidad y entrega que ha hecho desde el primer d\u00eda de su toma de protesta, hizo acto de presencia con la delegaci\u00f3n veracruzana, mi maestro y amigo multipremiado internacionalmente, productor ganadero veracruzano Molina Palacios.<\/p>\n","protected":false},"excerpt":{"rendered":"<p>Elena C\u00f3rdova Luna Nueva Si algo he aprendido en mi trayecto de vida desde mis or\u00edgenes pol\u00edticos campesinos \u2013muy ligado hasta ahora y en un afortunado destino tambi\u00e9n en mi desempe\u00f1o profesional y laboral en la Sagarpa\u2013 es que los peque\u00f1os productores del campo no han sido reconocidos del todo como un verdadero factor de [&hellip;]<\/p>\n","protected":false},"author":2,"featured_media":0,"comment_status":"open","ping_status":"open","sticky":false,"template":"","format":"standard","meta":{"tdm_status":"","tdm_grid_status":"","footnotes":""},"categories":[70],"tags":[3118,3816,6110,5500],"class_list":{"0":"post-25112","1":"post","2":"type-post","3":"status-publish","4":"format-standard","6":"category-de-opinion","7":"tag-cnc","8":"tag-nayarit","9":"tag-productores-del-campo","10":"tag-sagarpa"},"yoast_head":"<!-- This site is optimized with the Yoast SEO plugin v27.4 - https:\/\/yoast.com\/product\/yoast-seo-wordpress\/ -->\n<title>78 Congreso Nacional de la CNC - Los pol\u00edticos Veracruz<\/title>\n<meta name=\"robots\" content=\"index, follow, max-snippet:-1, max-image-preview:large, max-video-preview:-1\" \/>\n<link rel=\"canonical\" href=\"https:\/\/lospoliticosveracruz.com\/?p=25112\" \/>\n<meta property=\"og:locale\" content=\"es_ES\" \/>\n<meta property=\"og:type\" content=\"article\" \/>\n<meta property=\"og:title\" content=\"78 Congreso Nacional de la CNC - Los pol\u00edticos Veracruz\" \/>\n<meta property=\"og:description\" content=\"Elena C\u00f3rdova Luna Nueva Si algo he aprendido en mi trayecto de vida desde mis or\u00edgenes pol\u00edticos campesinos \u2013muy ligado hasta ahora y en un afortunado destino tambi\u00e9n en mi desempe\u00f1o profesional y laboral en la Sagarpa\u2013 es que los peque\u00f1os productores del campo no han sido reconocidos del todo como un verdadero factor de [&hellip;]\" \/>\n<meta property=\"og:url\" content=\"https:\/\/lospoliticosveracruz.com\/?p=25112\" \/>\n<meta property=\"og:site_name\" content=\"Los pol\u00edticos Veracruz\" \/>\n<meta property=\"article:publisher\" content=\"https:\/\/www.facebook.com\/people\/Notimemes-de-los-Polticos\/61565672886568\/\" \/>\n<meta property=\"article:published_time\" content=\"2016-08-28T16:46:29+00:00\" \/>\n<meta property=\"article:modified_time\" content=\"2016-08-28T16:51:25+00:00\" \/>\n<meta property=\"og:image\" content=\"https:\/\/lospoliticosveracruz.com\/wp-content\/uploads\/2016\/07\/Logo-Dor.jpg\" \/>\n\t<meta property=\"og:image:width\" content=\"200\" \/>\n\t<meta property=\"og:image:height\" content=\"200\" \/>\n\t<meta property=\"og:image:type\" content=\"image\/jpeg\" \/>\n<meta name=\"author\" content=\"Lo viste en Los Pol\u00edticos\" \/>\n<meta name=\"twitter:card\" content=\"summary_large_image\" \/>\n<meta name=\"twitter:creator\" content=\"@LosPoliticosVer\" \/>\n<meta name=\"twitter:site\" content=\"@LosPoliticosVer\" \/>\n<meta name=\"twitter:label1\" content=\"Escrito por\" \/>\n\t<meta name=\"twitter:data1\" content=\"Lo viste en Los Pol\u00edticos\" \/>\n\t<meta name=\"twitter:label2\" content=\"Tiempo de lectura\" \/>\n\t<meta name=\"twitter:data2\" content=\"3 minutos\" \/>\n<script type=\"application\/ld+json\" class=\"yoast-schema-graph\">{\"@context\":\"https:\\\/\\\/schema.org\",\"@graph\":[{\"@type\":\"Article\",\"@id\":\"https:\\\/\\\/lospoliticosveracruz.com\\\/?p=25112#article\",\"isPartOf\":{\"@id\":\"https:\\\/\\\/lospoliticosveracruz.com\\\/?p=25112\"},\"author\":{\"name\":\"Lo viste en Los Pol\u00edticos\",\"@id\":\"https:\\\/\\\/lospoliticosveracruz.com\\\/#\\\/schema\\\/person\\\/b8702bb0e538456e6efd07080bf2a4a2\"},\"headline\":\"78 Congreso Nacional de la CNC\",\"datePublished\":\"2016-08-28T16:46:29+00:00\",\"dateModified\":\"2016-08-28T16:51:25+00:00\",\"mainEntityOfPage\":{\"@id\":\"https:\\\/\\\/lospoliticosveracruz.com\\\/?p=25112\"},\"wordCount\":589,\"commentCount\":0,\"publisher\":{\"@id\":\"https:\\\/\\\/lospoliticosveracruz.com\\\/#organization\"},\"keywords\":[\"CNC\",\"Nayarit\",\"Productores del campo\",\"Sagarpa\"],\"articleSection\":[\"De Opini\u00f3n\"],\"inLanguage\":\"es\",\"potentialAction\":[{\"@type\":\"CommentAction\",\"name\":\"Comment\",\"target\":[\"https:\\\/\\\/lospoliticosveracruz.com\\\/?p=25112#respond\"]}]},{\"@type\":\"WebPage\",\"@id\":\"https:\\\/\\\/lospoliticosveracruz.com\\\/?p=25112\",\"url\":\"https:\\\/\\\/lospoliticosveracruz.com\\\/?p=25112\",\"name\":\"78 Congreso Nacional de la CNC - Los pol\u00edticos Veracruz\",\"isPartOf\":{\"@id\":\"https:\\\/\\\/lospoliticosveracruz.com\\\/#website\"},\"datePublished\":\"2016-08-28T16:46:29+00:00\",\"dateModified\":\"2016-08-28T16:51:25+00:00\",\"breadcrumb\":{\"@id\":\"https:\\\/\\\/lospoliticosveracruz.com\\\/?p=25112#breadcrumb\"},\"inLanguage\":\"es\",\"potentialAction\":[{\"@type\":\"ReadAction\",\"target\":[\"https:\\\/\\\/lospoliticosveracruz.com\\\/?p=25112\"]}]},{\"@type\":\"BreadcrumbList\",\"@id\":\"https:\\\/\\\/lospoliticosveracruz.com\\\/?p=25112#breadcrumb\",\"itemListElement\":[{\"@type\":\"ListItem\",\"position\":1,\"name\":\"Portada\",\"item\":\"https:\\\/\\\/lospoliticosveracruz.com\\\/\"},{\"@type\":\"ListItem\",\"position\":2,\"name\":\"78 Congreso Nacional de la CNC\"}]},{\"@type\":\"WebSite\",\"@id\":\"https:\\\/\\\/lospoliticosveracruz.com\\\/#website\",\"url\":\"https:\\\/\\\/lospoliticosveracruz.com\\\/\",\"name\":\"Los pol\u00edticos Veracruz\",\"description\":\"\",\"publisher\":{\"@id\":\"https:\\\/\\\/lospoliticosveracruz.com\\\/#organization\"},\"potentialAction\":[{\"@type\":\"SearchAction\",\"target\":{\"@type\":\"EntryPoint\",\"urlTemplate\":\"https:\\\/\\\/lospoliticosveracruz.com\\\/?s={search_term_string}\"},\"query-input\":{\"@type\":\"PropertyValueSpecification\",\"valueRequired\":true,\"valueName\":\"search_term_string\"}}],\"inLanguage\":\"es\"},{\"@type\":\"Organization\",\"@id\":\"https:\\\/\\\/lospoliticosveracruz.com\\\/#organization\",\"name\":\"Los pol\u00edticos Veracruz\",\"url\":\"https:\\\/\\\/lospoliticosveracruz.com\\\/\",\"logo\":{\"@type\":\"ImageObject\",\"inLanguage\":\"es\",\"@id\":\"https:\\\/\\\/lospoliticosveracruz.com\\\/#\\\/schema\\\/logo\\\/image\\\/\",\"url\":\"https:\\\/\\\/lospoliticosveracruz.com\\\/wp-content\\\/uploads\\\/2025\\\/12\\\/Logo-Nuevo-LOS-POLITICOS-1.jpg\",\"contentUrl\":\"https:\\\/\\\/lospoliticosveracruz.com\\\/wp-content\\\/uploads\\\/2025\\\/12\\\/Logo-Nuevo-LOS-POLITICOS-1.jpg\",\"width\":260,\"height\":70,\"caption\":\"Los pol\u00edticos Veracruz\"},\"image\":{\"@id\":\"https:\\\/\\\/lospoliticosveracruz.com\\\/#\\\/schema\\\/logo\\\/image\\\/\"},\"sameAs\":[\"https:\\\/\\\/www.facebook.com\\\/people\\\/Notimemes-de-los-Polticos\\\/61565672886568\\\/\",\"https:\\\/\\\/x.com\\\/LosPoliticosVer\"]},{\"@type\":\"Person\",\"@id\":\"https:\\\/\\\/lospoliticosveracruz.com\\\/#\\\/schema\\\/person\\\/b8702bb0e538456e6efd07080bf2a4a2\",\"name\":\"Lo viste en Los Pol\u00edticos\",\"image\":{\"@type\":\"ImageObject\",\"inLanguage\":\"es\",\"@id\":\"https:\\\/\\\/secure.gravatar.com\\\/avatar\\\/3a8de04a2656d44082be478bd6c086daa447c4651605818287b9532d3d0bd435?s=96&d=mm&r=g\",\"url\":\"https:\\\/\\\/secure.gravatar.com\\\/avatar\\\/3a8de04a2656d44082be478bd6c086daa447c4651605818287b9532d3d0bd435?s=96&d=mm&r=g\",\"contentUrl\":\"https:\\\/\\\/secure.gravatar.com\\\/avatar\\\/3a8de04a2656d44082be478bd6c086daa447c4651605818287b9532d3d0bd435?s=96&d=mm&r=g\",\"caption\":\"Lo viste en Los Pol\u00edticos\"},\"url\":\"https:\\\/\\\/lospoliticosveracruz.com\\\/?author=2\"}]}<\/script>\n<!-- \/ Yoast SEO plugin. -->","yoast_head_json":{"title":"78 Congreso Nacional de la CNC - Los pol\u00edticos Veracruz","robots":{"index":"index","follow":"follow","max-snippet":"max-snippet:-1","max-image-preview":"max-image-preview:large","max-video-preview":"max-video-preview:-1"},"canonical":"https:\/\/lospoliticosveracruz.com\/?p=25112","og_locale":"es_ES","og_type":"article","og_title":"78 Congreso Nacional de la CNC - Los pol\u00edticos Veracruz","og_description":"Elena C\u00f3rdova Luna Nueva Si algo he aprendido en mi trayecto de vida desde mis or\u00edgenes pol\u00edticos campesinos \u2013muy ligado hasta ahora y en un afortunado destino tambi\u00e9n en mi desempe\u00f1o profesional y laboral en la Sagarpa\u2013 es que los peque\u00f1os productores del campo no han sido reconocidos del todo como un verdadero factor de [&hellip;]","og_url":"https:\/\/lospoliticosveracruz.com\/?p=25112","og_site_name":"Los pol\u00edticos Veracruz","article_publisher":"https:\/\/www.facebook.com\/people\/Notimemes-de-los-Polticos\/61565672886568\/","article_published_time":"2016-08-28T16:46:29+00:00","article_modified_time":"2016-08-28T16:51:25+00:00","og_image":[{"width":200,"height":200,"url":"https:\/\/lospoliticosveracruz.com\/wp-content\/uploads\/2016\/07\/Logo-Dor.jpg","type":"image\/jpeg"}],"author":"Lo viste en Los Pol\u00edticos","twitter_card":"summary_large_image","twitter_creator":"@LosPoliticosVer","twitter_site":"@LosPoliticosVer","twitter_misc":{"Escrito por":"Lo viste en Los Pol\u00edticos","Tiempo de lectura":"3 minutos"},"schema":{"@context":"https:\/\/schema.org","@graph":[{"@type":"Article","@id":"https:\/\/lospoliticosveracruz.com\/?p=25112#article","isPartOf":{"@id":"https:\/\/lospoliticosveracruz.com\/?p=25112"},"author":{"name":"Lo viste en Los Pol\u00edticos","@id":"https:\/\/lospoliticosveracruz.com\/#\/schema\/person\/b8702bb0e538456e6efd07080bf2a4a2"},"headline":"78 Congreso Nacional de la CNC","datePublished":"2016-08-28T16:46:29+00:00","dateModified":"2016-08-28T16:51:25+00:00","mainEntityOfPage":{"@id":"https:\/\/lospoliticosveracruz.com\/?p=25112"},"wordCount":589,"commentCount":0,"publisher":{"@id":"https:\/\/lospoliticosveracruz.com\/#organization"},"keywords":["CNC","Nayarit","Productores del campo","Sagarpa"],"articleSection":["De Opini\u00f3n"],"inLanguage":"es","potentialAction":[{"@type":"CommentAction","name":"Comment","target":["https:\/\/lospoliticosveracruz.com\/?p=25112#respond"]}]},{"@type":"WebPage","@id":"https:\/\/lospoliticosveracruz.com\/?p=25112","url":"https:\/\/lospoliticosveracruz.com\/?p=25112","name":"78 Congreso Nacional de la CNC - Los pol\u00edticos Veracruz","isPartOf":{"@id":"https:\/\/lospoliticosveracruz.com\/#website"},"datePublished":"2016-08-28T16:46:29+00:00","dateModified":"2016-08-28T16:51:25+00:00","breadcrumb":{"@id":"https:\/\/lospoliticosveracruz.com\/?p=25112#breadcrumb"},"inLanguage":"es","potentialAction":[{"@type":"ReadAction","target":["https:\/\/lospoliticosveracruz.com\/?p=25112"]}]},{"@type":"BreadcrumbList","@id":"https:\/\/lospoliticosveracruz.com\/?p=25112#breadcrumb","itemListElement":[{"@type":"ListItem","position":1,"name":"Portada","item":"https:\/\/lospoliticosveracruz.com\/"},{"@type":"ListItem","position":2,"name":"78 Congreso Nacional de la CNC"}]},{"@type":"WebSite","@id":"https:\/\/lospoliticosveracruz.com\/#website","url":"https:\/\/lospoliticosveracruz.com\/","name":"Los pol\u00edticos Veracruz","description":"","publisher":{"@id":"https:\/\/lospoliticosveracruz.com\/#organization"},"potentialAction":[{"@type":"SearchAction","target":{"@type":"EntryPoint","urlTemplate":"https:\/\/lospoliticosveracruz.com\/?s={search_term_string}"},"query-input":{"@type":"PropertyValueSpecification","valueRequired":true,"valueName":"search_term_string"}}],"inLanguage":"es"},{"@type":"Organization","@id":"https:\/\/lospoliticosveracruz.com\/#organization","name":"Los pol\u00edticos Veracruz","url":"https:\/\/lospoliticosveracruz.com\/","logo":{"@type":"ImageObject","inLanguage":"es","@id":"https:\/\/lospoliticosveracruz.com\/#\/schema\/logo\/image\/","url":"https:\/\/lospoliticosveracruz.com\/wp-content\/uploads\/2025\/12\/Logo-Nuevo-LOS-POLITICOS-1.jpg","contentUrl":"https:\/\/lospoliticosveracruz.com\/wp-content\/uploads\/2025\/12\/Logo-Nuevo-LOS-POLITICOS-1.jpg","width":260,"height":70,"caption":"Los pol\u00edticos Veracruz"},"image":{"@id":"https:\/\/lospoliticosveracruz.com\/#\/schema\/logo\/image\/"},"sameAs":["https:\/\/www.facebook.com\/people\/Notimemes-de-los-Polticos\/61565672886568\/","https:\/\/x.com\/LosPoliticosVer"]},{"@type":"Person","@id":"https:\/\/lospoliticosveracruz.com\/#\/schema\/person\/b8702bb0e538456e6efd07080bf2a4a2","name":"Lo viste en Los Pol\u00edticos","image":{"@type":"ImageObject","inLanguage":"es","@id":"https:\/\/secure.gravatar.com\/avatar\/3a8de04a2656d44082be478bd6c086daa447c4651605818287b9532d3d0bd435?s=96&d=mm&r=g","url":"https:\/\/secure.gravatar.com\/avatar\/3a8de04a2656d44082be478bd6c086daa447c4651605818287b9532d3d0bd435?s=96&d=mm&r=g","contentUrl":"https:\/\/secure.gravatar.com\/avatar\/3a8de04a2656d44082be478bd6c086daa447c4651605818287b9532d3d0bd435?s=96&d=mm&r=g","caption":"Lo viste en Los Pol\u00edticos"},"url":"https:\/\/lospoliticosveracruz.com\/?author=2"}]}},"_links":{"self":[{"href":"https:\/\/lospoliticosveracruz.com\/index.php?rest_route=\/wp\/v2\/posts\/25112","targetHints":{"allow":["GET"]}}],"collection":[{"href":"https:\/\/lospoliticosveracruz.com\/index.php?rest_route=\/wp\/v2\/posts"}],"about":[{"href":"https:\/\/lospoliticosveracruz.com\/index.php?rest_route=\/wp\/v2\/types\/post"}],"author":[{"embeddable":true,"href":"https:\/\/lospoliticosveracruz.com\/index.php?rest_route=\/wp\/v2\/users\/2"}],"replies":[{"embeddable":true,"href":"https:\/\/lospoliticosveracruz.com\/index.php?rest_route=%2Fwp%2Fv2%2Fcomments&post=25112"}],"version-history":[{"count":3,"href":"https:\/\/lospoliticosveracruz.com\/index.php?rest_route=\/wp\/v2\/posts\/25112\/revisions"}],"predecessor-version":[{"id":25116,"href":"https:\/\/lospoliticosveracruz.com\/index.php?rest_route=\/wp\/v2\/posts\/25112\/revisions\/25116"}],"wp:attachment":[{"href":"https:\/\/lospoliticosveracruz.com\/index.php?rest_route=%2Fwp%2Fv2%2Fmedia&parent=25112"}],"wp:term":[{"taxonomy":"category","embeddable":true,"href":"https:\/\/lospoliticosveracruz.com\/index.php?rest_route=%2Fwp%2Fv2%2Fcategories&post=25112"},{"taxonomy":"post_tag","embeddable":true,"href":"https:\/\/lospoliticosveracruz.com\/index.php?rest_route=%2Fwp%2Fv2%2Ftags&post=25112"}],"curies":[{"name":"wp","href":"https:\/\/api.w.org\/{rel}","templated":true}]}}