{"id":25161,"date":"2016-08-29T14:37:57","date_gmt":"2016-08-29T19:37:57","guid":{"rendered":"http:\/\/www.lospoliticosveracruz.com.mx\/?p=25161"},"modified":"2016-08-29T14:37:57","modified_gmt":"2016-08-29T19:37:57","slug":"los-capacitan-para-atender-turismo-lgbt","status":"publish","type":"post","link":"https:\/\/lospoliticosveracruz.com\/?p=25161","title":{"rendered":"Los capacitan para atender turismo LGBT"},"content":{"rendered":"<p>Con la finalidad de fortalecer el segmento tur\u00edstico LGBT, Veracruz se suma a la Agenda de Cooperaci\u00f3n con la segunda acreditaci\u00f3n para los profesionales de la industria en este mercado, proporcionando las herramientas para desarrollar estrategias de producci\u00f3n y servicios orientados a la comunidad L\u00e9sbico, Gay, Bisexual, Transexual, Transg\u00e9nero, Travesti e Intersexual.<\/p>\n<p>As\u00ed lo inform\u00f3 el titular de la Secretar\u00eda de Turismo y Cultura (Sectur), Harry Grappa Guzm\u00e1n, al destacar que como parte de este esquema, la dependencia pone en marcha la segunda fase del Plan de Acreditaci\u00f3n de Suministros de Informaci\u00f3n de Destinos y Capacitaci\u00f3n de Proveedores de Servicios para el Mercado LGBT, que inici\u00f3 el 07 de julio del 2015 con la certificaci\u00f3n 16 empresas, con las que se integraron los Clubs de Productos Veracruz a Colores y Colores al Natural.<\/p>\n<p>Esta certificaci\u00f3n especializada en Turismo LGBTTTI cuenta con el subsidio de la SECTUR federal y la aportaci\u00f3n de cada uno de los prestadores de servicios, quienes obtienen al concluir el Distintivo de Calidad, un reconocimiento y aval de est\u00e1ndares por Talento Consultores por dos a\u00f1os, avalados por dicha instancia y el Consejo de Promoci\u00f3n Tur\u00edstica de M\u00e9xico (CPTM).<\/p>\n<p>Asimismo, los participantes ser\u00e1n incluidos en la Gu\u00eda LGBT Veracruz que fortalece la promoci\u00f3n de destino, productos y empresas certificadas a trav\u00e9s de la web y en redes sociales. Algunos conceptos relevantes al abordar el tema son la inclusi\u00f3n y la no discriminaci\u00f3n; cabe destacar que se trata de un segmento del turismo que genera gran derrama econ\u00f3mica, pues la mayor\u00eda de los visitantes elige buen nivel de servicio.<\/p>\n<p>El curso fortalece tambi\u00e9n las ventajas competitivas de la oferta tur\u00edstica, promoviendo una industria sustentable y de calidad con productos y servicios innovadores, siendo el Turismo LGBT un \u00e1rea de oportunidad para desarrollar productos atractivos que incentiven un mayor n\u00famero de turistas.<\/p>\n<p>De igual forma, y cumpliendo con el compromiso de fortalecer la capacitaci\u00f3n, la SECTUR entreg\u00f3 18 distintivos Moderniza a los prestadores de servicios tur\u00edsticos de la zona norte que completaron el programa de profesionalizaci\u00f3n. Ello permite a las empresas mejorar la satisfacci\u00f3n, el desempe\u00f1o y el control, e incrementar la rentabilidad, haciendo m\u00e1s competitiva su oferta.<\/p>\n<p>Las empresas beneficiadas con el Distintivo M son: Central de Autobuses de Poza Rica, Viajes Xanath, Banquetes Rodi y Pasteler\u00eda Temptations; los hoteles Victoria, Salinas, City Express Poza Rica y Tuxpan, Florida Poza Rica y Tuxpan, Santander, La Quinta Inn, Taj\u00edn y Real Teotzihuatl; adem\u00e1s de los restaurantes Caf\u00e9 Manolo, Papanteco Nak\u00fa, El Volador y Taj\u00edn Chico.<\/p>\n<p>La Sectur\u00a0reitera su compromiso para fortalecer la capacitaci\u00f3n en todos los segmentos tur\u00edsticos, con el objetivo de mantener el posicionamiento de la entidad a nivel nacional e internacional, ofreciendo m\u00e1s y mejores productos en favor del desarrollo de la industria.<\/p>\n","protected":false},"excerpt":{"rendered":"<p>Con la finalidad de fortalecer el segmento tur\u00edstico LGBT, Veracruz se suma a la Agenda de Cooperaci\u00f3n con la segunda acreditaci\u00f3n para los profesionales de la industria en este mercado, proporcionando las herramientas para desarrollar estrategias de producci\u00f3n y servicios orientados a la comunidad L\u00e9sbico, Gay, Bisexual, Transexual, Transg\u00e9nero, Travesti e Intersexual. As\u00ed lo inform\u00f3 [&hellip;]<\/p>\n","protected":false},"author":2,"featured_media":0,"comment_status":"open","ping_status":"open","sticky":false,"template":"","format":"standard","meta":{"tdm_status":"","tdm_grid_status":"","footnotes":""},"categories":[73],"tags":[4942,5605,198,195],"class_list":{"0":"post-25161","1":"post","2":"type-post","3":"status-publish","4":"format-standard","6":"category-de-boleto","7":"tag-empresas","8":"tag-lgbt","9":"tag-turismo","10":"tag-veracruz"},"yoast_head":"<!-- This site is optimized with the Yoast SEO plugin v27.4 - https:\/\/yoast.com\/product\/yoast-seo-wordpress\/ -->\n<title>Los capacitan para atender turismo LGBT - Los pol\u00edticos Veracruz<\/title>\n<meta name=\"robots\" content=\"index, follow, max-snippet:-1, max-image-preview:large, max-video-preview:-1\" \/>\n<link rel=\"canonical\" href=\"https:\/\/lospoliticosveracruz.com\/?p=25161\" \/>\n<meta property=\"og:locale\" content=\"es_ES\" \/>\n<meta property=\"og:type\" content=\"article\" \/>\n<meta property=\"og:title\" content=\"Los capacitan para atender turismo LGBT - Los pol\u00edticos Veracruz\" \/>\n<meta property=\"og:description\" content=\"Con la finalidad de fortalecer el segmento tur\u00edstico LGBT, Veracruz se suma a la Agenda de Cooperaci\u00f3n con la segunda acreditaci\u00f3n para los profesionales de la industria en este mercado, proporcionando las herramientas para desarrollar estrategias de producci\u00f3n y servicios orientados a la comunidad L\u00e9sbico, Gay, Bisexual, Transexual, Transg\u00e9nero, Travesti e Intersexual. As\u00ed lo inform\u00f3 [&hellip;]\" \/>\n<meta property=\"og:url\" content=\"https:\/\/lospoliticosveracruz.com\/?p=25161\" \/>\n<meta property=\"og:site_name\" content=\"Los pol\u00edticos Veracruz\" \/>\n<meta property=\"article:publisher\" content=\"https:\/\/www.facebook.com\/people\/Notimemes-de-los-Polticos\/61565672886568\/\" \/>\n<meta property=\"article:published_time\" content=\"2016-08-29T19:37:57+00:00\" \/>\n<meta property=\"og:image\" content=\"https:\/\/lospoliticosveracruz.com\/wp-content\/uploads\/2016\/07\/Logo-Dor.jpg\" \/>\n\t<meta property=\"og:image:width\" content=\"200\" \/>\n\t<meta property=\"og:image:height\" content=\"200\" \/>\n\t<meta property=\"og:image:type\" content=\"image\/jpeg\" \/>\n<meta name=\"author\" content=\"Lo viste en Los Pol\u00edticos\" \/>\n<meta name=\"twitter:card\" content=\"summary_large_image\" \/>\n<meta name=\"twitter:creator\" content=\"@LosPoliticosVer\" \/>\n<meta name=\"twitter:site\" content=\"@LosPoliticosVer\" \/>\n<meta name=\"twitter:label1\" content=\"Escrito por\" \/>\n\t<meta name=\"twitter:data1\" content=\"Lo viste en Los Pol\u00edticos\" \/>\n\t<meta name=\"twitter:label2\" content=\"Tiempo de lectura\" \/>\n\t<meta name=\"twitter:data2\" content=\"2 minutos\" \/>\n<script type=\"application\/ld+json\" class=\"yoast-schema-graph\">{\"@context\":\"https:\\\/\\\/schema.org\",\"@graph\":[{\"@type\":\"Article\",\"@id\":\"https:\\\/\\\/lospoliticosveracruz.com\\\/?p=25161#article\",\"isPartOf\":{\"@id\":\"https:\\\/\\\/lospoliticosveracruz.com\\\/?p=25161\"},\"author\":{\"name\":\"Lo viste en Los Pol\u00edticos\",\"@id\":\"https:\\\/\\\/lospoliticosveracruz.com\\\/#\\\/schema\\\/person\\\/b8702bb0e538456e6efd07080bf2a4a2\"},\"headline\":\"Los capacitan para atender turismo LGBT\",\"datePublished\":\"2016-08-29T19:37:57+00:00\",\"mainEntityOfPage\":{\"@id\":\"https:\\\/\\\/lospoliticosveracruz.com\\\/?p=25161\"},\"wordCount\":501,\"commentCount\":0,\"publisher\":{\"@id\":\"https:\\\/\\\/lospoliticosveracruz.com\\\/#organization\"},\"keywords\":[\"empresas\",\"LGBT\",\"Turismo\",\"Veracruz\"],\"articleSection\":[\"De Boleto\"],\"inLanguage\":\"es\",\"potentialAction\":[{\"@type\":\"CommentAction\",\"name\":\"Comment\",\"target\":[\"https:\\\/\\\/lospoliticosveracruz.com\\\/?p=25161#respond\"]}]},{\"@type\":\"WebPage\",\"@id\":\"https:\\\/\\\/lospoliticosveracruz.com\\\/?p=25161\",\"url\":\"https:\\\/\\\/lospoliticosveracruz.com\\\/?p=25161\",\"name\":\"Los capacitan para atender turismo LGBT - Los pol\u00edticos Veracruz\",\"isPartOf\":{\"@id\":\"https:\\\/\\\/lospoliticosveracruz.com\\\/#website\"},\"datePublished\":\"2016-08-29T19:37:57+00:00\",\"breadcrumb\":{\"@id\":\"https:\\\/\\\/lospoliticosveracruz.com\\\/?p=25161#breadcrumb\"},\"inLanguage\":\"es\",\"potentialAction\":[{\"@type\":\"ReadAction\",\"target\":[\"https:\\\/\\\/lospoliticosveracruz.com\\\/?p=25161\"]}]},{\"@type\":\"BreadcrumbList\",\"@id\":\"https:\\\/\\\/lospoliticosveracruz.com\\\/?p=25161#breadcrumb\",\"itemListElement\":[{\"@type\":\"ListItem\",\"position\":1,\"name\":\"Portada\",\"item\":\"https:\\\/\\\/lospoliticosveracruz.com\\\/\"},{\"@type\":\"ListItem\",\"position\":2,\"name\":\"Los capacitan para atender turismo LGBT\"}]},{\"@type\":\"WebSite\",\"@id\":\"https:\\\/\\\/lospoliticosveracruz.com\\\/#website\",\"url\":\"https:\\\/\\\/lospoliticosveracruz.com\\\/\",\"name\":\"Los pol\u00edticos Veracruz\",\"description\":\"\",\"publisher\":{\"@id\":\"https:\\\/\\\/lospoliticosveracruz.com\\\/#organization\"},\"potentialAction\":[{\"@type\":\"SearchAction\",\"target\":{\"@type\":\"EntryPoint\",\"urlTemplate\":\"https:\\\/\\\/lospoliticosveracruz.com\\\/?s={search_term_string}\"},\"query-input\":{\"@type\":\"PropertyValueSpecification\",\"valueRequired\":true,\"valueName\":\"search_term_string\"}}],\"inLanguage\":\"es\"},{\"@type\":\"Organization\",\"@id\":\"https:\\\/\\\/lospoliticosveracruz.com\\\/#organization\",\"name\":\"Los pol\u00edticos Veracruz\",\"url\":\"https:\\\/\\\/lospoliticosveracruz.com\\\/\",\"logo\":{\"@type\":\"ImageObject\",\"inLanguage\":\"es\",\"@id\":\"https:\\\/\\\/lospoliticosveracruz.com\\\/#\\\/schema\\\/logo\\\/image\\\/\",\"url\":\"https:\\\/\\\/lospoliticosveracruz.com\\\/wp-content\\\/uploads\\\/2025\\\/12\\\/Logo-Nuevo-LOS-POLITICOS-1.jpg\",\"contentUrl\":\"https:\\\/\\\/lospoliticosveracruz.com\\\/wp-content\\\/uploads\\\/2025\\\/12\\\/Logo-Nuevo-LOS-POLITICOS-1.jpg\",\"width\":260,\"height\":70,\"caption\":\"Los pol\u00edticos Veracruz\"},\"image\":{\"@id\":\"https:\\\/\\\/lospoliticosveracruz.com\\\/#\\\/schema\\\/logo\\\/image\\\/\"},\"sameAs\":[\"https:\\\/\\\/www.facebook.com\\\/people\\\/Notimemes-de-los-Polticos\\\/61565672886568\\\/\",\"https:\\\/\\\/x.com\\\/LosPoliticosVer\"]},{\"@type\":\"Person\",\"@id\":\"https:\\\/\\\/lospoliticosveracruz.com\\\/#\\\/schema\\\/person\\\/b8702bb0e538456e6efd07080bf2a4a2\",\"name\":\"Lo viste en Los Pol\u00edticos\",\"image\":{\"@type\":\"ImageObject\",\"inLanguage\":\"es\",\"@id\":\"https:\\\/\\\/secure.gravatar.com\\\/avatar\\\/3a8de04a2656d44082be478bd6c086daa447c4651605818287b9532d3d0bd435?s=96&d=mm&r=g\",\"url\":\"https:\\\/\\\/secure.gravatar.com\\\/avatar\\\/3a8de04a2656d44082be478bd6c086daa447c4651605818287b9532d3d0bd435?s=96&d=mm&r=g\",\"contentUrl\":\"https:\\\/\\\/secure.gravatar.com\\\/avatar\\\/3a8de04a2656d44082be478bd6c086daa447c4651605818287b9532d3d0bd435?s=96&d=mm&r=g\",\"caption\":\"Lo viste en Los Pol\u00edticos\"},\"url\":\"https:\\\/\\\/lospoliticosveracruz.com\\\/?author=2\"}]}<\/script>\n<!-- \/ Yoast SEO plugin. -->","yoast_head_json":{"title":"Los capacitan para atender turismo LGBT - Los pol\u00edticos Veracruz","robots":{"index":"index","follow":"follow","max-snippet":"max-snippet:-1","max-image-preview":"max-image-preview:large","max-video-preview":"max-video-preview:-1"},"canonical":"https:\/\/lospoliticosveracruz.com\/?p=25161","og_locale":"es_ES","og_type":"article","og_title":"Los capacitan para atender turismo LGBT - Los pol\u00edticos Veracruz","og_description":"Con la finalidad de fortalecer el segmento tur\u00edstico LGBT, Veracruz se suma a la Agenda de Cooperaci\u00f3n con la segunda acreditaci\u00f3n para los profesionales de la industria en este mercado, proporcionando las herramientas para desarrollar estrategias de producci\u00f3n y servicios orientados a la comunidad L\u00e9sbico, Gay, Bisexual, Transexual, Transg\u00e9nero, Travesti e Intersexual. As\u00ed lo inform\u00f3 [&hellip;]","og_url":"https:\/\/lospoliticosveracruz.com\/?p=25161","og_site_name":"Los pol\u00edticos Veracruz","article_publisher":"https:\/\/www.facebook.com\/people\/Notimemes-de-los-Polticos\/61565672886568\/","article_published_time":"2016-08-29T19:37:57+00:00","og_image":[{"width":200,"height":200,"url":"https:\/\/lospoliticosveracruz.com\/wp-content\/uploads\/2016\/07\/Logo-Dor.jpg","type":"image\/jpeg"}],"author":"Lo viste en Los Pol\u00edticos","twitter_card":"summary_large_image","twitter_creator":"@LosPoliticosVer","twitter_site":"@LosPoliticosVer","twitter_misc":{"Escrito por":"Lo viste en Los Pol\u00edticos","Tiempo de lectura":"2 minutos"},"schema":{"@context":"https:\/\/schema.org","@graph":[{"@type":"Article","@id":"https:\/\/lospoliticosveracruz.com\/?p=25161#article","isPartOf":{"@id":"https:\/\/lospoliticosveracruz.com\/?p=25161"},"author":{"name":"Lo viste en Los Pol\u00edticos","@id":"https:\/\/lospoliticosveracruz.com\/#\/schema\/person\/b8702bb0e538456e6efd07080bf2a4a2"},"headline":"Los capacitan para atender turismo LGBT","datePublished":"2016-08-29T19:37:57+00:00","mainEntityOfPage":{"@id":"https:\/\/lospoliticosveracruz.com\/?p=25161"},"wordCount":501,"commentCount":0,"publisher":{"@id":"https:\/\/lospoliticosveracruz.com\/#organization"},"keywords":["empresas","LGBT","Turismo","Veracruz"],"articleSection":["De Boleto"],"inLanguage":"es","potentialAction":[{"@type":"CommentAction","name":"Comment","target":["https:\/\/lospoliticosveracruz.com\/?p=25161#respond"]}]},{"@type":"WebPage","@id":"https:\/\/lospoliticosveracruz.com\/?p=25161","url":"https:\/\/lospoliticosveracruz.com\/?p=25161","name":"Los capacitan para atender turismo LGBT - Los pol\u00edticos Veracruz","isPartOf":{"@id":"https:\/\/lospoliticosveracruz.com\/#website"},"datePublished":"2016-08-29T19:37:57+00:00","breadcrumb":{"@id":"https:\/\/lospoliticosveracruz.com\/?p=25161#breadcrumb"},"inLanguage":"es","potentialAction":[{"@type":"ReadAction","target":["https:\/\/lospoliticosveracruz.com\/?p=25161"]}]},{"@type":"BreadcrumbList","@id":"https:\/\/lospoliticosveracruz.com\/?p=25161#breadcrumb","itemListElement":[{"@type":"ListItem","position":1,"name":"Portada","item":"https:\/\/lospoliticosveracruz.com\/"},{"@type":"ListItem","position":2,"name":"Los capacitan para atender turismo LGBT"}]},{"@type":"WebSite","@id":"https:\/\/lospoliticosveracruz.com\/#website","url":"https:\/\/lospoliticosveracruz.com\/","name":"Los pol\u00edticos Veracruz","description":"","publisher":{"@id":"https:\/\/lospoliticosveracruz.com\/#organization"},"potentialAction":[{"@type":"SearchAction","target":{"@type":"EntryPoint","urlTemplate":"https:\/\/lospoliticosveracruz.com\/?s={search_term_string}"},"query-input":{"@type":"PropertyValueSpecification","valueRequired":true,"valueName":"search_term_string"}}],"inLanguage":"es"},{"@type":"Organization","@id":"https:\/\/lospoliticosveracruz.com\/#organization","name":"Los pol\u00edticos Veracruz","url":"https:\/\/lospoliticosveracruz.com\/","logo":{"@type":"ImageObject","inLanguage":"es","@id":"https:\/\/lospoliticosveracruz.com\/#\/schema\/logo\/image\/","url":"https:\/\/lospoliticosveracruz.com\/wp-content\/uploads\/2025\/12\/Logo-Nuevo-LOS-POLITICOS-1.jpg","contentUrl":"https:\/\/lospoliticosveracruz.com\/wp-content\/uploads\/2025\/12\/Logo-Nuevo-LOS-POLITICOS-1.jpg","width":260,"height":70,"caption":"Los pol\u00edticos Veracruz"},"image":{"@id":"https:\/\/lospoliticosveracruz.com\/#\/schema\/logo\/image\/"},"sameAs":["https:\/\/www.facebook.com\/people\/Notimemes-de-los-Polticos\/61565672886568\/","https:\/\/x.com\/LosPoliticosVer"]},{"@type":"Person","@id":"https:\/\/lospoliticosveracruz.com\/#\/schema\/person\/b8702bb0e538456e6efd07080bf2a4a2","name":"Lo viste en Los Pol\u00edticos","image":{"@type":"ImageObject","inLanguage":"es","@id":"https:\/\/secure.gravatar.com\/avatar\/3a8de04a2656d44082be478bd6c086daa447c4651605818287b9532d3d0bd435?s=96&d=mm&r=g","url":"https:\/\/secure.gravatar.com\/avatar\/3a8de04a2656d44082be478bd6c086daa447c4651605818287b9532d3d0bd435?s=96&d=mm&r=g","contentUrl":"https:\/\/secure.gravatar.com\/avatar\/3a8de04a2656d44082be478bd6c086daa447c4651605818287b9532d3d0bd435?s=96&d=mm&r=g","caption":"Lo viste en Los Pol\u00edticos"},"url":"https:\/\/lospoliticosveracruz.com\/?author=2"}]}},"_links":{"self":[{"href":"https:\/\/lospoliticosveracruz.com\/index.php?rest_route=\/wp\/v2\/posts\/25161","targetHints":{"allow":["GET"]}}],"collection":[{"href":"https:\/\/lospoliticosveracruz.com\/index.php?rest_route=\/wp\/v2\/posts"}],"about":[{"href":"https:\/\/lospoliticosveracruz.com\/index.php?rest_route=\/wp\/v2\/types\/post"}],"author":[{"embeddable":true,"href":"https:\/\/lospoliticosveracruz.com\/index.php?rest_route=\/wp\/v2\/users\/2"}],"replies":[{"embeddable":true,"href":"https:\/\/lospoliticosveracruz.com\/index.php?rest_route=%2Fwp%2Fv2%2Fcomments&post=25161"}],"version-history":[{"count":1,"href":"https:\/\/lospoliticosveracruz.com\/index.php?rest_route=\/wp\/v2\/posts\/25161\/revisions"}],"predecessor-version":[{"id":25163,"href":"https:\/\/lospoliticosveracruz.com\/index.php?rest_route=\/wp\/v2\/posts\/25161\/revisions\/25163"}],"wp:attachment":[{"href":"https:\/\/lospoliticosveracruz.com\/index.php?rest_route=%2Fwp%2Fv2%2Fmedia&parent=25161"}],"wp:term":[{"taxonomy":"category","embeddable":true,"href":"https:\/\/lospoliticosveracruz.com\/index.php?rest_route=%2Fwp%2Fv2%2Fcategories&post=25161"},{"taxonomy":"post_tag","embeddable":true,"href":"https:\/\/lospoliticosveracruz.com\/index.php?rest_route=%2Fwp%2Fv2%2Ftags&post=25161"}],"curies":[{"name":"wp","href":"https:\/\/api.w.org\/{rel}","templated":true}]}}