{"id":25205,"date":"2016-08-30T21:19:08","date_gmt":"2016-08-31T02:19:08","guid":{"rendered":"http:\/\/www.lospoliticosveracruz.com.mx\/?p=25205"},"modified":"2016-08-30T21:19:08","modified_gmt":"2016-08-31T02:19:08","slug":"gasolina-luz-y-corrupcion","status":"publish","type":"post","link":"https:\/\/lospoliticosveracruz.com\/?p=25205","title":{"rendered":"Gasolina, luz y corrupci\u00f3n"},"content":{"rendered":"<p><strong>Brenda Caballero<\/strong><\/p>\n<p><em>N\u00fameros Rojos<\/em><\/p>\n<p>&nbsp;<\/p>\n<p>Es definitivo. Hoy despu\u00e9s de cobrar mi quincena ir\u00e9 a llenar el tanque de gasolina de mi auto.<\/p>\n<p>Reconozco que no lo hac\u00eda a tope por las leyendas urbanas de que si se rebozaba el dep\u00f3sito se pod\u00eda derramar el combustible o emitir gases da\u00f1inos. Pero despu\u00e9s del gasolinazo que viene este 1 de septiembre, me puse a investigar y son puros mitos, incluso, dentro de las recomendaciones para que nos salga m\u00e1s barata la gasolina es llenar el dep\u00f3sito antes de que est\u00e9 por la mitad porque as\u00ed el dep\u00f3sito no tiene tanto aire y evita la evaporaci\u00f3n; adem\u00e1s de que es mejor hacer la carga por la ma\u00f1ana ya que la temperatura es m\u00e1s baja y la gasolina m\u00e1s densa, y cargaremos m\u00e1s por el mismo precio. \u00a1L\u00e1stima que me pagan en la tarde!<\/p>\n<p>Pero seamos realistas, no todos tenemos para llenar el tanque de gasolina y menos cuando la Magna costar\u00e1 13.98 pesos por litro. Es decir, para llenar un tanque de 50 litros (un Tsuru) necesitar\u00edamos 699 pesos. Tal vez el aumento de 2 centavos por litro no diga mucho para un m\u00ednimo sector de la poblaci\u00f3n, pero al menos yo que cargo 40 litros a la quincena, pagar\u00e9 casi 33 pesos m\u00e1s que en el mes de enero. El Di\u00e9sel \u00a0se vender\u00e1 en 14.45 pesos por litro, mientras que la gasolina Premium se mantendr\u00e1 sin cambios\u00a0 a 14.81 pesos por litro.<\/p>\n<p>La explicaci\u00f3n que da el Secretario de Hacienda y Cr\u00e9dito P\u00fablico, Luis Videgaray es la misma que ha dado con los gasolinazos del 2016: \u201ces por la reciente recuperaci\u00f3n de la cotizaci\u00f3n del crudo as\u00ed como a la estacionalidad que t\u00edpicamente se observa en los precios internacionales de las gasolinas\u201d, pero eso s\u00ed, \u00a0nos consuela: \u00a1Ya no subir\u00e1 el resto del a\u00f1o! Pues claro que no, alcanz\u00f3 el tope m\u00e1ximo estipulado para el a\u00f1o de 2016.<\/p>\n<p>La luz tambi\u00e9n subir\u00e1 otra vez en este a\u00f1o, aunque all\u00ed me siento \u201crelativamente\u201d tranquila pues mi consumo no es alto, siendo esta tarifa la que tendr\u00e1 un incremento en el sector industrial y comercial entre 8.6 y 9.4 por ciento, as\u00ed como el dom\u00e9stico en septiembre de 9.3 por ciento, respecto al mismo mes del a\u00f1o pasado. Es decir, seg\u00fan el comunicado de la CFE, yo no pagar\u00e9 m\u00e1s por electricidad, siempre y cuando no rebase mi tarifa de intermedio y me convierta en alto consumo.<\/p>\n<p>Ahora, \u00bfpor qu\u00e9 sube el pago de la luz el\u00e9ctrica? La misma Hacienda contesta que: \u201ces por los incrementos de los precios de los combustibles para generar energ\u00eda el\u00e9ctrica registrados en agosto de 2016 en comparaci\u00f3n con julio de 2016\u201d. En pocas palabras porque subieron los combustibles.<\/p>\n<p>El consuelo podr\u00eda ser que s\u00f3lo el 2 por ciento de la poblaci\u00f3n tiene una tarifa de alto consumo; es decir, no le pegar\u00e1 al 90 por ciento de la poblaci\u00f3n restante; sin embargo, en Veracruz los empresarios de restaurantes y hoteles ya hablan de aumentar sus tarifas y precios, debido a que si no lo hacen, los aumentos les pegar\u00e1n directamente a ellos. Pero no solamente a ellos, nos pegar\u00e1n a todos y no precisamente por ir a comer a un restaurant u hospedarnos en un hotel, sino porque al subir la gasolina, todo sube.<\/p>\n<p>Ante el malestar de empresarios y poblaci\u00f3n en general, el secretario de Hacienda, Luis Videgaray trat\u00f3 de calmar los \u00e1nimos diciendo que en el paquete econ\u00f3mico del Presidente Enrique Pe\u00f1a Nieto que presentar\u00e1 este jueves al Congreso, tratar\u00e1n de acelerar la transici\u00f3n al mercado libre de gasolinas, con la finalidad de que en 2017 no haya gasolinazos; as\u00ed mismo, har\u00e1n un ajuste al gasto (lo que debieron haber hecho desde que entraron) con la finalidad de no contratar deuda por primera vez en nueve a\u00f1os.<\/p>\n<p>De cara a su informe presidencial, el Presidente Enrique Pe\u00f1a Nieto tendr\u00eda un respiro ante el malestar social si act\u00faa medi\u00e1ticamente contra la corrupci\u00f3n de quienes hoy, aparte de \u00e9l, est\u00e1n en la mira del juicio popular y tiene para escoger\u2026 Quintana Roo, Veracruz o Chihuahua\u2026 \u00a1o por qu\u00e9 no! \u00a1Hasta los tres!<\/p>\n<p>&nbsp;<\/p>\n<p>E mail: caballero_brenda@hotmail.com<\/p>\n<p>&nbsp;<\/p>\n","protected":false},"excerpt":{"rendered":"<p>Brenda Caballero N\u00fameros Rojos &nbsp; Es definitivo. Hoy despu\u00e9s de cobrar mi quincena ir\u00e9 a llenar el tanque de gasolina de mi auto. Reconozco que no lo hac\u00eda a tope por las leyendas urbanas de que si se rebozaba el dep\u00f3sito se pod\u00eda derramar el combustible o emitir gases da\u00f1inos. Pero despu\u00e9s del gasolinazo que [&hellip;]<\/p>\n","protected":false},"author":2,"featured_media":0,"comment_status":"open","ping_status":"open","sticky":false,"template":"","format":"standard","meta":{"tdm_status":"","tdm_grid_status":"","footnotes":""},"categories":[70],"tags":[4973,281,6137,424,6138],"class_list":{"0":"post-25205","1":"post","2":"type-post","3":"status-publish","4":"format-standard","6":"category-de-opinion","7":"tag-cfe","8":"tag-enrique-pena-nieto","9":"tag-gasolinazo","10":"tag-luis-videgaray","11":"tag-luz"},"yoast_head":"<!-- This site is optimized with the Yoast SEO plugin v27.4 - https:\/\/yoast.com\/product\/yoast-seo-wordpress\/ -->\n<title>Gasolina, luz y corrupci\u00f3n - Los pol\u00edticos Veracruz<\/title>\n<meta name=\"robots\" content=\"index, follow, max-snippet:-1, max-image-preview:large, max-video-preview:-1\" \/>\n<link rel=\"canonical\" href=\"https:\/\/lospoliticosveracruz.com\/?p=25205\" \/>\n<meta property=\"og:locale\" content=\"es_ES\" \/>\n<meta property=\"og:type\" content=\"article\" \/>\n<meta property=\"og:title\" content=\"Gasolina, luz y corrupci\u00f3n - Los pol\u00edticos Veracruz\" \/>\n<meta property=\"og:description\" content=\"Brenda Caballero N\u00fameros Rojos &nbsp; Es definitivo. Hoy despu\u00e9s de cobrar mi quincena ir\u00e9 a llenar el tanque de gasolina de mi auto. Reconozco que no lo hac\u00eda a tope por las leyendas urbanas de que si se rebozaba el dep\u00f3sito se pod\u00eda derramar el combustible o emitir gases da\u00f1inos. Pero despu\u00e9s del gasolinazo que [&hellip;]\" \/>\n<meta property=\"og:url\" content=\"https:\/\/lospoliticosveracruz.com\/?p=25205\" \/>\n<meta property=\"og:site_name\" content=\"Los pol\u00edticos Veracruz\" \/>\n<meta property=\"article:publisher\" content=\"https:\/\/www.facebook.com\/people\/Notimemes-de-los-Polticos\/61565672886568\/\" \/>\n<meta property=\"article:published_time\" content=\"2016-08-31T02:19:08+00:00\" \/>\n<meta property=\"og:image\" content=\"https:\/\/lospoliticosveracruz.com\/wp-content\/uploads\/2016\/07\/Logo-Dor.jpg\" \/>\n\t<meta property=\"og:image:width\" content=\"200\" \/>\n\t<meta property=\"og:image:height\" content=\"200\" \/>\n\t<meta property=\"og:image:type\" content=\"image\/jpeg\" \/>\n<meta name=\"author\" content=\"Lo viste en Los Pol\u00edticos\" \/>\n<meta name=\"twitter:card\" content=\"summary_large_image\" \/>\n<meta name=\"twitter:creator\" content=\"@LosPoliticosVer\" \/>\n<meta name=\"twitter:site\" content=\"@LosPoliticosVer\" \/>\n<meta name=\"twitter:label1\" content=\"Escrito por\" \/>\n\t<meta name=\"twitter:data1\" content=\"Lo viste en Los Pol\u00edticos\" \/>\n\t<meta name=\"twitter:label2\" content=\"Tiempo de lectura\" \/>\n\t<meta name=\"twitter:data2\" content=\"4 minutos\" \/>\n<script type=\"application\/ld+json\" class=\"yoast-schema-graph\">{\"@context\":\"https:\\\/\\\/schema.org\",\"@graph\":[{\"@type\":\"Article\",\"@id\":\"https:\\\/\\\/lospoliticosveracruz.com\\\/?p=25205#article\",\"isPartOf\":{\"@id\":\"https:\\\/\\\/lospoliticosveracruz.com\\\/?p=25205\"},\"author\":{\"name\":\"Lo viste en Los Pol\u00edticos\",\"@id\":\"https:\\\/\\\/lospoliticosveracruz.com\\\/#\\\/schema\\\/person\\\/b8702bb0e538456e6efd07080bf2a4a2\"},\"headline\":\"Gasolina, luz y corrupci\u00f3n\",\"datePublished\":\"2016-08-31T02:19:08+00:00\",\"mainEntityOfPage\":{\"@id\":\"https:\\\/\\\/lospoliticosveracruz.com\\\/?p=25205\"},\"wordCount\":739,\"commentCount\":0,\"publisher\":{\"@id\":\"https:\\\/\\\/lospoliticosveracruz.com\\\/#organization\"},\"keywords\":[\"CFE\",\"Enrique Pe\u00f1a Nieto\",\"Gasolinazo\",\"Luis Videgaray\",\"Luz\"],\"articleSection\":[\"De Opini\u00f3n\"],\"inLanguage\":\"es\",\"potentialAction\":[{\"@type\":\"CommentAction\",\"name\":\"Comment\",\"target\":[\"https:\\\/\\\/lospoliticosveracruz.com\\\/?p=25205#respond\"]}]},{\"@type\":\"WebPage\",\"@id\":\"https:\\\/\\\/lospoliticosveracruz.com\\\/?p=25205\",\"url\":\"https:\\\/\\\/lospoliticosveracruz.com\\\/?p=25205\",\"name\":\"Gasolina, luz y corrupci\u00f3n - Los pol\u00edticos Veracruz\",\"isPartOf\":{\"@id\":\"https:\\\/\\\/lospoliticosveracruz.com\\\/#website\"},\"datePublished\":\"2016-08-31T02:19:08+00:00\",\"breadcrumb\":{\"@id\":\"https:\\\/\\\/lospoliticosveracruz.com\\\/?p=25205#breadcrumb\"},\"inLanguage\":\"es\",\"potentialAction\":[{\"@type\":\"ReadAction\",\"target\":[\"https:\\\/\\\/lospoliticosveracruz.com\\\/?p=25205\"]}]},{\"@type\":\"BreadcrumbList\",\"@id\":\"https:\\\/\\\/lospoliticosveracruz.com\\\/?p=25205#breadcrumb\",\"itemListElement\":[{\"@type\":\"ListItem\",\"position\":1,\"name\":\"Portada\",\"item\":\"https:\\\/\\\/lospoliticosveracruz.com\\\/\"},{\"@type\":\"ListItem\",\"position\":2,\"name\":\"Gasolina, luz y corrupci\u00f3n\"}]},{\"@type\":\"WebSite\",\"@id\":\"https:\\\/\\\/lospoliticosveracruz.com\\\/#website\",\"url\":\"https:\\\/\\\/lospoliticosveracruz.com\\\/\",\"name\":\"Los pol\u00edticos Veracruz\",\"description\":\"\",\"publisher\":{\"@id\":\"https:\\\/\\\/lospoliticosveracruz.com\\\/#organization\"},\"potentialAction\":[{\"@type\":\"SearchAction\",\"target\":{\"@type\":\"EntryPoint\",\"urlTemplate\":\"https:\\\/\\\/lospoliticosveracruz.com\\\/?s={search_term_string}\"},\"query-input\":{\"@type\":\"PropertyValueSpecification\",\"valueRequired\":true,\"valueName\":\"search_term_string\"}}],\"inLanguage\":\"es\"},{\"@type\":\"Organization\",\"@id\":\"https:\\\/\\\/lospoliticosveracruz.com\\\/#organization\",\"name\":\"Los pol\u00edticos Veracruz\",\"url\":\"https:\\\/\\\/lospoliticosveracruz.com\\\/\",\"logo\":{\"@type\":\"ImageObject\",\"inLanguage\":\"es\",\"@id\":\"https:\\\/\\\/lospoliticosveracruz.com\\\/#\\\/schema\\\/logo\\\/image\\\/\",\"url\":\"https:\\\/\\\/lospoliticosveracruz.com\\\/wp-content\\\/uploads\\\/2025\\\/12\\\/Logo-Nuevo-LOS-POLITICOS-1.jpg\",\"contentUrl\":\"https:\\\/\\\/lospoliticosveracruz.com\\\/wp-content\\\/uploads\\\/2025\\\/12\\\/Logo-Nuevo-LOS-POLITICOS-1.jpg\",\"width\":260,\"height\":70,\"caption\":\"Los pol\u00edticos Veracruz\"},\"image\":{\"@id\":\"https:\\\/\\\/lospoliticosveracruz.com\\\/#\\\/schema\\\/logo\\\/image\\\/\"},\"sameAs\":[\"https:\\\/\\\/www.facebook.com\\\/people\\\/Notimemes-de-los-Polticos\\\/61565672886568\\\/\",\"https:\\\/\\\/x.com\\\/LosPoliticosVer\"]},{\"@type\":\"Person\",\"@id\":\"https:\\\/\\\/lospoliticosveracruz.com\\\/#\\\/schema\\\/person\\\/b8702bb0e538456e6efd07080bf2a4a2\",\"name\":\"Lo viste en Los Pol\u00edticos\",\"image\":{\"@type\":\"ImageObject\",\"inLanguage\":\"es\",\"@id\":\"https:\\\/\\\/secure.gravatar.com\\\/avatar\\\/3a8de04a2656d44082be478bd6c086daa447c4651605818287b9532d3d0bd435?s=96&d=mm&r=g\",\"url\":\"https:\\\/\\\/secure.gravatar.com\\\/avatar\\\/3a8de04a2656d44082be478bd6c086daa447c4651605818287b9532d3d0bd435?s=96&d=mm&r=g\",\"contentUrl\":\"https:\\\/\\\/secure.gravatar.com\\\/avatar\\\/3a8de04a2656d44082be478bd6c086daa447c4651605818287b9532d3d0bd435?s=96&d=mm&r=g\",\"caption\":\"Lo viste en Los Pol\u00edticos\"},\"url\":\"https:\\\/\\\/lospoliticosveracruz.com\\\/?author=2\"}]}<\/script>\n<!-- \/ Yoast SEO plugin. -->","yoast_head_json":{"title":"Gasolina, luz y corrupci\u00f3n - Los pol\u00edticos Veracruz","robots":{"index":"index","follow":"follow","max-snippet":"max-snippet:-1","max-image-preview":"max-image-preview:large","max-video-preview":"max-video-preview:-1"},"canonical":"https:\/\/lospoliticosveracruz.com\/?p=25205","og_locale":"es_ES","og_type":"article","og_title":"Gasolina, luz y corrupci\u00f3n - Los pol\u00edticos Veracruz","og_description":"Brenda Caballero N\u00fameros Rojos &nbsp; Es definitivo. Hoy despu\u00e9s de cobrar mi quincena ir\u00e9 a llenar el tanque de gasolina de mi auto. Reconozco que no lo hac\u00eda a tope por las leyendas urbanas de que si se rebozaba el dep\u00f3sito se pod\u00eda derramar el combustible o emitir gases da\u00f1inos. Pero despu\u00e9s del gasolinazo que [&hellip;]","og_url":"https:\/\/lospoliticosveracruz.com\/?p=25205","og_site_name":"Los pol\u00edticos Veracruz","article_publisher":"https:\/\/www.facebook.com\/people\/Notimemes-de-los-Polticos\/61565672886568\/","article_published_time":"2016-08-31T02:19:08+00:00","og_image":[{"width":200,"height":200,"url":"https:\/\/lospoliticosveracruz.com\/wp-content\/uploads\/2016\/07\/Logo-Dor.jpg","type":"image\/jpeg"}],"author":"Lo viste en Los Pol\u00edticos","twitter_card":"summary_large_image","twitter_creator":"@LosPoliticosVer","twitter_site":"@LosPoliticosVer","twitter_misc":{"Escrito por":"Lo viste en Los Pol\u00edticos","Tiempo de lectura":"4 minutos"},"schema":{"@context":"https:\/\/schema.org","@graph":[{"@type":"Article","@id":"https:\/\/lospoliticosveracruz.com\/?p=25205#article","isPartOf":{"@id":"https:\/\/lospoliticosveracruz.com\/?p=25205"},"author":{"name":"Lo viste en Los Pol\u00edticos","@id":"https:\/\/lospoliticosveracruz.com\/#\/schema\/person\/b8702bb0e538456e6efd07080bf2a4a2"},"headline":"Gasolina, luz y corrupci\u00f3n","datePublished":"2016-08-31T02:19:08+00:00","mainEntityOfPage":{"@id":"https:\/\/lospoliticosveracruz.com\/?p=25205"},"wordCount":739,"commentCount":0,"publisher":{"@id":"https:\/\/lospoliticosveracruz.com\/#organization"},"keywords":["CFE","Enrique Pe\u00f1a Nieto","Gasolinazo","Luis Videgaray","Luz"],"articleSection":["De Opini\u00f3n"],"inLanguage":"es","potentialAction":[{"@type":"CommentAction","name":"Comment","target":["https:\/\/lospoliticosveracruz.com\/?p=25205#respond"]}]},{"@type":"WebPage","@id":"https:\/\/lospoliticosveracruz.com\/?p=25205","url":"https:\/\/lospoliticosveracruz.com\/?p=25205","name":"Gasolina, luz y corrupci\u00f3n - Los pol\u00edticos Veracruz","isPartOf":{"@id":"https:\/\/lospoliticosveracruz.com\/#website"},"datePublished":"2016-08-31T02:19:08+00:00","breadcrumb":{"@id":"https:\/\/lospoliticosveracruz.com\/?p=25205#breadcrumb"},"inLanguage":"es","potentialAction":[{"@type":"ReadAction","target":["https:\/\/lospoliticosveracruz.com\/?p=25205"]}]},{"@type":"BreadcrumbList","@id":"https:\/\/lospoliticosveracruz.com\/?p=25205#breadcrumb","itemListElement":[{"@type":"ListItem","position":1,"name":"Portada","item":"https:\/\/lospoliticosveracruz.com\/"},{"@type":"ListItem","position":2,"name":"Gasolina, luz y corrupci\u00f3n"}]},{"@type":"WebSite","@id":"https:\/\/lospoliticosveracruz.com\/#website","url":"https:\/\/lospoliticosveracruz.com\/","name":"Los pol\u00edticos Veracruz","description":"","publisher":{"@id":"https:\/\/lospoliticosveracruz.com\/#organization"},"potentialAction":[{"@type":"SearchAction","target":{"@type":"EntryPoint","urlTemplate":"https:\/\/lospoliticosveracruz.com\/?s={search_term_string}"},"query-input":{"@type":"PropertyValueSpecification","valueRequired":true,"valueName":"search_term_string"}}],"inLanguage":"es"},{"@type":"Organization","@id":"https:\/\/lospoliticosveracruz.com\/#organization","name":"Los pol\u00edticos Veracruz","url":"https:\/\/lospoliticosveracruz.com\/","logo":{"@type":"ImageObject","inLanguage":"es","@id":"https:\/\/lospoliticosveracruz.com\/#\/schema\/logo\/image\/","url":"https:\/\/lospoliticosveracruz.com\/wp-content\/uploads\/2025\/12\/Logo-Nuevo-LOS-POLITICOS-1.jpg","contentUrl":"https:\/\/lospoliticosveracruz.com\/wp-content\/uploads\/2025\/12\/Logo-Nuevo-LOS-POLITICOS-1.jpg","width":260,"height":70,"caption":"Los pol\u00edticos Veracruz"},"image":{"@id":"https:\/\/lospoliticosveracruz.com\/#\/schema\/logo\/image\/"},"sameAs":["https:\/\/www.facebook.com\/people\/Notimemes-de-los-Polticos\/61565672886568\/","https:\/\/x.com\/LosPoliticosVer"]},{"@type":"Person","@id":"https:\/\/lospoliticosveracruz.com\/#\/schema\/person\/b8702bb0e538456e6efd07080bf2a4a2","name":"Lo viste en Los Pol\u00edticos","image":{"@type":"ImageObject","inLanguage":"es","@id":"https:\/\/secure.gravatar.com\/avatar\/3a8de04a2656d44082be478bd6c086daa447c4651605818287b9532d3d0bd435?s=96&d=mm&r=g","url":"https:\/\/secure.gravatar.com\/avatar\/3a8de04a2656d44082be478bd6c086daa447c4651605818287b9532d3d0bd435?s=96&d=mm&r=g","contentUrl":"https:\/\/secure.gravatar.com\/avatar\/3a8de04a2656d44082be478bd6c086daa447c4651605818287b9532d3d0bd435?s=96&d=mm&r=g","caption":"Lo viste en Los Pol\u00edticos"},"url":"https:\/\/lospoliticosveracruz.com\/?author=2"}]}},"_links":{"self":[{"href":"https:\/\/lospoliticosveracruz.com\/index.php?rest_route=\/wp\/v2\/posts\/25205","targetHints":{"allow":["GET"]}}],"collection":[{"href":"https:\/\/lospoliticosveracruz.com\/index.php?rest_route=\/wp\/v2\/posts"}],"about":[{"href":"https:\/\/lospoliticosveracruz.com\/index.php?rest_route=\/wp\/v2\/types\/post"}],"author":[{"embeddable":true,"href":"https:\/\/lospoliticosveracruz.com\/index.php?rest_route=\/wp\/v2\/users\/2"}],"replies":[{"embeddable":true,"href":"https:\/\/lospoliticosveracruz.com\/index.php?rest_route=%2Fwp%2Fv2%2Fcomments&post=25205"}],"version-history":[{"count":3,"href":"https:\/\/lospoliticosveracruz.com\/index.php?rest_route=\/wp\/v2\/posts\/25205\/revisions"}],"predecessor-version":[{"id":25209,"href":"https:\/\/lospoliticosveracruz.com\/index.php?rest_route=\/wp\/v2\/posts\/25205\/revisions\/25209"}],"wp:attachment":[{"href":"https:\/\/lospoliticosveracruz.com\/index.php?rest_route=%2Fwp%2Fv2%2Fmedia&parent=25205"}],"wp:term":[{"taxonomy":"category","embeddable":true,"href":"https:\/\/lospoliticosveracruz.com\/index.php?rest_route=%2Fwp%2Fv2%2Fcategories&post=25205"},{"taxonomy":"post_tag","embeddable":true,"href":"https:\/\/lospoliticosveracruz.com\/index.php?rest_route=%2Fwp%2Fv2%2Ftags&post=25205"}],"curies":[{"name":"wp","href":"https:\/\/api.w.org\/{rel}","templated":true}]}}