{"id":25294,"date":"2016-09-04T21:26:13","date_gmt":"2016-09-05T02:26:13","guid":{"rendered":"http:\/\/www.lospoliticosveracruz.com.mx\/?p=25294"},"modified":"2016-09-04T21:26:13","modified_gmt":"2016-09-05T02:26:13","slug":"el-muro-fronterizo-y-el-de-veracruz","status":"publish","type":"post","link":"https:\/\/lospoliticosveracruz.com\/?p=25294","title":{"rendered":"El muro fronterizo&#8230; y el de Veracruz"},"content":{"rendered":"<p><strong>Ricardo V\u00e1zquez Salazar<\/strong><\/p>\n<p><em>Esfera Pol\u00edtica<\/em><\/p>\n<p>&nbsp;<\/p>\n<p>Los disparates, las ocurrencias y las ideas perversas del candidato republicano a la presidencia del pa\u00eds vecino, Donald Trump, lo hacen parecer un integrante m\u00e1s de la corriente pol\u00edtica llamada \u201cfidelidad-prosperidad\u201d; con la enorme diferencia que los de ac\u00e1, pasaron de las simples ideas a los hechos siniestros que han causado demasiado da\u00f1o a la ciudadan\u00eda.<\/p>\n<p>La propuesta del aspirante a la Casa Blanca, de construir una nueva barda fronteriza \u201cno tiene raz\u00f3n, ni sentido y ofrece una raz\u00f3n m\u00e1s de que no es apto para ser presidente de Estados Unidos\u201d, apunt\u00f3 en uno de sus editoriales el influyente diario Los Angeles Times.<\/p>\n<p>Se agotan las palabras para describir el terror, la inconmensurable afectaci\u00f3n ocasionada. Al paso de los d\u00edas sigue emanando el olor putrefacto de la corrupci\u00f3n, de la indolencia y la irresponsabilidad de la \u00e9lite gubernamental estatal.<\/p>\n<p>En Veracruz se le adelantaron al incongruente magnate estadounidense, Trump. Aqu\u00ed se levant\u00f3 un muro muy elevado, intangible pero real, entre funcionarios estatales y la poblaci\u00f3n, desde hace casi 12 a\u00f1os. Crearon una barrera que separa por completo a gobernantes y gobernados.<\/p>\n<p>Por un lado, los que se enriquecieron il\u00edcitamente con los recursos p\u00fablicos, dejando tirado todo compromiso y responsabilidad contra\u00eddos como funcionario. Por otro, los excluidos, los marginados, los olvidados, la ciudadan\u00eda en general que trabaja y produce; los que aportan los recursos para que otros se conviertan en millonarios indebidamente, de la noche a la ma\u00f1ana.<\/p>\n<p>Un muro m\u00e1s, este s\u00ed f\u00edsico, que resguarda el Palacio Legislativo veracruzano, por decisi\u00f3n de los diputados, los que en exactamente dos meses habr\u00e1n terminado su \u201cresponsabilidad\u201d como \u201crepresentantes\u201d populares, a ese le colocaron en la parte superior una filosa malla met\u00e1lica, para permanecer m\u00e1s aislados y no tener que correr ning\u00fan peligro que representa para ellos\u00a0 la ciudadan\u00eda. Vaya absurdo.<\/p>\n<p>Finalmente se confirma lo que hab\u00eda advertido el padre Alejandro Solalinde, por desgracia. En verdad, es de terror lo que ocurre en Veracruz. Ahora que se ha informado que Colinas de Santa Fe podr\u00eda ser el cementerio oculto m\u00e1s grande de M\u00e9xico, por las 75 fosas clandestinas detectadas, en las que podr\u00edan encontrarse entre 200 y 300 cad\u00e1veres, tan s\u00f3lo en el municipio de Veracruz.<\/p>\n<p>El mismo grupo de b\u00fasqueda de desaparecidos, \u201cColectivo Solecito\u201d, conformado por \u00a0mujeres en su mayor\u00eda, de admirable valent\u00eda, ubicaron en el pante\u00f3n de Palo Verde, en Xalapa, 192 cad\u00e1veres en \u201cdesorden total\u201d, lo que hace m\u00e1s complicada la b\u00fasqueda de sus seres queridos.<\/p>\n<p>En los \u00faltimos d\u00edas qued\u00f3 sepultado tambi\u00e9n aquel \u201creconocimiento\u201d que tanto alardeaba el alcalde de Orizaba, Juan Manuel Diez Francos, que seg\u00fan un estudio realizado hab\u00eda revelado que la Pluviosilla es la ciudad m\u00e1s pac\u00edfica, de entre 76 zonas metropolitanas estudiadas de las 32 entidades federativas del pa\u00eds.<\/p>\n<p>El secuestro y crimen de Ignacio Vizuet Ortega, presidente del Colegio de Abogados de Coatzacoalcos, A. C., se suma a la fuerte ola de violencia desatada en el sur, norte y centro de la entidad.<\/p>\n<p>Para colmo de males, el panorama econ\u00f3mico para nuestro estado es preocupante. No va a haber mucho dinero de la federaci\u00f3n, dijo el senador Pepe Yunes, quien como presidente de la Comisi\u00f3n de Hacienda y Cr\u00e9dito P\u00fablico de la C\u00e1mara Alta, sabe por qu\u00e9 lo dice y se\u00f1ala que es muy probable que haya un recorte al gasto p\u00fablico, que d\u00e9 a conocer el presidente Pe\u00f1a Nieto esta misma semana.<\/p>\n<p>Se escucha m\u00e1s congruente el gobernador electo, Miguel \u00c1ngel Yunes Linares al decir: \u201cEl verdadero triunfo ser\u00e1 cumplirle a los veracruzanos\u201d. Ya se ver\u00e1.<\/p>\n<p>Pareciera como si se tratara de dejarle un estado completamente incendiado al gobernador entrante. Lo malo es que la conflagraci\u00f3n est\u00e1 haciendo may\u00fasculos estragos y les est\u00e1 costando la vida a muchos inocentes.<\/p>\n<p><a href=\"mailto:rvazquez002@yahoo.com.mx\">rvazquez002@yahoo.com.mx<\/a><\/p>\n","protected":false},"excerpt":{"rendered":"<p>Ricardo V\u00e1zquez Salazar Esfera Pol\u00edtica &nbsp; Los disparates, las ocurrencias y las ideas perversas del candidato republicano a la presidencia del pa\u00eds vecino, Donald Trump, lo hacen parecer un integrante m\u00e1s de la corriente pol\u00edtica llamada \u201cfidelidad-prosperidad\u201d; con la enorme diferencia que los de ac\u00e1, pasaron de las simples ideas a los hechos siniestros que [&hellip;]<\/p>\n","protected":false},"author":2,"featured_media":0,"comment_status":"open","ping_status":"open","sticky":false,"template":"","format":"standard","meta":{"tdm_status":"","tdm_grid_status":"","footnotes":""},"categories":[70],"tags":[2846,1842,1699,428],"class_list":{"0":"post-25294","1":"post","2":"type-post","3":"status-publish","4":"format-standard","6":"category-de-opinion","7":"tag-donald-trump","8":"tag-fidelidad","9":"tag-fosas-clandestinas","10":"tag-miguel-angel-yunes-linares"},"yoast_head":"<!-- This site is optimized with the Yoast SEO plugin v27.4 - https:\/\/yoast.com\/product\/yoast-seo-wordpress\/ -->\n<title>El muro fronterizo... y el de Veracruz - Los pol\u00edticos Veracruz<\/title>\n<meta name=\"robots\" content=\"index, follow, max-snippet:-1, max-image-preview:large, max-video-preview:-1\" \/>\n<link rel=\"canonical\" href=\"https:\/\/lospoliticosveracruz.com\/?p=25294\" \/>\n<meta property=\"og:locale\" content=\"es_ES\" \/>\n<meta property=\"og:type\" content=\"article\" \/>\n<meta property=\"og:title\" content=\"El muro fronterizo... y el de Veracruz - Los pol\u00edticos Veracruz\" \/>\n<meta property=\"og:description\" content=\"Ricardo V\u00e1zquez Salazar Esfera Pol\u00edtica &nbsp; Los disparates, las ocurrencias y las ideas perversas del candidato republicano a la presidencia del pa\u00eds vecino, Donald Trump, lo hacen parecer un integrante m\u00e1s de la corriente pol\u00edtica llamada \u201cfidelidad-prosperidad\u201d; con la enorme diferencia que los de ac\u00e1, pasaron de las simples ideas a los hechos siniestros que [&hellip;]\" \/>\n<meta property=\"og:url\" content=\"https:\/\/lospoliticosveracruz.com\/?p=25294\" \/>\n<meta property=\"og:site_name\" content=\"Los pol\u00edticos Veracruz\" \/>\n<meta property=\"article:publisher\" content=\"https:\/\/www.facebook.com\/people\/Notimemes-de-los-Polticos\/61565672886568\/\" \/>\n<meta property=\"article:published_time\" content=\"2016-09-05T02:26:13+00:00\" \/>\n<meta property=\"og:image\" content=\"https:\/\/lospoliticosveracruz.com\/wp-content\/uploads\/2016\/07\/Logo-Dor.jpg\" \/>\n\t<meta property=\"og:image:width\" content=\"200\" \/>\n\t<meta property=\"og:image:height\" content=\"200\" \/>\n\t<meta property=\"og:image:type\" content=\"image\/jpeg\" \/>\n<meta name=\"author\" content=\"Lo viste en Los Pol\u00edticos\" \/>\n<meta name=\"twitter:card\" content=\"summary_large_image\" \/>\n<meta name=\"twitter:creator\" content=\"@LosPoliticosVer\" \/>\n<meta name=\"twitter:site\" content=\"@LosPoliticosVer\" \/>\n<meta name=\"twitter:label1\" content=\"Escrito por\" \/>\n\t<meta name=\"twitter:data1\" content=\"Lo viste en Los Pol\u00edticos\" \/>\n\t<meta name=\"twitter:label2\" content=\"Tiempo de lectura\" \/>\n\t<meta name=\"twitter:data2\" content=\"3 minutos\" \/>\n<script type=\"application\/ld+json\" class=\"yoast-schema-graph\">{\"@context\":\"https:\\\/\\\/schema.org\",\"@graph\":[{\"@type\":\"Article\",\"@id\":\"https:\\\/\\\/lospoliticosveracruz.com\\\/?p=25294#article\",\"isPartOf\":{\"@id\":\"https:\\\/\\\/lospoliticosveracruz.com\\\/?p=25294\"},\"author\":{\"name\":\"Lo viste en Los Pol\u00edticos\",\"@id\":\"https:\\\/\\\/lospoliticosveracruz.com\\\/#\\\/schema\\\/person\\\/b8702bb0e538456e6efd07080bf2a4a2\"},\"headline\":\"El muro fronterizo&#8230; y el de Veracruz\",\"datePublished\":\"2016-09-05T02:26:13+00:00\",\"mainEntityOfPage\":{\"@id\":\"https:\\\/\\\/lospoliticosveracruz.com\\\/?p=25294\"},\"wordCount\":687,\"commentCount\":0,\"publisher\":{\"@id\":\"https:\\\/\\\/lospoliticosveracruz.com\\\/#organization\"},\"keywords\":[\"Donald Trump\",\"fidelidad\",\"fosas clandestinas\",\"Miguel Angel Yunes Linares\"],\"articleSection\":[\"De Opini\u00f3n\"],\"inLanguage\":\"es\",\"potentialAction\":[{\"@type\":\"CommentAction\",\"name\":\"Comment\",\"target\":[\"https:\\\/\\\/lospoliticosveracruz.com\\\/?p=25294#respond\"]}]},{\"@type\":\"WebPage\",\"@id\":\"https:\\\/\\\/lospoliticosveracruz.com\\\/?p=25294\",\"url\":\"https:\\\/\\\/lospoliticosveracruz.com\\\/?p=25294\",\"name\":\"El muro fronterizo... y el de Veracruz - Los pol\u00edticos Veracruz\",\"isPartOf\":{\"@id\":\"https:\\\/\\\/lospoliticosveracruz.com\\\/#website\"},\"datePublished\":\"2016-09-05T02:26:13+00:00\",\"breadcrumb\":{\"@id\":\"https:\\\/\\\/lospoliticosveracruz.com\\\/?p=25294#breadcrumb\"},\"inLanguage\":\"es\",\"potentialAction\":[{\"@type\":\"ReadAction\",\"target\":[\"https:\\\/\\\/lospoliticosveracruz.com\\\/?p=25294\"]}]},{\"@type\":\"BreadcrumbList\",\"@id\":\"https:\\\/\\\/lospoliticosveracruz.com\\\/?p=25294#breadcrumb\",\"itemListElement\":[{\"@type\":\"ListItem\",\"position\":1,\"name\":\"Portada\",\"item\":\"https:\\\/\\\/lospoliticosveracruz.com\\\/\"},{\"@type\":\"ListItem\",\"position\":2,\"name\":\"El muro fronterizo&#8230; y el de Veracruz\"}]},{\"@type\":\"WebSite\",\"@id\":\"https:\\\/\\\/lospoliticosveracruz.com\\\/#website\",\"url\":\"https:\\\/\\\/lospoliticosveracruz.com\\\/\",\"name\":\"Los pol\u00edticos Veracruz\",\"description\":\"\",\"publisher\":{\"@id\":\"https:\\\/\\\/lospoliticosveracruz.com\\\/#organization\"},\"potentialAction\":[{\"@type\":\"SearchAction\",\"target\":{\"@type\":\"EntryPoint\",\"urlTemplate\":\"https:\\\/\\\/lospoliticosveracruz.com\\\/?s={search_term_string}\"},\"query-input\":{\"@type\":\"PropertyValueSpecification\",\"valueRequired\":true,\"valueName\":\"search_term_string\"}}],\"inLanguage\":\"es\"},{\"@type\":\"Organization\",\"@id\":\"https:\\\/\\\/lospoliticosveracruz.com\\\/#organization\",\"name\":\"Los pol\u00edticos Veracruz\",\"url\":\"https:\\\/\\\/lospoliticosveracruz.com\\\/\",\"logo\":{\"@type\":\"ImageObject\",\"inLanguage\":\"es\",\"@id\":\"https:\\\/\\\/lospoliticosveracruz.com\\\/#\\\/schema\\\/logo\\\/image\\\/\",\"url\":\"https:\\\/\\\/lospoliticosveracruz.com\\\/wp-content\\\/uploads\\\/2025\\\/12\\\/Logo-Nuevo-LOS-POLITICOS-1.jpg\",\"contentUrl\":\"https:\\\/\\\/lospoliticosveracruz.com\\\/wp-content\\\/uploads\\\/2025\\\/12\\\/Logo-Nuevo-LOS-POLITICOS-1.jpg\",\"width\":260,\"height\":70,\"caption\":\"Los pol\u00edticos Veracruz\"},\"image\":{\"@id\":\"https:\\\/\\\/lospoliticosveracruz.com\\\/#\\\/schema\\\/logo\\\/image\\\/\"},\"sameAs\":[\"https:\\\/\\\/www.facebook.com\\\/people\\\/Notimemes-de-los-Polticos\\\/61565672886568\\\/\",\"https:\\\/\\\/x.com\\\/LosPoliticosVer\"]},{\"@type\":\"Person\",\"@id\":\"https:\\\/\\\/lospoliticosveracruz.com\\\/#\\\/schema\\\/person\\\/b8702bb0e538456e6efd07080bf2a4a2\",\"name\":\"Lo viste en Los Pol\u00edticos\",\"image\":{\"@type\":\"ImageObject\",\"inLanguage\":\"es\",\"@id\":\"https:\\\/\\\/secure.gravatar.com\\\/avatar\\\/3a8de04a2656d44082be478bd6c086daa447c4651605818287b9532d3d0bd435?s=96&d=mm&r=g\",\"url\":\"https:\\\/\\\/secure.gravatar.com\\\/avatar\\\/3a8de04a2656d44082be478bd6c086daa447c4651605818287b9532d3d0bd435?s=96&d=mm&r=g\",\"contentUrl\":\"https:\\\/\\\/secure.gravatar.com\\\/avatar\\\/3a8de04a2656d44082be478bd6c086daa447c4651605818287b9532d3d0bd435?s=96&d=mm&r=g\",\"caption\":\"Lo viste en Los Pol\u00edticos\"},\"url\":\"https:\\\/\\\/lospoliticosveracruz.com\\\/?author=2\"}]}<\/script>\n<!-- \/ Yoast SEO plugin. -->","yoast_head_json":{"title":"El muro fronterizo... y el de Veracruz - Los pol\u00edticos Veracruz","robots":{"index":"index","follow":"follow","max-snippet":"max-snippet:-1","max-image-preview":"max-image-preview:large","max-video-preview":"max-video-preview:-1"},"canonical":"https:\/\/lospoliticosveracruz.com\/?p=25294","og_locale":"es_ES","og_type":"article","og_title":"El muro fronterizo... y el de Veracruz - Los pol\u00edticos Veracruz","og_description":"Ricardo V\u00e1zquez Salazar Esfera Pol\u00edtica &nbsp; Los disparates, las ocurrencias y las ideas perversas del candidato republicano a la presidencia del pa\u00eds vecino, Donald Trump, lo hacen parecer un integrante m\u00e1s de la corriente pol\u00edtica llamada \u201cfidelidad-prosperidad\u201d; con la enorme diferencia que los de ac\u00e1, pasaron de las simples ideas a los hechos siniestros que [&hellip;]","og_url":"https:\/\/lospoliticosveracruz.com\/?p=25294","og_site_name":"Los pol\u00edticos Veracruz","article_publisher":"https:\/\/www.facebook.com\/people\/Notimemes-de-los-Polticos\/61565672886568\/","article_published_time":"2016-09-05T02:26:13+00:00","og_image":[{"width":200,"height":200,"url":"https:\/\/lospoliticosveracruz.com\/wp-content\/uploads\/2016\/07\/Logo-Dor.jpg","type":"image\/jpeg"}],"author":"Lo viste en Los Pol\u00edticos","twitter_card":"summary_large_image","twitter_creator":"@LosPoliticosVer","twitter_site":"@LosPoliticosVer","twitter_misc":{"Escrito por":"Lo viste en Los Pol\u00edticos","Tiempo de lectura":"3 minutos"},"schema":{"@context":"https:\/\/schema.org","@graph":[{"@type":"Article","@id":"https:\/\/lospoliticosveracruz.com\/?p=25294#article","isPartOf":{"@id":"https:\/\/lospoliticosveracruz.com\/?p=25294"},"author":{"name":"Lo viste en Los Pol\u00edticos","@id":"https:\/\/lospoliticosveracruz.com\/#\/schema\/person\/b8702bb0e538456e6efd07080bf2a4a2"},"headline":"El muro fronterizo&#8230; y el de Veracruz","datePublished":"2016-09-05T02:26:13+00:00","mainEntityOfPage":{"@id":"https:\/\/lospoliticosveracruz.com\/?p=25294"},"wordCount":687,"commentCount":0,"publisher":{"@id":"https:\/\/lospoliticosveracruz.com\/#organization"},"keywords":["Donald Trump","fidelidad","fosas clandestinas","Miguel Angel Yunes Linares"],"articleSection":["De Opini\u00f3n"],"inLanguage":"es","potentialAction":[{"@type":"CommentAction","name":"Comment","target":["https:\/\/lospoliticosveracruz.com\/?p=25294#respond"]}]},{"@type":"WebPage","@id":"https:\/\/lospoliticosveracruz.com\/?p=25294","url":"https:\/\/lospoliticosveracruz.com\/?p=25294","name":"El muro fronterizo... y el de Veracruz - Los pol\u00edticos Veracruz","isPartOf":{"@id":"https:\/\/lospoliticosveracruz.com\/#website"},"datePublished":"2016-09-05T02:26:13+00:00","breadcrumb":{"@id":"https:\/\/lospoliticosveracruz.com\/?p=25294#breadcrumb"},"inLanguage":"es","potentialAction":[{"@type":"ReadAction","target":["https:\/\/lospoliticosveracruz.com\/?p=25294"]}]},{"@type":"BreadcrumbList","@id":"https:\/\/lospoliticosveracruz.com\/?p=25294#breadcrumb","itemListElement":[{"@type":"ListItem","position":1,"name":"Portada","item":"https:\/\/lospoliticosveracruz.com\/"},{"@type":"ListItem","position":2,"name":"El muro fronterizo&#8230; y el de Veracruz"}]},{"@type":"WebSite","@id":"https:\/\/lospoliticosveracruz.com\/#website","url":"https:\/\/lospoliticosveracruz.com\/","name":"Los pol\u00edticos Veracruz","description":"","publisher":{"@id":"https:\/\/lospoliticosveracruz.com\/#organization"},"potentialAction":[{"@type":"SearchAction","target":{"@type":"EntryPoint","urlTemplate":"https:\/\/lospoliticosveracruz.com\/?s={search_term_string}"},"query-input":{"@type":"PropertyValueSpecification","valueRequired":true,"valueName":"search_term_string"}}],"inLanguage":"es"},{"@type":"Organization","@id":"https:\/\/lospoliticosveracruz.com\/#organization","name":"Los pol\u00edticos Veracruz","url":"https:\/\/lospoliticosveracruz.com\/","logo":{"@type":"ImageObject","inLanguage":"es","@id":"https:\/\/lospoliticosveracruz.com\/#\/schema\/logo\/image\/","url":"https:\/\/lospoliticosveracruz.com\/wp-content\/uploads\/2025\/12\/Logo-Nuevo-LOS-POLITICOS-1.jpg","contentUrl":"https:\/\/lospoliticosveracruz.com\/wp-content\/uploads\/2025\/12\/Logo-Nuevo-LOS-POLITICOS-1.jpg","width":260,"height":70,"caption":"Los pol\u00edticos Veracruz"},"image":{"@id":"https:\/\/lospoliticosveracruz.com\/#\/schema\/logo\/image\/"},"sameAs":["https:\/\/www.facebook.com\/people\/Notimemes-de-los-Polticos\/61565672886568\/","https:\/\/x.com\/LosPoliticosVer"]},{"@type":"Person","@id":"https:\/\/lospoliticosveracruz.com\/#\/schema\/person\/b8702bb0e538456e6efd07080bf2a4a2","name":"Lo viste en Los Pol\u00edticos","image":{"@type":"ImageObject","inLanguage":"es","@id":"https:\/\/secure.gravatar.com\/avatar\/3a8de04a2656d44082be478bd6c086daa447c4651605818287b9532d3d0bd435?s=96&d=mm&r=g","url":"https:\/\/secure.gravatar.com\/avatar\/3a8de04a2656d44082be478bd6c086daa447c4651605818287b9532d3d0bd435?s=96&d=mm&r=g","contentUrl":"https:\/\/secure.gravatar.com\/avatar\/3a8de04a2656d44082be478bd6c086daa447c4651605818287b9532d3d0bd435?s=96&d=mm&r=g","caption":"Lo viste en Los Pol\u00edticos"},"url":"https:\/\/lospoliticosveracruz.com\/?author=2"}]}},"_links":{"self":[{"href":"https:\/\/lospoliticosveracruz.com\/index.php?rest_route=\/wp\/v2\/posts\/25294","targetHints":{"allow":["GET"]}}],"collection":[{"href":"https:\/\/lospoliticosveracruz.com\/index.php?rest_route=\/wp\/v2\/posts"}],"about":[{"href":"https:\/\/lospoliticosveracruz.com\/index.php?rest_route=\/wp\/v2\/types\/post"}],"author":[{"embeddable":true,"href":"https:\/\/lospoliticosveracruz.com\/index.php?rest_route=\/wp\/v2\/users\/2"}],"replies":[{"embeddable":true,"href":"https:\/\/lospoliticosveracruz.com\/index.php?rest_route=%2Fwp%2Fv2%2Fcomments&post=25294"}],"version-history":[{"count":1,"href":"https:\/\/lospoliticosveracruz.com\/index.php?rest_route=\/wp\/v2\/posts\/25294\/revisions"}],"predecessor-version":[{"id":25296,"href":"https:\/\/lospoliticosveracruz.com\/index.php?rest_route=\/wp\/v2\/posts\/25294\/revisions\/25296"}],"wp:attachment":[{"href":"https:\/\/lospoliticosveracruz.com\/index.php?rest_route=%2Fwp%2Fv2%2Fmedia&parent=25294"}],"wp:term":[{"taxonomy":"category","embeddable":true,"href":"https:\/\/lospoliticosveracruz.com\/index.php?rest_route=%2Fwp%2Fv2%2Fcategories&post=25294"},{"taxonomy":"post_tag","embeddable":true,"href":"https:\/\/lospoliticosveracruz.com\/index.php?rest_route=%2Fwp%2Fv2%2Ftags&post=25294"}],"curies":[{"name":"wp","href":"https:\/\/api.w.org\/{rel}","templated":true}]}}