{"id":25459,"date":"2016-09-09T06:38:32","date_gmt":"2016-09-09T11:38:32","guid":{"rendered":"http:\/\/www.lospoliticosveracruz.com.mx\/?p=25459"},"modified":"2016-09-09T06:38:32","modified_gmt":"2016-09-09T11:38:32","slug":"que-nos-trae-el-paquete-2017","status":"publish","type":"post","link":"https:\/\/lospoliticosveracruz.com\/?p=25459","title":{"rendered":"\u00bfQu\u00e9 nos trae el Paquete 2017?"},"content":{"rendered":"<p><b>Brenda Caballero<\/b><\/p>\n<p><i><span style=\"color: #1a1a1a;\">N\u00fameros Rojos<\/span><\/i><\/p>\n<p style=\"margin-bottom: .0001pt;\"><span style=\"color: #1a1a1a;\">Aunque no nos guste hablar de temas econ\u00f3micos, es necesario que leamos un poco para ver qu\u00e9 nos trae el 2017.<\/span><\/p>\n<p style=\"margin-bottom: .0001pt;\"><span style=\"color: #1a1a1a;\">Sin analizar a detalle el Paquete Econ\u00f3mico (presupuesto de Egresos de la Federaci\u00f3n PEF, la Iniciativa de Ley de Ingresos de la Federaci\u00f3n LIF, los Criterios Generales de Pol\u00edtica Econ\u00f3mica y la Miscel\u00e1nea Fiscal) entregado el d\u00eda de ayer al Congreso de la Uni\u00f3n, el mensaje del nuevo secretario de Hacienda y Cr\u00e9dito P\u00fablico, Jos\u00e9 Antonio Meade, al dar los pormenores del mismo, no es nada alentador, aunque tiende a serlo.<\/span><\/p>\n<p style=\"margin-bottom: .0001pt;\"><span style=\"color: #1a1a1a;\">Claro, todo depender\u00e1 de las circunstancias econ\u00f3micas y macroecon\u00f3micas por las que atraviese nuestro pa\u00eds el pr\u00f3ximo a\u00f1o y se tengan que realizar los \u201cajustes necesarios\u201d al crecimiento y al gasto p\u00fablico como lo hemos venido padeciendo.<\/span><\/p>\n<p style=\"margin-bottom: .0001pt;\"><span style=\"color: #1a1a1a;\">Antes de irse Luis Videgaray, hab\u00eda \u201ctranquilizado\u201d a empresarios y ciudadanos con un No habr\u00e1 nuevos impuestos, ni incremento de tasas de los mismos, as\u00ed como un recorte al gasto corriente.<\/span><\/p>\n<p style=\"margin-bottom: .0001pt;\"><span style=\"color: #1a1a1a;\">Incluso su salida fue sorpresiva, pues un d\u00eda despu\u00e9s ser\u00eda entregado el Paquete Econ\u00f3mico 2017. \u00bfPor qu\u00e9 no esperar un d\u00eda m\u00e1s? \u00a1Vaya! hasta en redes sociales se le tach\u00f3 de irresponsable por analistas financieros. Y era l\u00f3gico \u00bfcu\u00e1l era la prisa?<\/span><\/p>\n<p style=\"margin-bottom: .0001pt;\"><span style=\"color: #1a1a1a;\">Tal vez la serenidad y buena reputaci\u00f3n de Meade era necesaria en esa entrega y en ese momento ante una desgastada imagen de Videgaray. Ahora s\u00ed, s\u00f3lo el presidente lo sabe.<\/span><\/p>\n<p style=\"margin-bottom: .0001pt;\"><span style=\"color: #1a1a1a;\">Desde mi percepci\u00f3n, los medios no se vieron tan \u201cagresivos\u201d con el nuevo secretario de Hacienda; por el contrario, hasta le reconocieron h\u00e1bitos y costumbres, como el que viaje en transporte p\u00fablico y se duerma temprano.<\/span><\/p>\n<p style=\"margin-bottom: .0001pt;\"><span style=\"color: #1a1a1a;\">Pero regresando al Paquete, en el comunicado de prensa 119-2016, que presenta la propuesta del Paquete Econ\u00f3mico 2017 (porque recordemos que la Ley de Ingresos de la Federaci\u00f3n\u00a0para que sea aprobada, debe pasar por la C\u00e1mara de Senadores y regresada a la C\u00e1mara de Diputados) contempla dos pilares: consolidaci\u00f3n de finanzas p\u00fablicas y responsabilidad fiscal para garantizar la estabilidad macroecon\u00f3mica. Por lo que para el a\u00f1o 2017 se pretende haya un super\u00e1vit, se estabilice la deuda, no haya nuevos impuestos ni alzas en tasas as\u00ed como reducir el gasto corriente.<\/span><\/p>\n<p style=\"margin-bottom: .0001pt;\"><span style=\"color: #1a1a1a;\">Todo suena muy bonito, sin embargo, en 2016 hubo aumento de deuda con respecto a los a\u00f1os anteriores, por lo que en si en verdad el Gobierno Federal pretende no endeudarse, ser\u00e1 necesario que ahora s\u00ed se ponga las pilas y efect\u00fae verdaderos recortes al gasto. Cierto, ya anunci\u00f3 un recorte de 239 mil millones de pesos, pero habr\u00e1 que ver que se aplique directamente en la alta burocracia y no en programas sociales.<\/span><\/p>\n<p style=\"margin-bottom: .0001pt;\"><span style=\"color: #1a1a1a;\">Un punto que llama mi atenci\u00f3n: cuando se habla de que los ingresos tributarios han compensado en su totalidad a la disminuci\u00f3n de los ingresos petroleros. Incluso se estima que en 2017, los ingresos presupuestarios asciendan a 4,309.5 miles de millones de pesos, es decir un crecimiento de 0.4 por ciento real con respecto a la Ley de Ingresos de la Federaci\u00f3n para 2016. Y contin\u00faa diciendo que al interior se espera un incremento de 9.7 por ciento real (dos billones 729 mil 647 mdp) de los ingresos tributarios, mientras que en 2017 los ingresos petroleros se ver\u00e1n disminuidos en 15.7 con respecto al a\u00f1o 2016.<\/span><\/p>\n<p style=\"margin-bottom: .0001pt;\"><span style=\"color: #1a1a1a;\">Luego entonces, \u00bfc\u00f3mo se estima un crecimiento en los ingresos si no habr\u00e1 nuevos impuestos ni aumentos en las tasas?<\/span><\/p>\n<p style=\"margin-bottom: .0001pt;\"><span style=\"color: #1a1a1a;\">El documento lo justifica a trav\u00e9s de los Resultados de la Reforma Hacendaria.<\/span><\/p>\n<p style=\"margin-bottom: .0001pt;\"><span style=\"color: #1a1a1a;\">M\u00e1s bien, mi opini\u00f3n es que entrar\u00e1 con toda la maquinaria el Servicio de Administraci\u00f3n Tributaria (SAT) para apretar a los contribuyentes. Muestra de ello es que en la p\u00e1gina del SAT ya aparece entre las preguntas del d\u00eda \u201c\u00bfQu\u00e9 son las revisiones electr\u00f3nicas?\u201d, las cuales empezar\u00e1n a realizarse en l\u00ednea en este mes que corre. Entonces s\u00ed, los que no pagan, pagar\u00e1n y los que pagaban menos, ahora pagar\u00e1n m\u00e1s.<\/span><\/p>\n<p style=\"margin-bottom: .0001pt;\"><span style=\"color: #1a1a1a;\">No por nada fue nombrado Osvaldo Sant\u00edn Quiroz como nuevo titular del SAT, quien fue Subsecretario de Ingresos en el Estado de M\u00e9xico y al parecer logr\u00f3 recaudaciones hist\u00f3ricas de impuestos.<\/span><\/p>\n<p style=\"margin-bottom: .0001pt;\"><span style=\"color: #1a1a1a;\">Creo ya no importar\u00e1 tanto si el petr\u00f3leo sube o baja, al cabo el hoyo ser\u00e1 rellenado por el pago de impuestos de millones de mexicanos.<\/span><\/p>\n<p style=\"margin-bottom: .0001pt;\"><span style=\"color: #1a1a1a;\">***<\/span><\/p>\n<p style=\"margin-bottom: .0001pt;\"><span style=\"color: #1a1a1a;\">\u00a1Bien por Vanessa Rubio M\u00e1rquez!, primera mujer en la historia de nuestro pa\u00eds en ocupar el cargo de Subsecretaria de Hacienda y Cr\u00e9dito P\u00fablico.<\/span><\/p>\n<p style=\"margin-bottom: .0001pt;\"><a href=\"mailto:caballero_brenda@hotmail.com\">caballero_brenda@hotmail.com<\/a><\/p>\n<p style=\"margin-bottom: .0001pt;\"><span style=\"color: #1a1a1a;\">@NumerosRojos_BC<\/span><\/p>\n","protected":false},"excerpt":{"rendered":"<p>Brenda Caballero N\u00fameros Rojos Aunque no nos guste hablar de temas econ\u00f3micos, es necesario que leamos un poco para ver qu\u00e9 nos trae el 2017. Sin analizar a detalle el Paquete Econ\u00f3mico (presupuesto de Egresos de la Federaci\u00f3n PEF, la Iniciativa de Ley de Ingresos de la Federaci\u00f3n LIF, los Criterios Generales de Pol\u00edtica Econ\u00f3mica [&hellip;]<\/p>\n","protected":false},"author":2,"featured_media":0,"comment_status":"open","ping_status":"open","sticky":false,"template":"","format":"standard","meta":{"tdm_status":"","tdm_grid_status":"","footnotes":""},"categories":[70],"tags":[3433,424,6226,6225,115],"class_list":{"0":"post-25459","1":"post","2":"type-post","3":"status-publish","4":"format-standard","6":"category-de-opinion","7":"tag-jose-antonio-meade","8":"tag-luis-videgaray","9":"tag-osvaldo-santin-quiroz","10":"tag-paquete-economico-2017","11":"tag-sat"},"yoast_head":"<!-- This site is optimized with the Yoast SEO plugin v27.4 - https:\/\/yoast.com\/product\/yoast-seo-wordpress\/ -->\n<title>\u00bfQu\u00e9 nos trae el Paquete 2017? - Los pol\u00edticos Veracruz<\/title>\n<meta name=\"robots\" content=\"index, follow, max-snippet:-1, max-image-preview:large, max-video-preview:-1\" \/>\n<link rel=\"canonical\" href=\"https:\/\/lospoliticosveracruz.com\/?p=25459\" \/>\n<meta property=\"og:locale\" content=\"es_ES\" \/>\n<meta property=\"og:type\" content=\"article\" \/>\n<meta property=\"og:title\" content=\"\u00bfQu\u00e9 nos trae el Paquete 2017? - Los pol\u00edticos Veracruz\" \/>\n<meta property=\"og:description\" content=\"Brenda Caballero N\u00fameros Rojos Aunque no nos guste hablar de temas econ\u00f3micos, es necesario que leamos un poco para ver qu\u00e9 nos trae el 2017. Sin analizar a detalle el Paquete Econ\u00f3mico (presupuesto de Egresos de la Federaci\u00f3n PEF, la Iniciativa de Ley de Ingresos de la Federaci\u00f3n LIF, los Criterios Generales de Pol\u00edtica Econ\u00f3mica [&hellip;]\" \/>\n<meta property=\"og:url\" content=\"https:\/\/lospoliticosveracruz.com\/?p=25459\" \/>\n<meta property=\"og:site_name\" content=\"Los pol\u00edticos Veracruz\" \/>\n<meta property=\"article:publisher\" content=\"https:\/\/www.facebook.com\/people\/Notimemes-de-los-Polticos\/61565672886568\/\" \/>\n<meta property=\"article:published_time\" content=\"2016-09-09T11:38:32+00:00\" \/>\n<meta property=\"og:image\" content=\"https:\/\/lospoliticosveracruz.com\/wp-content\/uploads\/2016\/07\/Logo-Dor.jpg\" \/>\n\t<meta property=\"og:image:width\" content=\"200\" \/>\n\t<meta property=\"og:image:height\" content=\"200\" \/>\n\t<meta property=\"og:image:type\" content=\"image\/jpeg\" \/>\n<meta name=\"author\" content=\"Lo viste en Los Pol\u00edticos\" \/>\n<meta name=\"twitter:card\" content=\"summary_large_image\" \/>\n<meta name=\"twitter:creator\" content=\"@LosPoliticosVer\" \/>\n<meta name=\"twitter:site\" content=\"@LosPoliticosVer\" \/>\n<meta name=\"twitter:label1\" content=\"Escrito por\" \/>\n\t<meta name=\"twitter:data1\" content=\"Lo viste en Los Pol\u00edticos\" \/>\n\t<meta name=\"twitter:label2\" content=\"Tiempo de lectura\" \/>\n\t<meta name=\"twitter:data2\" content=\"4 minutos\" \/>\n<script type=\"application\/ld+json\" class=\"yoast-schema-graph\">{\"@context\":\"https:\\\/\\\/schema.org\",\"@graph\":[{\"@type\":\"Article\",\"@id\":\"https:\\\/\\\/lospoliticosveracruz.com\\\/?p=25459#article\",\"isPartOf\":{\"@id\":\"https:\\\/\\\/lospoliticosveracruz.com\\\/?p=25459\"},\"author\":{\"name\":\"Lo viste en Los Pol\u00edticos\",\"@id\":\"https:\\\/\\\/lospoliticosveracruz.com\\\/#\\\/schema\\\/person\\\/b8702bb0e538456e6efd07080bf2a4a2\"},\"headline\":\"\u00bfQu\u00e9 nos trae el Paquete 2017?\",\"datePublished\":\"2016-09-09T11:38:32+00:00\",\"mainEntityOfPage\":{\"@id\":\"https:\\\/\\\/lospoliticosveracruz.com\\\/?p=25459\"},\"wordCount\":794,\"commentCount\":0,\"publisher\":{\"@id\":\"https:\\\/\\\/lospoliticosveracruz.com\\\/#organization\"},\"keywords\":[\"Jos\u00e9 Antonio Meade\",\"Luis Videgaray\",\"Osvaldo Sant\u00edn Quiroz\",\"Paquete econ\u00f3mico 2017\",\"SAT\"],\"articleSection\":[\"De Opini\u00f3n\"],\"inLanguage\":\"es\",\"potentialAction\":[{\"@type\":\"CommentAction\",\"name\":\"Comment\",\"target\":[\"https:\\\/\\\/lospoliticosveracruz.com\\\/?p=25459#respond\"]}]},{\"@type\":\"WebPage\",\"@id\":\"https:\\\/\\\/lospoliticosveracruz.com\\\/?p=25459\",\"url\":\"https:\\\/\\\/lospoliticosveracruz.com\\\/?p=25459\",\"name\":\"\u00bfQu\u00e9 nos trae el Paquete 2017? - Los pol\u00edticos Veracruz\",\"isPartOf\":{\"@id\":\"https:\\\/\\\/lospoliticosveracruz.com\\\/#website\"},\"datePublished\":\"2016-09-09T11:38:32+00:00\",\"breadcrumb\":{\"@id\":\"https:\\\/\\\/lospoliticosveracruz.com\\\/?p=25459#breadcrumb\"},\"inLanguage\":\"es\",\"potentialAction\":[{\"@type\":\"ReadAction\",\"target\":[\"https:\\\/\\\/lospoliticosveracruz.com\\\/?p=25459\"]}]},{\"@type\":\"BreadcrumbList\",\"@id\":\"https:\\\/\\\/lospoliticosveracruz.com\\\/?p=25459#breadcrumb\",\"itemListElement\":[{\"@type\":\"ListItem\",\"position\":1,\"name\":\"Portada\",\"item\":\"https:\\\/\\\/lospoliticosveracruz.com\\\/\"},{\"@type\":\"ListItem\",\"position\":2,\"name\":\"\u00bfQu\u00e9 nos trae el Paquete 2017?\"}]},{\"@type\":\"WebSite\",\"@id\":\"https:\\\/\\\/lospoliticosveracruz.com\\\/#website\",\"url\":\"https:\\\/\\\/lospoliticosveracruz.com\\\/\",\"name\":\"Los pol\u00edticos Veracruz\",\"description\":\"\",\"publisher\":{\"@id\":\"https:\\\/\\\/lospoliticosveracruz.com\\\/#organization\"},\"potentialAction\":[{\"@type\":\"SearchAction\",\"target\":{\"@type\":\"EntryPoint\",\"urlTemplate\":\"https:\\\/\\\/lospoliticosveracruz.com\\\/?s={search_term_string}\"},\"query-input\":{\"@type\":\"PropertyValueSpecification\",\"valueRequired\":true,\"valueName\":\"search_term_string\"}}],\"inLanguage\":\"es\"},{\"@type\":\"Organization\",\"@id\":\"https:\\\/\\\/lospoliticosveracruz.com\\\/#organization\",\"name\":\"Los pol\u00edticos Veracruz\",\"url\":\"https:\\\/\\\/lospoliticosveracruz.com\\\/\",\"logo\":{\"@type\":\"ImageObject\",\"inLanguage\":\"es\",\"@id\":\"https:\\\/\\\/lospoliticosveracruz.com\\\/#\\\/schema\\\/logo\\\/image\\\/\",\"url\":\"https:\\\/\\\/lospoliticosveracruz.com\\\/wp-content\\\/uploads\\\/2025\\\/12\\\/Logo-Nuevo-LOS-POLITICOS-1.jpg\",\"contentUrl\":\"https:\\\/\\\/lospoliticosveracruz.com\\\/wp-content\\\/uploads\\\/2025\\\/12\\\/Logo-Nuevo-LOS-POLITICOS-1.jpg\",\"width\":260,\"height\":70,\"caption\":\"Los pol\u00edticos Veracruz\"},\"image\":{\"@id\":\"https:\\\/\\\/lospoliticosveracruz.com\\\/#\\\/schema\\\/logo\\\/image\\\/\"},\"sameAs\":[\"https:\\\/\\\/www.facebook.com\\\/people\\\/Notimemes-de-los-Polticos\\\/61565672886568\\\/\",\"https:\\\/\\\/x.com\\\/LosPoliticosVer\"]},{\"@type\":\"Person\",\"@id\":\"https:\\\/\\\/lospoliticosveracruz.com\\\/#\\\/schema\\\/person\\\/b8702bb0e538456e6efd07080bf2a4a2\",\"name\":\"Lo viste en Los Pol\u00edticos\",\"image\":{\"@type\":\"ImageObject\",\"inLanguage\":\"es\",\"@id\":\"https:\\\/\\\/secure.gravatar.com\\\/avatar\\\/3a8de04a2656d44082be478bd6c086daa447c4651605818287b9532d3d0bd435?s=96&d=mm&r=g\",\"url\":\"https:\\\/\\\/secure.gravatar.com\\\/avatar\\\/3a8de04a2656d44082be478bd6c086daa447c4651605818287b9532d3d0bd435?s=96&d=mm&r=g\",\"contentUrl\":\"https:\\\/\\\/secure.gravatar.com\\\/avatar\\\/3a8de04a2656d44082be478bd6c086daa447c4651605818287b9532d3d0bd435?s=96&d=mm&r=g\",\"caption\":\"Lo viste en Los Pol\u00edticos\"},\"url\":\"https:\\\/\\\/lospoliticosveracruz.com\\\/?author=2\"}]}<\/script>\n<!-- \/ Yoast SEO plugin. -->","yoast_head_json":{"title":"\u00bfQu\u00e9 nos trae el Paquete 2017? - Los pol\u00edticos Veracruz","robots":{"index":"index","follow":"follow","max-snippet":"max-snippet:-1","max-image-preview":"max-image-preview:large","max-video-preview":"max-video-preview:-1"},"canonical":"https:\/\/lospoliticosveracruz.com\/?p=25459","og_locale":"es_ES","og_type":"article","og_title":"\u00bfQu\u00e9 nos trae el Paquete 2017? - Los pol\u00edticos Veracruz","og_description":"Brenda Caballero N\u00fameros Rojos Aunque no nos guste hablar de temas econ\u00f3micos, es necesario que leamos un poco para ver qu\u00e9 nos trae el 2017. Sin analizar a detalle el Paquete Econ\u00f3mico (presupuesto de Egresos de la Federaci\u00f3n PEF, la Iniciativa de Ley de Ingresos de la Federaci\u00f3n LIF, los Criterios Generales de Pol\u00edtica Econ\u00f3mica [&hellip;]","og_url":"https:\/\/lospoliticosveracruz.com\/?p=25459","og_site_name":"Los pol\u00edticos Veracruz","article_publisher":"https:\/\/www.facebook.com\/people\/Notimemes-de-los-Polticos\/61565672886568\/","article_published_time":"2016-09-09T11:38:32+00:00","og_image":[{"width":200,"height":200,"url":"https:\/\/lospoliticosveracruz.com\/wp-content\/uploads\/2016\/07\/Logo-Dor.jpg","type":"image\/jpeg"}],"author":"Lo viste en Los Pol\u00edticos","twitter_card":"summary_large_image","twitter_creator":"@LosPoliticosVer","twitter_site":"@LosPoliticosVer","twitter_misc":{"Escrito por":"Lo viste en Los Pol\u00edticos","Tiempo de lectura":"4 minutos"},"schema":{"@context":"https:\/\/schema.org","@graph":[{"@type":"Article","@id":"https:\/\/lospoliticosveracruz.com\/?p=25459#article","isPartOf":{"@id":"https:\/\/lospoliticosveracruz.com\/?p=25459"},"author":{"name":"Lo viste en Los Pol\u00edticos","@id":"https:\/\/lospoliticosveracruz.com\/#\/schema\/person\/b8702bb0e538456e6efd07080bf2a4a2"},"headline":"\u00bfQu\u00e9 nos trae el Paquete 2017?","datePublished":"2016-09-09T11:38:32+00:00","mainEntityOfPage":{"@id":"https:\/\/lospoliticosveracruz.com\/?p=25459"},"wordCount":794,"commentCount":0,"publisher":{"@id":"https:\/\/lospoliticosveracruz.com\/#organization"},"keywords":["Jos\u00e9 Antonio Meade","Luis Videgaray","Osvaldo Sant\u00edn Quiroz","Paquete econ\u00f3mico 2017","SAT"],"articleSection":["De Opini\u00f3n"],"inLanguage":"es","potentialAction":[{"@type":"CommentAction","name":"Comment","target":["https:\/\/lospoliticosveracruz.com\/?p=25459#respond"]}]},{"@type":"WebPage","@id":"https:\/\/lospoliticosveracruz.com\/?p=25459","url":"https:\/\/lospoliticosveracruz.com\/?p=25459","name":"\u00bfQu\u00e9 nos trae el Paquete 2017? - Los pol\u00edticos Veracruz","isPartOf":{"@id":"https:\/\/lospoliticosveracruz.com\/#website"},"datePublished":"2016-09-09T11:38:32+00:00","breadcrumb":{"@id":"https:\/\/lospoliticosveracruz.com\/?p=25459#breadcrumb"},"inLanguage":"es","potentialAction":[{"@type":"ReadAction","target":["https:\/\/lospoliticosveracruz.com\/?p=25459"]}]},{"@type":"BreadcrumbList","@id":"https:\/\/lospoliticosveracruz.com\/?p=25459#breadcrumb","itemListElement":[{"@type":"ListItem","position":1,"name":"Portada","item":"https:\/\/lospoliticosveracruz.com\/"},{"@type":"ListItem","position":2,"name":"\u00bfQu\u00e9 nos trae el Paquete 2017?"}]},{"@type":"WebSite","@id":"https:\/\/lospoliticosveracruz.com\/#website","url":"https:\/\/lospoliticosveracruz.com\/","name":"Los pol\u00edticos Veracruz","description":"","publisher":{"@id":"https:\/\/lospoliticosveracruz.com\/#organization"},"potentialAction":[{"@type":"SearchAction","target":{"@type":"EntryPoint","urlTemplate":"https:\/\/lospoliticosveracruz.com\/?s={search_term_string}"},"query-input":{"@type":"PropertyValueSpecification","valueRequired":true,"valueName":"search_term_string"}}],"inLanguage":"es"},{"@type":"Organization","@id":"https:\/\/lospoliticosveracruz.com\/#organization","name":"Los pol\u00edticos Veracruz","url":"https:\/\/lospoliticosveracruz.com\/","logo":{"@type":"ImageObject","inLanguage":"es","@id":"https:\/\/lospoliticosveracruz.com\/#\/schema\/logo\/image\/","url":"https:\/\/lospoliticosveracruz.com\/wp-content\/uploads\/2025\/12\/Logo-Nuevo-LOS-POLITICOS-1.jpg","contentUrl":"https:\/\/lospoliticosveracruz.com\/wp-content\/uploads\/2025\/12\/Logo-Nuevo-LOS-POLITICOS-1.jpg","width":260,"height":70,"caption":"Los pol\u00edticos Veracruz"},"image":{"@id":"https:\/\/lospoliticosveracruz.com\/#\/schema\/logo\/image\/"},"sameAs":["https:\/\/www.facebook.com\/people\/Notimemes-de-los-Polticos\/61565672886568\/","https:\/\/x.com\/LosPoliticosVer"]},{"@type":"Person","@id":"https:\/\/lospoliticosveracruz.com\/#\/schema\/person\/b8702bb0e538456e6efd07080bf2a4a2","name":"Lo viste en Los Pol\u00edticos","image":{"@type":"ImageObject","inLanguage":"es","@id":"https:\/\/secure.gravatar.com\/avatar\/3a8de04a2656d44082be478bd6c086daa447c4651605818287b9532d3d0bd435?s=96&d=mm&r=g","url":"https:\/\/secure.gravatar.com\/avatar\/3a8de04a2656d44082be478bd6c086daa447c4651605818287b9532d3d0bd435?s=96&d=mm&r=g","contentUrl":"https:\/\/secure.gravatar.com\/avatar\/3a8de04a2656d44082be478bd6c086daa447c4651605818287b9532d3d0bd435?s=96&d=mm&r=g","caption":"Lo viste en Los Pol\u00edticos"},"url":"https:\/\/lospoliticosveracruz.com\/?author=2"}]}},"_links":{"self":[{"href":"https:\/\/lospoliticosveracruz.com\/index.php?rest_route=\/wp\/v2\/posts\/25459","targetHints":{"allow":["GET"]}}],"collection":[{"href":"https:\/\/lospoliticosveracruz.com\/index.php?rest_route=\/wp\/v2\/posts"}],"about":[{"href":"https:\/\/lospoliticosveracruz.com\/index.php?rest_route=\/wp\/v2\/types\/post"}],"author":[{"embeddable":true,"href":"https:\/\/lospoliticosveracruz.com\/index.php?rest_route=\/wp\/v2\/users\/2"}],"replies":[{"embeddable":true,"href":"https:\/\/lospoliticosveracruz.com\/index.php?rest_route=%2Fwp%2Fv2%2Fcomments&post=25459"}],"version-history":[{"count":4,"href":"https:\/\/lospoliticosveracruz.com\/index.php?rest_route=\/wp\/v2\/posts\/25459\/revisions"}],"predecessor-version":[{"id":25465,"href":"https:\/\/lospoliticosveracruz.com\/index.php?rest_route=\/wp\/v2\/posts\/25459\/revisions\/25465"}],"wp:attachment":[{"href":"https:\/\/lospoliticosveracruz.com\/index.php?rest_route=%2Fwp%2Fv2%2Fmedia&parent=25459"}],"wp:term":[{"taxonomy":"category","embeddable":true,"href":"https:\/\/lospoliticosveracruz.com\/index.php?rest_route=%2Fwp%2Fv2%2Fcategories&post=25459"},{"taxonomy":"post_tag","embeddable":true,"href":"https:\/\/lospoliticosveracruz.com\/index.php?rest_route=%2Fwp%2Fv2%2Ftags&post=25459"}],"curies":[{"name":"wp","href":"https:\/\/api.w.org\/{rel}","templated":true}]}}