{"id":25557,"date":"2016-09-13T17:21:43","date_gmt":"2016-09-13T22:21:43","guid":{"rendered":"http:\/\/www.lospoliticosveracruz.com.mx\/?p=25557"},"modified":"2016-09-13T17:23:37","modified_gmt":"2016-09-13T22:23:37","slug":"al-congreso-cuando-pongan-fecha-namiko","status":"publish","type":"post","link":"https:\/\/lospoliticosveracruz.com\/?p=25557","title":{"rendered":"Al Congreso, cuando pongan fecha: Namiko"},"content":{"rendered":"<p>Ante los pronunciamientos que han realizado diputados locales para que las autoridades de la Comisi\u00f3n Estatal de Derechos Humanos (CEDH) acudan a comparecer sobre el trabajo que han realizado, Namiko Matzumoto Ben\u00edtez presidenta del organismo se\u00f1al\u00f3 estar en disposici\u00f3n de atender el llamado de los legisladores locales.<\/p>\n<div dir=\"ltr\">\n<p>Entrevistada en la biblioteca del Congreso del Estado, espacio al que acudi\u00f3 como invitada para la presentaci\u00f3n de un libro, Matzumoto Ben\u00edtez destac\u00f3 estar a favor de que las autoridades brinden informes sobre el trabajo que realizan debido a que se deben al pueblo.<\/p>\n<p>Motivo por el cual, cuestionada sobre si enviar\u00e1\u00a0una solicitud al Poder Legislativo para comparecer al igual que lo hizo el fiscal del estado, la ombudsman explic\u00f3 estar de acuerdo en brindar un informe sobre el trabajo que se ha realizado en casi siete meses que lleva en el cargo y el cual sea de la competencia de la comisi\u00f3n.<\/p>\n<p>Sin embargo, se dijo respetuosa del poder legislativo y mostr\u00f3 su disposici\u00f3n\u00a0 para atender el llamado que los legisladores realicen.<\/p>\n<p>\u201cYo no tengo ninguna complicaci\u00f3n con eso (acudir a comparecer), al contrario a m\u00ed me parece que el trabajo de las instituciones debe ser vigilado y debe estar sujeto al escrutinio p\u00fablico porque al final del d\u00eda a quienes nos debemos es al pueblo veracruzano\u201d.<\/p>\n<p>As\u00ed que yo siempre he considerado que la transparencia en el accionar de las instituciones \u2013precis\u00f3- te da al contrario, mayor certeza de que est\u00e1n cumpliendo con la funci\u00f3n que tienen encomendada, evidentemente con el debido respeto a los datos sensibles que por ley no pueden ser de naturaleza p\u00fablica, pero todo lo que sea de conformidad con la ley de escrutinio p\u00fablico as\u00ed debe hacerse.<\/p>\n<p>Ante la insistencia sobre si est\u00e1 dispuesta a comparecer ante los diputados locales, la presidenta de la Comisi\u00f3n Estatal de Derechos Humanos, reiter\u00f3 su disposici\u00f3n para atender el llamado que realicen los legisladores y brindar la informaci\u00f3n que la ley permita sobre el trabajo que compete a la comisi\u00f3n a su cargo.<\/p>\n<p>\u201cYo m\u00e1s bien se\u00f1alar\u00eda que estoy en toda la disposici\u00f3n de lo que decida el Congreso, si el Congreso considera que debo estar aqu\u00ed para se\u00f1alar el trabajo que se ha realizado en estos casi siete meses no tengo ning\u00fan inconveniente\u201d, puntualiz\u00f3.<\/p>\n<\/div>\n","protected":false},"excerpt":{"rendered":"<p>Ante los pronunciamientos que han realizado diputados locales para que las autoridades de la Comisi\u00f3n Estatal de Derechos Humanos (CEDH) acudan a comparecer sobre el trabajo que han realizado, Namiko Matzumoto Ben\u00edtez presidenta del organismo se\u00f1al\u00f3 estar en disposici\u00f3n de atender el llamado de los legisladores locales. Entrevistada en la biblioteca del Congreso del Estado, [&hellip;]<\/p>\n","protected":false},"author":2,"featured_media":0,"comment_status":"open","ping_status":"open","sticky":false,"template":"","format":"standard","meta":{"tdm_status":"","tdm_grid_status":"","footnotes":""},"categories":[73],"tags":[4506,953,4389],"class_list":{"0":"post-25557","1":"post","2":"type-post","3":"status-publish","4":"format-standard","6":"category-de-boleto","7":"tag-comision-estatal-de-derechos-humanos","8":"tag-comparecencia","9":"tag-namiko-matzumoto-benitez"},"yoast_head":"<!-- This site is optimized with the Yoast SEO plugin v27.4 - https:\/\/yoast.com\/product\/yoast-seo-wordpress\/ -->\n<title>Al Congreso, cuando pongan fecha: Namiko - Los pol\u00edticos Veracruz<\/title>\n<meta name=\"robots\" content=\"index, follow, max-snippet:-1, max-image-preview:large, max-video-preview:-1\" \/>\n<link rel=\"canonical\" href=\"https:\/\/lospoliticosveracruz.com\/?p=25557\" \/>\n<meta property=\"og:locale\" content=\"es_ES\" \/>\n<meta property=\"og:type\" content=\"article\" \/>\n<meta property=\"og:title\" content=\"Al Congreso, cuando pongan fecha: Namiko - Los pol\u00edticos Veracruz\" \/>\n<meta property=\"og:description\" content=\"Ante los pronunciamientos que han realizado diputados locales para que las autoridades de la Comisi\u00f3n Estatal de Derechos Humanos (CEDH) acudan a comparecer sobre el trabajo que han realizado, Namiko Matzumoto Ben\u00edtez presidenta del organismo se\u00f1al\u00f3 estar en disposici\u00f3n de atender el llamado de los legisladores locales. Entrevistada en la biblioteca del Congreso del Estado, [&hellip;]\" \/>\n<meta property=\"og:url\" content=\"https:\/\/lospoliticosveracruz.com\/?p=25557\" \/>\n<meta property=\"og:site_name\" content=\"Los pol\u00edticos Veracruz\" \/>\n<meta property=\"article:publisher\" content=\"https:\/\/www.facebook.com\/people\/Notimemes-de-los-Polticos\/61565672886568\/\" \/>\n<meta property=\"article:published_time\" content=\"2016-09-13T22:21:43+00:00\" \/>\n<meta property=\"article:modified_time\" content=\"2016-09-13T22:23:37+00:00\" \/>\n<meta property=\"og:image\" content=\"https:\/\/lospoliticosveracruz.com\/wp-content\/uploads\/2016\/07\/Logo-Dor.jpg\" \/>\n\t<meta property=\"og:image:width\" content=\"200\" \/>\n\t<meta property=\"og:image:height\" content=\"200\" \/>\n\t<meta property=\"og:image:type\" content=\"image\/jpeg\" \/>\n<meta name=\"author\" content=\"Lo viste en Los Pol\u00edticos\" \/>\n<meta name=\"twitter:card\" content=\"summary_large_image\" \/>\n<meta name=\"twitter:creator\" content=\"@LosPoliticosVer\" \/>\n<meta name=\"twitter:site\" content=\"@LosPoliticosVer\" \/>\n<meta name=\"twitter:label1\" content=\"Escrito por\" \/>\n\t<meta name=\"twitter:data1\" content=\"Lo viste en Los Pol\u00edticos\" \/>\n\t<meta name=\"twitter:label2\" content=\"Tiempo de lectura\" \/>\n\t<meta name=\"twitter:data2\" content=\"2 minutos\" \/>\n<script type=\"application\/ld+json\" class=\"yoast-schema-graph\">{\"@context\":\"https:\\\/\\\/schema.org\",\"@graph\":[{\"@type\":\"Article\",\"@id\":\"https:\\\/\\\/lospoliticosveracruz.com\\\/?p=25557#article\",\"isPartOf\":{\"@id\":\"https:\\\/\\\/lospoliticosveracruz.com\\\/?p=25557\"},\"author\":{\"name\":\"Lo viste en Los Pol\u00edticos\",\"@id\":\"https:\\\/\\\/lospoliticosveracruz.com\\\/#\\\/schema\\\/person\\\/b8702bb0e538456e6efd07080bf2a4a2\"},\"headline\":\"Al Congreso, cuando pongan fecha: Namiko\",\"datePublished\":\"2016-09-13T22:21:43+00:00\",\"dateModified\":\"2016-09-13T22:23:37+00:00\",\"mainEntityOfPage\":{\"@id\":\"https:\\\/\\\/lospoliticosveracruz.com\\\/?p=25557\"},\"wordCount\":408,\"commentCount\":0,\"publisher\":{\"@id\":\"https:\\\/\\\/lospoliticosveracruz.com\\\/#organization\"},\"keywords\":[\"Comisi\u00f3n Estatal de Derechos Humanos\",\"comparecencia\",\"Namiko Matzumoto Ben\u00edtez\"],\"articleSection\":[\"De Boleto\"],\"inLanguage\":\"es\",\"potentialAction\":[{\"@type\":\"CommentAction\",\"name\":\"Comment\",\"target\":[\"https:\\\/\\\/lospoliticosveracruz.com\\\/?p=25557#respond\"]}]},{\"@type\":\"WebPage\",\"@id\":\"https:\\\/\\\/lospoliticosveracruz.com\\\/?p=25557\",\"url\":\"https:\\\/\\\/lospoliticosveracruz.com\\\/?p=25557\",\"name\":\"Al Congreso, cuando pongan fecha: Namiko - Los pol\u00edticos Veracruz\",\"isPartOf\":{\"@id\":\"https:\\\/\\\/lospoliticosveracruz.com\\\/#website\"},\"datePublished\":\"2016-09-13T22:21:43+00:00\",\"dateModified\":\"2016-09-13T22:23:37+00:00\",\"breadcrumb\":{\"@id\":\"https:\\\/\\\/lospoliticosveracruz.com\\\/?p=25557#breadcrumb\"},\"inLanguage\":\"es\",\"potentialAction\":[{\"@type\":\"ReadAction\",\"target\":[\"https:\\\/\\\/lospoliticosveracruz.com\\\/?p=25557\"]}]},{\"@type\":\"BreadcrumbList\",\"@id\":\"https:\\\/\\\/lospoliticosveracruz.com\\\/?p=25557#breadcrumb\",\"itemListElement\":[{\"@type\":\"ListItem\",\"position\":1,\"name\":\"Portada\",\"item\":\"https:\\\/\\\/lospoliticosveracruz.com\\\/\"},{\"@type\":\"ListItem\",\"position\":2,\"name\":\"Al Congreso, cuando pongan fecha: Namiko\"}]},{\"@type\":\"WebSite\",\"@id\":\"https:\\\/\\\/lospoliticosveracruz.com\\\/#website\",\"url\":\"https:\\\/\\\/lospoliticosveracruz.com\\\/\",\"name\":\"Los pol\u00edticos Veracruz\",\"description\":\"\",\"publisher\":{\"@id\":\"https:\\\/\\\/lospoliticosveracruz.com\\\/#organization\"},\"potentialAction\":[{\"@type\":\"SearchAction\",\"target\":{\"@type\":\"EntryPoint\",\"urlTemplate\":\"https:\\\/\\\/lospoliticosveracruz.com\\\/?s={search_term_string}\"},\"query-input\":{\"@type\":\"PropertyValueSpecification\",\"valueRequired\":true,\"valueName\":\"search_term_string\"}}],\"inLanguage\":\"es\"},{\"@type\":\"Organization\",\"@id\":\"https:\\\/\\\/lospoliticosveracruz.com\\\/#organization\",\"name\":\"Los pol\u00edticos Veracruz\",\"url\":\"https:\\\/\\\/lospoliticosveracruz.com\\\/\",\"logo\":{\"@type\":\"ImageObject\",\"inLanguage\":\"es\",\"@id\":\"https:\\\/\\\/lospoliticosveracruz.com\\\/#\\\/schema\\\/logo\\\/image\\\/\",\"url\":\"https:\\\/\\\/lospoliticosveracruz.com\\\/wp-content\\\/uploads\\\/2025\\\/12\\\/Logo-Nuevo-LOS-POLITICOS-1.jpg\",\"contentUrl\":\"https:\\\/\\\/lospoliticosveracruz.com\\\/wp-content\\\/uploads\\\/2025\\\/12\\\/Logo-Nuevo-LOS-POLITICOS-1.jpg\",\"width\":260,\"height\":70,\"caption\":\"Los pol\u00edticos Veracruz\"},\"image\":{\"@id\":\"https:\\\/\\\/lospoliticosveracruz.com\\\/#\\\/schema\\\/logo\\\/image\\\/\"},\"sameAs\":[\"https:\\\/\\\/www.facebook.com\\\/people\\\/Notimemes-de-los-Polticos\\\/61565672886568\\\/\",\"https:\\\/\\\/x.com\\\/LosPoliticosVer\"]},{\"@type\":\"Person\",\"@id\":\"https:\\\/\\\/lospoliticosveracruz.com\\\/#\\\/schema\\\/person\\\/b8702bb0e538456e6efd07080bf2a4a2\",\"name\":\"Lo viste en Los Pol\u00edticos\",\"image\":{\"@type\":\"ImageObject\",\"inLanguage\":\"es\",\"@id\":\"https:\\\/\\\/secure.gravatar.com\\\/avatar\\\/3a8de04a2656d44082be478bd6c086daa447c4651605818287b9532d3d0bd435?s=96&d=mm&r=g\",\"url\":\"https:\\\/\\\/secure.gravatar.com\\\/avatar\\\/3a8de04a2656d44082be478bd6c086daa447c4651605818287b9532d3d0bd435?s=96&d=mm&r=g\",\"contentUrl\":\"https:\\\/\\\/secure.gravatar.com\\\/avatar\\\/3a8de04a2656d44082be478bd6c086daa447c4651605818287b9532d3d0bd435?s=96&d=mm&r=g\",\"caption\":\"Lo viste en Los Pol\u00edticos\"},\"url\":\"https:\\\/\\\/lospoliticosveracruz.com\\\/?author=2\"}]}<\/script>\n<!-- \/ Yoast SEO plugin. -->","yoast_head_json":{"title":"Al Congreso, cuando pongan fecha: Namiko - Los pol\u00edticos Veracruz","robots":{"index":"index","follow":"follow","max-snippet":"max-snippet:-1","max-image-preview":"max-image-preview:large","max-video-preview":"max-video-preview:-1"},"canonical":"https:\/\/lospoliticosveracruz.com\/?p=25557","og_locale":"es_ES","og_type":"article","og_title":"Al Congreso, cuando pongan fecha: Namiko - Los pol\u00edticos Veracruz","og_description":"Ante los pronunciamientos que han realizado diputados locales para que las autoridades de la Comisi\u00f3n Estatal de Derechos Humanos (CEDH) acudan a comparecer sobre el trabajo que han realizado, Namiko Matzumoto Ben\u00edtez presidenta del organismo se\u00f1al\u00f3 estar en disposici\u00f3n de atender el llamado de los legisladores locales. Entrevistada en la biblioteca del Congreso del Estado, [&hellip;]","og_url":"https:\/\/lospoliticosveracruz.com\/?p=25557","og_site_name":"Los pol\u00edticos Veracruz","article_publisher":"https:\/\/www.facebook.com\/people\/Notimemes-de-los-Polticos\/61565672886568\/","article_published_time":"2016-09-13T22:21:43+00:00","article_modified_time":"2016-09-13T22:23:37+00:00","og_image":[{"width":200,"height":200,"url":"https:\/\/lospoliticosveracruz.com\/wp-content\/uploads\/2016\/07\/Logo-Dor.jpg","type":"image\/jpeg"}],"author":"Lo viste en Los Pol\u00edticos","twitter_card":"summary_large_image","twitter_creator":"@LosPoliticosVer","twitter_site":"@LosPoliticosVer","twitter_misc":{"Escrito por":"Lo viste en Los Pol\u00edticos","Tiempo de lectura":"2 minutos"},"schema":{"@context":"https:\/\/schema.org","@graph":[{"@type":"Article","@id":"https:\/\/lospoliticosveracruz.com\/?p=25557#article","isPartOf":{"@id":"https:\/\/lospoliticosveracruz.com\/?p=25557"},"author":{"name":"Lo viste en Los Pol\u00edticos","@id":"https:\/\/lospoliticosveracruz.com\/#\/schema\/person\/b8702bb0e538456e6efd07080bf2a4a2"},"headline":"Al Congreso, cuando pongan fecha: Namiko","datePublished":"2016-09-13T22:21:43+00:00","dateModified":"2016-09-13T22:23:37+00:00","mainEntityOfPage":{"@id":"https:\/\/lospoliticosveracruz.com\/?p=25557"},"wordCount":408,"commentCount":0,"publisher":{"@id":"https:\/\/lospoliticosveracruz.com\/#organization"},"keywords":["Comisi\u00f3n Estatal de Derechos Humanos","comparecencia","Namiko Matzumoto Ben\u00edtez"],"articleSection":["De Boleto"],"inLanguage":"es","potentialAction":[{"@type":"CommentAction","name":"Comment","target":["https:\/\/lospoliticosveracruz.com\/?p=25557#respond"]}]},{"@type":"WebPage","@id":"https:\/\/lospoliticosveracruz.com\/?p=25557","url":"https:\/\/lospoliticosveracruz.com\/?p=25557","name":"Al Congreso, cuando pongan fecha: Namiko - Los pol\u00edticos Veracruz","isPartOf":{"@id":"https:\/\/lospoliticosveracruz.com\/#website"},"datePublished":"2016-09-13T22:21:43+00:00","dateModified":"2016-09-13T22:23:37+00:00","breadcrumb":{"@id":"https:\/\/lospoliticosveracruz.com\/?p=25557#breadcrumb"},"inLanguage":"es","potentialAction":[{"@type":"ReadAction","target":["https:\/\/lospoliticosveracruz.com\/?p=25557"]}]},{"@type":"BreadcrumbList","@id":"https:\/\/lospoliticosveracruz.com\/?p=25557#breadcrumb","itemListElement":[{"@type":"ListItem","position":1,"name":"Portada","item":"https:\/\/lospoliticosveracruz.com\/"},{"@type":"ListItem","position":2,"name":"Al Congreso, cuando pongan fecha: Namiko"}]},{"@type":"WebSite","@id":"https:\/\/lospoliticosveracruz.com\/#website","url":"https:\/\/lospoliticosveracruz.com\/","name":"Los pol\u00edticos Veracruz","description":"","publisher":{"@id":"https:\/\/lospoliticosveracruz.com\/#organization"},"potentialAction":[{"@type":"SearchAction","target":{"@type":"EntryPoint","urlTemplate":"https:\/\/lospoliticosveracruz.com\/?s={search_term_string}"},"query-input":{"@type":"PropertyValueSpecification","valueRequired":true,"valueName":"search_term_string"}}],"inLanguage":"es"},{"@type":"Organization","@id":"https:\/\/lospoliticosveracruz.com\/#organization","name":"Los pol\u00edticos Veracruz","url":"https:\/\/lospoliticosveracruz.com\/","logo":{"@type":"ImageObject","inLanguage":"es","@id":"https:\/\/lospoliticosveracruz.com\/#\/schema\/logo\/image\/","url":"https:\/\/lospoliticosveracruz.com\/wp-content\/uploads\/2025\/12\/Logo-Nuevo-LOS-POLITICOS-1.jpg","contentUrl":"https:\/\/lospoliticosveracruz.com\/wp-content\/uploads\/2025\/12\/Logo-Nuevo-LOS-POLITICOS-1.jpg","width":260,"height":70,"caption":"Los pol\u00edticos Veracruz"},"image":{"@id":"https:\/\/lospoliticosveracruz.com\/#\/schema\/logo\/image\/"},"sameAs":["https:\/\/www.facebook.com\/people\/Notimemes-de-los-Polticos\/61565672886568\/","https:\/\/x.com\/LosPoliticosVer"]},{"@type":"Person","@id":"https:\/\/lospoliticosveracruz.com\/#\/schema\/person\/b8702bb0e538456e6efd07080bf2a4a2","name":"Lo viste en Los Pol\u00edticos","image":{"@type":"ImageObject","inLanguage":"es","@id":"https:\/\/secure.gravatar.com\/avatar\/3a8de04a2656d44082be478bd6c086daa447c4651605818287b9532d3d0bd435?s=96&d=mm&r=g","url":"https:\/\/secure.gravatar.com\/avatar\/3a8de04a2656d44082be478bd6c086daa447c4651605818287b9532d3d0bd435?s=96&d=mm&r=g","contentUrl":"https:\/\/secure.gravatar.com\/avatar\/3a8de04a2656d44082be478bd6c086daa447c4651605818287b9532d3d0bd435?s=96&d=mm&r=g","caption":"Lo viste en Los Pol\u00edticos"},"url":"https:\/\/lospoliticosveracruz.com\/?author=2"}]}},"_links":{"self":[{"href":"https:\/\/lospoliticosveracruz.com\/index.php?rest_route=\/wp\/v2\/posts\/25557","targetHints":{"allow":["GET"]}}],"collection":[{"href":"https:\/\/lospoliticosveracruz.com\/index.php?rest_route=\/wp\/v2\/posts"}],"about":[{"href":"https:\/\/lospoliticosveracruz.com\/index.php?rest_route=\/wp\/v2\/types\/post"}],"author":[{"embeddable":true,"href":"https:\/\/lospoliticosveracruz.com\/index.php?rest_route=\/wp\/v2\/users\/2"}],"replies":[{"embeddable":true,"href":"https:\/\/lospoliticosveracruz.com\/index.php?rest_route=%2Fwp%2Fv2%2Fcomments&post=25557"}],"version-history":[{"count":3,"href":"https:\/\/lospoliticosveracruz.com\/index.php?rest_route=\/wp\/v2\/posts\/25557\/revisions"}],"predecessor-version":[{"id":25561,"href":"https:\/\/lospoliticosveracruz.com\/index.php?rest_route=\/wp\/v2\/posts\/25557\/revisions\/25561"}],"wp:attachment":[{"href":"https:\/\/lospoliticosveracruz.com\/index.php?rest_route=%2Fwp%2Fv2%2Fmedia&parent=25557"}],"wp:term":[{"taxonomy":"category","embeddable":true,"href":"https:\/\/lospoliticosveracruz.com\/index.php?rest_route=%2Fwp%2Fv2%2Fcategories&post=25557"},{"taxonomy":"post_tag","embeddable":true,"href":"https:\/\/lospoliticosveracruz.com\/index.php?rest_route=%2Fwp%2Fv2%2Ftags&post=25557"}],"curies":[{"name":"wp","href":"https:\/\/api.w.org\/{rel}","templated":true}]}}