{"id":25567,"date":"2016-09-14T06:52:21","date_gmt":"2016-09-14T11:52:21","guid":{"rendered":"http:\/\/www.lospoliticosveracruz.com.mx\/?p=25567"},"modified":"2016-09-14T06:52:21","modified_gmt":"2016-09-14T11:52:21","slug":"generacion-revolucionaria","status":"publish","type":"post","link":"https:\/\/lospoliticosveracruz.com\/?p=25567","title":{"rendered":"Generaci\u00f3n Revolucionaria"},"content":{"rendered":"<p><strong>Salvador Mu\u00f1oz<\/strong><\/p>\n<p><em>Los Pol\u00edticos<\/em><\/p>\n<p>S\u00e1bado y domingo estuvo entre las noticias xalape\u00f1as. El lunes, tuvo que salir temprano a la Ciudad de M\u00e9xico y regresar de inmediato a la capital jarocha. \u00a1Vaya fin e inicio de semana de \u00c1ngel Isaac Ochoa P\u00e9rez, delegado de Gobernaci\u00f3n!<\/p>\n<p>Rebobinando: Lo mejor fue el lunes donde \u00a1nuevamente! tuvo reuni\u00f3n con algunos delegados pero por cuestiones de log\u00edstica, me reservo lo comentado en ella.<\/p>\n<p>El domingo, junto con 12 delegados, dio cuenta del Cuarto Informe del Presidente Enrique Pe\u00f1a Nieto y sus repercusiones en Veracruz\u2026 un d\u00eda muy bueno para el reportero de guardia que de repente le ponen 12 funcionarios, \u00a1es un buf\u00e9 para el comunicador! \u00a1tiene de d\u00f3nde escoger!<\/p>\n<p>Pero el s\u00e1bado fue especial&#8230; fue un revivir, un recordar\u2026 \u00c1ngel Isaac Ochoa P\u00e9rez tuvo esa rara oportunidad que a veces da el tiempo para volver a vivir esos momentos que cuando parece que ya se fueron, \u00a1vuelven! La reuni\u00f3n de \u201cGeneraci\u00f3n Revolucionaria\u201d.<\/p>\n<p>II<\/p>\n<p>Realmente esta reuni\u00f3n convocada por \u00abGeneraci\u00f3n Revolucionaria\u00bb Veracruz es sui generis por algunas cosas que aqu\u00ed le comentamos:<\/p>\n<p>1) Fue llamada \u00abReuni\u00f3n Anual\u00bb, y al menos que las otras se hayan hecho muy en secreto, muy en privado, quien escribe no tiene memoria de anteriores.<\/p>\n<p>2) Esta organizaci\u00f3n o movimiento tuvo su g\u00e9nesis all\u00e1 por el 2000, y s\u00ed, quien la encabez\u00f3 en su momento, a nivel aldea, fue Miguel Mac\u00edas Parra, y todo indica que en 16 a\u00f1os, nada ha cambiado pues volvi\u00f3 a llevar la batuta esta vez.<\/p>\n<p>3) La percepci\u00f3n de quienes estuvieron all\u00ed presentes, es que tal reuni\u00f3n fue m\u00e1s motivada con miras al 2017\u2026 el asunto es saber en beneficio de qui\u00e9n.<\/p>\n<p>III<\/p>\n<p>Algo hay que destacar: \u201cel Poder de Convocatoria\u201d de Mac\u00edas Parra. \u00abGeneraci\u00f3n Revolucionaria\u00bb fue capaz de reunir a H\u00e9ctor Yunes Landa, Am\u00e9rico Z\u00fa\u00f1iga y a un representante de Pepe Yunes Zorrilla (Armando Reyes Moctezuma), bajo el mismo techo. S\u00f3lo falt\u00f3 la presencia de Jorge Carvallo quien por obviedad temporal, no exist\u00eda en el universo jarocho cuando naci\u00f3 esta organizaci\u00f3n&#8230; \u00a1Ups! Entonces&#8230; \u00bfqu\u00e9 hac\u00eda all\u00ed Consuelo Thomas? porque si aplicamos esa obviedad temporal, bastar\u00eda recordar que la popularmente conocida como \u00abAna B\u00e1rbara Xalape\u00f1a\u00bb contendi\u00f3 en el 2009 para diputada federal por el PAN contra Silvio Lagos Galindo y no tiene mucho tiempo que labora al lado del gobierno priista. Algo anda mal por ah\u00ed\u2026 o no me adapto a\u00fan a esos cambios\u2026 \u00a1de camiseta!<\/p>\n<p>IV<\/p>\n<p>La clausura de esta reuni\u00f3n estuvo a cargo de Am\u00e9rico Z\u00fa\u00f1iga Mart\u00ednez, donde enfatiz\u00f3 que la justicia social, la democracia y los resultados deben ser el discurso y el trabajo de los priistas en aras de recuperar la confianza ciudadana, pero sobre todo respetar los compromisos pol\u00edticos, \u00abprivilegiar el respeto a los acuerdos\u00bb, dicen que dijo, ah\u00ed, en presencia de H\u00e9ctor Yunes Landa, Armando Reyes Moctezuma (representante de Pepe Yunes) y de quienes estaban en esa mesa, sobre todo ahora \u201cque la gente nos est\u00e1 exigiendo m\u00e1s que nunca transparencia, honestidad y rendici\u00f3n de cuentas\u201d. El que le entendi\u00f3, le entendi\u00f3; pero no pudo ser m\u00e1s directo.<\/p>\n<p>V<\/p>\n<p>Como sea, si Miguel Mac\u00edas Parra busca algo m\u00e1s que una reuni\u00f3n (tras m\u00e1s de quince a\u00f1os de no hacerlo), si hay la intenci\u00f3n de apoyar a alguien rumbo al 2017\u2026 o peor a\u00fan, al 2018 sin respetar los acuerdos, eso estoy seguro le vali\u00f3 gorro a \u00c1ngel Isaac Ochoa P\u00e9rez, quien de seguro, s\u00f3lo recordaba que un 25 de marzo de 1999, nac\u00eda una organizaci\u00f3n adherente al PRI en Insurgentes 59 bajo el nombre de Generaci\u00f3n Revolucionaria Luis Donaldo Colosio&#8230; c\u00f3mo no recordarlo, si \u00e9l fue el Fundador de ella.<\/p>\n<p>&nbsp;<\/p>\n<p><strong>PD Turismo, Cinthya y Sergio<\/strong><\/p>\n<p>Les adelanto: este jueves hablar\u00e9 un poco del tema de Turismo. Las quejas y las m\u00e1s propuestas de los empresarios del ramo a dos diputados electos: Sergio Hern\u00e1ndez Hern\u00e1ndez y Cinthya Lobato Calder\u00f3n, que no est\u00e1 de m\u00e1s decirlo, \u201cest\u00e1 perdiendo el piso\u201d, pero ma\u00f1ana contaremos el porqu\u00e9. Son muchas las ideas pero hay una que hizo eco a partir de un comentario que hizo Reynaldo Quirarte y se volvi\u00f3 petici\u00f3n para el Gobernador electo: \u00a1No se lleve la secretar\u00eda de Turismo al Puerto!<\/p>\n<p>&nbsp;<\/p>\n<p><strong>De \u00d1apa<\/strong><\/p>\n<p>\u00bfSabe cu\u00e1ntos diputados federales del Power Jarocho han confirmado su presencia con el Gobernador Javier Duarte de Ochoa para el grito del 15? \u00a1Sorpresa! \u00a1Cuatro! A nada de que se celebre\u2026 Jorge Carvallo (al final, estratega pol\u00edtico); Erick Lagos Hern\u00e1ndez (como prueba de lealtad); Adolfo Mota (100% institucional) y Lilian Zepahua (sigo sin comprender\u2026)<\/p>\n<p>&nbsp;<\/p>\n<p><a href=\"mailto:smcainito@gmail.com\">smcainito@gmail.com<\/a><\/p>\n","protected":false},"excerpt":{"rendered":"<p>Salvador Mu\u00f1oz Los Pol\u00edticos S\u00e1bado y domingo estuvo entre las noticias xalape\u00f1as. El lunes, tuvo que salir temprano a la Ciudad de M\u00e9xico y regresar de inmediato a la capital jarocha. \u00a1Vaya fin e inicio de semana de \u00c1ngel Isaac Ochoa P\u00e9rez, delegado de Gobernaci\u00f3n! Rebobinando: Lo mejor fue el lunes donde \u00a1nuevamente! tuvo reuni\u00f3n [&hellip;]<\/p>\n","protected":false},"author":2,"featured_media":0,"comment_status":"open","ping_status":"open","sticky":false,"template":"","format":"standard","meta":{"tdm_status":"","tdm_grid_status":"","footnotes":""},"categories":[70],"tags":[539,6258,6257,4293,6259],"class_list":{"0":"post-25567","1":"post","2":"type-post","3":"status-publish","4":"format-standard","6":"category-de-opinion","7":"tag-americo-zuniga-martinez","8":"tag-consuelo-thomas","9":"tag-generacion-revolucionaria","10":"tag-miguel-macias-parra","11":"tag-silvio-lag"},"yoast_head":"<!-- This site is optimized with the Yoast SEO plugin v27.4 - https:\/\/yoast.com\/product\/yoast-seo-wordpress\/ -->\n<title>Generaci\u00f3n Revolucionaria - Los pol\u00edticos Veracruz<\/title>\n<meta name=\"robots\" content=\"index, follow, max-snippet:-1, max-image-preview:large, max-video-preview:-1\" \/>\n<link rel=\"canonical\" href=\"https:\/\/lospoliticosveracruz.com\/?p=25567\" \/>\n<meta property=\"og:locale\" content=\"es_ES\" \/>\n<meta property=\"og:type\" content=\"article\" \/>\n<meta property=\"og:title\" content=\"Generaci\u00f3n Revolucionaria - Los pol\u00edticos Veracruz\" \/>\n<meta property=\"og:description\" content=\"Salvador Mu\u00f1oz Los Pol\u00edticos S\u00e1bado y domingo estuvo entre las noticias xalape\u00f1as. El lunes, tuvo que salir temprano a la Ciudad de M\u00e9xico y regresar de inmediato a la capital jarocha. \u00a1Vaya fin e inicio de semana de \u00c1ngel Isaac Ochoa P\u00e9rez, delegado de Gobernaci\u00f3n! Rebobinando: Lo mejor fue el lunes donde \u00a1nuevamente! tuvo reuni\u00f3n [&hellip;]\" \/>\n<meta property=\"og:url\" content=\"https:\/\/lospoliticosveracruz.com\/?p=25567\" \/>\n<meta property=\"og:site_name\" content=\"Los pol\u00edticos Veracruz\" \/>\n<meta property=\"article:publisher\" content=\"https:\/\/www.facebook.com\/people\/Notimemes-de-los-Polticos\/61565672886568\/\" \/>\n<meta property=\"article:published_time\" content=\"2016-09-14T11:52:21+00:00\" \/>\n<meta property=\"og:image\" content=\"https:\/\/lospoliticosveracruz.com\/wp-content\/uploads\/2016\/07\/Logo-Dor.jpg\" \/>\n\t<meta property=\"og:image:width\" content=\"200\" \/>\n\t<meta property=\"og:image:height\" content=\"200\" \/>\n\t<meta property=\"og:image:type\" content=\"image\/jpeg\" \/>\n<meta name=\"author\" content=\"Lo viste en Los Pol\u00edticos\" \/>\n<meta name=\"twitter:card\" content=\"summary_large_image\" \/>\n<meta name=\"twitter:creator\" content=\"@LosPoliticosVer\" \/>\n<meta name=\"twitter:site\" content=\"@LosPoliticosVer\" \/>\n<meta name=\"twitter:label1\" content=\"Escrito por\" \/>\n\t<meta name=\"twitter:data1\" content=\"Lo viste en Los Pol\u00edticos\" \/>\n\t<meta name=\"twitter:label2\" content=\"Tiempo de lectura\" \/>\n\t<meta name=\"twitter:data2\" content=\"4 minutos\" \/>\n<script type=\"application\/ld+json\" class=\"yoast-schema-graph\">{\"@context\":\"https:\\\/\\\/schema.org\",\"@graph\":[{\"@type\":\"Article\",\"@id\":\"https:\\\/\\\/lospoliticosveracruz.com\\\/?p=25567#article\",\"isPartOf\":{\"@id\":\"https:\\\/\\\/lospoliticosveracruz.com\\\/?p=25567\"},\"author\":{\"name\":\"Lo viste en Los Pol\u00edticos\",\"@id\":\"https:\\\/\\\/lospoliticosveracruz.com\\\/#\\\/schema\\\/person\\\/b8702bb0e538456e6efd07080bf2a4a2\"},\"headline\":\"Generaci\u00f3n Revolucionaria\",\"datePublished\":\"2016-09-14T11:52:21+00:00\",\"mainEntityOfPage\":{\"@id\":\"https:\\\/\\\/lospoliticosveracruz.com\\\/?p=25567\"},\"wordCount\":812,\"commentCount\":0,\"publisher\":{\"@id\":\"https:\\\/\\\/lospoliticosveracruz.com\\\/#organization\"},\"keywords\":[\"Am\u00e9rico Z\u00fa\u00f1iga Mart\u00ednez\",\"Consuelo Thomas\",\"Generaci\u00f3n Revolucionaria\",\"Miguel Mac\u00edas Parra\",\"Silvio Lag\"],\"articleSection\":[\"De Opini\u00f3n\"],\"inLanguage\":\"es\",\"potentialAction\":[{\"@type\":\"CommentAction\",\"name\":\"Comment\",\"target\":[\"https:\\\/\\\/lospoliticosveracruz.com\\\/?p=25567#respond\"]}]},{\"@type\":\"WebPage\",\"@id\":\"https:\\\/\\\/lospoliticosveracruz.com\\\/?p=25567\",\"url\":\"https:\\\/\\\/lospoliticosveracruz.com\\\/?p=25567\",\"name\":\"Generaci\u00f3n Revolucionaria - Los pol\u00edticos Veracruz\",\"isPartOf\":{\"@id\":\"https:\\\/\\\/lospoliticosveracruz.com\\\/#website\"},\"datePublished\":\"2016-09-14T11:52:21+00:00\",\"breadcrumb\":{\"@id\":\"https:\\\/\\\/lospoliticosveracruz.com\\\/?p=25567#breadcrumb\"},\"inLanguage\":\"es\",\"potentialAction\":[{\"@type\":\"ReadAction\",\"target\":[\"https:\\\/\\\/lospoliticosveracruz.com\\\/?p=25567\"]}]},{\"@type\":\"BreadcrumbList\",\"@id\":\"https:\\\/\\\/lospoliticosveracruz.com\\\/?p=25567#breadcrumb\",\"itemListElement\":[{\"@type\":\"ListItem\",\"position\":1,\"name\":\"Portada\",\"item\":\"https:\\\/\\\/lospoliticosveracruz.com\\\/\"},{\"@type\":\"ListItem\",\"position\":2,\"name\":\"Generaci\u00f3n Revolucionaria\"}]},{\"@type\":\"WebSite\",\"@id\":\"https:\\\/\\\/lospoliticosveracruz.com\\\/#website\",\"url\":\"https:\\\/\\\/lospoliticosveracruz.com\\\/\",\"name\":\"Los pol\u00edticos Veracruz\",\"description\":\"\",\"publisher\":{\"@id\":\"https:\\\/\\\/lospoliticosveracruz.com\\\/#organization\"},\"potentialAction\":[{\"@type\":\"SearchAction\",\"target\":{\"@type\":\"EntryPoint\",\"urlTemplate\":\"https:\\\/\\\/lospoliticosveracruz.com\\\/?s={search_term_string}\"},\"query-input\":{\"@type\":\"PropertyValueSpecification\",\"valueRequired\":true,\"valueName\":\"search_term_string\"}}],\"inLanguage\":\"es\"},{\"@type\":\"Organization\",\"@id\":\"https:\\\/\\\/lospoliticosveracruz.com\\\/#organization\",\"name\":\"Los pol\u00edticos Veracruz\",\"url\":\"https:\\\/\\\/lospoliticosveracruz.com\\\/\",\"logo\":{\"@type\":\"ImageObject\",\"inLanguage\":\"es\",\"@id\":\"https:\\\/\\\/lospoliticosveracruz.com\\\/#\\\/schema\\\/logo\\\/image\\\/\",\"url\":\"https:\\\/\\\/lospoliticosveracruz.com\\\/wp-content\\\/uploads\\\/2025\\\/12\\\/Logo-Nuevo-LOS-POLITICOS-1.jpg\",\"contentUrl\":\"https:\\\/\\\/lospoliticosveracruz.com\\\/wp-content\\\/uploads\\\/2025\\\/12\\\/Logo-Nuevo-LOS-POLITICOS-1.jpg\",\"width\":260,\"height\":70,\"caption\":\"Los pol\u00edticos Veracruz\"},\"image\":{\"@id\":\"https:\\\/\\\/lospoliticosveracruz.com\\\/#\\\/schema\\\/logo\\\/image\\\/\"},\"sameAs\":[\"https:\\\/\\\/www.facebook.com\\\/people\\\/Notimemes-de-los-Polticos\\\/61565672886568\\\/\",\"https:\\\/\\\/x.com\\\/LosPoliticosVer\"]},{\"@type\":\"Person\",\"@id\":\"https:\\\/\\\/lospoliticosveracruz.com\\\/#\\\/schema\\\/person\\\/b8702bb0e538456e6efd07080bf2a4a2\",\"name\":\"Lo viste en Los Pol\u00edticos\",\"image\":{\"@type\":\"ImageObject\",\"inLanguage\":\"es\",\"@id\":\"https:\\\/\\\/secure.gravatar.com\\\/avatar\\\/3a8de04a2656d44082be478bd6c086daa447c4651605818287b9532d3d0bd435?s=96&d=mm&r=g\",\"url\":\"https:\\\/\\\/secure.gravatar.com\\\/avatar\\\/3a8de04a2656d44082be478bd6c086daa447c4651605818287b9532d3d0bd435?s=96&d=mm&r=g\",\"contentUrl\":\"https:\\\/\\\/secure.gravatar.com\\\/avatar\\\/3a8de04a2656d44082be478bd6c086daa447c4651605818287b9532d3d0bd435?s=96&d=mm&r=g\",\"caption\":\"Lo viste en Los Pol\u00edticos\"},\"url\":\"https:\\\/\\\/lospoliticosveracruz.com\\\/?author=2\"}]}<\/script>\n<!-- \/ Yoast SEO plugin. -->","yoast_head_json":{"title":"Generaci\u00f3n Revolucionaria - Los pol\u00edticos Veracruz","robots":{"index":"index","follow":"follow","max-snippet":"max-snippet:-1","max-image-preview":"max-image-preview:large","max-video-preview":"max-video-preview:-1"},"canonical":"https:\/\/lospoliticosveracruz.com\/?p=25567","og_locale":"es_ES","og_type":"article","og_title":"Generaci\u00f3n Revolucionaria - Los pol\u00edticos Veracruz","og_description":"Salvador Mu\u00f1oz Los Pol\u00edticos S\u00e1bado y domingo estuvo entre las noticias xalape\u00f1as. El lunes, tuvo que salir temprano a la Ciudad de M\u00e9xico y regresar de inmediato a la capital jarocha. \u00a1Vaya fin e inicio de semana de \u00c1ngel Isaac Ochoa P\u00e9rez, delegado de Gobernaci\u00f3n! Rebobinando: Lo mejor fue el lunes donde \u00a1nuevamente! tuvo reuni\u00f3n [&hellip;]","og_url":"https:\/\/lospoliticosveracruz.com\/?p=25567","og_site_name":"Los pol\u00edticos Veracruz","article_publisher":"https:\/\/www.facebook.com\/people\/Notimemes-de-los-Polticos\/61565672886568\/","article_published_time":"2016-09-14T11:52:21+00:00","og_image":[{"width":200,"height":200,"url":"https:\/\/lospoliticosveracruz.com\/wp-content\/uploads\/2016\/07\/Logo-Dor.jpg","type":"image\/jpeg"}],"author":"Lo viste en Los Pol\u00edticos","twitter_card":"summary_large_image","twitter_creator":"@LosPoliticosVer","twitter_site":"@LosPoliticosVer","twitter_misc":{"Escrito por":"Lo viste en Los Pol\u00edticos","Tiempo de lectura":"4 minutos"},"schema":{"@context":"https:\/\/schema.org","@graph":[{"@type":"Article","@id":"https:\/\/lospoliticosveracruz.com\/?p=25567#article","isPartOf":{"@id":"https:\/\/lospoliticosveracruz.com\/?p=25567"},"author":{"name":"Lo viste en Los Pol\u00edticos","@id":"https:\/\/lospoliticosveracruz.com\/#\/schema\/person\/b8702bb0e538456e6efd07080bf2a4a2"},"headline":"Generaci\u00f3n Revolucionaria","datePublished":"2016-09-14T11:52:21+00:00","mainEntityOfPage":{"@id":"https:\/\/lospoliticosveracruz.com\/?p=25567"},"wordCount":812,"commentCount":0,"publisher":{"@id":"https:\/\/lospoliticosveracruz.com\/#organization"},"keywords":["Am\u00e9rico Z\u00fa\u00f1iga Mart\u00ednez","Consuelo Thomas","Generaci\u00f3n Revolucionaria","Miguel Mac\u00edas Parra","Silvio Lag"],"articleSection":["De Opini\u00f3n"],"inLanguage":"es","potentialAction":[{"@type":"CommentAction","name":"Comment","target":["https:\/\/lospoliticosveracruz.com\/?p=25567#respond"]}]},{"@type":"WebPage","@id":"https:\/\/lospoliticosveracruz.com\/?p=25567","url":"https:\/\/lospoliticosveracruz.com\/?p=25567","name":"Generaci\u00f3n Revolucionaria - Los pol\u00edticos Veracruz","isPartOf":{"@id":"https:\/\/lospoliticosveracruz.com\/#website"},"datePublished":"2016-09-14T11:52:21+00:00","breadcrumb":{"@id":"https:\/\/lospoliticosveracruz.com\/?p=25567#breadcrumb"},"inLanguage":"es","potentialAction":[{"@type":"ReadAction","target":["https:\/\/lospoliticosveracruz.com\/?p=25567"]}]},{"@type":"BreadcrumbList","@id":"https:\/\/lospoliticosveracruz.com\/?p=25567#breadcrumb","itemListElement":[{"@type":"ListItem","position":1,"name":"Portada","item":"https:\/\/lospoliticosveracruz.com\/"},{"@type":"ListItem","position":2,"name":"Generaci\u00f3n Revolucionaria"}]},{"@type":"WebSite","@id":"https:\/\/lospoliticosveracruz.com\/#website","url":"https:\/\/lospoliticosveracruz.com\/","name":"Los pol\u00edticos Veracruz","description":"","publisher":{"@id":"https:\/\/lospoliticosveracruz.com\/#organization"},"potentialAction":[{"@type":"SearchAction","target":{"@type":"EntryPoint","urlTemplate":"https:\/\/lospoliticosveracruz.com\/?s={search_term_string}"},"query-input":{"@type":"PropertyValueSpecification","valueRequired":true,"valueName":"search_term_string"}}],"inLanguage":"es"},{"@type":"Organization","@id":"https:\/\/lospoliticosveracruz.com\/#organization","name":"Los pol\u00edticos Veracruz","url":"https:\/\/lospoliticosveracruz.com\/","logo":{"@type":"ImageObject","inLanguage":"es","@id":"https:\/\/lospoliticosveracruz.com\/#\/schema\/logo\/image\/","url":"https:\/\/lospoliticosveracruz.com\/wp-content\/uploads\/2025\/12\/Logo-Nuevo-LOS-POLITICOS-1.jpg","contentUrl":"https:\/\/lospoliticosveracruz.com\/wp-content\/uploads\/2025\/12\/Logo-Nuevo-LOS-POLITICOS-1.jpg","width":260,"height":70,"caption":"Los pol\u00edticos Veracruz"},"image":{"@id":"https:\/\/lospoliticosveracruz.com\/#\/schema\/logo\/image\/"},"sameAs":["https:\/\/www.facebook.com\/people\/Notimemes-de-los-Polticos\/61565672886568\/","https:\/\/x.com\/LosPoliticosVer"]},{"@type":"Person","@id":"https:\/\/lospoliticosveracruz.com\/#\/schema\/person\/b8702bb0e538456e6efd07080bf2a4a2","name":"Lo viste en Los Pol\u00edticos","image":{"@type":"ImageObject","inLanguage":"es","@id":"https:\/\/secure.gravatar.com\/avatar\/3a8de04a2656d44082be478bd6c086daa447c4651605818287b9532d3d0bd435?s=96&d=mm&r=g","url":"https:\/\/secure.gravatar.com\/avatar\/3a8de04a2656d44082be478bd6c086daa447c4651605818287b9532d3d0bd435?s=96&d=mm&r=g","contentUrl":"https:\/\/secure.gravatar.com\/avatar\/3a8de04a2656d44082be478bd6c086daa447c4651605818287b9532d3d0bd435?s=96&d=mm&r=g","caption":"Lo viste en Los Pol\u00edticos"},"url":"https:\/\/lospoliticosveracruz.com\/?author=2"}]}},"_links":{"self":[{"href":"https:\/\/lospoliticosveracruz.com\/index.php?rest_route=\/wp\/v2\/posts\/25567","targetHints":{"allow":["GET"]}}],"collection":[{"href":"https:\/\/lospoliticosveracruz.com\/index.php?rest_route=\/wp\/v2\/posts"}],"about":[{"href":"https:\/\/lospoliticosveracruz.com\/index.php?rest_route=\/wp\/v2\/types\/post"}],"author":[{"embeddable":true,"href":"https:\/\/lospoliticosveracruz.com\/index.php?rest_route=\/wp\/v2\/users\/2"}],"replies":[{"embeddable":true,"href":"https:\/\/lospoliticosveracruz.com\/index.php?rest_route=%2Fwp%2Fv2%2Fcomments&post=25567"}],"version-history":[{"count":2,"href":"https:\/\/lospoliticosveracruz.com\/index.php?rest_route=\/wp\/v2\/posts\/25567\/revisions"}],"predecessor-version":[{"id":25639,"href":"https:\/\/lospoliticosveracruz.com\/index.php?rest_route=\/wp\/v2\/posts\/25567\/revisions\/25639"}],"wp:attachment":[{"href":"https:\/\/lospoliticosveracruz.com\/index.php?rest_route=%2Fwp%2Fv2%2Fmedia&parent=25567"}],"wp:term":[{"taxonomy":"category","embeddable":true,"href":"https:\/\/lospoliticosveracruz.com\/index.php?rest_route=%2Fwp%2Fv2%2Fcategories&post=25567"},{"taxonomy":"post_tag","embeddable":true,"href":"https:\/\/lospoliticosveracruz.com\/index.php?rest_route=%2Fwp%2Fv2%2Ftags&post=25567"}],"curies":[{"name":"wp","href":"https:\/\/api.w.org\/{rel}","templated":true}]}}