{"id":25570,"date":"2016-09-14T06:43:35","date_gmt":"2016-09-14T11:43:35","guid":{"rendered":"http:\/\/www.lospoliticosveracruz.com.mx\/?p=25570"},"modified":"2016-09-14T06:43:35","modified_gmt":"2016-09-14T11:43:35","slug":"sara-la-rectora-y-la-mujer","status":"publish","type":"post","link":"https:\/\/lospoliticosveracruz.com\/?p=25570","title":{"rendered":"Sara, la rectora y la mujer"},"content":{"rendered":"<p><strong>Brenda Caballero<\/strong><\/p>\n<p><em>N\u00fameros Rojos<\/em><\/p>\n<p>Siempre da gusto ver a las mujeres organizadas, dijo la Rectora de la Universidad Veracruzana, Sara Ladr\u00f3n de Guevara, al compartir el pan y la sal con integrantes de la Asociaci\u00f3n Civil \u201cVeracruzanas L\u00edderes de Opini\u00f3n y de Acci\u00f3n\u201d (Veloa) quienes se estrenaban con ella como invitada de lujo; aunque tambi\u00e9n hubo varones presentes, pues como dijera la Rectora: \u201cNo hay que discriminar a los se\u00f1ores\u201d, entre ellos: Rafael Ruiz Arroyo, secretario particular de la Rectora; Miguel \u00c1ngel Mac\u00edas Parra, director de la revista Vida Nova; Raciel Mart\u00ednez G\u00f3mez, director de Comunicaci\u00f3n Social de la UV, quien asegur\u00f3 sentirse muy bien con las mujeres, contrario a Melit\u00f3n Morales Dom\u00ednguez, director de la revista An\u00e1lisis Pol\u00edtico, que dijo sentirse un poco nervioso.<\/p>\n<p>Despu\u00e9s de escuchar la emotiva bienvenida por parte de las mujeres que integramos Veloa, Sara se torn\u00f3 emotiva, sensible y habl\u00f3 de su persona, su trabajo, sus ideales, cr\u00edticas recibidas, as\u00ed como lo que viene.<\/p>\n<p><em>* \u201cLlevo la bandera de mi g\u00e9nero\u201d<\/em><\/p>\n<p>\u00bfD\u00f3nde qued\u00f3 eso de que somos tantas? se pregunta Sara, en referencia a que la mayor\u00eda de la poblaci\u00f3n somos mujeres. Incluso, casi 55 por ciento de la matr\u00edcula de la UV son mujeres. \u201cTenemos que luchar por su reconocimiento, sus derechos, pues los derechos de las mujeres son los mismos derechos humanos\u201d. Resalta que es necesaria la presencia de la mujer en el \u00e1mbito p\u00fablico pues actualmente es la \u00fanica rectora de una universidad p\u00fablica estatal, adem\u00e1s de que s\u00f3lo hay una gobernadora en el pa\u00eds.<\/p>\n<p>Sara se manifest\u00f3 tambi\u00e9n a favor de la cuota de g\u00e9nero para los temas de los partidos pol\u00edticos e indic\u00f3 que tiene que ser necesaria, pues de lo contrario, los se\u00f1ores que dominan este campo \u201cno nos van a dejar\u201d, no as\u00ed para los temas acad\u00e9micos, all\u00ed es necesaria la Cultura de la Meritocracia.<\/p>\n<p><em>* \u201cHe sido objeto de cr\u00edticas de las que no han sido los varones\u201d<\/em><\/p>\n<p>Confiesa que la adversidad frente al g\u00e9nero es tremenda; hay una gran presi\u00f3n sobre las mujeres que ejercen cargos p\u00fablicos, lo vemos en los t\u00e9rminos pol\u00edticos y decisiones muy fuertes. Cit\u00f3 el ejemplo de la directora del Instituto Polit\u00e9cnico Nacional, Yolox\u00f3chitl Bustamante D\u00edez, quien renunci\u00f3 a causa de un reglamento interno de decisi\u00f3n colegiada, no as\u00ed el rector de la UNAM, Francisco Barn\u00e9s de Castro, quien permaneci\u00f3 en el cargo tras once meses de huelga por el intento de cobro de cuotas a los alumnos. \u201cNos tratan distinto, hay que hacer conciencia\u201d.<\/p>\n<p>Sara no est\u00e1 exenta, ha recibido cr\u00edticas como Rectora de la UV, de inicio, por tener dos secretarias a su lado, comprar dos camionetas que responden a que las recibidas de la administraci\u00f3n anterior ten\u00edan m\u00e1s de 300 mil km. \u201c\u00bfCon qu\u00e9 seguridad vas a viajar en ellas?\u201d, le pregunt\u00f3 su esposo, as\u00ed como el salario que gana, el cual no se lo fij\u00f3 ella, sino viene de rectores anteriores.<\/p>\n<p>\u00a1Vaya! hasta su vestimenta se le critica. Por eso tuvo que guardar hasta en tiempos electorales su apreciada chamarra roja comprada en Naolinco. \u201c\u00bfViene de azul?\u201d, le pregunto en tono de broma; \u201cvengo de arco iris\u201d, me dice mientras se levanta ense\u00f1\u00e1ndome su vestido; alza la mano, cierra el pu\u00f1o y expresa: \u201cen apoyo a la diversidad\u201d.<\/p>\n<p><em>* \u201cTenemos que defender a quien tiene una identidad diversa\u201d<\/em><\/p>\n<p>Se manifiesta en defensa del grupo l\u00e9sbico-gay y en contra de la criminalizaci\u00f3n de los abortos.<\/p>\n<p>Con respecto a la Ley por la Vida indic\u00f3: \u201cMe parece incre\u00edble que en pleno siglo XXI estamos legislando hacia atr\u00e1s&#8230; El estado est\u00e1 obligado a dar una educaci\u00f3n laica&#8230; todas estas discusiones me parecen retr\u00f3gradas&#8230; vamos para atr\u00e1s\u201d.<\/p>\n<p>Tenemos que pensar en las futuras generaciones y a veces cuesta trabajo porque estamos constituidas con formatos del siglo XIX, maestros del siglo XX y alumnos del siglo XXI. Tenemos que hacer los mejores seres humanos para el futuro, sin odios ni rencores.<\/p>\n<p><em>* \u201cNo tengo partido; la UV trabaja para Veracruz\u201d<\/em><\/p>\n<p>Soy pol\u00edtica, trabajo en pol\u00edtica educativa. Tengo un compromiso con mi comunidad estudiantil y con Veracruz, no con ning\u00fan partido, no trabajo para un gobierno, pero soy muy respetuosa de las instituciones y puedo trabajar hombro con hombro con cualquier autoridad. En lo personal, no me incumbe qui\u00e9n gana la elecci\u00f3n, pues la UV debe mantener la estabilidad, mesura, cuidado y responder solo a los veracruzanos.<\/p>\n<p>Sara enfatiz\u00f3 tambi\u00e9n: \u201cNo trabaj\u00e9 para que ganara Miguel \u00c1ngel Yunes Linares\u201d y con respecto a Javier Duarte dijo que el gobernador tuvo la gran oportunidad de revertir los resultados de la elecci\u00f3n pasada, si le hubiera dado los recursos a la UV, pero no lo hizo.<\/p>\n<p>Respecto al Plan Veracruzano de Desarrollo, indic\u00f3 que llevan casi dos mil propuestas, en su mayor\u00eda de varones. El PVD significa para los veracruzanos una luz de esperanza, pues all\u00ed pueden decir y expresar todo lo que quieran, adem\u00e1s de que han ido de todos los partidos pol\u00edticos.<\/p>\n<p>Al final se le entregar\u00e1 al gobernador electo un proyecto, del que la UV recibir\u00e1 un pago.<\/p>\n<p><em>* \u201cSoy la misma Sara\u201d<\/em><\/p>\n<p>Ante mi cuestionamiento si hab\u00eda cambiado su discurso de acad\u00e9mico a pol\u00edtico, asegur\u00f3 seguir siendo la misma, \u201cni mi forma de vida ni mi visi\u00f3n del mundo, sino que las circunstancias me han hecho as\u00ed\u201d, aunque asegura que se ha hecho dura por las terribles cr\u00edticas que tiene que ver con el g\u00e9nero.<\/p>\n<p>Sara se confiesa ordenada. Se levanta a las 6 de la ma\u00f1ana, desayuna con su hijo de 15 a\u00f1os (su principal proyecto de vida), hace pilates, trata de comer siempre con su familia, pues su marido cocina muy rico.<\/p>\n<p>La pl\u00e1tica trajo el recuerdo de su embarazo, cuando era Secretaria Acad\u00e9mica. A la semana ya estaba trabajando; se llev\u00f3 a su beb\u00e9 con su ni\u00f1era y cuando lloraba, iba y lo amamantaba, \u201ctres meses hice eso; a los tres meses un d\u00eda, mi beb\u00e9 se qued\u00f3 en casa, m\u00e1s grandecito lo llevaba a clases de nataci\u00f3n y de cello&#8230; He procurado darle tiempo a mi hijo\u201d.<\/p>\n<p><em>* \u00bfQu\u00e9 sigue para Sara?<\/em><\/p>\n<p>Aclar\u00f3 que recibi\u00f3 invitaci\u00f3n del gobernador electo Miguel \u00c1ngel Yunes para incorporarse a una secretar\u00eda, sin embargo, \u201ctengo un proyecto para la UV, la conozco y si me voy, la comunidad me lo reclamar\u00eda y dir\u00edan: La se\u00f1ora quer\u00eda un hueso\u201d.<\/p>\n<p>Nos queda un a\u00f1o y mejoraremos los indicadores de la UV. Sobre la reelecci\u00f3n dijo: \u201cNo son los tiempos para pronunciarme al respecto, pero tengo un proyecto para la UV m\u00e1s a mediano plazo, pero si no me quedo en la rector\u00eda, no me muero; la silla de la rector\u00eda no es m\u00eda, la administraci\u00f3n es muy ingrata, entonces me quedar\u00e9 con lo m\u00edo, mis libros&#8230; Soy Sara y soy arque\u00f3loga. A lo mejor alg\u00fan d\u00eda encuentro una cabeza colosal\u201d<\/p>\n<p>&nbsp;<\/p>\n<p><u><a href=\"mailto:caballero_brenda@hotmail.com\">caballero_brenda@hotmail.com<\/a><\/u><\/p>\n<p>@NumerosRojos_BC<\/p>\n","protected":false},"excerpt":{"rendered":"<p>Brenda Caballero N\u00fameros Rojos Siempre da gusto ver a las mujeres organizadas, dijo la Rectora de la Universidad Veracruzana, Sara Ladr\u00f3n de Guevara, al compartir el pan y la sal con integrantes de la Asociaci\u00f3n Civil \u201cVeracruzanas L\u00edderes de Opini\u00f3n y de Acci\u00f3n\u201d (Veloa) quienes se estrenaban con ella como invitada de lujo; aunque tambi\u00e9n [&hellip;]<\/p>\n","protected":false},"author":2,"featured_media":0,"comment_status":"open","ping_status":"open","sticky":false,"template":"","format":"standard","meta":{"tdm_status":"","tdm_grid_status":"","footnotes":""},"categories":[70],"tags":[2859,2595,2538,6132,755],"class_list":{"0":"post-25570","1":"post","2":"type-post","3":"status-publish","4":"format-standard","6":"category-de-opinion","7":"tag-aborto","8":"tag-comunidad-lesbico-gay","9":"tag-cuota-de-genero","10":"tag-plan-veracruzano-de-desarrollo-2016-2018","11":"tag-sara-ladron-de-guevara"},"yoast_head":"<!-- This site is optimized with the Yoast SEO plugin v27.4 - https:\/\/yoast.com\/product\/yoast-seo-wordpress\/ -->\n<title>Sara, la rectora y la mujer - Los pol\u00edticos Veracruz<\/title>\n<meta name=\"robots\" content=\"index, follow, max-snippet:-1, max-image-preview:large, max-video-preview:-1\" \/>\n<link rel=\"canonical\" href=\"https:\/\/lospoliticosveracruz.com\/?p=25570\" \/>\n<meta property=\"og:locale\" content=\"es_ES\" \/>\n<meta property=\"og:type\" content=\"article\" \/>\n<meta property=\"og:title\" content=\"Sara, la rectora y la mujer - Los pol\u00edticos Veracruz\" \/>\n<meta property=\"og:description\" content=\"Brenda Caballero N\u00fameros Rojos Siempre da gusto ver a las mujeres organizadas, dijo la Rectora de la Universidad Veracruzana, Sara Ladr\u00f3n de Guevara, al compartir el pan y la sal con integrantes de la Asociaci\u00f3n Civil \u201cVeracruzanas L\u00edderes de Opini\u00f3n y de Acci\u00f3n\u201d (Veloa) quienes se estrenaban con ella como invitada de lujo; aunque tambi\u00e9n [&hellip;]\" \/>\n<meta property=\"og:url\" content=\"https:\/\/lospoliticosveracruz.com\/?p=25570\" \/>\n<meta property=\"og:site_name\" content=\"Los pol\u00edticos Veracruz\" \/>\n<meta property=\"article:publisher\" content=\"https:\/\/www.facebook.com\/people\/Notimemes-de-los-Polticos\/61565672886568\/\" \/>\n<meta property=\"article:published_time\" content=\"2016-09-14T11:43:35+00:00\" \/>\n<meta property=\"og:image\" content=\"https:\/\/lospoliticosveracruz.com\/wp-content\/uploads\/2016\/07\/Logo-Dor.jpg\" \/>\n\t<meta property=\"og:image:width\" content=\"200\" \/>\n\t<meta property=\"og:image:height\" content=\"200\" \/>\n\t<meta property=\"og:image:type\" content=\"image\/jpeg\" \/>\n<meta name=\"author\" content=\"Lo viste en Los Pol\u00edticos\" \/>\n<meta name=\"twitter:card\" content=\"summary_large_image\" \/>\n<meta name=\"twitter:creator\" content=\"@LosPoliticosVer\" \/>\n<meta name=\"twitter:site\" content=\"@LosPoliticosVer\" \/>\n<meta name=\"twitter:label1\" content=\"Escrito por\" \/>\n\t<meta name=\"twitter:data1\" content=\"Lo viste en Los Pol\u00edticos\" \/>\n\t<meta name=\"twitter:label2\" content=\"Tiempo de lectura\" \/>\n\t<meta name=\"twitter:data2\" content=\"6 minutos\" \/>\n<script type=\"application\/ld+json\" class=\"yoast-schema-graph\">{\"@context\":\"https:\\\/\\\/schema.org\",\"@graph\":[{\"@type\":\"Article\",\"@id\":\"https:\\\/\\\/lospoliticosveracruz.com\\\/?p=25570#article\",\"isPartOf\":{\"@id\":\"https:\\\/\\\/lospoliticosveracruz.com\\\/?p=25570\"},\"author\":{\"name\":\"Lo viste en Los Pol\u00edticos\",\"@id\":\"https:\\\/\\\/lospoliticosveracruz.com\\\/#\\\/schema\\\/person\\\/b8702bb0e538456e6efd07080bf2a4a2\"},\"headline\":\"Sara, la rectora y la mujer\",\"datePublished\":\"2016-09-14T11:43:35+00:00\",\"mainEntityOfPage\":{\"@id\":\"https:\\\/\\\/lospoliticosveracruz.com\\\/?p=25570\"},\"wordCount\":1227,\"commentCount\":0,\"publisher\":{\"@id\":\"https:\\\/\\\/lospoliticosveracruz.com\\\/#organization\"},\"keywords\":[\"Aborto\",\"comunidad L\u00e9sbico-Gay\",\"cuota de g\u00e9nero\",\"Plan Veracruzano de Desarrollo 2016-2018\",\"Sara Ladr\u00f3n de Guevara\"],\"articleSection\":[\"De Opini\u00f3n\"],\"inLanguage\":\"es\",\"potentialAction\":[{\"@type\":\"CommentAction\",\"name\":\"Comment\",\"target\":[\"https:\\\/\\\/lospoliticosveracruz.com\\\/?p=25570#respond\"]}]},{\"@type\":\"WebPage\",\"@id\":\"https:\\\/\\\/lospoliticosveracruz.com\\\/?p=25570\",\"url\":\"https:\\\/\\\/lospoliticosveracruz.com\\\/?p=25570\",\"name\":\"Sara, la rectora y la mujer - Los pol\u00edticos Veracruz\",\"isPartOf\":{\"@id\":\"https:\\\/\\\/lospoliticosveracruz.com\\\/#website\"},\"datePublished\":\"2016-09-14T11:43:35+00:00\",\"breadcrumb\":{\"@id\":\"https:\\\/\\\/lospoliticosveracruz.com\\\/?p=25570#breadcrumb\"},\"inLanguage\":\"es\",\"potentialAction\":[{\"@type\":\"ReadAction\",\"target\":[\"https:\\\/\\\/lospoliticosveracruz.com\\\/?p=25570\"]}]},{\"@type\":\"BreadcrumbList\",\"@id\":\"https:\\\/\\\/lospoliticosveracruz.com\\\/?p=25570#breadcrumb\",\"itemListElement\":[{\"@type\":\"ListItem\",\"position\":1,\"name\":\"Portada\",\"item\":\"https:\\\/\\\/lospoliticosveracruz.com\\\/\"},{\"@type\":\"ListItem\",\"position\":2,\"name\":\"Sara, la rectora y la mujer\"}]},{\"@type\":\"WebSite\",\"@id\":\"https:\\\/\\\/lospoliticosveracruz.com\\\/#website\",\"url\":\"https:\\\/\\\/lospoliticosveracruz.com\\\/\",\"name\":\"Los pol\u00edticos Veracruz\",\"description\":\"\",\"publisher\":{\"@id\":\"https:\\\/\\\/lospoliticosveracruz.com\\\/#organization\"},\"potentialAction\":[{\"@type\":\"SearchAction\",\"target\":{\"@type\":\"EntryPoint\",\"urlTemplate\":\"https:\\\/\\\/lospoliticosveracruz.com\\\/?s={search_term_string}\"},\"query-input\":{\"@type\":\"PropertyValueSpecification\",\"valueRequired\":true,\"valueName\":\"search_term_string\"}}],\"inLanguage\":\"es\"},{\"@type\":\"Organization\",\"@id\":\"https:\\\/\\\/lospoliticosveracruz.com\\\/#organization\",\"name\":\"Los pol\u00edticos Veracruz\",\"url\":\"https:\\\/\\\/lospoliticosveracruz.com\\\/\",\"logo\":{\"@type\":\"ImageObject\",\"inLanguage\":\"es\",\"@id\":\"https:\\\/\\\/lospoliticosveracruz.com\\\/#\\\/schema\\\/logo\\\/image\\\/\",\"url\":\"https:\\\/\\\/lospoliticosveracruz.com\\\/wp-content\\\/uploads\\\/2025\\\/12\\\/Logo-Nuevo-LOS-POLITICOS-1.jpg\",\"contentUrl\":\"https:\\\/\\\/lospoliticosveracruz.com\\\/wp-content\\\/uploads\\\/2025\\\/12\\\/Logo-Nuevo-LOS-POLITICOS-1.jpg\",\"width\":260,\"height\":70,\"caption\":\"Los pol\u00edticos Veracruz\"},\"image\":{\"@id\":\"https:\\\/\\\/lospoliticosveracruz.com\\\/#\\\/schema\\\/logo\\\/image\\\/\"},\"sameAs\":[\"https:\\\/\\\/www.facebook.com\\\/people\\\/Notimemes-de-los-Polticos\\\/61565672886568\\\/\",\"https:\\\/\\\/x.com\\\/LosPoliticosVer\"]},{\"@type\":\"Person\",\"@id\":\"https:\\\/\\\/lospoliticosveracruz.com\\\/#\\\/schema\\\/person\\\/b8702bb0e538456e6efd07080bf2a4a2\",\"name\":\"Lo viste en Los Pol\u00edticos\",\"image\":{\"@type\":\"ImageObject\",\"inLanguage\":\"es\",\"@id\":\"https:\\\/\\\/secure.gravatar.com\\\/avatar\\\/3a8de04a2656d44082be478bd6c086daa447c4651605818287b9532d3d0bd435?s=96&d=mm&r=g\",\"url\":\"https:\\\/\\\/secure.gravatar.com\\\/avatar\\\/3a8de04a2656d44082be478bd6c086daa447c4651605818287b9532d3d0bd435?s=96&d=mm&r=g\",\"contentUrl\":\"https:\\\/\\\/secure.gravatar.com\\\/avatar\\\/3a8de04a2656d44082be478bd6c086daa447c4651605818287b9532d3d0bd435?s=96&d=mm&r=g\",\"caption\":\"Lo viste en Los Pol\u00edticos\"},\"url\":\"https:\\\/\\\/lospoliticosveracruz.com\\\/?author=2\"}]}<\/script>\n<!-- \/ Yoast SEO plugin. -->","yoast_head_json":{"title":"Sara, la rectora y la mujer - Los pol\u00edticos Veracruz","robots":{"index":"index","follow":"follow","max-snippet":"max-snippet:-1","max-image-preview":"max-image-preview:large","max-video-preview":"max-video-preview:-1"},"canonical":"https:\/\/lospoliticosveracruz.com\/?p=25570","og_locale":"es_ES","og_type":"article","og_title":"Sara, la rectora y la mujer - Los pol\u00edticos Veracruz","og_description":"Brenda Caballero N\u00fameros Rojos Siempre da gusto ver a las mujeres organizadas, dijo la Rectora de la Universidad Veracruzana, Sara Ladr\u00f3n de Guevara, al compartir el pan y la sal con integrantes de la Asociaci\u00f3n Civil \u201cVeracruzanas L\u00edderes de Opini\u00f3n y de Acci\u00f3n\u201d (Veloa) quienes se estrenaban con ella como invitada de lujo; aunque tambi\u00e9n [&hellip;]","og_url":"https:\/\/lospoliticosveracruz.com\/?p=25570","og_site_name":"Los pol\u00edticos Veracruz","article_publisher":"https:\/\/www.facebook.com\/people\/Notimemes-de-los-Polticos\/61565672886568\/","article_published_time":"2016-09-14T11:43:35+00:00","og_image":[{"width":200,"height":200,"url":"https:\/\/lospoliticosveracruz.com\/wp-content\/uploads\/2016\/07\/Logo-Dor.jpg","type":"image\/jpeg"}],"author":"Lo viste en Los Pol\u00edticos","twitter_card":"summary_large_image","twitter_creator":"@LosPoliticosVer","twitter_site":"@LosPoliticosVer","twitter_misc":{"Escrito por":"Lo viste en Los Pol\u00edticos","Tiempo de lectura":"6 minutos"},"schema":{"@context":"https:\/\/schema.org","@graph":[{"@type":"Article","@id":"https:\/\/lospoliticosveracruz.com\/?p=25570#article","isPartOf":{"@id":"https:\/\/lospoliticosveracruz.com\/?p=25570"},"author":{"name":"Lo viste en Los Pol\u00edticos","@id":"https:\/\/lospoliticosveracruz.com\/#\/schema\/person\/b8702bb0e538456e6efd07080bf2a4a2"},"headline":"Sara, la rectora y la mujer","datePublished":"2016-09-14T11:43:35+00:00","mainEntityOfPage":{"@id":"https:\/\/lospoliticosveracruz.com\/?p=25570"},"wordCount":1227,"commentCount":0,"publisher":{"@id":"https:\/\/lospoliticosveracruz.com\/#organization"},"keywords":["Aborto","comunidad L\u00e9sbico-Gay","cuota de g\u00e9nero","Plan Veracruzano de Desarrollo 2016-2018","Sara Ladr\u00f3n de Guevara"],"articleSection":["De Opini\u00f3n"],"inLanguage":"es","potentialAction":[{"@type":"CommentAction","name":"Comment","target":["https:\/\/lospoliticosveracruz.com\/?p=25570#respond"]}]},{"@type":"WebPage","@id":"https:\/\/lospoliticosveracruz.com\/?p=25570","url":"https:\/\/lospoliticosveracruz.com\/?p=25570","name":"Sara, la rectora y la mujer - Los pol\u00edticos Veracruz","isPartOf":{"@id":"https:\/\/lospoliticosveracruz.com\/#website"},"datePublished":"2016-09-14T11:43:35+00:00","breadcrumb":{"@id":"https:\/\/lospoliticosveracruz.com\/?p=25570#breadcrumb"},"inLanguage":"es","potentialAction":[{"@type":"ReadAction","target":["https:\/\/lospoliticosveracruz.com\/?p=25570"]}]},{"@type":"BreadcrumbList","@id":"https:\/\/lospoliticosveracruz.com\/?p=25570#breadcrumb","itemListElement":[{"@type":"ListItem","position":1,"name":"Portada","item":"https:\/\/lospoliticosveracruz.com\/"},{"@type":"ListItem","position":2,"name":"Sara, la rectora y la mujer"}]},{"@type":"WebSite","@id":"https:\/\/lospoliticosveracruz.com\/#website","url":"https:\/\/lospoliticosveracruz.com\/","name":"Los pol\u00edticos Veracruz","description":"","publisher":{"@id":"https:\/\/lospoliticosveracruz.com\/#organization"},"potentialAction":[{"@type":"SearchAction","target":{"@type":"EntryPoint","urlTemplate":"https:\/\/lospoliticosveracruz.com\/?s={search_term_string}"},"query-input":{"@type":"PropertyValueSpecification","valueRequired":true,"valueName":"search_term_string"}}],"inLanguage":"es"},{"@type":"Organization","@id":"https:\/\/lospoliticosveracruz.com\/#organization","name":"Los pol\u00edticos Veracruz","url":"https:\/\/lospoliticosveracruz.com\/","logo":{"@type":"ImageObject","inLanguage":"es","@id":"https:\/\/lospoliticosveracruz.com\/#\/schema\/logo\/image\/","url":"https:\/\/lospoliticosveracruz.com\/wp-content\/uploads\/2025\/12\/Logo-Nuevo-LOS-POLITICOS-1.jpg","contentUrl":"https:\/\/lospoliticosveracruz.com\/wp-content\/uploads\/2025\/12\/Logo-Nuevo-LOS-POLITICOS-1.jpg","width":260,"height":70,"caption":"Los pol\u00edticos Veracruz"},"image":{"@id":"https:\/\/lospoliticosveracruz.com\/#\/schema\/logo\/image\/"},"sameAs":["https:\/\/www.facebook.com\/people\/Notimemes-de-los-Polticos\/61565672886568\/","https:\/\/x.com\/LosPoliticosVer"]},{"@type":"Person","@id":"https:\/\/lospoliticosveracruz.com\/#\/schema\/person\/b8702bb0e538456e6efd07080bf2a4a2","name":"Lo viste en Los Pol\u00edticos","image":{"@type":"ImageObject","inLanguage":"es","@id":"https:\/\/secure.gravatar.com\/avatar\/3a8de04a2656d44082be478bd6c086daa447c4651605818287b9532d3d0bd435?s=96&d=mm&r=g","url":"https:\/\/secure.gravatar.com\/avatar\/3a8de04a2656d44082be478bd6c086daa447c4651605818287b9532d3d0bd435?s=96&d=mm&r=g","contentUrl":"https:\/\/secure.gravatar.com\/avatar\/3a8de04a2656d44082be478bd6c086daa447c4651605818287b9532d3d0bd435?s=96&d=mm&r=g","caption":"Lo viste en Los Pol\u00edticos"},"url":"https:\/\/lospoliticosveracruz.com\/?author=2"}]}},"_links":{"self":[{"href":"https:\/\/lospoliticosveracruz.com\/index.php?rest_route=\/wp\/v2\/posts\/25570","targetHints":{"allow":["GET"]}}],"collection":[{"href":"https:\/\/lospoliticosveracruz.com\/index.php?rest_route=\/wp\/v2\/posts"}],"about":[{"href":"https:\/\/lospoliticosveracruz.com\/index.php?rest_route=\/wp\/v2\/types\/post"}],"author":[{"embeddable":true,"href":"https:\/\/lospoliticosveracruz.com\/index.php?rest_route=\/wp\/v2\/users\/2"}],"replies":[{"embeddable":true,"href":"https:\/\/lospoliticosveracruz.com\/index.php?rest_route=%2Fwp%2Fv2%2Fcomments&post=25570"}],"version-history":[{"count":2,"href":"https:\/\/lospoliticosveracruz.com\/index.php?rest_route=\/wp\/v2\/posts\/25570\/revisions"}],"predecessor-version":[{"id":25618,"href":"https:\/\/lospoliticosveracruz.com\/index.php?rest_route=\/wp\/v2\/posts\/25570\/revisions\/25618"}],"wp:attachment":[{"href":"https:\/\/lospoliticosveracruz.com\/index.php?rest_route=%2Fwp%2Fv2%2Fmedia&parent=25570"}],"wp:term":[{"taxonomy":"category","embeddable":true,"href":"https:\/\/lospoliticosveracruz.com\/index.php?rest_route=%2Fwp%2Fv2%2Fcategories&post=25570"},{"taxonomy":"post_tag","embeddable":true,"href":"https:\/\/lospoliticosveracruz.com\/index.php?rest_route=%2Fwp%2Fv2%2Ftags&post=25570"}],"curies":[{"name":"wp","href":"https:\/\/api.w.org\/{rel}","templated":true}]}}