{"id":25663,"date":"2016-09-14T11:06:47","date_gmt":"2016-09-14T16:06:47","guid":{"rendered":"http:\/\/www.lospoliticosveracruz.com.mx\/?p=25663"},"modified":"2016-09-14T20:14:55","modified_gmt":"2016-09-15T01:14:55","slug":"antorcha-y-sus-manifestaciones","status":"publish","type":"post","link":"https:\/\/lospoliticosveracruz.com\/?p=25663","title":{"rendered":"Antorcha y sus manifestaciones"},"content":{"rendered":"<p><strong>Luis Alberto Romero<\/strong><\/p>\n<p><em>Hora Cero<\/em><\/p>\n<p>&nbsp;<\/p>\n<p>Este mi\u00e9rcoles, mientras en la ciudad de Puebla cientos de j\u00f3venes afiliados a la Federaci\u00f3n Nacional de Estudiantes Revolucionarios Rafael Ram\u00edrez, padres de familia y maestros, simpatizantes todos de Antorcha Campesina, salieron a las calles para exigir al ayuntamiento poblano atenci\u00f3n y respuesta a demandas de infraestructura educativa,\u00a0 en Veracruz, un nutrido grupo de alumnos de diferentes instituciones educativas se plantaron en las oficinas de la Secretar\u00eda de Finanzas y Planeaci\u00f3n para reclamar recursos para obras en escuelas, as\u00ed como mobiliario.<\/p>\n<p>En Puebla, los estudiantes antorchistas reclamaron, entre otros puntos, la liberaci\u00f3n de ocho millones de pesos, que fueron gestionados por los legisladores de la organizaci\u00f3n, y que servir\u00edan para la construcci\u00f3n de la escuela Secundaria T\u00e9cnica n\u00famero 143 de Santa Ana Xalmimilulco; de igual manera, en otros puntos de la ciudad, pidieron que se concluyan los trabajos para la construcci\u00f3n de un auditorio en la colonia La Esperanza, y la donaci\u00f3n de un terreno para fundar una escuela en la colonia Tlanesse.<\/p>\n<p>Se trata de un movimiento nacional que, con diferentes demandas, se manifest\u00f3 este mi\u00e9rcoles: en Nayarit, por ejemplo, hubo protestas por el incumplimiento y la desatenci\u00f3n de algunas dependencias federales, como la Secretar\u00eda de Comunicaciones y Transportes, a los compromisos contra\u00eddos con la agrupaci\u00f3n que encabeza Aquiles C\u00f3rdova Mor\u00e1n, b\u00e1sicamente caminos rurales.<\/p>\n<p>Mientras tanto, en Guanajuato, un numeroso grupo de vecinos de localidades de San Miguel Allende y Dolores Hidalgo se presentaron en el Centro SCT para demandar la aplicaci\u00f3n de recursos para la construcci\u00f3n de seis caminos. Esa movilizaci\u00f3n obedece a que existe el compromiso de dicha dependencia y de la Secretar\u00eda de Hacienda y Cr\u00e9dito P\u00fablico para aplicar recursos en infraestructura caminera en esos lugares; el problema es que la SHCP no libera el dinero porque la SCT no entrega los proyectos ni define los tramos a reparar. Es un problema que se arrastra desde hace dos a\u00f1os.<\/p>\n<p>As\u00ed las cosas, este mi\u00e9rcoles, Antorcha Campesina tuvo un d\u00eda de manifestaciones en diferentes puntos del pa\u00eds; en algunas entidades, como Guanajuato y Nayarit, exigiendo caminos; y en otras, como Veracruz y Puebla, demandando inversi\u00f3n en infraestructura educativa.<\/p>\n<p>Las demandas antorchistas pasaron tambi\u00e9n por la exigencia de un bordo de contenci\u00f3n en el ejido Mayr\u00e1n, en Coahuila; viviendas en comunidades de Chiapas; obras para colonias en Sonora; introducci\u00f3n de energ\u00eda el\u00e9ctrica en Chetumal, Quintana Roo; etc\u00e9tera.<\/p>\n<p>En el caso de Veracruz, los estudiantes, maestros y padres de familia que simpatizan con la causa antorchista, a los que tambi\u00e9n se sumaron colonos, se\u00f1alan que la Sefiplan retiene recursos por un monto cercano a los 190 millones de pesos, mismos que fueron gestionados ante la Federaci\u00f3n por seis diputados federales de Antorcha, para ser aplicados en el mejoramiento de las condiciones de escuelas p\u00fablicas.<\/p>\n<p>La diputada Minerva Salcedo Baca explic\u00f3 que ese monto ser\u00eda aplicado en 23 obras en diferentes municipios veracruzanos. El problema es que ese recurso ya fue enviado desde la Federaci\u00f3n desde hace una semana, pero la Sefiplan sigue sin liberarlos; as\u00ed las cosas, habl\u00f3 del temor de que el dinero sea desviado a otros rubros que no favorezca a miles de familias que demandan obras y servicios sociales.<\/p>\n<p>Lo m\u00e1s lamentable es que ante la inminente quiebra financiera del gobierno de la entidad, y ante el desorden de la administraci\u00f3n estatal, lo m\u00e1s probable es que los recursos que demanda Antorcha no se apliquen en las obras para las que fueron gestionados y que tendr\u00edan que canalizarse a los municipios de Chicontepec, Tantoyuca, Tihuatl\u00e1n, San Rafael, Mart\u00ednez de la Torre, Xalapa, C\u00f3rdoba, Veracruz, Mecayapan y Soteapan.<\/p>\n<p>A eso se debe la protesta de una agrupaci\u00f3n que durante a\u00f1os se ha caracterizado por realizar una labor social que lo mismo incluye actividades culturales, como la Espartaqueada que organiza cada a\u00f1o, que gesti\u00f3n de obras y servicios en los asentamientos donde tiene presencia, que no son pocos porque se trata de un grupo que cuenta con m\u00e1s de un mill\u00f3n y medio de afiliados en todo el pa\u00eds.<\/p>\n<p><b>Vecinos de El Dique denuncian extorsi\u00f3n<\/b><\/p>\n<p>Vecinos y comerciantes del barrio de El Dique, de Xalapa, han levantado la voz en un tema que no es menor:<\/p>\n<p>Un personaje que deambula por sus calles se hace pasar por inspector de Comercio, los extorsiona, les pide documentaci\u00f3n, los amenaza con cerrar sus locales y argumenta que llevar\u00e1 a medios de comunicaci\u00f3n para denunciar supuestas irregularidades.<\/p>\n<p>Su nombre, Constantino Villa Rivas, quien al lado de Jos\u00e9 Luis Mart\u00ednez Corona, se ha presentado en diversas ocasiones ante medios de comunicaci\u00f3n, como integrante de la Coalici\u00f3n de Comit\u00e9s Vecinales del Centro Hist\u00f3rico.<\/p>\n<p>Sus declaraciones han llenado planas de cotidianos, p\u00e1ginas web, espacios en radio y televisi\u00f3n.<\/p>\n<p>Pero hoy, otros vecinos, estos s\u00ed aut\u00e9nticos, del barrio de El Dique, han salido ante los mismos medios de comunicaci\u00f3n para destapar a estos farsantes, o al menos eso dicen ellos.<\/p>\n<p>En un oficio enviado al alcalde Am\u00e9rico Z\u00fa\u00f1iga y que circularon a medios, los vecinos de El Dique acusan directamente a Constantino Villa Rivas y un grupo sin identificaci\u00f3n de un llamado Comit\u00e9 de Vecinos para la Defensa del Centro Hist\u00f3rico, por dedicarse a extorsionarlos, bajo la amenaza de cerrar sus negocios y clausurarlos.<\/p>\n<p>Decenas de locatarios, as\u00ed como payasos que trabajan los fines de semana en\u00a0Los Lagos,\u00a0se dicen afectados y por esa raz\u00f3n exigen a las autoridades municipales poner alto a esta persona para que no contin\u00fae con las arbitrariedades.<\/p>\n<p>Indicaron que los negocios que han sido afectados est\u00e1n en las calles\u00a0Venustiano Carranza, Reforma, Rodr\u00edguez Clara, La Paz, \u00c1lamos, Roble, M\u00e1rtires de Xalapa y Boca Negra, donde los due\u00f1os de comercios han manifestados su inconformidad en contra de quien se ostenta como l\u00edder.<\/p>\n<p>Le piden al presidente municipal que ponga un \u201calto total\u201d a este tipo de acciones.<\/p>\n<p>&nbsp;<\/p>\n<p>@luisromero85<\/p>\n","protected":false},"excerpt":{"rendered":"<p>Luis Alberto Romero Hora Cero &nbsp; Este mi\u00e9rcoles, mientras en la ciudad de Puebla cientos de j\u00f3venes afiliados a la Federaci\u00f3n Nacional de Estudiantes Revolucionarios Rafael Ram\u00edrez, padres de familia y maestros, simpatizantes todos de Antorcha Campesina, salieron a las calles para exigir al ayuntamiento poblano atenci\u00f3n y respuesta a demandas de infraestructura educativa,\u00a0 en [&hellip;]<\/p>\n","protected":false},"author":2,"featured_media":0,"comment_status":"open","ping_status":"open","sticky":false,"template":"","format":"standard","meta":{"tdm_status":"","tdm_grid_status":"","footnotes":""},"categories":[70],"tags":[3625,6260,544,6261,2356,3816,3132,640,2353,195],"class_list":{"0":"post-25663","1":"post","2":"type-post","3":"status-publish","4":"format-standard","6":"category-de-opinion","7":"tag-antorcha-campesina","8":"tag-chetumal","9":"tag-chiapas","10":"tag-constantino-villa-rivas","11":"tag-guanajuato","12":"tag-nayarit","13":"tag-puebla","14":"tag-sefiplan","15":"tag-sonora","16":"tag-veracruz"},"yoast_head":"<!-- This site is optimized with the Yoast SEO plugin v27.4 - https:\/\/yoast.com\/product\/yoast-seo-wordpress\/ -->\n<title>Antorcha y sus manifestaciones - Los pol\u00edticos Veracruz<\/title>\n<meta name=\"robots\" content=\"index, follow, max-snippet:-1, max-image-preview:large, max-video-preview:-1\" \/>\n<link rel=\"canonical\" href=\"https:\/\/lospoliticosveracruz.com\/?p=25663\" \/>\n<meta property=\"og:locale\" content=\"es_ES\" \/>\n<meta property=\"og:type\" content=\"article\" \/>\n<meta property=\"og:title\" content=\"Antorcha y sus manifestaciones - Los pol\u00edticos Veracruz\" \/>\n<meta property=\"og:description\" content=\"Luis Alberto Romero Hora Cero &nbsp; Este mi\u00e9rcoles, mientras en la ciudad de Puebla cientos de j\u00f3venes afiliados a la Federaci\u00f3n Nacional de Estudiantes Revolucionarios Rafael Ram\u00edrez, padres de familia y maestros, simpatizantes todos de Antorcha Campesina, salieron a las calles para exigir al ayuntamiento poblano atenci\u00f3n y respuesta a demandas de infraestructura educativa,\u00a0 en [&hellip;]\" \/>\n<meta property=\"og:url\" content=\"https:\/\/lospoliticosveracruz.com\/?p=25663\" \/>\n<meta property=\"og:site_name\" content=\"Los pol\u00edticos Veracruz\" \/>\n<meta property=\"article:publisher\" content=\"https:\/\/www.facebook.com\/people\/Notimemes-de-los-Polticos\/61565672886568\/\" \/>\n<meta property=\"article:published_time\" content=\"2016-09-14T16:06:47+00:00\" \/>\n<meta property=\"article:modified_time\" content=\"2016-09-15T01:14:55+00:00\" \/>\n<meta property=\"og:image\" content=\"https:\/\/lospoliticosveracruz.com\/wp-content\/uploads\/2016\/07\/Logo-Dor.jpg\" \/>\n\t<meta property=\"og:image:width\" content=\"200\" \/>\n\t<meta property=\"og:image:height\" content=\"200\" \/>\n\t<meta property=\"og:image:type\" content=\"image\/jpeg\" \/>\n<meta name=\"author\" content=\"Lo viste en Los Pol\u00edticos\" \/>\n<meta name=\"twitter:card\" content=\"summary_large_image\" \/>\n<meta name=\"twitter:creator\" content=\"@LosPoliticosVer\" \/>\n<meta name=\"twitter:site\" content=\"@LosPoliticosVer\" \/>\n<meta name=\"twitter:label1\" content=\"Escrito por\" \/>\n\t<meta name=\"twitter:data1\" content=\"Lo viste en Los Pol\u00edticos\" \/>\n\t<meta name=\"twitter:label2\" content=\"Tiempo de lectura\" \/>\n\t<meta name=\"twitter:data2\" content=\"5 minutos\" \/>\n<script type=\"application\/ld+json\" class=\"yoast-schema-graph\">{\"@context\":\"https:\\\/\\\/schema.org\",\"@graph\":[{\"@type\":\"Article\",\"@id\":\"https:\\\/\\\/lospoliticosveracruz.com\\\/?p=25663#article\",\"isPartOf\":{\"@id\":\"https:\\\/\\\/lospoliticosveracruz.com\\\/?p=25663\"},\"author\":{\"name\":\"Lo viste en Los Pol\u00edticos\",\"@id\":\"https:\\\/\\\/lospoliticosveracruz.com\\\/#\\\/schema\\\/person\\\/b8702bb0e538456e6efd07080bf2a4a2\"},\"headline\":\"Antorcha y sus manifestaciones\",\"datePublished\":\"2016-09-14T16:06:47+00:00\",\"dateModified\":\"2016-09-15T01:14:55+00:00\",\"mainEntityOfPage\":{\"@id\":\"https:\\\/\\\/lospoliticosveracruz.com\\\/?p=25663\"},\"wordCount\":1049,\"commentCount\":0,\"publisher\":{\"@id\":\"https:\\\/\\\/lospoliticosveracruz.com\\\/#organization\"},\"keywords\":[\"Antorcha Campesina\",\"Chetumal\",\"Chiapas\",\"Constantino Villa Rivas\",\"Guanajuato\",\"Nayarit\",\"Puebla\",\"Sefiplan\",\"Sonora\",\"Veracruz\"],\"articleSection\":[\"De Opini\u00f3n\"],\"inLanguage\":\"es\",\"potentialAction\":[{\"@type\":\"CommentAction\",\"name\":\"Comment\",\"target\":[\"https:\\\/\\\/lospoliticosveracruz.com\\\/?p=25663#respond\"]}]},{\"@type\":\"WebPage\",\"@id\":\"https:\\\/\\\/lospoliticosveracruz.com\\\/?p=25663\",\"url\":\"https:\\\/\\\/lospoliticosveracruz.com\\\/?p=25663\",\"name\":\"Antorcha y sus manifestaciones - Los pol\u00edticos Veracruz\",\"isPartOf\":{\"@id\":\"https:\\\/\\\/lospoliticosveracruz.com\\\/#website\"},\"datePublished\":\"2016-09-14T16:06:47+00:00\",\"dateModified\":\"2016-09-15T01:14:55+00:00\",\"breadcrumb\":{\"@id\":\"https:\\\/\\\/lospoliticosveracruz.com\\\/?p=25663#breadcrumb\"},\"inLanguage\":\"es\",\"potentialAction\":[{\"@type\":\"ReadAction\",\"target\":[\"https:\\\/\\\/lospoliticosveracruz.com\\\/?p=25663\"]}]},{\"@type\":\"BreadcrumbList\",\"@id\":\"https:\\\/\\\/lospoliticosveracruz.com\\\/?p=25663#breadcrumb\",\"itemListElement\":[{\"@type\":\"ListItem\",\"position\":1,\"name\":\"Portada\",\"item\":\"https:\\\/\\\/lospoliticosveracruz.com\\\/\"},{\"@type\":\"ListItem\",\"position\":2,\"name\":\"Antorcha y sus manifestaciones\"}]},{\"@type\":\"WebSite\",\"@id\":\"https:\\\/\\\/lospoliticosveracruz.com\\\/#website\",\"url\":\"https:\\\/\\\/lospoliticosveracruz.com\\\/\",\"name\":\"Los pol\u00edticos Veracruz\",\"description\":\"\",\"publisher\":{\"@id\":\"https:\\\/\\\/lospoliticosveracruz.com\\\/#organization\"},\"potentialAction\":[{\"@type\":\"SearchAction\",\"target\":{\"@type\":\"EntryPoint\",\"urlTemplate\":\"https:\\\/\\\/lospoliticosveracruz.com\\\/?s={search_term_string}\"},\"query-input\":{\"@type\":\"PropertyValueSpecification\",\"valueRequired\":true,\"valueName\":\"search_term_string\"}}],\"inLanguage\":\"es\"},{\"@type\":\"Organization\",\"@id\":\"https:\\\/\\\/lospoliticosveracruz.com\\\/#organization\",\"name\":\"Los pol\u00edticos Veracruz\",\"url\":\"https:\\\/\\\/lospoliticosveracruz.com\\\/\",\"logo\":{\"@type\":\"ImageObject\",\"inLanguage\":\"es\",\"@id\":\"https:\\\/\\\/lospoliticosveracruz.com\\\/#\\\/schema\\\/logo\\\/image\\\/\",\"url\":\"https:\\\/\\\/lospoliticosveracruz.com\\\/wp-content\\\/uploads\\\/2025\\\/12\\\/Logo-Nuevo-LOS-POLITICOS-1.jpg\",\"contentUrl\":\"https:\\\/\\\/lospoliticosveracruz.com\\\/wp-content\\\/uploads\\\/2025\\\/12\\\/Logo-Nuevo-LOS-POLITICOS-1.jpg\",\"width\":260,\"height\":70,\"caption\":\"Los pol\u00edticos Veracruz\"},\"image\":{\"@id\":\"https:\\\/\\\/lospoliticosveracruz.com\\\/#\\\/schema\\\/logo\\\/image\\\/\"},\"sameAs\":[\"https:\\\/\\\/www.facebook.com\\\/people\\\/Notimemes-de-los-Polticos\\\/61565672886568\\\/\",\"https:\\\/\\\/x.com\\\/LosPoliticosVer\"]},{\"@type\":\"Person\",\"@id\":\"https:\\\/\\\/lospoliticosveracruz.com\\\/#\\\/schema\\\/person\\\/b8702bb0e538456e6efd07080bf2a4a2\",\"name\":\"Lo viste en Los Pol\u00edticos\",\"image\":{\"@type\":\"ImageObject\",\"inLanguage\":\"es\",\"@id\":\"https:\\\/\\\/secure.gravatar.com\\\/avatar\\\/3a8de04a2656d44082be478bd6c086daa447c4651605818287b9532d3d0bd435?s=96&d=mm&r=g\",\"url\":\"https:\\\/\\\/secure.gravatar.com\\\/avatar\\\/3a8de04a2656d44082be478bd6c086daa447c4651605818287b9532d3d0bd435?s=96&d=mm&r=g\",\"contentUrl\":\"https:\\\/\\\/secure.gravatar.com\\\/avatar\\\/3a8de04a2656d44082be478bd6c086daa447c4651605818287b9532d3d0bd435?s=96&d=mm&r=g\",\"caption\":\"Lo viste en Los Pol\u00edticos\"},\"url\":\"https:\\\/\\\/lospoliticosveracruz.com\\\/?author=2\"}]}<\/script>\n<!-- \/ Yoast SEO plugin. -->","yoast_head_json":{"title":"Antorcha y sus manifestaciones - Los pol\u00edticos Veracruz","robots":{"index":"index","follow":"follow","max-snippet":"max-snippet:-1","max-image-preview":"max-image-preview:large","max-video-preview":"max-video-preview:-1"},"canonical":"https:\/\/lospoliticosveracruz.com\/?p=25663","og_locale":"es_ES","og_type":"article","og_title":"Antorcha y sus manifestaciones - Los pol\u00edticos Veracruz","og_description":"Luis Alberto Romero Hora Cero &nbsp; Este mi\u00e9rcoles, mientras en la ciudad de Puebla cientos de j\u00f3venes afiliados a la Federaci\u00f3n Nacional de Estudiantes Revolucionarios Rafael Ram\u00edrez, padres de familia y maestros, simpatizantes todos de Antorcha Campesina, salieron a las calles para exigir al ayuntamiento poblano atenci\u00f3n y respuesta a demandas de infraestructura educativa,\u00a0 en [&hellip;]","og_url":"https:\/\/lospoliticosveracruz.com\/?p=25663","og_site_name":"Los pol\u00edticos Veracruz","article_publisher":"https:\/\/www.facebook.com\/people\/Notimemes-de-los-Polticos\/61565672886568\/","article_published_time":"2016-09-14T16:06:47+00:00","article_modified_time":"2016-09-15T01:14:55+00:00","og_image":[{"width":200,"height":200,"url":"https:\/\/lospoliticosveracruz.com\/wp-content\/uploads\/2016\/07\/Logo-Dor.jpg","type":"image\/jpeg"}],"author":"Lo viste en Los Pol\u00edticos","twitter_card":"summary_large_image","twitter_creator":"@LosPoliticosVer","twitter_site":"@LosPoliticosVer","twitter_misc":{"Escrito por":"Lo viste en Los Pol\u00edticos","Tiempo de lectura":"5 minutos"},"schema":{"@context":"https:\/\/schema.org","@graph":[{"@type":"Article","@id":"https:\/\/lospoliticosveracruz.com\/?p=25663#article","isPartOf":{"@id":"https:\/\/lospoliticosveracruz.com\/?p=25663"},"author":{"name":"Lo viste en Los Pol\u00edticos","@id":"https:\/\/lospoliticosveracruz.com\/#\/schema\/person\/b8702bb0e538456e6efd07080bf2a4a2"},"headline":"Antorcha y sus manifestaciones","datePublished":"2016-09-14T16:06:47+00:00","dateModified":"2016-09-15T01:14:55+00:00","mainEntityOfPage":{"@id":"https:\/\/lospoliticosveracruz.com\/?p=25663"},"wordCount":1049,"commentCount":0,"publisher":{"@id":"https:\/\/lospoliticosveracruz.com\/#organization"},"keywords":["Antorcha Campesina","Chetumal","Chiapas","Constantino Villa Rivas","Guanajuato","Nayarit","Puebla","Sefiplan","Sonora","Veracruz"],"articleSection":["De Opini\u00f3n"],"inLanguage":"es","potentialAction":[{"@type":"CommentAction","name":"Comment","target":["https:\/\/lospoliticosveracruz.com\/?p=25663#respond"]}]},{"@type":"WebPage","@id":"https:\/\/lospoliticosveracruz.com\/?p=25663","url":"https:\/\/lospoliticosveracruz.com\/?p=25663","name":"Antorcha y sus manifestaciones - Los pol\u00edticos Veracruz","isPartOf":{"@id":"https:\/\/lospoliticosveracruz.com\/#website"},"datePublished":"2016-09-14T16:06:47+00:00","dateModified":"2016-09-15T01:14:55+00:00","breadcrumb":{"@id":"https:\/\/lospoliticosveracruz.com\/?p=25663#breadcrumb"},"inLanguage":"es","potentialAction":[{"@type":"ReadAction","target":["https:\/\/lospoliticosveracruz.com\/?p=25663"]}]},{"@type":"BreadcrumbList","@id":"https:\/\/lospoliticosveracruz.com\/?p=25663#breadcrumb","itemListElement":[{"@type":"ListItem","position":1,"name":"Portada","item":"https:\/\/lospoliticosveracruz.com\/"},{"@type":"ListItem","position":2,"name":"Antorcha y sus manifestaciones"}]},{"@type":"WebSite","@id":"https:\/\/lospoliticosveracruz.com\/#website","url":"https:\/\/lospoliticosveracruz.com\/","name":"Los pol\u00edticos Veracruz","description":"","publisher":{"@id":"https:\/\/lospoliticosveracruz.com\/#organization"},"potentialAction":[{"@type":"SearchAction","target":{"@type":"EntryPoint","urlTemplate":"https:\/\/lospoliticosveracruz.com\/?s={search_term_string}"},"query-input":{"@type":"PropertyValueSpecification","valueRequired":true,"valueName":"search_term_string"}}],"inLanguage":"es"},{"@type":"Organization","@id":"https:\/\/lospoliticosveracruz.com\/#organization","name":"Los pol\u00edticos Veracruz","url":"https:\/\/lospoliticosveracruz.com\/","logo":{"@type":"ImageObject","inLanguage":"es","@id":"https:\/\/lospoliticosveracruz.com\/#\/schema\/logo\/image\/","url":"https:\/\/lospoliticosveracruz.com\/wp-content\/uploads\/2025\/12\/Logo-Nuevo-LOS-POLITICOS-1.jpg","contentUrl":"https:\/\/lospoliticosveracruz.com\/wp-content\/uploads\/2025\/12\/Logo-Nuevo-LOS-POLITICOS-1.jpg","width":260,"height":70,"caption":"Los pol\u00edticos Veracruz"},"image":{"@id":"https:\/\/lospoliticosveracruz.com\/#\/schema\/logo\/image\/"},"sameAs":["https:\/\/www.facebook.com\/people\/Notimemes-de-los-Polticos\/61565672886568\/","https:\/\/x.com\/LosPoliticosVer"]},{"@type":"Person","@id":"https:\/\/lospoliticosveracruz.com\/#\/schema\/person\/b8702bb0e538456e6efd07080bf2a4a2","name":"Lo viste en Los Pol\u00edticos","image":{"@type":"ImageObject","inLanguage":"es","@id":"https:\/\/secure.gravatar.com\/avatar\/3a8de04a2656d44082be478bd6c086daa447c4651605818287b9532d3d0bd435?s=96&d=mm&r=g","url":"https:\/\/secure.gravatar.com\/avatar\/3a8de04a2656d44082be478bd6c086daa447c4651605818287b9532d3d0bd435?s=96&d=mm&r=g","contentUrl":"https:\/\/secure.gravatar.com\/avatar\/3a8de04a2656d44082be478bd6c086daa447c4651605818287b9532d3d0bd435?s=96&d=mm&r=g","caption":"Lo viste en Los Pol\u00edticos"},"url":"https:\/\/lospoliticosveracruz.com\/?author=2"}]}},"_links":{"self":[{"href":"https:\/\/lospoliticosveracruz.com\/index.php?rest_route=\/wp\/v2\/posts\/25663","targetHints":{"allow":["GET"]}}],"collection":[{"href":"https:\/\/lospoliticosveracruz.com\/index.php?rest_route=\/wp\/v2\/posts"}],"about":[{"href":"https:\/\/lospoliticosveracruz.com\/index.php?rest_route=\/wp\/v2\/types\/post"}],"author":[{"embeddable":true,"href":"https:\/\/lospoliticosveracruz.com\/index.php?rest_route=\/wp\/v2\/users\/2"}],"replies":[{"embeddable":true,"href":"https:\/\/lospoliticosveracruz.com\/index.php?rest_route=%2Fwp%2Fv2%2Fcomments&post=25663"}],"version-history":[{"count":2,"href":"https:\/\/lospoliticosveracruz.com\/index.php?rest_route=\/wp\/v2\/posts\/25663\/revisions"}],"predecessor-version":[{"id":25669,"href":"https:\/\/lospoliticosveracruz.com\/index.php?rest_route=\/wp\/v2\/posts\/25663\/revisions\/25669"}],"wp:attachment":[{"href":"https:\/\/lospoliticosveracruz.com\/index.php?rest_route=%2Fwp%2Fv2%2Fmedia&parent=25663"}],"wp:term":[{"taxonomy":"category","embeddable":true,"href":"https:\/\/lospoliticosveracruz.com\/index.php?rest_route=%2Fwp%2Fv2%2Fcategories&post=25663"},{"taxonomy":"post_tag","embeddable":true,"href":"https:\/\/lospoliticosveracruz.com\/index.php?rest_route=%2Fwp%2Fv2%2Ftags&post=25663"}],"curies":[{"name":"wp","href":"https:\/\/api.w.org\/{rel}","templated":true}]}}