{"id":25766,"date":"2016-09-18T11:59:20","date_gmt":"2016-09-18T16:59:20","guid":{"rendered":"http:\/\/www.lospoliticosveracruz.com.mx\/?p=25766"},"modified":"2016-09-18T11:59:20","modified_gmt":"2016-09-18T16:59:20","slug":"un-hombre-a-la-altura","status":"publish","type":"post","link":"https:\/\/lospoliticosveracruz.com\/?p=25766","title":{"rendered":"Un hombre a la altura"},"content":{"rendered":"<p><strong>Cecilia Mu\u00f1oz<\/strong><\/p>\n<p><em>Polisemia<\/em><\/p>\n<p>&nbsp;<\/p>\n<p>&nbsp;<\/p>\n<p><em>Un hombre a la altura <\/em>es parte del Tour de Cine Franc\u00e9s, evento que en Xalapa tiene la privilegiada duraci\u00f3n de tres semanas: del 9 al 29 de septiembre. Si no ha ido a verla, aqu\u00ed viene lo bueno, lo malo y lo raro de esta producci\u00f3n francesa.<\/p>\n<p><strong>La historia<\/strong><\/p>\n<p>Diane es la mujer perfecta: la rubia a la que todos voltean a ver y, adem\u00e1s, abogada con principios. Por su parte, Alexandre es un arquitecto exitoso, divertido e ingenioso que consigue en menos de media hora de conversaci\u00f3n telef\u00f3nica invitarle un caf\u00e9, bajo el pretexto de devolverle el celular que perdi\u00f3. Diane acude emocionada a la cita, ansiosa por conocer al hombre que tanto le hizo re\u00edr por tel\u00e9fono la noche anterior\u2026 para descubrir frente a ella a un apuesto caballero de 1.36 m. de altura.<\/p>\n<p><strong>Lo bueno<\/strong><\/p>\n<p><em>Un hombre a la altura<\/em> es una pel\u00edcula definitivamente divertida y amena que provoca una buena dosis de risas. Por el lado rom\u00e1ntico, la relaci\u00f3n entre Diane y Alexandre resulta no s\u00f3lo cre\u00edble, sino entra\u00f1able: somos capaces de ver que a primera vista, ella se siente turbada por el tama\u00f1o de su compa\u00f1ero, pero conforme lo va conociendo, este aspecto llega a pasar casi a segundo plano. Y este \u201ccasi\u201d no es gratuito: el hecho de que siga ah\u00ed, escondido en la incomodidad y en las sonrisas forzadas de Diane, logra que la pel\u00edcula adquiera un toque m\u00e1s realista y menos rosa, especialmente porque el conflicto de la altura no se centra solamente en la vida amorosa de Alexandre, sino tambi\u00e9n en su cotidianidad.<\/p>\n<p>El mensaje de la pel\u00edcula, totalmente expl\u00edcito en una escena final, tambi\u00e9n se lleva las palmas: \u201cEstamos programados. Cuando encontramos a alguien diferente, huimos\u201d.<\/p>\n<p><strong>Lo malo<\/strong><\/p>\n<p>El ex acosador de Diane, Bruno. Ambos trabajan en el mismo despacho, fundado por ellos mismos, por lo que la distancia no ha podido ser respetada despu\u00e9s del t\u00e9rmino de su relaci\u00f3n. Bruno la esp\u00eda, insiste en saber si est\u00e1 saliendo con alguien m\u00e1s y en un momento de la pel\u00edcula, cuando le pregunta qu\u00e9 pensar\u00e1n los dem\u00e1s de \u00e9l al verla salir con un \u201cenano\u201d, parece considerarla una extensi\u00f3n de s\u00ed mismo. El machismo de este personaje no es el problema en s\u00ed, sino que se le trata como si fuera algo normal, aunque molesto, que \u201cafortunadamente\u201d se termina cuando \u00e9l se fija en una nueva mujer.<\/p>\n<p>Alexandre tambi\u00e9n tiene sus momentos de macho alfa que ocasionan un primer acercamiento con Bruno que, aunque est\u00e9ril, al menos logra sacarnos una sonrisa. El segundo, sin embargo, termina en un reto a duelo de ping pong que nunca ocurre en la pel\u00edcula y por lo tanto, parece in\u00fatil que la confrontaci\u00f3n haya tenido lugar.<\/p>\n<p>Por otro lado, <em>Un hombre a la altura<\/em> falla tambi\u00e9n en dos de sus personajes secundarios: Coralie y Monique, la empleada dom\u00e9stica de Alexandre; la primera evidentemente tiene un par de problemas psicol\u00f3gicos que son insinuados, pero esto nunca llega a ning\u00fan lado. En cuanto a la segunda, parece ser un personaje totalmente desaprovechado en relaci\u00f3n con Alexandre, quiz\u00e1s opacada por el hijo de \u00e9ste.<\/p>\n<p><strong>Lo raro<\/strong><\/p>\n<p>El actor Jean Dujardin, gal\u00e1n de la cinematograf\u00eda francesa, real y evidentemente no mide 1.36 m., por lo que en ocasiones llega a percibirse la magia de la t\u00e9cnica en ciertas escenas, en las cuales es casi obvio el uso de la pantalla verde; un aspecto que no deber\u00eda suponer gran problema, salvo cuando es muy notorio y provoca que la audiencia se desconcentre.<\/p>\n<p><em>Un hombre a la altura<\/em> es, a pesar de sus defectos y extra\u00f1ezas, una excelente pel\u00edcula para re\u00edr al tiempo que degusta unas palomitas\u2026 o una crepa que le ponga un toque m\u00e1s franc\u00e9s a la experiencia. Pero quedar\u00e1 en usted decidir despu\u00e9s de estas l\u00edneas si aprovecha estos \u00faltimos d\u00edas del Tour de Cine Franc\u00e9s para ir a verla.<\/p>\n<p>&nbsp;<\/p>\n<p>Correo: <a href=\"mailto:polisemia@outlook.es\">polisemia@outlook.es<\/a><\/p>\n<p>Twitter: @Polisemia_CM<\/p>\n<p>&nbsp;<\/p>\n<p>&nbsp;<\/p>\n","protected":false},"excerpt":{"rendered":"<p>Cecilia Mu\u00f1oz Polisemia &nbsp; &nbsp; Un hombre a la altura es parte del Tour de Cine Franc\u00e9s, evento que en Xalapa tiene la privilegiada duraci\u00f3n de tres semanas: del 9 al 29 de septiembre. Si no ha ido a verla, aqu\u00ed viene lo bueno, lo malo y lo raro de esta producci\u00f3n francesa. La historia [&hellip;]<\/p>\n","protected":false},"author":2,"featured_media":0,"comment_status":"open","ping_status":"open","sticky":false,"template":"","format":"standard","meta":{"tdm_status":"","tdm_grid_status":"","footnotes":""},"categories":[75],"tags":[6292,2830,6216,6291],"class_list":{"0":"post-25766","1":"post","2":"type-post","3":"status-publish","4":"format-standard","6":"category-cine-libros-y-mas","7":"tag-jean-dujardin","8":"tag-machismo","9":"tag-tour-de-cine-frances","10":"tag-un-hombre-a-la-altura"},"yoast_head":"<!-- This site is optimized with the Yoast SEO plugin v27.4 - https:\/\/yoast.com\/product\/yoast-seo-wordpress\/ -->\n<title>Un hombre a la altura - Los pol\u00edticos Veracruz<\/title>\n<meta name=\"robots\" content=\"index, follow, max-snippet:-1, max-image-preview:large, max-video-preview:-1\" \/>\n<link rel=\"canonical\" href=\"https:\/\/lospoliticosveracruz.com\/?p=25766\" \/>\n<meta property=\"og:locale\" content=\"es_ES\" \/>\n<meta property=\"og:type\" content=\"article\" \/>\n<meta property=\"og:title\" content=\"Un hombre a la altura - Los pol\u00edticos Veracruz\" \/>\n<meta property=\"og:description\" content=\"Cecilia Mu\u00f1oz Polisemia &nbsp; &nbsp; Un hombre a la altura es parte del Tour de Cine Franc\u00e9s, evento que en Xalapa tiene la privilegiada duraci\u00f3n de tres semanas: del 9 al 29 de septiembre. Si no ha ido a verla, aqu\u00ed viene lo bueno, lo malo y lo raro de esta producci\u00f3n francesa. La historia [&hellip;]\" \/>\n<meta property=\"og:url\" content=\"https:\/\/lospoliticosveracruz.com\/?p=25766\" \/>\n<meta property=\"og:site_name\" content=\"Los pol\u00edticos Veracruz\" \/>\n<meta property=\"article:publisher\" content=\"https:\/\/www.facebook.com\/people\/Notimemes-de-los-Polticos\/61565672886568\/\" \/>\n<meta property=\"article:published_time\" content=\"2016-09-18T16:59:20+00:00\" \/>\n<meta property=\"og:image\" content=\"https:\/\/lospoliticosveracruz.com\/wp-content\/uploads\/2016\/07\/Logo-Dor.jpg\" \/>\n\t<meta property=\"og:image:width\" content=\"200\" \/>\n\t<meta property=\"og:image:height\" content=\"200\" \/>\n\t<meta property=\"og:image:type\" content=\"image\/jpeg\" \/>\n<meta name=\"author\" content=\"Lo viste en Los Pol\u00edticos\" \/>\n<meta name=\"twitter:card\" content=\"summary_large_image\" \/>\n<meta name=\"twitter:creator\" content=\"@LosPoliticosVer\" \/>\n<meta name=\"twitter:site\" content=\"@LosPoliticosVer\" \/>\n<meta name=\"twitter:label1\" content=\"Escrito por\" \/>\n\t<meta name=\"twitter:data1\" content=\"Lo viste en Los Pol\u00edticos\" \/>\n\t<meta name=\"twitter:label2\" content=\"Tiempo de lectura\" \/>\n\t<meta name=\"twitter:data2\" content=\"4 minutos\" \/>\n<script type=\"application\/ld+json\" class=\"yoast-schema-graph\">{\"@context\":\"https:\\\/\\\/schema.org\",\"@graph\":[{\"@type\":\"Article\",\"@id\":\"https:\\\/\\\/lospoliticosveracruz.com\\\/?p=25766#article\",\"isPartOf\":{\"@id\":\"https:\\\/\\\/lospoliticosveracruz.com\\\/?p=25766\"},\"author\":{\"name\":\"Lo viste en Los Pol\u00edticos\",\"@id\":\"https:\\\/\\\/lospoliticosveracruz.com\\\/#\\\/schema\\\/person\\\/b8702bb0e538456e6efd07080bf2a4a2\"},\"headline\":\"Un hombre a la altura\",\"datePublished\":\"2016-09-18T16:59:20+00:00\",\"mainEntityOfPage\":{\"@id\":\"https:\\\/\\\/lospoliticosveracruz.com\\\/?p=25766\"},\"wordCount\":715,\"commentCount\":0,\"publisher\":{\"@id\":\"https:\\\/\\\/lospoliticosveracruz.com\\\/#organization\"},\"keywords\":[\"Jean Dujardin\",\"Machismo\",\"Tour de Cine Franc\u00e9s\",\"Un hombre a la altura\"],\"articleSection\":[\"Cine, Libros y m\u00e1s\"],\"inLanguage\":\"es\",\"potentialAction\":[{\"@type\":\"CommentAction\",\"name\":\"Comment\",\"target\":[\"https:\\\/\\\/lospoliticosveracruz.com\\\/?p=25766#respond\"]}]},{\"@type\":\"WebPage\",\"@id\":\"https:\\\/\\\/lospoliticosveracruz.com\\\/?p=25766\",\"url\":\"https:\\\/\\\/lospoliticosveracruz.com\\\/?p=25766\",\"name\":\"Un hombre a la altura - Los pol\u00edticos Veracruz\",\"isPartOf\":{\"@id\":\"https:\\\/\\\/lospoliticosveracruz.com\\\/#website\"},\"datePublished\":\"2016-09-18T16:59:20+00:00\",\"breadcrumb\":{\"@id\":\"https:\\\/\\\/lospoliticosveracruz.com\\\/?p=25766#breadcrumb\"},\"inLanguage\":\"es\",\"potentialAction\":[{\"@type\":\"ReadAction\",\"target\":[\"https:\\\/\\\/lospoliticosveracruz.com\\\/?p=25766\"]}]},{\"@type\":\"BreadcrumbList\",\"@id\":\"https:\\\/\\\/lospoliticosveracruz.com\\\/?p=25766#breadcrumb\",\"itemListElement\":[{\"@type\":\"ListItem\",\"position\":1,\"name\":\"Portada\",\"item\":\"https:\\\/\\\/lospoliticosveracruz.com\\\/\"},{\"@type\":\"ListItem\",\"position\":2,\"name\":\"Un hombre a la altura\"}]},{\"@type\":\"WebSite\",\"@id\":\"https:\\\/\\\/lospoliticosveracruz.com\\\/#website\",\"url\":\"https:\\\/\\\/lospoliticosveracruz.com\\\/\",\"name\":\"Los pol\u00edticos Veracruz\",\"description\":\"\",\"publisher\":{\"@id\":\"https:\\\/\\\/lospoliticosveracruz.com\\\/#organization\"},\"potentialAction\":[{\"@type\":\"SearchAction\",\"target\":{\"@type\":\"EntryPoint\",\"urlTemplate\":\"https:\\\/\\\/lospoliticosveracruz.com\\\/?s={search_term_string}\"},\"query-input\":{\"@type\":\"PropertyValueSpecification\",\"valueRequired\":true,\"valueName\":\"search_term_string\"}}],\"inLanguage\":\"es\"},{\"@type\":\"Organization\",\"@id\":\"https:\\\/\\\/lospoliticosveracruz.com\\\/#organization\",\"name\":\"Los pol\u00edticos Veracruz\",\"url\":\"https:\\\/\\\/lospoliticosveracruz.com\\\/\",\"logo\":{\"@type\":\"ImageObject\",\"inLanguage\":\"es\",\"@id\":\"https:\\\/\\\/lospoliticosveracruz.com\\\/#\\\/schema\\\/logo\\\/image\\\/\",\"url\":\"https:\\\/\\\/lospoliticosveracruz.com\\\/wp-content\\\/uploads\\\/2025\\\/12\\\/Logo-Nuevo-LOS-POLITICOS-1.jpg\",\"contentUrl\":\"https:\\\/\\\/lospoliticosveracruz.com\\\/wp-content\\\/uploads\\\/2025\\\/12\\\/Logo-Nuevo-LOS-POLITICOS-1.jpg\",\"width\":260,\"height\":70,\"caption\":\"Los pol\u00edticos Veracruz\"},\"image\":{\"@id\":\"https:\\\/\\\/lospoliticosveracruz.com\\\/#\\\/schema\\\/logo\\\/image\\\/\"},\"sameAs\":[\"https:\\\/\\\/www.facebook.com\\\/people\\\/Notimemes-de-los-Polticos\\\/61565672886568\\\/\",\"https:\\\/\\\/x.com\\\/LosPoliticosVer\"]},{\"@type\":\"Person\",\"@id\":\"https:\\\/\\\/lospoliticosveracruz.com\\\/#\\\/schema\\\/person\\\/b8702bb0e538456e6efd07080bf2a4a2\",\"name\":\"Lo viste en Los Pol\u00edticos\",\"image\":{\"@type\":\"ImageObject\",\"inLanguage\":\"es\",\"@id\":\"https:\\\/\\\/secure.gravatar.com\\\/avatar\\\/3a8de04a2656d44082be478bd6c086daa447c4651605818287b9532d3d0bd435?s=96&d=mm&r=g\",\"url\":\"https:\\\/\\\/secure.gravatar.com\\\/avatar\\\/3a8de04a2656d44082be478bd6c086daa447c4651605818287b9532d3d0bd435?s=96&d=mm&r=g\",\"contentUrl\":\"https:\\\/\\\/secure.gravatar.com\\\/avatar\\\/3a8de04a2656d44082be478bd6c086daa447c4651605818287b9532d3d0bd435?s=96&d=mm&r=g\",\"caption\":\"Lo viste en Los Pol\u00edticos\"},\"url\":\"https:\\\/\\\/lospoliticosveracruz.com\\\/?author=2\"}]}<\/script>\n<!-- \/ Yoast SEO plugin. -->","yoast_head_json":{"title":"Un hombre a la altura - Los pol\u00edticos Veracruz","robots":{"index":"index","follow":"follow","max-snippet":"max-snippet:-1","max-image-preview":"max-image-preview:large","max-video-preview":"max-video-preview:-1"},"canonical":"https:\/\/lospoliticosveracruz.com\/?p=25766","og_locale":"es_ES","og_type":"article","og_title":"Un hombre a la altura - Los pol\u00edticos Veracruz","og_description":"Cecilia Mu\u00f1oz Polisemia &nbsp; &nbsp; Un hombre a la altura es parte del Tour de Cine Franc\u00e9s, evento que en Xalapa tiene la privilegiada duraci\u00f3n de tres semanas: del 9 al 29 de septiembre. Si no ha ido a verla, aqu\u00ed viene lo bueno, lo malo y lo raro de esta producci\u00f3n francesa. La historia [&hellip;]","og_url":"https:\/\/lospoliticosveracruz.com\/?p=25766","og_site_name":"Los pol\u00edticos Veracruz","article_publisher":"https:\/\/www.facebook.com\/people\/Notimemes-de-los-Polticos\/61565672886568\/","article_published_time":"2016-09-18T16:59:20+00:00","og_image":[{"width":200,"height":200,"url":"https:\/\/lospoliticosveracruz.com\/wp-content\/uploads\/2016\/07\/Logo-Dor.jpg","type":"image\/jpeg"}],"author":"Lo viste en Los Pol\u00edticos","twitter_card":"summary_large_image","twitter_creator":"@LosPoliticosVer","twitter_site":"@LosPoliticosVer","twitter_misc":{"Escrito por":"Lo viste en Los Pol\u00edticos","Tiempo de lectura":"4 minutos"},"schema":{"@context":"https:\/\/schema.org","@graph":[{"@type":"Article","@id":"https:\/\/lospoliticosveracruz.com\/?p=25766#article","isPartOf":{"@id":"https:\/\/lospoliticosveracruz.com\/?p=25766"},"author":{"name":"Lo viste en Los Pol\u00edticos","@id":"https:\/\/lospoliticosveracruz.com\/#\/schema\/person\/b8702bb0e538456e6efd07080bf2a4a2"},"headline":"Un hombre a la altura","datePublished":"2016-09-18T16:59:20+00:00","mainEntityOfPage":{"@id":"https:\/\/lospoliticosveracruz.com\/?p=25766"},"wordCount":715,"commentCount":0,"publisher":{"@id":"https:\/\/lospoliticosveracruz.com\/#organization"},"keywords":["Jean Dujardin","Machismo","Tour de Cine Franc\u00e9s","Un hombre a la altura"],"articleSection":["Cine, Libros y m\u00e1s"],"inLanguage":"es","potentialAction":[{"@type":"CommentAction","name":"Comment","target":["https:\/\/lospoliticosveracruz.com\/?p=25766#respond"]}]},{"@type":"WebPage","@id":"https:\/\/lospoliticosveracruz.com\/?p=25766","url":"https:\/\/lospoliticosveracruz.com\/?p=25766","name":"Un hombre a la altura - Los pol\u00edticos Veracruz","isPartOf":{"@id":"https:\/\/lospoliticosveracruz.com\/#website"},"datePublished":"2016-09-18T16:59:20+00:00","breadcrumb":{"@id":"https:\/\/lospoliticosveracruz.com\/?p=25766#breadcrumb"},"inLanguage":"es","potentialAction":[{"@type":"ReadAction","target":["https:\/\/lospoliticosveracruz.com\/?p=25766"]}]},{"@type":"BreadcrumbList","@id":"https:\/\/lospoliticosveracruz.com\/?p=25766#breadcrumb","itemListElement":[{"@type":"ListItem","position":1,"name":"Portada","item":"https:\/\/lospoliticosveracruz.com\/"},{"@type":"ListItem","position":2,"name":"Un hombre a la altura"}]},{"@type":"WebSite","@id":"https:\/\/lospoliticosveracruz.com\/#website","url":"https:\/\/lospoliticosveracruz.com\/","name":"Los pol\u00edticos Veracruz","description":"","publisher":{"@id":"https:\/\/lospoliticosveracruz.com\/#organization"},"potentialAction":[{"@type":"SearchAction","target":{"@type":"EntryPoint","urlTemplate":"https:\/\/lospoliticosveracruz.com\/?s={search_term_string}"},"query-input":{"@type":"PropertyValueSpecification","valueRequired":true,"valueName":"search_term_string"}}],"inLanguage":"es"},{"@type":"Organization","@id":"https:\/\/lospoliticosveracruz.com\/#organization","name":"Los pol\u00edticos Veracruz","url":"https:\/\/lospoliticosveracruz.com\/","logo":{"@type":"ImageObject","inLanguage":"es","@id":"https:\/\/lospoliticosveracruz.com\/#\/schema\/logo\/image\/","url":"https:\/\/lospoliticosveracruz.com\/wp-content\/uploads\/2025\/12\/Logo-Nuevo-LOS-POLITICOS-1.jpg","contentUrl":"https:\/\/lospoliticosveracruz.com\/wp-content\/uploads\/2025\/12\/Logo-Nuevo-LOS-POLITICOS-1.jpg","width":260,"height":70,"caption":"Los pol\u00edticos Veracruz"},"image":{"@id":"https:\/\/lospoliticosveracruz.com\/#\/schema\/logo\/image\/"},"sameAs":["https:\/\/www.facebook.com\/people\/Notimemes-de-los-Polticos\/61565672886568\/","https:\/\/x.com\/LosPoliticosVer"]},{"@type":"Person","@id":"https:\/\/lospoliticosveracruz.com\/#\/schema\/person\/b8702bb0e538456e6efd07080bf2a4a2","name":"Lo viste en Los Pol\u00edticos","image":{"@type":"ImageObject","inLanguage":"es","@id":"https:\/\/secure.gravatar.com\/avatar\/3a8de04a2656d44082be478bd6c086daa447c4651605818287b9532d3d0bd435?s=96&d=mm&r=g","url":"https:\/\/secure.gravatar.com\/avatar\/3a8de04a2656d44082be478bd6c086daa447c4651605818287b9532d3d0bd435?s=96&d=mm&r=g","contentUrl":"https:\/\/secure.gravatar.com\/avatar\/3a8de04a2656d44082be478bd6c086daa447c4651605818287b9532d3d0bd435?s=96&d=mm&r=g","caption":"Lo viste en Los Pol\u00edticos"},"url":"https:\/\/lospoliticosveracruz.com\/?author=2"}]}},"_links":{"self":[{"href":"https:\/\/lospoliticosveracruz.com\/index.php?rest_route=\/wp\/v2\/posts\/25766","targetHints":{"allow":["GET"]}}],"collection":[{"href":"https:\/\/lospoliticosveracruz.com\/index.php?rest_route=\/wp\/v2\/posts"}],"about":[{"href":"https:\/\/lospoliticosveracruz.com\/index.php?rest_route=\/wp\/v2\/types\/post"}],"author":[{"embeddable":true,"href":"https:\/\/lospoliticosveracruz.com\/index.php?rest_route=\/wp\/v2\/users\/2"}],"replies":[{"embeddable":true,"href":"https:\/\/lospoliticosveracruz.com\/index.php?rest_route=%2Fwp%2Fv2%2Fcomments&post=25766"}],"version-history":[{"count":1,"href":"https:\/\/lospoliticosveracruz.com\/index.php?rest_route=\/wp\/v2\/posts\/25766\/revisions"}],"predecessor-version":[{"id":25769,"href":"https:\/\/lospoliticosveracruz.com\/index.php?rest_route=\/wp\/v2\/posts\/25766\/revisions\/25769"}],"wp:attachment":[{"href":"https:\/\/lospoliticosveracruz.com\/index.php?rest_route=%2Fwp%2Fv2%2Fmedia&parent=25766"}],"wp:term":[{"taxonomy":"category","embeddable":true,"href":"https:\/\/lospoliticosveracruz.com\/index.php?rest_route=%2Fwp%2Fv2%2Fcategories&post=25766"},{"taxonomy":"post_tag","embeddable":true,"href":"https:\/\/lospoliticosveracruz.com\/index.php?rest_route=%2Fwp%2Fv2%2Ftags&post=25766"}],"curies":[{"name":"wp","href":"https:\/\/api.w.org\/{rel}","templated":true}]}}