{"id":25905,"date":"2016-09-21T21:39:31","date_gmt":"2016-09-22T02:39:31","guid":{"rendered":"http:\/\/www.lospoliticosveracruz.com.mx\/?p=25905"},"modified":"2016-09-21T21:39:31","modified_gmt":"2016-09-22T02:39:31","slug":"duarte-con-un-nuevo-flanco-abierto","status":"publish","type":"post","link":"https:\/\/lospoliticosveracruz.com\/?p=25905","title":{"rendered":"Duarte, con un nuevo flanco abierto"},"content":{"rendered":"<div class=\"AppContainer\">\n<div id=\"c_base\" class=\"c_base\">\n<div id=\"c_content\" class=\"c_main\">\n<div id=\"pageContent\">\n<div id=\"pageInbox\" class=\"v-Page\">\n<div id=\"inboxControl0f\">\n<div class=\"containsYSizerBar\">\n<div class=\"ContentRight WithRightRail FullView RPOn RPRight\" data-link=\"class{:~tag.contentRightClass(Layout.IsFullView, Layout.ReadingPaneMode)}\">\n<div class=\"ContentRightInner t_mbgc t_qtc t_urtc\">\n<div id=\"inboxControl0fv-ReadMessageContainer\" class=\"v-ReadMessageContainer slideOnResize\" tabindex=\"-1\">\n<div class=\"c-ReadMessage\" data-link=\"class{readMessageClass: ~tag.Show}\">\n<div id=\"ReadMessageScrollableSection\" class=\"rmMessages ClearBoth\" tabindex=\"-1\">\n<div id=\"readMessagePartControl406f\" class=\"c-ReadMessagePart ReadMsgContainer HasLayout ClearBoth HideShadows FullPart NoHistory Read RmIc\" data-link=\"class{:~tag.getHeaderCssClass(IsConversationPart, IsRead, IsDraft, IsTrustedSender, Items.length)}\">\n<div class=\"c-ReadMessagePartBody\" data-link=\"class{getClass:IsBodyExpanded}\">\n<div class=\"readMsgBody\">\n<div id=\"bodyreadMessagePartBodyControl411f\" class=\"ExternalClass MsgBodyContainer\" data-link=\"class{:~tag.cssClasses(PlainText, IsContentFiltered)}\">\n<div dir=\"ltr\">\n<div class=\"ecxgmail_quote\">\n<div dir=\"ltr\">\n<p><strong>Luis Alberto Romero<u><\/u><u><\/u><\/strong><\/p>\n<p><em>Hora Cero<\/em><\/p>\n<p>&nbsp;<\/p>\n<p>&nbsp;<\/p>\n<p>La llegada del senador veracruzano H\u00e9ctor Yunes Landa a la Comisi\u00f3n Anticorrupci\u00f3n y Participaci\u00f3n Ciudadana de la C\u00e1mara Alta no es una buena noticia para el gobernador Javier Duarte de Ochoa, cuya administraci\u00f3n ha sido sumamente cuestionada y acusada por la Auditor\u00eda Superior de la Federaci\u00f3n; e investigada por la Procuradur\u00eda General de la Rep\u00fablica y por el Sistema de Administraci\u00f3n\u00a0 Tributaria.<\/p>\n<p>&nbsp;<\/p>\n<p>Para nadie es un secreto la distancia y hasta el enfrentamiento entre ejecutivo estatal y el senador Yunes Landa, quien se ha referido de manera p\u00fablica al da\u00f1o que ocasionaron la imagen y el desgaste de Duarte de Ochoa a la pasada campa\u00f1a priista a la gubernatura de la entidad.<u><\/u><u><\/u><\/p>\n<p>Las diferencias entre Javier Duarte y Yunes Landa ya eran marcadas y diversos medios de informaci\u00f3n lo han consignado; antes de la campa\u00f1a, por ejemplo, el gobernador veracruzano hizo todo lo que pudo por cerrar el paso al senador y evitar que asumiera la candidatura del PRI al gobierno del estado; Duarte, sin embargo, no logr\u00f3 evitar esa postulaci\u00f3n; lo que s\u00ed pudo fue escatimar el apoyo a dicha campa\u00f1a; por si fuera poco, el desgaste y las acusaciones contra el ejecutivo estatal, precisamente por presuntos actos de corrupci\u00f3n, terminaron por golpear al tricolor y, de rebote, a su candidato a gobernador.<u><\/u><u><\/u><\/p>\n<p>Ya al finalizar el proceso electoral y con el resultado adverso a cuestas, H\u00e9ctor Yunes abord\u00f3 el tema de los factores que propiciaron la derrota ante noticiarios radiof\u00f3nicos con presencia nacional y dijo que probablemente el que m\u00e1s pes\u00f3 se relaciona con el impacto negativo de la administraci\u00f3n encabezada por Duarte de Ochoa.<u><\/u><u><\/u><\/p>\n<p>Esa distancia termin\u00f3 por convertirse en un fuerte enfrentamiento, casi irreconciliable, entre ambos personajes, porque los agravios as\u00ed lo establecieron; un ejemplo de la falta de sensibilidad pol\u00edtica del todav\u00eda gobernador, con respecto a Yunes Landa, se registr\u00f3 \u00a0en septiembre de 2015, cuando en un evento organizado por la Liga de Comunidades Agrarias, CNC, el ejecutivo gast\u00f3 una mala broma al entonces senador: le regal\u00f3 una ca\u00f1a de pescar, con la que \u2013dijo\u2013 podr\u00eda capturar peces gordos y se refiri\u00f3 a la familia de Yunes Landa, lo que en su momento mereci\u00f3 una dura respuesta de quien ser\u00eda posteriormente abanderado \u00a0del PRI al gobierno estatal.<u><\/u><u><\/u><\/p>\n<p>A trav\u00e9s de la red social Twitter, H\u00e9ctor Yunes, la noche del 27 de septiembre del a\u00f1o pasado, cuando se registr\u00f3 el hecho, emiti\u00f3 un mensaje en que afirm\u00f3: \u201cLo reitero, el pr\u00f3ximo gobernador de #Veracruz debe encarcelar a todos los corruptos que defraudaron las finanzas p\u00fablicas\u2026\u201d<u><\/u><u><\/u><\/p>\n<p>Ese ser\u00e1, a partir de ahora, el nuevo flanco abierto del gobernador Javier Duarte: un senador con ganas de cobrar afrentas y que, adem\u00e1s, preside la Comisi\u00f3n Anticorrupci\u00f3n del Senado de la Rep\u00fablica, entre cuyas funciones se encuentra las medidas tendientes a prevenir y combatir \u201cla corrupci\u00f3n, en los diferentes niveles y \u00e1mbitos de gobierno\u2026\u201d<u><\/u><u><\/u><\/p>\n<p>Duarte est\u00e1 a menos de tres meses de entregar la administraci\u00f3n con un marcado enfrentamiento con los tres senadores veracruzanos, H\u00e9ctor Yunes Landa, Fernando Yunes M\u00e1rquez y Jos\u00e9 Francisco Yunes Zorrilla; y, por si fuera poco, con el gobernador electo, Miguel \u00c1ngel Yunes Linares.<\/p>\n<p><b>La petici\u00f3n para que el fiscal renuncie<u><\/u><u><\/u><\/b><\/p>\n<p>Quien parece que no conoce la prudencia ni la mesura es el fiscal general veracruzano, Luis \u00c1ngel Bravo Contreras.<u><\/u><u><\/u><\/p>\n<p>Luego del homicidio perpetrado contra los sacerdotes Alejo Nabor Jim\u00e9nez Ju\u00e1rez y Jos\u00e9 Alfredo Ju\u00e1rez de la Cruz, en Poza Rica, el fiscal se apresur\u00f3 a declarar que los presb\u00edteros libaban con sus victimarios y que la reuni\u00f3n degener\u00f3 en violencia.<u><\/u><u><\/u><\/p>\n<p>La reacci\u00f3n de la Iglesia Cat\u00f3lica ante lo que fue considerado como una precipitada e irresponsable declaraci\u00f3n fue inmediata y en el asunto no s\u00f3lo intervino la Di\u00f3cesis de Papantla o la Arquidi\u00f3cesis de Xalapa, sino la propia Conferencia del Episcopado Mexicano y la Arquidi\u00f3cesis Primada de M\u00e9xico. La indignaci\u00f3n del alto clero fue evidente.<u><\/u><u><\/u><\/p>\n<p>Bravo Contreras apunt\u00f3 que no fueron dos los curas muertos, sino s\u00f3lo uno; que el otro era sacrist\u00e1n; la iglesia le desminti\u00f3 y apunt\u00f3 que las dos v\u00edctimas eran sacerdotes ordenados.<u><\/u><u><\/u><\/p>\n<p>Todo eso ocurri\u00f3 este martes; un d\u00eda despu\u00e9s, el mi\u00e9rcoles, el fiscal volvi\u00f3 a insistir, ante medios nacionales, en que los presb\u00edteros estaban libando con sus agresores.<u><\/u><u><\/u><\/p>\n<p>Ello anticipa una reacci\u00f3n todav\u00eda m\u00e1s severa, contundente, de la iglesia cat\u00f3lica, que ya se consideraba agraviada tras los hechos ocurridos en mayo pasado, cuando un comando irrumpi\u00f3 en la iglesia Santa Rita, del puerto de Veracruz, de donde sac\u00f3 a golpes a un feligr\u00e9s para luego darle muerte.<u><\/u><u><\/u><\/p>\n<p>Por cierto, en Change.org, una p\u00e1gina que recibe y publica peticiones por internet sobre asuntos civiles, de gobierno, sociales y de derechos humanos, se difunde una petici\u00f3n para que el fiscal Luis \u00c1ngel Bravo renuncie al cargo.<u><\/u><u><\/u><\/p>\n<p>En el planteamiento se afirma que el titular de la Fiscal\u00eda es \u201cuna persona sin experiencia, ni calidad moral, con denuncias penales en su contra, negligente, corrupto, ignorante\u2026\u201d.<u><\/u><u><\/u><\/p>\n<p>En una de las firmas de adhesi\u00f3n, a prop\u00f3sito, se comenta que \u201cel fiscal ha lanzado una acusaci\u00f3n grave contra dos sacerdotes que fueron asesinados en Poza Rica, Ver, haci\u00e9ndolos parecer como implicados con sus asesinos, sin dar pruebas de ello\u201d.<u><\/u><u><\/u><\/p>\n<p>\u00bfNo era mejor idea esperar los resultados concretos y finales de la investigaci\u00f3n, en vez de precipitarse en busca de los reflectores?<\/p>\n<p>@luisromero85<\/p>\n<\/div>\n<\/div>\n<\/div>\n<\/div>\n<\/div>\n<\/div>\n<\/div>\n<\/div>\n<\/div>\n<\/div>\n<\/div>\n<\/div>\n<\/div>\n<\/div>\n<\/div>\n<\/div>\n<\/div>\n<\/div>\n<\/div>\n","protected":false},"excerpt":{"rendered":"<p>Luis Alberto Romero Hora Cero &nbsp; &nbsp; La llegada del senador veracruzano H\u00e9ctor Yunes Landa a la Comisi\u00f3n Anticorrupci\u00f3n y Participaci\u00f3n Ciudadana de la C\u00e1mara Alta no es una buena noticia para el gobernador Javier Duarte de Ochoa, cuya administraci\u00f3n ha sido sumamente cuestionada y acusada por la Auditor\u00eda Superior de la Federaci\u00f3n; e investigada [&hellip;]<\/p>\n","protected":false},"author":2,"featured_media":0,"comment_status":"open","ping_status":"open","sticky":false,"template":"","format":"standard","meta":{"tdm_status":"","tdm_grid_status":"","footnotes":""},"categories":[70],"tags":[348,260,6319,496,6323],"class_list":{"0":"post-25905","1":"post","2":"type-post","3":"status-publish","4":"format-standard","6":"category-de-opinion","7":"tag-hector-yunes-landa","8":"tag-javier-duarte-de-ochoa","9":"tag-jose-alfredo-suarez-de-la-cruz","10":"tag-luis-angel-bravo-contreras","11":"tag-sacerdotes-poza-rica"},"yoast_head":"<!-- This site is optimized with the Yoast SEO plugin v27.4 - https:\/\/yoast.com\/product\/yoast-seo-wordpress\/ -->\n<title>Duarte, con un nuevo flanco abierto - Los pol\u00edticos Veracruz<\/title>\n<meta name=\"robots\" content=\"index, follow, max-snippet:-1, max-image-preview:large, max-video-preview:-1\" \/>\n<link rel=\"canonical\" href=\"https:\/\/lospoliticosveracruz.com\/?p=25905\" \/>\n<meta property=\"og:locale\" content=\"es_ES\" \/>\n<meta property=\"og:type\" content=\"article\" \/>\n<meta property=\"og:title\" content=\"Duarte, con un nuevo flanco abierto - Los pol\u00edticos Veracruz\" \/>\n<meta property=\"og:description\" content=\"Luis Alberto Romero Hora Cero &nbsp; &nbsp; La llegada del senador veracruzano H\u00e9ctor Yunes Landa a la Comisi\u00f3n Anticorrupci\u00f3n y Participaci\u00f3n Ciudadana de la C\u00e1mara Alta no es una buena noticia para el gobernador Javier Duarte de Ochoa, cuya administraci\u00f3n ha sido sumamente cuestionada y acusada por la Auditor\u00eda Superior de la Federaci\u00f3n; e investigada [&hellip;]\" \/>\n<meta property=\"og:url\" content=\"https:\/\/lospoliticosveracruz.com\/?p=25905\" \/>\n<meta property=\"og:site_name\" content=\"Los pol\u00edticos Veracruz\" \/>\n<meta property=\"article:publisher\" content=\"https:\/\/www.facebook.com\/people\/Notimemes-de-los-Polticos\/61565672886568\/\" \/>\n<meta property=\"article:published_time\" content=\"2016-09-22T02:39:31+00:00\" \/>\n<meta property=\"og:image\" content=\"https:\/\/lospoliticosveracruz.com\/wp-content\/uploads\/2016\/07\/Logo-Dor.jpg\" \/>\n\t<meta property=\"og:image:width\" content=\"200\" \/>\n\t<meta property=\"og:image:height\" content=\"200\" \/>\n\t<meta property=\"og:image:type\" content=\"image\/jpeg\" \/>\n<meta name=\"author\" content=\"Lo viste en Los Pol\u00edticos\" \/>\n<meta name=\"twitter:card\" content=\"summary_large_image\" \/>\n<meta name=\"twitter:creator\" content=\"@LosPoliticosVer\" \/>\n<meta name=\"twitter:site\" content=\"@LosPoliticosVer\" \/>\n<meta name=\"twitter:label1\" content=\"Escrito por\" \/>\n\t<meta name=\"twitter:data1\" content=\"Lo viste en Los Pol\u00edticos\" \/>\n\t<meta name=\"twitter:label2\" content=\"Tiempo de lectura\" \/>\n\t<meta name=\"twitter:data2\" content=\"5 minutos\" \/>\n<script type=\"application\/ld+json\" class=\"yoast-schema-graph\">{\"@context\":\"https:\\\/\\\/schema.org\",\"@graph\":[{\"@type\":\"Article\",\"@id\":\"https:\\\/\\\/lospoliticosveracruz.com\\\/?p=25905#article\",\"isPartOf\":{\"@id\":\"https:\\\/\\\/lospoliticosveracruz.com\\\/?p=25905\"},\"author\":{\"name\":\"Lo viste en Los Pol\u00edticos\",\"@id\":\"https:\\\/\\\/lospoliticosveracruz.com\\\/#\\\/schema\\\/person\\\/b8702bb0e538456e6efd07080bf2a4a2\"},\"headline\":\"Duarte, con un nuevo flanco abierto\",\"datePublished\":\"2016-09-22T02:39:31+00:00\",\"mainEntityOfPage\":{\"@id\":\"https:\\\/\\\/lospoliticosveracruz.com\\\/?p=25905\"},\"wordCount\":965,\"commentCount\":0,\"publisher\":{\"@id\":\"https:\\\/\\\/lospoliticosveracruz.com\\\/#organization\"},\"keywords\":[\"H\u00e9ctor Yunes Landa\",\"Javier Duarte de Ochoa\",\"Jos\u00e9 Alfredo Su\u00e1rez de la Cruz\",\"Luis Angel Bravo Contreras\",\"Sacerdotes Poza Rica\"],\"articleSection\":[\"De Opini\u00f3n\"],\"inLanguage\":\"es\",\"potentialAction\":[{\"@type\":\"CommentAction\",\"name\":\"Comment\",\"target\":[\"https:\\\/\\\/lospoliticosveracruz.com\\\/?p=25905#respond\"]}]},{\"@type\":\"WebPage\",\"@id\":\"https:\\\/\\\/lospoliticosveracruz.com\\\/?p=25905\",\"url\":\"https:\\\/\\\/lospoliticosveracruz.com\\\/?p=25905\",\"name\":\"Duarte, con un nuevo flanco abierto - Los pol\u00edticos Veracruz\",\"isPartOf\":{\"@id\":\"https:\\\/\\\/lospoliticosveracruz.com\\\/#website\"},\"datePublished\":\"2016-09-22T02:39:31+00:00\",\"breadcrumb\":{\"@id\":\"https:\\\/\\\/lospoliticosveracruz.com\\\/?p=25905#breadcrumb\"},\"inLanguage\":\"es\",\"potentialAction\":[{\"@type\":\"ReadAction\",\"target\":[\"https:\\\/\\\/lospoliticosveracruz.com\\\/?p=25905\"]}]},{\"@type\":\"BreadcrumbList\",\"@id\":\"https:\\\/\\\/lospoliticosveracruz.com\\\/?p=25905#breadcrumb\",\"itemListElement\":[{\"@type\":\"ListItem\",\"position\":1,\"name\":\"Portada\",\"item\":\"https:\\\/\\\/lospoliticosveracruz.com\\\/\"},{\"@type\":\"ListItem\",\"position\":2,\"name\":\"Duarte, con un nuevo flanco abierto\"}]},{\"@type\":\"WebSite\",\"@id\":\"https:\\\/\\\/lospoliticosveracruz.com\\\/#website\",\"url\":\"https:\\\/\\\/lospoliticosveracruz.com\\\/\",\"name\":\"Los pol\u00edticos Veracruz\",\"description\":\"\",\"publisher\":{\"@id\":\"https:\\\/\\\/lospoliticosveracruz.com\\\/#organization\"},\"potentialAction\":[{\"@type\":\"SearchAction\",\"target\":{\"@type\":\"EntryPoint\",\"urlTemplate\":\"https:\\\/\\\/lospoliticosveracruz.com\\\/?s={search_term_string}\"},\"query-input\":{\"@type\":\"PropertyValueSpecification\",\"valueRequired\":true,\"valueName\":\"search_term_string\"}}],\"inLanguage\":\"es\"},{\"@type\":\"Organization\",\"@id\":\"https:\\\/\\\/lospoliticosveracruz.com\\\/#organization\",\"name\":\"Los pol\u00edticos Veracruz\",\"url\":\"https:\\\/\\\/lospoliticosveracruz.com\\\/\",\"logo\":{\"@type\":\"ImageObject\",\"inLanguage\":\"es\",\"@id\":\"https:\\\/\\\/lospoliticosveracruz.com\\\/#\\\/schema\\\/logo\\\/image\\\/\",\"url\":\"https:\\\/\\\/lospoliticosveracruz.com\\\/wp-content\\\/uploads\\\/2025\\\/12\\\/Logo-Nuevo-LOS-POLITICOS-1.jpg\",\"contentUrl\":\"https:\\\/\\\/lospoliticosveracruz.com\\\/wp-content\\\/uploads\\\/2025\\\/12\\\/Logo-Nuevo-LOS-POLITICOS-1.jpg\",\"width\":260,\"height\":70,\"caption\":\"Los pol\u00edticos Veracruz\"},\"image\":{\"@id\":\"https:\\\/\\\/lospoliticosveracruz.com\\\/#\\\/schema\\\/logo\\\/image\\\/\"},\"sameAs\":[\"https:\\\/\\\/www.facebook.com\\\/people\\\/Notimemes-de-los-Polticos\\\/61565672886568\\\/\",\"https:\\\/\\\/x.com\\\/LosPoliticosVer\"]},{\"@type\":\"Person\",\"@id\":\"https:\\\/\\\/lospoliticosveracruz.com\\\/#\\\/schema\\\/person\\\/b8702bb0e538456e6efd07080bf2a4a2\",\"name\":\"Lo viste en Los Pol\u00edticos\",\"image\":{\"@type\":\"ImageObject\",\"inLanguage\":\"es\",\"@id\":\"https:\\\/\\\/secure.gravatar.com\\\/avatar\\\/3a8de04a2656d44082be478bd6c086daa447c4651605818287b9532d3d0bd435?s=96&d=mm&r=g\",\"url\":\"https:\\\/\\\/secure.gravatar.com\\\/avatar\\\/3a8de04a2656d44082be478bd6c086daa447c4651605818287b9532d3d0bd435?s=96&d=mm&r=g\",\"contentUrl\":\"https:\\\/\\\/secure.gravatar.com\\\/avatar\\\/3a8de04a2656d44082be478bd6c086daa447c4651605818287b9532d3d0bd435?s=96&d=mm&r=g\",\"caption\":\"Lo viste en Los Pol\u00edticos\"},\"url\":\"https:\\\/\\\/lospoliticosveracruz.com\\\/?author=2\"}]}<\/script>\n<!-- \/ Yoast SEO plugin. -->","yoast_head_json":{"title":"Duarte, con un nuevo flanco abierto - Los pol\u00edticos Veracruz","robots":{"index":"index","follow":"follow","max-snippet":"max-snippet:-1","max-image-preview":"max-image-preview:large","max-video-preview":"max-video-preview:-1"},"canonical":"https:\/\/lospoliticosveracruz.com\/?p=25905","og_locale":"es_ES","og_type":"article","og_title":"Duarte, con un nuevo flanco abierto - Los pol\u00edticos Veracruz","og_description":"Luis Alberto Romero Hora Cero &nbsp; &nbsp; La llegada del senador veracruzano H\u00e9ctor Yunes Landa a la Comisi\u00f3n Anticorrupci\u00f3n y Participaci\u00f3n Ciudadana de la C\u00e1mara Alta no es una buena noticia para el gobernador Javier Duarte de Ochoa, cuya administraci\u00f3n ha sido sumamente cuestionada y acusada por la Auditor\u00eda Superior de la Federaci\u00f3n; e investigada [&hellip;]","og_url":"https:\/\/lospoliticosveracruz.com\/?p=25905","og_site_name":"Los pol\u00edticos Veracruz","article_publisher":"https:\/\/www.facebook.com\/people\/Notimemes-de-los-Polticos\/61565672886568\/","article_published_time":"2016-09-22T02:39:31+00:00","og_image":[{"width":200,"height":200,"url":"https:\/\/lospoliticosveracruz.com\/wp-content\/uploads\/2016\/07\/Logo-Dor.jpg","type":"image\/jpeg"}],"author":"Lo viste en Los Pol\u00edticos","twitter_card":"summary_large_image","twitter_creator":"@LosPoliticosVer","twitter_site":"@LosPoliticosVer","twitter_misc":{"Escrito por":"Lo viste en Los Pol\u00edticos","Tiempo de lectura":"5 minutos"},"schema":{"@context":"https:\/\/schema.org","@graph":[{"@type":"Article","@id":"https:\/\/lospoliticosveracruz.com\/?p=25905#article","isPartOf":{"@id":"https:\/\/lospoliticosveracruz.com\/?p=25905"},"author":{"name":"Lo viste en Los Pol\u00edticos","@id":"https:\/\/lospoliticosveracruz.com\/#\/schema\/person\/b8702bb0e538456e6efd07080bf2a4a2"},"headline":"Duarte, con un nuevo flanco abierto","datePublished":"2016-09-22T02:39:31+00:00","mainEntityOfPage":{"@id":"https:\/\/lospoliticosveracruz.com\/?p=25905"},"wordCount":965,"commentCount":0,"publisher":{"@id":"https:\/\/lospoliticosveracruz.com\/#organization"},"keywords":["H\u00e9ctor Yunes Landa","Javier Duarte de Ochoa","Jos\u00e9 Alfredo Su\u00e1rez de la Cruz","Luis Angel Bravo Contreras","Sacerdotes Poza Rica"],"articleSection":["De Opini\u00f3n"],"inLanguage":"es","potentialAction":[{"@type":"CommentAction","name":"Comment","target":["https:\/\/lospoliticosveracruz.com\/?p=25905#respond"]}]},{"@type":"WebPage","@id":"https:\/\/lospoliticosveracruz.com\/?p=25905","url":"https:\/\/lospoliticosveracruz.com\/?p=25905","name":"Duarte, con un nuevo flanco abierto - Los pol\u00edticos Veracruz","isPartOf":{"@id":"https:\/\/lospoliticosveracruz.com\/#website"},"datePublished":"2016-09-22T02:39:31+00:00","breadcrumb":{"@id":"https:\/\/lospoliticosveracruz.com\/?p=25905#breadcrumb"},"inLanguage":"es","potentialAction":[{"@type":"ReadAction","target":["https:\/\/lospoliticosveracruz.com\/?p=25905"]}]},{"@type":"BreadcrumbList","@id":"https:\/\/lospoliticosveracruz.com\/?p=25905#breadcrumb","itemListElement":[{"@type":"ListItem","position":1,"name":"Portada","item":"https:\/\/lospoliticosveracruz.com\/"},{"@type":"ListItem","position":2,"name":"Duarte, con un nuevo flanco abierto"}]},{"@type":"WebSite","@id":"https:\/\/lospoliticosveracruz.com\/#website","url":"https:\/\/lospoliticosveracruz.com\/","name":"Los pol\u00edticos Veracruz","description":"","publisher":{"@id":"https:\/\/lospoliticosveracruz.com\/#organization"},"potentialAction":[{"@type":"SearchAction","target":{"@type":"EntryPoint","urlTemplate":"https:\/\/lospoliticosveracruz.com\/?s={search_term_string}"},"query-input":{"@type":"PropertyValueSpecification","valueRequired":true,"valueName":"search_term_string"}}],"inLanguage":"es"},{"@type":"Organization","@id":"https:\/\/lospoliticosveracruz.com\/#organization","name":"Los pol\u00edticos Veracruz","url":"https:\/\/lospoliticosveracruz.com\/","logo":{"@type":"ImageObject","inLanguage":"es","@id":"https:\/\/lospoliticosveracruz.com\/#\/schema\/logo\/image\/","url":"https:\/\/lospoliticosveracruz.com\/wp-content\/uploads\/2025\/12\/Logo-Nuevo-LOS-POLITICOS-1.jpg","contentUrl":"https:\/\/lospoliticosveracruz.com\/wp-content\/uploads\/2025\/12\/Logo-Nuevo-LOS-POLITICOS-1.jpg","width":260,"height":70,"caption":"Los pol\u00edticos Veracruz"},"image":{"@id":"https:\/\/lospoliticosveracruz.com\/#\/schema\/logo\/image\/"},"sameAs":["https:\/\/www.facebook.com\/people\/Notimemes-de-los-Polticos\/61565672886568\/","https:\/\/x.com\/LosPoliticosVer"]},{"@type":"Person","@id":"https:\/\/lospoliticosveracruz.com\/#\/schema\/person\/b8702bb0e538456e6efd07080bf2a4a2","name":"Lo viste en Los Pol\u00edticos","image":{"@type":"ImageObject","inLanguage":"es","@id":"https:\/\/secure.gravatar.com\/avatar\/3a8de04a2656d44082be478bd6c086daa447c4651605818287b9532d3d0bd435?s=96&d=mm&r=g","url":"https:\/\/secure.gravatar.com\/avatar\/3a8de04a2656d44082be478bd6c086daa447c4651605818287b9532d3d0bd435?s=96&d=mm&r=g","contentUrl":"https:\/\/secure.gravatar.com\/avatar\/3a8de04a2656d44082be478bd6c086daa447c4651605818287b9532d3d0bd435?s=96&d=mm&r=g","caption":"Lo viste en Los Pol\u00edticos"},"url":"https:\/\/lospoliticosveracruz.com\/?author=2"}]}},"_links":{"self":[{"href":"https:\/\/lospoliticosveracruz.com\/index.php?rest_route=\/wp\/v2\/posts\/25905","targetHints":{"allow":["GET"]}}],"collection":[{"href":"https:\/\/lospoliticosveracruz.com\/index.php?rest_route=\/wp\/v2\/posts"}],"about":[{"href":"https:\/\/lospoliticosveracruz.com\/index.php?rest_route=\/wp\/v2\/types\/post"}],"author":[{"embeddable":true,"href":"https:\/\/lospoliticosveracruz.com\/index.php?rest_route=\/wp\/v2\/users\/2"}],"replies":[{"embeddable":true,"href":"https:\/\/lospoliticosveracruz.com\/index.php?rest_route=%2Fwp%2Fv2%2Fcomments&post=25905"}],"version-history":[{"count":1,"href":"https:\/\/lospoliticosveracruz.com\/index.php?rest_route=\/wp\/v2\/posts\/25905\/revisions"}],"predecessor-version":[{"id":25909,"href":"https:\/\/lospoliticosveracruz.com\/index.php?rest_route=\/wp\/v2\/posts\/25905\/revisions\/25909"}],"wp:attachment":[{"href":"https:\/\/lospoliticosveracruz.com\/index.php?rest_route=%2Fwp%2Fv2%2Fmedia&parent=25905"}],"wp:term":[{"taxonomy":"category","embeddable":true,"href":"https:\/\/lospoliticosveracruz.com\/index.php?rest_route=%2Fwp%2Fv2%2Fcategories&post=25905"},{"taxonomy":"post_tag","embeddable":true,"href":"https:\/\/lospoliticosveracruz.com\/index.php?rest_route=%2Fwp%2Fv2%2Ftags&post=25905"}],"curies":[{"name":"wp","href":"https:\/\/api.w.org\/{rel}","templated":true}]}}