{"id":25910,"date":"2016-09-21T21:47:15","date_gmt":"2016-09-22T02:47:15","guid":{"rendered":"http:\/\/www.lospoliticosveracruz.com.mx\/?p=25910"},"modified":"2016-09-21T21:47:15","modified_gmt":"2016-09-22T02:47:15","slug":"insurgencia-en-el-poder-judicial","status":"publish","type":"post","link":"https:\/\/lospoliticosveracruz.com\/?p=25910","title":{"rendered":"\u00bfInsurgencia en el Poder Judicial?"},"content":{"rendered":"<p><strong>Miguel \u00c1ngel G\u00f3mez Polanco<\/strong><\/p>\n<p>&nbsp;<\/p>\n<p><em>V\u00eda Cr\u00edtica<\/em><\/p>\n<p>&nbsp;<\/p>\n<p>&nbsp;<\/p>\n<p>\u201cEl tiempo es canijo\u201d, dec\u00eda mi abuelo. Y qu\u00e9 raz\u00f3n ten\u00eda. A escasos dos meses del cambio en la silla mayor del Tribunal Superior de Justicia del Estado, las olas comienzan a sacudir esta instancia; la \u00fanica que falta en pasar por el escarnio de la ciudadan\u00eda, en medio de una de las coyunturas m\u00e1s cr\u00edticas por las que ha pasado Veracruz. Y no es para menos.<\/p>\n<p>En la mira, el Magistrado Presidente en funciones, Alberto Sosa Hern\u00e1ndez; de insufrible historial irregular, pero que gracias a su posici\u00f3n, ha sabido capitalizar con lujo de tiran\u00eda contra los trabajadores, que \u201cni p\u00edo\u201d se atrev\u00edan a denunciar\u2026 aunque quiz\u00e1s eso est\u00e1 a punto de cambiar.<\/p>\n<p>Apenas hace unos d\u00edas, una de las magistradas aspirantes a sucederlo, Yolanda Cecilia Casta\u00f1eda Palmeros, volvi\u00f3 a sus conocidas andadas: denunciando la corrupci\u00f3n que impera al interior del Poder Judicial, lo cual le ha costado segregaci\u00f3n y reprimendas por parte de Sosa.<\/p>\n<p>Pero \u201cBeto\u201d niega todo. No le prest\u00f3 a Javier Duarte dos mil 500 millones de pesos. Tampoco 22 millones del Fondo Auxiliar. Mucho menos ha influido a conveniencia en la impartici\u00f3n de justicia de Veracruz ni ha solapado la elecci\u00f3n de magistrados de dudosa procedencia como Francisco Portilla, Lizbeth Ribbon o la investigada Patricia Montelongo. No, nada de eso.<\/p>\n<p>Pero la realidad es otra: comienzan a fluir los datos emanados de este raqu\u00edtico Poder y al interior, se escuchan gritos clamando orden. Hay mucha \u201ctr\u00e1cala\u201d ah\u00ed dentro, dicen.<\/p>\n<p>Y los proveedores tambi\u00e9n se quejan. La tensi\u00f3n existe hasta en el m\u00ednimo detalle, como la gasolina para la operatividad de los empleados. Por ejemplo, externan que hay una fuerte deuda con la empresa <em>Sodexo<\/em>, encargada de emitir los vales de combustible. De acuerdo con facturas existentes, el adeudo ascender\u00eda a los mil 997 millones de pesos, con 50 centavos m\u00e1s un remanente de 350 mil pesos. Esto ha ocasionado que la cuenta haya sido bloqueada desde el pasado 14 de septiembre y por consiguiente, las y los empleados se queden sin los vales.<\/p>\n<p>\u00a1Pero es que todo huele mal en el Poder Judicial! cosa que los dedicados a las Leyes han criticado duramente a trav\u00e9s de declaraciones y cartas enviadas a medios de comunicaci\u00f3n. Se quejan, por ejemplo, de la nula capacitaci\u00f3n en torno al nuevo Sistema Penal Acusatorio y Adversarial; rubro en el cual, Veracruz ocupa uno de los \u00faltimos lugares en actualizaci\u00f3n, pues el recurso que se deb\u00eda destinar para la creaci\u00f3n de Salas de Juicios Orales y para poner al tiro a los servidores p\u00fablicos que las operar\u00edan, simplemente no existe. Vol\u00f3, se lo gastaron en yates como el del propio Sosa Hern\u00e1ndez, quiz\u00e1s.<\/p>\n<p>\u201cSe tomar\u00e1n las acciones y se pedir\u00e1n e informes al IVAI para que informe cu\u00e1ntos jueces de control, menores y de primera instancia interinos existen en el Estado; cu\u00e1ntos jueces titulares se han nombrado sin examen de oposici\u00f3n durante el periodo de Alberto Sosa; cu\u00e1ntos concursos de oposici\u00f3n se han celebrado; cu\u00e1ntos secretarios de Acuerdos interinos se han nombrado y cu\u00e1ntos titulares; cu\u00e1ntos cursos para Secretarios de Acuerdos se celebraron durante el periodo de 2010-2016 y despu\u00e9s de ello presentar las correspondientes denuncias por los delitos que se configuren, ya que la sociedad no puede permitir que la justicia est\u00e9 en manos de gente sin conocimientos\u201d, asegur\u00f3 Leonardo Hern\u00e1ndez Luna, representante de \u201cAbogados en pro de la Justicia\u201d en una carta abierta, por ejemplo.<\/p>\n<p>A lo anterior se suman despidos injustificados que han llenado de demandas al Tribunal y que han servido para fortalecer a uno de los dos sindicatos existentes; el que no se ha prestado a las \u201cmovidas\u201d del presidente saliente.<\/p>\n<p>De ese tama\u00f1o es el cochinero en la instancia encargada de \u201cimpartir\u201d justicia.<\/p>\n<p>&nbsp;<\/p>\n<p><em>SUI GENERIS<\/em><\/p>\n<p>\u00bfQu\u00e9 sigue? Al parecer, la jugada ser\u00eda acelerar el proceso para la designaci\u00f3n del nuevo o la nueva presidenta mediante el cobro de favores a Javier Duarte de Ochoa por el apoyo para su cuasi fallido blindaje, a\u00fan como Gobernador de Veracruz.<\/p>\n<p>\u00bfC\u00f3mo? Eso s\u00ed es una verdadera inc\u00f3gnita, aunque no falta quien le va a la posibilidad de la \u201cenfermedad\u201d de Sosa (quien ya afirm\u00f3 estar muy sano, pero todo puede pasar) para tener que convocar al Pleno y elegir a un interino, quien de conformidad con el Art\u00edculo 17 de la Ley Org\u00e1nica del Poder Judicial, tendr\u00eda que adscribir a quien tomar\u00e1 su lugar en alguna Sala, siendo Francisco Portilla Bonilla el \u201cindicado\u201d y que a su vez dejar\u00eda de ser magistrado visitador para, en autom\u00e1tico, ser elegible como presidente el 03 de diciembre.<\/p>\n<p>\u00bfQu\u00e9 pasar\u00e1? Es un misterio. Pero lo que s\u00ed es seguro es que los vientos de cambio han contagiado al Poder Judicial, provocando una insurgencia que desde adentro circule informaci\u00f3n que, como nunca, pondr\u00e1 en serios aprietos a don Beto y don Javier, debido al hast\u00edo de los propios trabajadores, cansados de tanta corrupci\u00f3n.<\/p>\n","protected":false},"excerpt":{"rendered":"<p>Miguel \u00c1ngel G\u00f3mez Polanco &nbsp; V\u00eda Cr\u00edtica &nbsp; &nbsp; \u201cEl tiempo es canijo\u201d, dec\u00eda mi abuelo. Y qu\u00e9 raz\u00f3n ten\u00eda. A escasos dos meses del cambio en la silla mayor del Tribunal Superior de Justicia del Estado, las olas comienzan a sacudir esta instancia; la \u00fanica que falta en pasar por el escarnio de la [&hellip;]<\/p>\n","protected":false},"author":2,"featured_media":0,"comment_status":"open","ping_status":"open","sticky":false,"template":"","format":"standard","meta":{"tdm_status":"","tdm_grid_status":"","footnotes":""},"categories":[70],"tags":[260],"class_list":{"0":"post-25910","1":"post","2":"type-post","3":"status-publish","4":"format-standard","6":"category-de-opinion","7":"tag-javier-duarte-de-ochoa"},"yoast_head":"<!-- This site is optimized with the Yoast SEO plugin v27.4 - https:\/\/yoast.com\/product\/yoast-seo-wordpress\/ -->\n<title>\u00bfInsurgencia en el Poder Judicial? - Los pol\u00edticos Veracruz<\/title>\n<meta name=\"robots\" content=\"index, follow, max-snippet:-1, max-image-preview:large, max-video-preview:-1\" \/>\n<link rel=\"canonical\" href=\"https:\/\/lospoliticosveracruz.com\/?p=25910\" \/>\n<meta property=\"og:locale\" content=\"es_ES\" \/>\n<meta property=\"og:type\" content=\"article\" \/>\n<meta property=\"og:title\" content=\"\u00bfInsurgencia en el Poder Judicial? - Los pol\u00edticos Veracruz\" \/>\n<meta property=\"og:description\" content=\"Miguel \u00c1ngel G\u00f3mez Polanco &nbsp; V\u00eda Cr\u00edtica &nbsp; &nbsp; \u201cEl tiempo es canijo\u201d, dec\u00eda mi abuelo. Y qu\u00e9 raz\u00f3n ten\u00eda. A escasos dos meses del cambio en la silla mayor del Tribunal Superior de Justicia del Estado, las olas comienzan a sacudir esta instancia; la \u00fanica que falta en pasar por el escarnio de la [&hellip;]\" \/>\n<meta property=\"og:url\" content=\"https:\/\/lospoliticosveracruz.com\/?p=25910\" \/>\n<meta property=\"og:site_name\" content=\"Los pol\u00edticos Veracruz\" \/>\n<meta property=\"article:publisher\" content=\"https:\/\/www.facebook.com\/people\/Notimemes-de-los-Polticos\/61565672886568\/\" \/>\n<meta property=\"article:published_time\" content=\"2016-09-22T02:47:15+00:00\" \/>\n<meta property=\"og:image\" content=\"https:\/\/lospoliticosveracruz.com\/wp-content\/uploads\/2016\/07\/Logo-Dor.jpg\" \/>\n\t<meta property=\"og:image:width\" content=\"200\" \/>\n\t<meta property=\"og:image:height\" content=\"200\" \/>\n\t<meta property=\"og:image:type\" content=\"image\/jpeg\" \/>\n<meta name=\"author\" content=\"Lo viste en Los Pol\u00edticos\" \/>\n<meta name=\"twitter:card\" content=\"summary_large_image\" \/>\n<meta name=\"twitter:creator\" content=\"@LosPoliticosVer\" \/>\n<meta name=\"twitter:site\" content=\"@LosPoliticosVer\" \/>\n<meta name=\"twitter:label1\" content=\"Escrito por\" \/>\n\t<meta name=\"twitter:data1\" content=\"Lo viste en Los Pol\u00edticos\" \/>\n\t<meta name=\"twitter:label2\" content=\"Tiempo de lectura\" \/>\n\t<meta name=\"twitter:data2\" content=\"4 minutos\" \/>\n<script type=\"application\/ld+json\" class=\"yoast-schema-graph\">{\"@context\":\"https:\\\/\\\/schema.org\",\"@graph\":[{\"@type\":\"Article\",\"@id\":\"https:\\\/\\\/lospoliticosveracruz.com\\\/?p=25910#article\",\"isPartOf\":{\"@id\":\"https:\\\/\\\/lospoliticosveracruz.com\\\/?p=25910\"},\"author\":{\"name\":\"Lo viste en Los Pol\u00edticos\",\"@id\":\"https:\\\/\\\/lospoliticosveracruz.com\\\/#\\\/schema\\\/person\\\/b8702bb0e538456e6efd07080bf2a4a2\"},\"headline\":\"\u00bfInsurgencia en el Poder Judicial?\",\"datePublished\":\"2016-09-22T02:47:15+00:00\",\"mainEntityOfPage\":{\"@id\":\"https:\\\/\\\/lospoliticosveracruz.com\\\/?p=25910\"},\"wordCount\":880,\"commentCount\":0,\"publisher\":{\"@id\":\"https:\\\/\\\/lospoliticosveracruz.com\\\/#organization\"},\"keywords\":[\"Javier Duarte de Ochoa\"],\"articleSection\":[\"De Opini\u00f3n\"],\"inLanguage\":\"es\",\"potentialAction\":[{\"@type\":\"CommentAction\",\"name\":\"Comment\",\"target\":[\"https:\\\/\\\/lospoliticosveracruz.com\\\/?p=25910#respond\"]}]},{\"@type\":\"WebPage\",\"@id\":\"https:\\\/\\\/lospoliticosveracruz.com\\\/?p=25910\",\"url\":\"https:\\\/\\\/lospoliticosveracruz.com\\\/?p=25910\",\"name\":\"\u00bfInsurgencia en el Poder Judicial? - Los pol\u00edticos Veracruz\",\"isPartOf\":{\"@id\":\"https:\\\/\\\/lospoliticosveracruz.com\\\/#website\"},\"datePublished\":\"2016-09-22T02:47:15+00:00\",\"breadcrumb\":{\"@id\":\"https:\\\/\\\/lospoliticosveracruz.com\\\/?p=25910#breadcrumb\"},\"inLanguage\":\"es\",\"potentialAction\":[{\"@type\":\"ReadAction\",\"target\":[\"https:\\\/\\\/lospoliticosveracruz.com\\\/?p=25910\"]}]},{\"@type\":\"BreadcrumbList\",\"@id\":\"https:\\\/\\\/lospoliticosveracruz.com\\\/?p=25910#breadcrumb\",\"itemListElement\":[{\"@type\":\"ListItem\",\"position\":1,\"name\":\"Portada\",\"item\":\"https:\\\/\\\/lospoliticosveracruz.com\\\/\"},{\"@type\":\"ListItem\",\"position\":2,\"name\":\"\u00bfInsurgencia en el Poder Judicial?\"}]},{\"@type\":\"WebSite\",\"@id\":\"https:\\\/\\\/lospoliticosveracruz.com\\\/#website\",\"url\":\"https:\\\/\\\/lospoliticosveracruz.com\\\/\",\"name\":\"Los pol\u00edticos Veracruz\",\"description\":\"\",\"publisher\":{\"@id\":\"https:\\\/\\\/lospoliticosveracruz.com\\\/#organization\"},\"potentialAction\":[{\"@type\":\"SearchAction\",\"target\":{\"@type\":\"EntryPoint\",\"urlTemplate\":\"https:\\\/\\\/lospoliticosveracruz.com\\\/?s={search_term_string}\"},\"query-input\":{\"@type\":\"PropertyValueSpecification\",\"valueRequired\":true,\"valueName\":\"search_term_string\"}}],\"inLanguage\":\"es\"},{\"@type\":\"Organization\",\"@id\":\"https:\\\/\\\/lospoliticosveracruz.com\\\/#organization\",\"name\":\"Los pol\u00edticos Veracruz\",\"url\":\"https:\\\/\\\/lospoliticosveracruz.com\\\/\",\"logo\":{\"@type\":\"ImageObject\",\"inLanguage\":\"es\",\"@id\":\"https:\\\/\\\/lospoliticosveracruz.com\\\/#\\\/schema\\\/logo\\\/image\\\/\",\"url\":\"https:\\\/\\\/lospoliticosveracruz.com\\\/wp-content\\\/uploads\\\/2025\\\/12\\\/Logo-Nuevo-LOS-POLITICOS-1.jpg\",\"contentUrl\":\"https:\\\/\\\/lospoliticosveracruz.com\\\/wp-content\\\/uploads\\\/2025\\\/12\\\/Logo-Nuevo-LOS-POLITICOS-1.jpg\",\"width\":260,\"height\":70,\"caption\":\"Los pol\u00edticos Veracruz\"},\"image\":{\"@id\":\"https:\\\/\\\/lospoliticosveracruz.com\\\/#\\\/schema\\\/logo\\\/image\\\/\"},\"sameAs\":[\"https:\\\/\\\/www.facebook.com\\\/people\\\/Notimemes-de-los-Polticos\\\/61565672886568\\\/\",\"https:\\\/\\\/x.com\\\/LosPoliticosVer\"]},{\"@type\":\"Person\",\"@id\":\"https:\\\/\\\/lospoliticosveracruz.com\\\/#\\\/schema\\\/person\\\/b8702bb0e538456e6efd07080bf2a4a2\",\"name\":\"Lo viste en Los Pol\u00edticos\",\"image\":{\"@type\":\"ImageObject\",\"inLanguage\":\"es\",\"@id\":\"https:\\\/\\\/secure.gravatar.com\\\/avatar\\\/3a8de04a2656d44082be478bd6c086daa447c4651605818287b9532d3d0bd435?s=96&d=mm&r=g\",\"url\":\"https:\\\/\\\/secure.gravatar.com\\\/avatar\\\/3a8de04a2656d44082be478bd6c086daa447c4651605818287b9532d3d0bd435?s=96&d=mm&r=g\",\"contentUrl\":\"https:\\\/\\\/secure.gravatar.com\\\/avatar\\\/3a8de04a2656d44082be478bd6c086daa447c4651605818287b9532d3d0bd435?s=96&d=mm&r=g\",\"caption\":\"Lo viste en Los Pol\u00edticos\"},\"url\":\"https:\\\/\\\/lospoliticosveracruz.com\\\/?author=2\"}]}<\/script>\n<!-- \/ Yoast SEO plugin. -->","yoast_head_json":{"title":"\u00bfInsurgencia en el Poder Judicial? - Los pol\u00edticos Veracruz","robots":{"index":"index","follow":"follow","max-snippet":"max-snippet:-1","max-image-preview":"max-image-preview:large","max-video-preview":"max-video-preview:-1"},"canonical":"https:\/\/lospoliticosveracruz.com\/?p=25910","og_locale":"es_ES","og_type":"article","og_title":"\u00bfInsurgencia en el Poder Judicial? - Los pol\u00edticos Veracruz","og_description":"Miguel \u00c1ngel G\u00f3mez Polanco &nbsp; V\u00eda Cr\u00edtica &nbsp; &nbsp; \u201cEl tiempo es canijo\u201d, dec\u00eda mi abuelo. Y qu\u00e9 raz\u00f3n ten\u00eda. A escasos dos meses del cambio en la silla mayor del Tribunal Superior de Justicia del Estado, las olas comienzan a sacudir esta instancia; la \u00fanica que falta en pasar por el escarnio de la [&hellip;]","og_url":"https:\/\/lospoliticosveracruz.com\/?p=25910","og_site_name":"Los pol\u00edticos Veracruz","article_publisher":"https:\/\/www.facebook.com\/people\/Notimemes-de-los-Polticos\/61565672886568\/","article_published_time":"2016-09-22T02:47:15+00:00","og_image":[{"width":200,"height":200,"url":"https:\/\/lospoliticosveracruz.com\/wp-content\/uploads\/2016\/07\/Logo-Dor.jpg","type":"image\/jpeg"}],"author":"Lo viste en Los Pol\u00edticos","twitter_card":"summary_large_image","twitter_creator":"@LosPoliticosVer","twitter_site":"@LosPoliticosVer","twitter_misc":{"Escrito por":"Lo viste en Los Pol\u00edticos","Tiempo de lectura":"4 minutos"},"schema":{"@context":"https:\/\/schema.org","@graph":[{"@type":"Article","@id":"https:\/\/lospoliticosveracruz.com\/?p=25910#article","isPartOf":{"@id":"https:\/\/lospoliticosveracruz.com\/?p=25910"},"author":{"name":"Lo viste en Los Pol\u00edticos","@id":"https:\/\/lospoliticosveracruz.com\/#\/schema\/person\/b8702bb0e538456e6efd07080bf2a4a2"},"headline":"\u00bfInsurgencia en el Poder Judicial?","datePublished":"2016-09-22T02:47:15+00:00","mainEntityOfPage":{"@id":"https:\/\/lospoliticosveracruz.com\/?p=25910"},"wordCount":880,"commentCount":0,"publisher":{"@id":"https:\/\/lospoliticosveracruz.com\/#organization"},"keywords":["Javier Duarte de Ochoa"],"articleSection":["De Opini\u00f3n"],"inLanguage":"es","potentialAction":[{"@type":"CommentAction","name":"Comment","target":["https:\/\/lospoliticosveracruz.com\/?p=25910#respond"]}]},{"@type":"WebPage","@id":"https:\/\/lospoliticosveracruz.com\/?p=25910","url":"https:\/\/lospoliticosveracruz.com\/?p=25910","name":"\u00bfInsurgencia en el Poder Judicial? - Los pol\u00edticos Veracruz","isPartOf":{"@id":"https:\/\/lospoliticosveracruz.com\/#website"},"datePublished":"2016-09-22T02:47:15+00:00","breadcrumb":{"@id":"https:\/\/lospoliticosveracruz.com\/?p=25910#breadcrumb"},"inLanguage":"es","potentialAction":[{"@type":"ReadAction","target":["https:\/\/lospoliticosveracruz.com\/?p=25910"]}]},{"@type":"BreadcrumbList","@id":"https:\/\/lospoliticosveracruz.com\/?p=25910#breadcrumb","itemListElement":[{"@type":"ListItem","position":1,"name":"Portada","item":"https:\/\/lospoliticosveracruz.com\/"},{"@type":"ListItem","position":2,"name":"\u00bfInsurgencia en el Poder Judicial?"}]},{"@type":"WebSite","@id":"https:\/\/lospoliticosveracruz.com\/#website","url":"https:\/\/lospoliticosveracruz.com\/","name":"Los pol\u00edticos Veracruz","description":"","publisher":{"@id":"https:\/\/lospoliticosveracruz.com\/#organization"},"potentialAction":[{"@type":"SearchAction","target":{"@type":"EntryPoint","urlTemplate":"https:\/\/lospoliticosveracruz.com\/?s={search_term_string}"},"query-input":{"@type":"PropertyValueSpecification","valueRequired":true,"valueName":"search_term_string"}}],"inLanguage":"es"},{"@type":"Organization","@id":"https:\/\/lospoliticosveracruz.com\/#organization","name":"Los pol\u00edticos Veracruz","url":"https:\/\/lospoliticosveracruz.com\/","logo":{"@type":"ImageObject","inLanguage":"es","@id":"https:\/\/lospoliticosveracruz.com\/#\/schema\/logo\/image\/","url":"https:\/\/lospoliticosveracruz.com\/wp-content\/uploads\/2025\/12\/Logo-Nuevo-LOS-POLITICOS-1.jpg","contentUrl":"https:\/\/lospoliticosveracruz.com\/wp-content\/uploads\/2025\/12\/Logo-Nuevo-LOS-POLITICOS-1.jpg","width":260,"height":70,"caption":"Los pol\u00edticos Veracruz"},"image":{"@id":"https:\/\/lospoliticosveracruz.com\/#\/schema\/logo\/image\/"},"sameAs":["https:\/\/www.facebook.com\/people\/Notimemes-de-los-Polticos\/61565672886568\/","https:\/\/x.com\/LosPoliticosVer"]},{"@type":"Person","@id":"https:\/\/lospoliticosveracruz.com\/#\/schema\/person\/b8702bb0e538456e6efd07080bf2a4a2","name":"Lo viste en Los Pol\u00edticos","image":{"@type":"ImageObject","inLanguage":"es","@id":"https:\/\/secure.gravatar.com\/avatar\/3a8de04a2656d44082be478bd6c086daa447c4651605818287b9532d3d0bd435?s=96&d=mm&r=g","url":"https:\/\/secure.gravatar.com\/avatar\/3a8de04a2656d44082be478bd6c086daa447c4651605818287b9532d3d0bd435?s=96&d=mm&r=g","contentUrl":"https:\/\/secure.gravatar.com\/avatar\/3a8de04a2656d44082be478bd6c086daa447c4651605818287b9532d3d0bd435?s=96&d=mm&r=g","caption":"Lo viste en Los Pol\u00edticos"},"url":"https:\/\/lospoliticosveracruz.com\/?author=2"}]}},"_links":{"self":[{"href":"https:\/\/lospoliticosveracruz.com\/index.php?rest_route=\/wp\/v2\/posts\/25910","targetHints":{"allow":["GET"]}}],"collection":[{"href":"https:\/\/lospoliticosveracruz.com\/index.php?rest_route=\/wp\/v2\/posts"}],"about":[{"href":"https:\/\/lospoliticosveracruz.com\/index.php?rest_route=\/wp\/v2\/types\/post"}],"author":[{"embeddable":true,"href":"https:\/\/lospoliticosveracruz.com\/index.php?rest_route=\/wp\/v2\/users\/2"}],"replies":[{"embeddable":true,"href":"https:\/\/lospoliticosveracruz.com\/index.php?rest_route=%2Fwp%2Fv2%2Fcomments&post=25910"}],"version-history":[{"count":1,"href":"https:\/\/lospoliticosveracruz.com\/index.php?rest_route=\/wp\/v2\/posts\/25910\/revisions"}],"predecessor-version":[{"id":25919,"href":"https:\/\/lospoliticosveracruz.com\/index.php?rest_route=\/wp\/v2\/posts\/25910\/revisions\/25919"}],"wp:attachment":[{"href":"https:\/\/lospoliticosveracruz.com\/index.php?rest_route=%2Fwp%2Fv2%2Fmedia&parent=25910"}],"wp:term":[{"taxonomy":"category","embeddable":true,"href":"https:\/\/lospoliticosveracruz.com\/index.php?rest_route=%2Fwp%2Fv2%2Fcategories&post=25910"},{"taxonomy":"post_tag","embeddable":true,"href":"https:\/\/lospoliticosveracruz.com\/index.php?rest_route=%2Fwp%2Fv2%2Ftags&post=25910"}],"curies":[{"name":"wp","href":"https:\/\/api.w.org\/{rel}","templated":true}]}}