{"id":26120,"date":"2016-09-25T19:43:12","date_gmt":"2016-09-26T00:43:12","guid":{"rendered":"http:\/\/www.lospoliticosveracruz.com.mx\/?p=26120"},"modified":"2016-09-25T19:43:12","modified_gmt":"2016-09-26T00:43:12","slug":"delegados-federales-hacen-su-tarea","status":"publish","type":"post","link":"https:\/\/lospoliticosveracruz.com\/?p=26120","title":{"rendered":"Delegados federales hacen su tarea"},"content":{"rendered":"<p>Tal y como es la instrucci\u00f3n del Presidente de la Rep\u00fablica, Enrique Pe\u00f1a Nieto, durante esta semana, los Delegados Federales de Veracruz realizaron reuniones de trabajo, obras y acciones del Gobierno Federal, coordinados por el delegado de Gobernaci\u00f3n, \u00c1ngel Isaac Ochoa P\u00e9rez, quien mantiene una agenda de trabajo de acuerdo a calendarios programados.<\/p>\n<p>\u201cEl presidente Enrique Pe\u00f1a Nieto ha realizado grandes transformaciones en el estado de Veracruz durante sus 4 a\u00f1os de administraci\u00f3n, y durante esa semana hemos realizado varias reuniones de trabajo para acordar las acciones que hemos realizado en esta semana y las que tenemos programadas en estos d\u00edas en beneficio de los municipios veracruzanos\u201d, se\u00f1al\u00f3 el Delegado de Segob en Veracruz.<\/p>\n<p>Enfatiz\u00f3 que cada una de las dependencias federales ha continuado con una intensa agenda de trabajo y seguir\u00e1n desplegando acciones en todo el Estado para continuar con la agenda social en favor de la poblaci\u00f3n veracruzana. Dentro de las acciones m\u00e1s relevantes, destacan:<\/p>\n<p><strong>SEDATU<\/strong><\/p>\n<p>El Delegado de la SEDATU, Pedro Yunes Choperena, realiz\u00f3 la entrega de habitaciones adicionales en viviendas de la poblaci\u00f3n vulnerable dentro programa de \u201cCuarto M\u00e1s\u201d o \u201cCuarto Rosa\u201d en las localidades de Abasolo del Valle y Playa Vicente, as\u00ed como la inauguraci\u00f3n del Domo en la localidad de Abasolo del Valle. Por \u00faltimo encabez\u00f3 una reuni\u00f3n de trabajo y acuerdos en Mart\u00ednez de la Torre con delegados federales del sector agrario, alcaldes de la zona y servidores p\u00fablicos de oficinas centrales.<\/p>\n<p><strong>SEP<\/strong><\/p>\n<p>Durante esta semana, el Delegado de la Secretar\u00eda de Educaci\u00f3n P\u00fablica, Erick Porres Blesa, encabez\u00f3 la Tercera Sesi\u00f3n Ordinaria de la Junta Directiva del Instituto Tecnol\u00f3gico Superior de Chicontepec, Acayucan, Cosamaloapan, Juan Rodr\u00edguez Clara y Tierra Blanca, as\u00ed como de las Universidades Tecnol\u00f3gicas del Centro y del Sureste de Veracruz y del Instituto Superior de P\u00e1nuco. Tambi\u00e9n presenci\u00f3 la Segunda Sesi\u00f3n Ordinaria del Subcomit\u00e9 Operativo del Fonden.<\/p>\n<p><strong>IVEA<\/strong><\/p>\n<p>El Delegado del Instituto Veracruzano para la Educaci\u00f3n de los Adultos, Loth Melchisedec Segura Ju\u00e1rez, entreg\u00f3 700 certificados de primaria y secundaria, adem\u00e1s en Xalapa inici\u00f3 la revisi\u00f3n del Eje de Ciencias del Modelo de Educaci\u00f3n para la Vida y el Trabajo (MEVyT).<\/p>\n<p><strong>SEDESOL<\/strong><\/p>\n<p>Por su parte, la Delegada de Secretar\u00eda de Desarrollo Social en la Entidad, Anil\u00fa Ingram Vallines, entreg\u00f3 apoyos a las Estancias Infantiles de nueva afiliaci\u00f3n en beneficio de la ni\u00f1ez veracruzana, adem\u00e1s de coordinar acciones con los organismos descentralizados de la Sedesol, en beneficio de las familias m\u00e1s vulnerables.<\/p>\n<p><strong>IMSS<\/strong><\/p>\n<p>El delegado del Instituto Mexicano del Seguro Social, Antonio Ben\u00edtez Lucho, inaugur\u00f3 el \u00e1rea de juegos infantiles de la guarder\u00eda del Instituto en Veracruz, as\u00ed como la entrega de la Unidad de Mastograf\u00eda de la Unidad de Medicina Familiar n\u00famero 59 en Tantoyuca, adem\u00e1s de recorrer personalmente las unidades m\u00e9dicas de Chalma, Chiconamel, Tuxpan y Mart\u00ednez de la Torre.<\/p>\n<p><strong>SCT<\/strong><\/p>\n<p>El Director General del Centro de la Secretar\u00eda de Comunicaciones y Transportes de Veracruz, William David Knight Bonifacio, dio a conocer importantes avances con relaci\u00f3n a las licitaciones de las nuevas terminales de la modernizaci\u00f3n del Puerto de Veracruz, seg\u00fan lo coment\u00f3 en la inauguraci\u00f3n del X Encuentro Portuario de la AMIP, el Coordinador General de Puertos y Marina Mercante de la SCT, Guillermo Ruiz de Teresa<\/p>\n<p><strong>PROFECO<\/strong><\/p>\n<p>Por su parte, la Delegada de la Procuradur\u00eda Federal del Consumidor, El\u00edzabeth Morales Garc\u00eda, contin\u00fao con la verificaci\u00f3n a gaseras para garantizar el descuento del 10 por ciento en el precio del producto tanto por kilo como por litro, aplicable a partir de agosto pasado.<\/p>\n<p><strong>ISSSTE<\/strong><\/p>\n<p>Por \u00faltimo, el delegado del Instituto de Seguridad y Servicio Sociales de los Trabajadores al Servicio del Estado, Renato Alarc\u00f3n Guevara, entreg\u00f3 una nueva ambulancia de urgencias avanzadas para la Cl\u00ednica-Hospital de Xalapa, que se suma a las 17 que fueron otorgadas en toda la Entidad e instruy\u00f3 la realizaci\u00f3n de la Feria de la Salud, con motivo de la Semana Nacional de Salud de la Adolescencia (SNSA), a celebrarse del 19 al 23 de septiembre.<\/p>\n","protected":false},"excerpt":{"rendered":"<p>Tal y como es la instrucci\u00f3n del Presidente de la Rep\u00fablica, Enrique Pe\u00f1a Nieto, durante esta semana, los Delegados Federales de Veracruz realizaron reuniones de trabajo, obras y acciones del Gobierno Federal, coordinados por el delegado de Gobernaci\u00f3n, \u00c1ngel Isaac Ochoa P\u00e9rez, quien mantiene una agenda de trabajo de acuerdo a calendarios programados. \u201cEl presidente [&hellip;]<\/p>\n","protected":false},"author":2,"featured_media":0,"comment_status":"open","ping_status":"open","sticky":false,"template":"","format":"standard","meta":{"tdm_status":"","tdm_grid_status":"","footnotes":""},"categories":[73],"tags":[1208,895,418,3139,2117,1948,715,6352],"class_list":{"0":"post-26120","1":"post","2":"type-post","3":"status-publish","4":"format-standard","6":"category-de-boleto","7":"tag-imss","8":"tag-issste","9":"tag-ivea","10":"tag-profeco","11":"tag-sct","12":"tag-sedatu","13":"tag-sedesol","14":"tag-sep"},"yoast_head":"<!-- This site is optimized with the Yoast SEO plugin v27.4 - https:\/\/yoast.com\/product\/yoast-seo-wordpress\/ -->\n<title>Delegados federales hacen su tarea - Los pol\u00edticos Veracruz<\/title>\n<meta name=\"robots\" content=\"index, follow, max-snippet:-1, max-image-preview:large, max-video-preview:-1\" \/>\n<link rel=\"canonical\" href=\"https:\/\/lospoliticosveracruz.com\/?p=26120\" \/>\n<meta property=\"og:locale\" content=\"es_ES\" \/>\n<meta property=\"og:type\" content=\"article\" \/>\n<meta property=\"og:title\" content=\"Delegados federales hacen su tarea - Los pol\u00edticos Veracruz\" \/>\n<meta property=\"og:description\" content=\"Tal y como es la instrucci\u00f3n del Presidente de la Rep\u00fablica, Enrique Pe\u00f1a Nieto, durante esta semana, los Delegados Federales de Veracruz realizaron reuniones de trabajo, obras y acciones del Gobierno Federal, coordinados por el delegado de Gobernaci\u00f3n, \u00c1ngel Isaac Ochoa P\u00e9rez, quien mantiene una agenda de trabajo de acuerdo a calendarios programados. \u201cEl presidente [&hellip;]\" \/>\n<meta property=\"og:url\" content=\"https:\/\/lospoliticosveracruz.com\/?p=26120\" \/>\n<meta property=\"og:site_name\" content=\"Los pol\u00edticos Veracruz\" \/>\n<meta property=\"article:publisher\" content=\"https:\/\/www.facebook.com\/people\/Notimemes-de-los-Polticos\/61565672886568\/\" \/>\n<meta property=\"article:published_time\" content=\"2016-09-26T00:43:12+00:00\" \/>\n<meta property=\"og:image\" content=\"https:\/\/lospoliticosveracruz.com\/wp-content\/uploads\/2016\/07\/Logo-Dor.jpg\" \/>\n\t<meta property=\"og:image:width\" content=\"200\" \/>\n\t<meta property=\"og:image:height\" content=\"200\" \/>\n\t<meta property=\"og:image:type\" content=\"image\/jpeg\" \/>\n<meta name=\"author\" content=\"Lo viste en Los Pol\u00edticos\" \/>\n<meta name=\"twitter:card\" content=\"summary_large_image\" \/>\n<meta name=\"twitter:creator\" content=\"@LosPoliticosVer\" \/>\n<meta name=\"twitter:site\" content=\"@LosPoliticosVer\" \/>\n<meta name=\"twitter:label1\" content=\"Escrito por\" \/>\n\t<meta name=\"twitter:data1\" content=\"Lo viste en Los Pol\u00edticos\" \/>\n\t<meta name=\"twitter:label2\" content=\"Tiempo de lectura\" \/>\n\t<meta name=\"twitter:data2\" content=\"4 minutos\" \/>\n<script type=\"application\/ld+json\" class=\"yoast-schema-graph\">{\"@context\":\"https:\\\/\\\/schema.org\",\"@graph\":[{\"@type\":\"Article\",\"@id\":\"https:\\\/\\\/lospoliticosveracruz.com\\\/?p=26120#article\",\"isPartOf\":{\"@id\":\"https:\\\/\\\/lospoliticosveracruz.com\\\/?p=26120\"},\"author\":{\"name\":\"Lo viste en Los Pol\u00edticos\",\"@id\":\"https:\\\/\\\/lospoliticosveracruz.com\\\/#\\\/schema\\\/person\\\/b8702bb0e538456e6efd07080bf2a4a2\"},\"headline\":\"Delegados federales hacen su tarea\",\"datePublished\":\"2016-09-26T00:43:12+00:00\",\"mainEntityOfPage\":{\"@id\":\"https:\\\/\\\/lospoliticosveracruz.com\\\/?p=26120\"},\"wordCount\":709,\"commentCount\":0,\"publisher\":{\"@id\":\"https:\\\/\\\/lospoliticosveracruz.com\\\/#organization\"},\"keywords\":[\"IMSS\",\"Issste\",\"IVEA\",\"Profeco\",\"SCT\",\"Sedatu\",\"Sedesol\",\"SEP\"],\"articleSection\":[\"De Boleto\"],\"inLanguage\":\"es\",\"potentialAction\":[{\"@type\":\"CommentAction\",\"name\":\"Comment\",\"target\":[\"https:\\\/\\\/lospoliticosveracruz.com\\\/?p=26120#respond\"]}]},{\"@type\":\"WebPage\",\"@id\":\"https:\\\/\\\/lospoliticosveracruz.com\\\/?p=26120\",\"url\":\"https:\\\/\\\/lospoliticosveracruz.com\\\/?p=26120\",\"name\":\"Delegados federales hacen su tarea - Los pol\u00edticos Veracruz\",\"isPartOf\":{\"@id\":\"https:\\\/\\\/lospoliticosveracruz.com\\\/#website\"},\"datePublished\":\"2016-09-26T00:43:12+00:00\",\"breadcrumb\":{\"@id\":\"https:\\\/\\\/lospoliticosveracruz.com\\\/?p=26120#breadcrumb\"},\"inLanguage\":\"es\",\"potentialAction\":[{\"@type\":\"ReadAction\",\"target\":[\"https:\\\/\\\/lospoliticosveracruz.com\\\/?p=26120\"]}]},{\"@type\":\"BreadcrumbList\",\"@id\":\"https:\\\/\\\/lospoliticosveracruz.com\\\/?p=26120#breadcrumb\",\"itemListElement\":[{\"@type\":\"ListItem\",\"position\":1,\"name\":\"Portada\",\"item\":\"https:\\\/\\\/lospoliticosveracruz.com\\\/\"},{\"@type\":\"ListItem\",\"position\":2,\"name\":\"Delegados federales hacen su tarea\"}]},{\"@type\":\"WebSite\",\"@id\":\"https:\\\/\\\/lospoliticosveracruz.com\\\/#website\",\"url\":\"https:\\\/\\\/lospoliticosveracruz.com\\\/\",\"name\":\"Los pol\u00edticos Veracruz\",\"description\":\"\",\"publisher\":{\"@id\":\"https:\\\/\\\/lospoliticosveracruz.com\\\/#organization\"},\"potentialAction\":[{\"@type\":\"SearchAction\",\"target\":{\"@type\":\"EntryPoint\",\"urlTemplate\":\"https:\\\/\\\/lospoliticosveracruz.com\\\/?s={search_term_string}\"},\"query-input\":{\"@type\":\"PropertyValueSpecification\",\"valueRequired\":true,\"valueName\":\"search_term_string\"}}],\"inLanguage\":\"es\"},{\"@type\":\"Organization\",\"@id\":\"https:\\\/\\\/lospoliticosveracruz.com\\\/#organization\",\"name\":\"Los pol\u00edticos Veracruz\",\"url\":\"https:\\\/\\\/lospoliticosveracruz.com\\\/\",\"logo\":{\"@type\":\"ImageObject\",\"inLanguage\":\"es\",\"@id\":\"https:\\\/\\\/lospoliticosveracruz.com\\\/#\\\/schema\\\/logo\\\/image\\\/\",\"url\":\"https:\\\/\\\/lospoliticosveracruz.com\\\/wp-content\\\/uploads\\\/2025\\\/12\\\/Logo-Nuevo-LOS-POLITICOS-1.jpg\",\"contentUrl\":\"https:\\\/\\\/lospoliticosveracruz.com\\\/wp-content\\\/uploads\\\/2025\\\/12\\\/Logo-Nuevo-LOS-POLITICOS-1.jpg\",\"width\":260,\"height\":70,\"caption\":\"Los pol\u00edticos Veracruz\"},\"image\":{\"@id\":\"https:\\\/\\\/lospoliticosveracruz.com\\\/#\\\/schema\\\/logo\\\/image\\\/\"},\"sameAs\":[\"https:\\\/\\\/www.facebook.com\\\/people\\\/Notimemes-de-los-Polticos\\\/61565672886568\\\/\",\"https:\\\/\\\/x.com\\\/LosPoliticosVer\"]},{\"@type\":\"Person\",\"@id\":\"https:\\\/\\\/lospoliticosveracruz.com\\\/#\\\/schema\\\/person\\\/b8702bb0e538456e6efd07080bf2a4a2\",\"name\":\"Lo viste en Los Pol\u00edticos\",\"image\":{\"@type\":\"ImageObject\",\"inLanguage\":\"es\",\"@id\":\"https:\\\/\\\/secure.gravatar.com\\\/avatar\\\/3a8de04a2656d44082be478bd6c086daa447c4651605818287b9532d3d0bd435?s=96&d=mm&r=g\",\"url\":\"https:\\\/\\\/secure.gravatar.com\\\/avatar\\\/3a8de04a2656d44082be478bd6c086daa447c4651605818287b9532d3d0bd435?s=96&d=mm&r=g\",\"contentUrl\":\"https:\\\/\\\/secure.gravatar.com\\\/avatar\\\/3a8de04a2656d44082be478bd6c086daa447c4651605818287b9532d3d0bd435?s=96&d=mm&r=g\",\"caption\":\"Lo viste en Los Pol\u00edticos\"},\"url\":\"https:\\\/\\\/lospoliticosveracruz.com\\\/?author=2\"}]}<\/script>\n<!-- \/ Yoast SEO plugin. -->","yoast_head_json":{"title":"Delegados federales hacen su tarea - Los pol\u00edticos Veracruz","robots":{"index":"index","follow":"follow","max-snippet":"max-snippet:-1","max-image-preview":"max-image-preview:large","max-video-preview":"max-video-preview:-1"},"canonical":"https:\/\/lospoliticosveracruz.com\/?p=26120","og_locale":"es_ES","og_type":"article","og_title":"Delegados federales hacen su tarea - Los pol\u00edticos Veracruz","og_description":"Tal y como es la instrucci\u00f3n del Presidente de la Rep\u00fablica, Enrique Pe\u00f1a Nieto, durante esta semana, los Delegados Federales de Veracruz realizaron reuniones de trabajo, obras y acciones del Gobierno Federal, coordinados por el delegado de Gobernaci\u00f3n, \u00c1ngel Isaac Ochoa P\u00e9rez, quien mantiene una agenda de trabajo de acuerdo a calendarios programados. \u201cEl presidente [&hellip;]","og_url":"https:\/\/lospoliticosveracruz.com\/?p=26120","og_site_name":"Los pol\u00edticos Veracruz","article_publisher":"https:\/\/www.facebook.com\/people\/Notimemes-de-los-Polticos\/61565672886568\/","article_published_time":"2016-09-26T00:43:12+00:00","og_image":[{"width":200,"height":200,"url":"https:\/\/lospoliticosveracruz.com\/wp-content\/uploads\/2016\/07\/Logo-Dor.jpg","type":"image\/jpeg"}],"author":"Lo viste en Los Pol\u00edticos","twitter_card":"summary_large_image","twitter_creator":"@LosPoliticosVer","twitter_site":"@LosPoliticosVer","twitter_misc":{"Escrito por":"Lo viste en Los Pol\u00edticos","Tiempo de lectura":"4 minutos"},"schema":{"@context":"https:\/\/schema.org","@graph":[{"@type":"Article","@id":"https:\/\/lospoliticosveracruz.com\/?p=26120#article","isPartOf":{"@id":"https:\/\/lospoliticosveracruz.com\/?p=26120"},"author":{"name":"Lo viste en Los Pol\u00edticos","@id":"https:\/\/lospoliticosveracruz.com\/#\/schema\/person\/b8702bb0e538456e6efd07080bf2a4a2"},"headline":"Delegados federales hacen su tarea","datePublished":"2016-09-26T00:43:12+00:00","mainEntityOfPage":{"@id":"https:\/\/lospoliticosveracruz.com\/?p=26120"},"wordCount":709,"commentCount":0,"publisher":{"@id":"https:\/\/lospoliticosveracruz.com\/#organization"},"keywords":["IMSS","Issste","IVEA","Profeco","SCT","Sedatu","Sedesol","SEP"],"articleSection":["De Boleto"],"inLanguage":"es","potentialAction":[{"@type":"CommentAction","name":"Comment","target":["https:\/\/lospoliticosveracruz.com\/?p=26120#respond"]}]},{"@type":"WebPage","@id":"https:\/\/lospoliticosveracruz.com\/?p=26120","url":"https:\/\/lospoliticosveracruz.com\/?p=26120","name":"Delegados federales hacen su tarea - Los pol\u00edticos Veracruz","isPartOf":{"@id":"https:\/\/lospoliticosveracruz.com\/#website"},"datePublished":"2016-09-26T00:43:12+00:00","breadcrumb":{"@id":"https:\/\/lospoliticosveracruz.com\/?p=26120#breadcrumb"},"inLanguage":"es","potentialAction":[{"@type":"ReadAction","target":["https:\/\/lospoliticosveracruz.com\/?p=26120"]}]},{"@type":"BreadcrumbList","@id":"https:\/\/lospoliticosveracruz.com\/?p=26120#breadcrumb","itemListElement":[{"@type":"ListItem","position":1,"name":"Portada","item":"https:\/\/lospoliticosveracruz.com\/"},{"@type":"ListItem","position":2,"name":"Delegados federales hacen su tarea"}]},{"@type":"WebSite","@id":"https:\/\/lospoliticosveracruz.com\/#website","url":"https:\/\/lospoliticosveracruz.com\/","name":"Los pol\u00edticos Veracruz","description":"","publisher":{"@id":"https:\/\/lospoliticosveracruz.com\/#organization"},"potentialAction":[{"@type":"SearchAction","target":{"@type":"EntryPoint","urlTemplate":"https:\/\/lospoliticosveracruz.com\/?s={search_term_string}"},"query-input":{"@type":"PropertyValueSpecification","valueRequired":true,"valueName":"search_term_string"}}],"inLanguage":"es"},{"@type":"Organization","@id":"https:\/\/lospoliticosveracruz.com\/#organization","name":"Los pol\u00edticos Veracruz","url":"https:\/\/lospoliticosveracruz.com\/","logo":{"@type":"ImageObject","inLanguage":"es","@id":"https:\/\/lospoliticosveracruz.com\/#\/schema\/logo\/image\/","url":"https:\/\/lospoliticosveracruz.com\/wp-content\/uploads\/2025\/12\/Logo-Nuevo-LOS-POLITICOS-1.jpg","contentUrl":"https:\/\/lospoliticosveracruz.com\/wp-content\/uploads\/2025\/12\/Logo-Nuevo-LOS-POLITICOS-1.jpg","width":260,"height":70,"caption":"Los pol\u00edticos Veracruz"},"image":{"@id":"https:\/\/lospoliticosveracruz.com\/#\/schema\/logo\/image\/"},"sameAs":["https:\/\/www.facebook.com\/people\/Notimemes-de-los-Polticos\/61565672886568\/","https:\/\/x.com\/LosPoliticosVer"]},{"@type":"Person","@id":"https:\/\/lospoliticosveracruz.com\/#\/schema\/person\/b8702bb0e538456e6efd07080bf2a4a2","name":"Lo viste en Los Pol\u00edticos","image":{"@type":"ImageObject","inLanguage":"es","@id":"https:\/\/secure.gravatar.com\/avatar\/3a8de04a2656d44082be478bd6c086daa447c4651605818287b9532d3d0bd435?s=96&d=mm&r=g","url":"https:\/\/secure.gravatar.com\/avatar\/3a8de04a2656d44082be478bd6c086daa447c4651605818287b9532d3d0bd435?s=96&d=mm&r=g","contentUrl":"https:\/\/secure.gravatar.com\/avatar\/3a8de04a2656d44082be478bd6c086daa447c4651605818287b9532d3d0bd435?s=96&d=mm&r=g","caption":"Lo viste en Los Pol\u00edticos"},"url":"https:\/\/lospoliticosveracruz.com\/?author=2"}]}},"_links":{"self":[{"href":"https:\/\/lospoliticosveracruz.com\/index.php?rest_route=\/wp\/v2\/posts\/26120","targetHints":{"allow":["GET"]}}],"collection":[{"href":"https:\/\/lospoliticosveracruz.com\/index.php?rest_route=\/wp\/v2\/posts"}],"about":[{"href":"https:\/\/lospoliticosveracruz.com\/index.php?rest_route=\/wp\/v2\/types\/post"}],"author":[{"embeddable":true,"href":"https:\/\/lospoliticosveracruz.com\/index.php?rest_route=\/wp\/v2\/users\/2"}],"replies":[{"embeddable":true,"href":"https:\/\/lospoliticosveracruz.com\/index.php?rest_route=%2Fwp%2Fv2%2Fcomments&post=26120"}],"version-history":[{"count":1,"href":"https:\/\/lospoliticosveracruz.com\/index.php?rest_route=\/wp\/v2\/posts\/26120\/revisions"}],"predecessor-version":[{"id":26127,"href":"https:\/\/lospoliticosveracruz.com\/index.php?rest_route=\/wp\/v2\/posts\/26120\/revisions\/26127"}],"wp:attachment":[{"href":"https:\/\/lospoliticosveracruz.com\/index.php?rest_route=%2Fwp%2Fv2%2Fmedia&parent=26120"}],"wp:term":[{"taxonomy":"category","embeddable":true,"href":"https:\/\/lospoliticosveracruz.com\/index.php?rest_route=%2Fwp%2Fv2%2Fcategories&post=26120"},{"taxonomy":"post_tag","embeddable":true,"href":"https:\/\/lospoliticosveracruz.com\/index.php?rest_route=%2Fwp%2Fv2%2Ftags&post=26120"}],"curies":[{"name":"wp","href":"https:\/\/api.w.org\/{rel}","templated":true}]}}